{"id":10042,"date":"2023-07-24T11:15:10","date_gmt":"2023-07-24T09:15:10","guid":{"rendered":"https:\/\/creativabarcelona.com\/valentinas-world-taller-de-lettering-y-mucho-mas\/"},"modified":"2023-08-28T10:59:09","modified_gmt":"2023-08-28T08:59:09","slug":"valentinas-world-taller-de-lettering-i-molt-mes","status":"publish","type":"post","link":"https:\/\/creativabarcelona.com\/ca\/valentinas-world-taller-de-lettering-i-molt-mes\/","title":{"rendered":"Valentina\u2019s Words, taller de lettering i molt m\u00e9s"},"content":{"rendered":"<p><em><strong>\u201cConnecta amb la teva nena interior a trav\u00e9s de les lletres i regala&#8217;t un espai \u00fanic per a tu. Canalitza les teves emocions a trav\u00e9s del paper i les lletres\u201d.<\/strong><br \/>\n<\/em>Aquestes s\u00f3n les paraules amb les quals <a href=\"https:\/\/valentinaswords.es\" target=\"_blank\" rel=\"noopener\"><strong>Valentina\u2019s Words<\/strong><\/a> convida a continuar \u201cnavegant\u201d en el seu web. S\u00f3n nom\u00e9s una petita presentaci\u00f3 del seu gran univers, el del lettering i el mindfulness, les seves dues grans passions.<\/p>\n<p>La formadora en creativitat i expressi\u00f3 <a href=\"https:\/\/www.instagram.com\/valentinaswords\/\" target=\"_blank\" rel=\"noopener\"><strong>Valentina Buso<\/strong><\/a>, m\u00e9s coneguda com Valentina\u2019s Words, \u00e9s una de les influencers VIP que no falla mai a la seva cita anual de Creativa Barcelona, per\u00f2 enguany el seu pas per la fira deixar\u00e0 una petjada indubtable\u2026<\/p>\n<p>L&#8217;experta en lettering terap\u00e8utic, escriptora, artista i coneguda per haver aconseguit ajudar a milions de persones gr\u00e0cies als seus consells i gr\u00e0cies a fer entendre que el lettering posseeix un poder enorme de sanaci\u00f3 \u201cde la ment\u201d, impartir\u00e0 el taller <strong>Lettering per a l&#8217;\u00e0nima<\/strong>. En aquesta sessi\u00f3 Valentina ens explicar\u00e0 com ajuda a centenars de dones a connectar amb la seva ess\u00e8ncia i tornar a ser creatives, a trav\u00e9s del lettering. Perqu\u00e8 dibuixar lletres \u00e9s una eina d&#8217;expressi\u00f3, d&#8217;autoconeixement i de creativitat que, tal com ens recorda, \u201cet permetr\u00e0 connectar amb tu mateixa\u201d. En aquest taller, a m\u00e9s d&#8217;explicar-lo, podr\u00e0s experimentar-lo tu mateix@.<\/p>\n<p>Per\u00f2 a m\u00e9s, enguany, Valentina tamb\u00e9 revelar\u00e0 un altre gran secret del seu \u00e8xit en Creativa Barcelona. Perqu\u00e8 la influencer impartir\u00e0, a m\u00e9s, una xerrada on ens ajudar\u00e0 a saber qu\u00e8 cal fer per a emprendre un negoci creatiu en l\u00ednia i tenir \u00e8xit. I ning\u00fa millor que ella, que compta amb m\u00e9s de 150k seguidors en Instagram, per a explicar-nos els secrets de l&#8217;\u00e8xit en l&#8217;entorn digital. Ser\u00e0 un espai i un moment molt especial on aquesta influencer compartir\u00e0 trucs i recomanacions perqu\u00e8 tamb\u00e9 tu aconsegueixis que els teus seguidors \u201ccontinu\u00efn navegant\u201d en el teu negoci en l\u00ednia.<\/p>\n","protected":false},"excerpt":{"rendered":"<p>La formadora en creativitat i expressi\u00f3 Valentina Buso, m\u00e9s coneguda com Valentina\u2019s Words, \u00e9s una de les influencers VIP que no falla mai a la seva cita anual de Creativa Barcelona, per\u00f2 enguany el seu pas per la fira deixar\u00e0 una petjada indubtable\u2026<\/p>\n","protected":false},"author":1,"featured_media":10040,"comment_status":"closed","ping_status":"closed","sticky":false,"template":"","format":"standard","meta":{"footnotes":""},"categories":[210,61,69],"tags":[],"class_list":["post-10042","post","type-post","status-publish","format-standard","has-post-thumbnail","hentry","category-creativa-2023-ca","category-lettering-ca","category-tallers-i-activitats"],"yoast_head":"<!-- This site is optimized with the Yoast SEO plugin v27.5 - https:\/\/yoast.com\/product\/yoast-seo-wordpress\/ -->\n<title>Valentina\u2019s Words, taller de lettering i molt m\u00e9s - Creativa Barcelona<\/title>\n<meta name=\"robots\" content=\"index, follow, max-snippet:-1, max-image-preview:large, max-video-preview:-1\" \/>\n<link rel=\"canonical\" href=\"https:\/\/creativabarcelona.com\/ca\/valentinas-world-taller-de-lettering-i-molt-mes\/\" \/>\n<meta property=\"og:locale\" content=\"ca_ES\" \/>\n<meta property=\"og:type\" content=\"article\" \/>\n<meta property=\"og:title\" content=\"Valentina\u2019s Words, taller de lettering i molt m\u00e9s - Creativa Barcelona\" \/>\n<meta property=\"og:description\" content=\"La formadora en creativitat i expressi\u00f3 Valentina Buso, m\u00e9s coneguda com Valentina\u2019s Words, \u00e9s una de les influencers VIP que no falla mai a la seva cita anual de Creativa Barcelona, per\u00f2 enguany el seu pas per la fira deixar\u00e0 una petjada indubtable\u2026\" \/>\n<meta property=\"og:url\" content=\"https:\/\/creativabarcelona.com\/ca\/valentinas-world-taller-de-lettering-i-molt-mes\/\" \/>\n<meta property=\"og:site_name\" content=\"Creativa Barcelona\" \/>\n<meta property=\"article:published_time\" content=\"2023-07-24T09:15:10+00:00\" \/>\n<meta property=\"article:modified_time\" content=\"2023-08-28T08:59:09+00:00\" \/>\n<meta property=\"og:image\" content=\"https:\/\/creativabarcelona.com\/wp-content\/uploads\/2023\/07\/noticia_valentinas_words_creativa_2023.jpg\" \/>\n\t<meta property=\"og:image:width\" content=\"750\" \/>\n\t<meta property=\"og:image:height\" content=\"550\" \/>\n\t<meta property=\"og:image:type\" content=\"image\/jpeg\" \/>\n<meta name=\"author\" content=\"Creativa Barcelona\" \/>\n<meta name=\"twitter:card\" content=\"summary_large_image\" \/>\n<meta name=\"twitter:label1\" content=\"Escrit per\" \/>\n\t<meta name=\"twitter:data1\" content=\"Creativa Barcelona\" \/>\n\t<meta name=\"twitter:label2\" content=\"Temps estimat de lectura\" \/>\n\t<meta name=\"twitter:data2\" content=\"2 minuts\" \/>\n<script type=\"application\/ld+json\" class=\"yoast-schema-graph\">{\"@context\":\"https:\\\/\\\/schema.org\",\"@graph\":[{\"@type\":\"Article\",\"@id\":\"https:\\\/\\\/creativabarcelona.com\\\/ca\\\/valentinas-world-taller-de-lettering-i-molt-mes\\\/#article\",\"isPartOf\":{\"@id\":\"https:\\\/\\\/creativabarcelona.com\\\/ca\\\/valentinas-world-taller-de-lettering-i-molt-mes\\\/\"},\"author\":{\"name\":\"Creativa Barcelona\",\"@id\":\"https:\\\/\\\/creativabarcelona.com\\\/#\\\/schema\\\/person\\\/88136af06c702fba6a4a56fccac027e3\"},\"headline\":\"Valentina\u2019s Words, taller de lettering i molt m\u00e9s\",\"datePublished\":\"2023-07-24T09:15:10+00:00\",\"dateModified\":\"2023-08-28T08:59:09+00:00\",\"mainEntityOfPage\":{\"@id\":\"https:\\\/\\\/creativabarcelona.com\\\/ca\\\/valentinas-world-taller-de-lettering-i-molt-mes\\\/\"},\"wordCount\":351,\"publisher\":{\"@id\":\"https:\\\/\\\/creativabarcelona.com\\\/#organization\"},\"image\":{\"@id\":\"https:\\\/\\\/creativabarcelona.com\\\/ca\\\/valentinas-world-taller-de-lettering-i-molt-mes\\\/#primaryimage\"},\"thumbnailUrl\":\"https:\\\/\\\/creativabarcelona.com\\\/wp-content\\\/uploads\\\/2023\\\/07\\\/noticia_valentinas_words_creativa_2023.jpg\",\"articleSection\":[\"Creativa 2023\",\"Lettering\",\"Tallers i Activitats\"],\"inLanguage\":\"ca\"},{\"@type\":\"WebPage\",\"@id\":\"https:\\\/\\\/creativabarcelona.com\\\/ca\\\/valentinas-world-taller-de-lettering-i-molt-mes\\\/\",\"url\":\"https:\\\/\\\/creativabarcelona.com\\\/ca\\\/valentinas-world-taller-de-lettering-i-molt-mes\\\/\",\"name\":\"Valentina\u2019s Words, taller de lettering i molt m\u00e9s - Creativa Barcelona\",\"isPartOf\":{\"@id\":\"https:\\\/\\\/creativabarcelona.com\\\/#website\"},\"primaryImageOfPage\":{\"@id\":\"https:\\\/\\\/creativabarcelona.com\\\/ca\\\/valentinas-world-taller-de-lettering-i-molt-mes\\\/#primaryimage\"},\"image\":{\"@id\":\"https:\\\/\\\/creativabarcelona.com\\\/ca\\\/valentinas-world-taller-de-lettering-i-molt-mes\\\/#primaryimage\"},\"thumbnailUrl\":\"https:\\\/\\\/creativabarcelona.com\\\/wp-content\\\/uploads\\\/2023\\\/07\\\/noticia_valentinas_words_creativa_2023.jpg\",\"datePublished\":\"2023-07-24T09:15:10+00:00\",\"dateModified\":\"2023-08-28T08:59:09+00:00\",\"breadcrumb\":{\"@id\":\"https:\\\/\\\/creativabarcelona.com\\\/ca\\\/valentinas-world-taller-de-lettering-i-molt-mes\\\/#breadcrumb\"},\"inLanguage\":\"ca\",\"potentialAction\":[{\"@type\":\"ReadAction\",\"target\":[\"https:\\\/\\\/creativabarcelona.com\\\/ca\\\/valentinas-world-taller-de-lettering-i-molt-mes\\\/\"]}]},{\"@type\":\"ImageObject\",\"inLanguage\":\"ca\",\"@id\":\"https:\\\/\\\/creativabarcelona.com\\\/ca\\\/valentinas-world-taller-de-lettering-i-molt-mes\\\/#primaryimage\",\"url\":\"https:\\\/\\\/creativabarcelona.com\\\/wp-content\\\/uploads\\\/2023\\\/07\\\/noticia_valentinas_words_creativa_2023.jpg\",\"contentUrl\":\"https:\\\/\\\/creativabarcelona.com\\\/wp-content\\\/uploads\\\/2023\\\/07\\\/noticia_valentinas_words_creativa_2023.jpg\",\"width\":750,\"height\":550,\"caption\":\"Valentina\u2019s World, taller de lettering y mucho m\u00e1s\"},{\"@type\":\"BreadcrumbList\",\"@id\":\"https:\\\/\\\/creativabarcelona.com\\\/ca\\\/valentinas-world-taller-de-lettering-i-molt-mes\\\/#breadcrumb\",\"itemListElement\":[{\"@type\":\"ListItem\",\"position\":1,\"name\":\"Portada\",\"item\":\"https:\\\/\\\/creativabarcelona.com\\\/ca\\\/\"},{\"@type\":\"ListItem\",\"position\":2,\"name\":\"Valentina\u2019s Words, taller de lettering i molt m\u00e9s\"}]},{\"@type\":\"WebSite\",\"@id\":\"https:\\\/\\\/creativabarcelona.com\\\/#website\",\"url\":\"https:\\\/\\\/creativabarcelona.com\\\/\",\"name\":\"Creativa Barcelona\",\"description\":\"Sal\u00f3 de les Manualitats i Artesanies\",\"publisher\":{\"@id\":\"https:\\\/\\\/creativabarcelona.com\\\/#organization\"},\"potentialAction\":[{\"@type\":\"SearchAction\",\"target\":{\"@type\":\"EntryPoint\",\"urlTemplate\":\"https:\\\/\\\/creativabarcelona.com\\\/?s={search_term_string}\"},\"query-input\":{\"@type\":\"PropertyValueSpecification\",\"valueRequired\":true,\"valueName\":\"search_term_string\"}}],\"inLanguage\":\"ca\"},{\"@type\":\"Organization\",\"@id\":\"https:\\\/\\\/creativabarcelona.com\\\/#organization\",\"name\":\"Creativa Barcelona\",\"url\":\"https:\\\/\\\/creativabarcelona.com\\\/\",\"logo\":{\"@type\":\"ImageObject\",\"inLanguage\":\"ca\",\"@id\":\"https:\\\/\\\/creativabarcelona.com\\\/#\\\/schema\\\/logo\\\/image\\\/\",\"url\":\"https:\\\/\\\/creativabarcelona.com\\\/wp-content\\\/uploads\\\/2025\\\/03\\\/logo_creativa_barcelona_Cast-1.png\",\"contentUrl\":\"https:\\\/\\\/creativabarcelona.com\\\/wp-content\\\/uploads\\\/2025\\\/03\\\/logo_creativa_barcelona_Cast-1.png\",\"width\":777,\"height\":417,\"caption\":\"Creativa Barcelona\"},\"image\":{\"@id\":\"https:\\\/\\\/creativabarcelona.com\\\/#\\\/schema\\\/logo\\\/image\\\/\"}},{\"@type\":\"Person\",\"@id\":\"https:\\\/\\\/creativabarcelona.com\\\/#\\\/schema\\\/person\\\/88136af06c702fba6a4a56fccac027e3\",\"name\":\"Creativa Barcelona\",\"image\":{\"@type\":\"ImageObject\",\"inLanguage\":\"ca\",\"@id\":\"https:\\\/\\\/secure.gravatar.com\\\/avatar\\\/9751d88ddbee61c132bde30a2ddd40a6948919cbc65d9dc0baed64e15bd22aca?s=96&d=mm&r=g\",\"url\":\"https:\\\/\\\/secure.gravatar.com\\\/avatar\\\/9751d88ddbee61c132bde30a2ddd40a6948919cbc65d9dc0baed64e15bd22aca?s=96&d=mm&r=g\",\"contentUrl\":\"https:\\\/\\\/secure.gravatar.com\\\/avatar\\\/9751d88ddbee61c132bde30a2ddd40a6948919cbc65d9dc0baed64e15bd22aca?s=96&d=mm&r=g\",\"caption\":\"Creativa Barcelona\"},\"sameAs\":[\"https:\\\/\\\/creativabarcelona.com\"],\"url\":\"https:\\\/\\\/creativabarcelona.com\\\/ca\\\/author\\\/crea20tiv22bcn\\\/\"}]}<\/script>\n<!-- \/ Yoast SEO plugin. -->","yoast_head_json":{"title":"Valentina\u2019s Words, taller de lettering i molt m\u00e9s - Creativa Barcelona","robots":{"index":"index","follow":"follow","max-snippet":"max-snippet:-1","max-image-preview":"max-image-preview:large","max-video-preview":"max-video-preview:-1"},"canonical":"https:\/\/creativabarcelona.com\/ca\/valentinas-world-taller-de-lettering-i-molt-mes\/","og_locale":"ca_ES","og_type":"article","og_title":"Valentina\u2019s Words, taller de lettering i molt m\u00e9s - Creativa Barcelona","og_description":"La formadora en creativitat i expressi\u00f3 Valentina Buso, m\u00e9s coneguda com Valentina\u2019s Words, \u00e9s una de les influencers VIP que no falla mai a la seva cita anual de Creativa Barcelona, per\u00f2 enguany el seu pas per la fira deixar\u00e0 una petjada indubtable\u2026","og_url":"https:\/\/creativabarcelona.com\/ca\/valentinas-world-taller-de-lettering-i-molt-mes\/","og_site_name":"Creativa Barcelona","article_published_time":"2023-07-24T09:15:10+00:00","article_modified_time":"2023-08-28T08:59:09+00:00","og_image":[{"width":750,"height":550,"url":"https:\/\/creativabarcelona.com\/wp-content\/uploads\/2023\/07\/noticia_valentinas_words_creativa_2023.jpg","type":"image\/jpeg"}],"author":"Creativa Barcelona","twitter_card":"summary_large_image","twitter_misc":{"Escrit per":"Creativa Barcelona","Temps estimat de lectura":"2 minuts"},"schema":{"@context":"https:\/\/schema.org","@graph":[{"@type":"Article","@id":"https:\/\/creativabarcelona.com\/ca\/valentinas-world-taller-de-lettering-i-molt-mes\/#article","isPartOf":{"@id":"https:\/\/creativabarcelona.com\/ca\/valentinas-world-taller-de-lettering-i-molt-mes\/"},"author":{"name":"Creativa Barcelona","@id":"https:\/\/creativabarcelona.com\/#\/schema\/person\/88136af06c702fba6a4a56fccac027e3"},"headline":"Valentina\u2019s Words, taller de lettering i molt m\u00e9s","datePublished":"2023-07-24T09:15:10+00:00","dateModified":"2023-08-28T08:59:09+00:00","mainEntityOfPage":{"@id":"https:\/\/creativabarcelona.com\/ca\/valentinas-world-taller-de-lettering-i-molt-mes\/"},"wordCount":351,"publisher":{"@id":"https:\/\/creativabarcelona.com\/#organization"},"image":{"@id":"https:\/\/creativabarcelona.com\/ca\/valentinas-world-taller-de-lettering-i-molt-mes\/#primaryimage"},"thumbnailUrl":"https:\/\/creativabarcelona.com\/wp-content\/uploads\/2023\/07\/noticia_valentinas_words_creativa_2023.jpg","articleSection":["Creativa 2023","Lettering","Tallers i Activitats"],"inLanguage":"ca"},{"@type":"WebPage","@id":"https:\/\/creativabarcelona.com\/ca\/valentinas-world-taller-de-lettering-i-molt-mes\/","url":"https:\/\/creativabarcelona.com\/ca\/valentinas-world-taller-de-lettering-i-molt-mes\/","name":"Valentina\u2019s Words, taller de lettering i molt m\u00e9s - Creativa Barcelona","isPartOf":{"@id":"https:\/\/creativabarcelona.com\/#website"},"primaryImageOfPage":{"@id":"https:\/\/creativabarcelona.com\/ca\/valentinas-world-taller-de-lettering-i-molt-mes\/#primaryimage"},"image":{"@id":"https:\/\/creativabarcelona.com\/ca\/valentinas-world-taller-de-lettering-i-molt-mes\/#primaryimage"},"thumbnailUrl":"https:\/\/creativabarcelona.com\/wp-content\/uploads\/2023\/07\/noticia_valentinas_words_creativa_2023.jpg","datePublished":"2023-07-24T09:15:10+00:00","dateModified":"2023-08-28T08:59:09+00:00","breadcrumb":{"@id":"https:\/\/creativabarcelona.com\/ca\/valentinas-world-taller-de-lettering-i-molt-mes\/#breadcrumb"},"inLanguage":"ca","potentialAction":[{"@type":"ReadAction","target":["https:\/\/creativabarcelona.com\/ca\/valentinas-world-taller-de-lettering-i-molt-mes\/"]}]},{"@type":"ImageObject","inLanguage":"ca","@id":"https:\/\/creativabarcelona.com\/ca\/valentinas-world-taller-de-lettering-i-molt-mes\/#primaryimage","url":"https:\/\/creativabarcelona.com\/wp-content\/uploads\/2023\/07\/noticia_valentinas_words_creativa_2023.jpg","contentUrl":"https:\/\/creativabarcelona.com\/wp-content\/uploads\/2023\/07\/noticia_valentinas_words_creativa_2023.jpg","width":750,"height":550,"caption":"Valentina\u2019s World, taller de lettering y mucho m\u00e1s"},{"@type":"BreadcrumbList","@id":"https:\/\/creativabarcelona.com\/ca\/valentinas-world-taller-de-lettering-i-molt-mes\/#breadcrumb","itemListElement":[{"@type":"ListItem","position":1,"name":"Portada","item":"https:\/\/creativabarcelona.com\/ca\/"},{"@type":"ListItem","position":2,"name":"Valentina\u2019s Words, taller de lettering i molt m\u00e9s"}]},{"@type":"WebSite","@id":"https:\/\/creativabarcelona.com\/#website","url":"https:\/\/creativabarcelona.com\/","name":"Creativa Barcelona","description":"Sal\u00f3 de les Manualitats i Artesanies","publisher":{"@id":"https:\/\/creativabarcelona.com\/#organization"},"potentialAction":[{"@type":"SearchAction","target":{"@type":"EntryPoint","urlTemplate":"https:\/\/creativabarcelona.com\/?s={search_term_string}"},"query-input":{"@type":"PropertyValueSpecification","valueRequired":true,"valueName":"search_term_string"}}],"inLanguage":"ca"},{"@type":"Organization","@id":"https:\/\/creativabarcelona.com\/#organization","name":"Creativa Barcelona","url":"https:\/\/creativabarcelona.com\/","logo":{"@type":"ImageObject","inLanguage":"ca","@id":"https:\/\/creativabarcelona.com\/#\/schema\/logo\/image\/","url":"https:\/\/creativabarcelona.com\/wp-content\/uploads\/2025\/03\/logo_creativa_barcelona_Cast-1.png","contentUrl":"https:\/\/creativabarcelona.com\/wp-content\/uploads\/2025\/03\/logo_creativa_barcelona_Cast-1.png","width":777,"height":417,"caption":"Creativa Barcelona"},"image":{"@id":"https:\/\/creativabarcelona.com\/#\/schema\/logo\/image\/"}},{"@type":"Person","@id":"https:\/\/creativabarcelona.com\/#\/schema\/person\/88136af06c702fba6a4a56fccac027e3","name":"Creativa Barcelona","image":{"@type":"ImageObject","inLanguage":"ca","@id":"https:\/\/secure.gravatar.com\/avatar\/9751d88ddbee61c132bde30a2ddd40a6948919cbc65d9dc0baed64e15bd22aca?s=96&d=mm&r=g","url":"https:\/\/secure.gravatar.com\/avatar\/9751d88ddbee61c132bde30a2ddd40a6948919cbc65d9dc0baed64e15bd22aca?s=96&d=mm&r=g","contentUrl":"https:\/\/secure.gravatar.com\/avatar\/9751d88ddbee61c132bde30a2ddd40a6948919cbc65d9dc0baed64e15bd22aca?s=96&d=mm&r=g","caption":"Creativa Barcelona"},"sameAs":["https:\/\/creativabarcelona.com"],"url":"https:\/\/creativabarcelona.com\/ca\/author\/crea20tiv22bcn\/"}]}},"_links":{"self":[{"href":"https:\/\/creativabarcelona.com\/ca\/wp-json\/wp\/v2\/posts\/10042","targetHints":{"allow":["GET"]}}],"collection":[{"href":"https:\/\/creativabarcelona.com\/ca\/wp-json\/wp\/v2\/posts"}],"about":[{"href":"https:\/\/creativabarcelona.com\/ca\/wp-json\/wp\/v2\/types\/post"}],"author":[{"embeddable":true,"href":"https:\/\/creativabarcelona.com\/ca\/wp-json\/wp\/v2\/users\/1"}],"replies":[{"embeddable":true,"href":"https:\/\/creativabarcelona.com\/ca\/wp-json\/wp\/v2\/comments?post=10042"}],"version-history":[{"count":4,"href":"https:\/\/creativabarcelona.com\/ca\/wp-json\/wp\/v2\/posts\/10042\/revisions"}],"predecessor-version":[{"id":10881,"href":"https:\/\/creativabarcelona.com\/ca\/wp-json\/wp\/v2\/posts\/10042\/revisions\/10881"}],"wp:featuredmedia":[{"embeddable":true,"href":"https:\/\/creativabarcelona.com\/ca\/wp-json\/wp\/v2\/media\/10040"}],"wp:attachment":[{"href":"https:\/\/creativabarcelona.com\/ca\/wp-json\/wp\/v2\/media?parent=10042"}],"wp:term":[{"taxonomy":"category","embeddable":true,"href":"https:\/\/creativabarcelona.com\/ca\/wp-json\/wp\/v2\/categories?post=10042"},{"taxonomy":"post_tag","embeddable":true,"href":"https:\/\/creativabarcelona.com\/ca\/wp-json\/wp\/v2\/tags?post=10042"}],"curies":[{"name":"wp","href":"https:\/\/api.w.org\/{rel}","templated":true}]}}