{"id":11036,"date":"2023-09-01T13:19:58","date_gmt":"2023-09-01T11:19:58","guid":{"rendered":"https:\/\/creativabarcelona.com\/descubre-si-el-scrapbooking-es-lo-tuyo-en-el-taller-de-iniciacion-de-nuria-tomas\/"},"modified":"2023-09-01T13:59:32","modified_gmt":"2023-09-01T11:59:32","slug":"descobreix-si-el-scrapbooking-tatrapa-en-el-taller-diniciacio-de-nuria-tomas","status":"publish","type":"post","link":"https:\/\/creativabarcelona.com\/ca\/descobreix-si-el-scrapbooking-tatrapa-en-el-taller-diniciacio-de-nuria-tomas\/","title":{"rendered":"Descobreix si el scrapbooking t\u2019atrapa en el Taller d&#8217;Iniciaci\u00f3 de N\u00faria Tom\u00e1s"},"content":{"rendered":"<p><strong>Ja us el venim anunciat: enguany, Creativa Barcelona ser\u00e0 m\u00e9s \u201cscrap\u201d que mai. <\/strong><\/p>\n<p>I ho ser\u00e0 tant per a l@s m\u00e9s expert@s en l&#8217;art de la decoraci\u00f3 de llibres, targetes, \u00e0lbums, llibretes\u2026, com per a l@s que senten una mica de curiositat per\u00f2 mai s&#8217;han atrevit. Especialment per a aquell@s que mai han agafat unes tisores, un pot de cola blanca, uns papers de colors, un llapis i una regla i s&#8217;han posat a crear, l&#8217;experta tallerista <strong>N\u00faria Tom\u00e1s<\/strong> oferir\u00e0 un taller fet a mida.<\/p>\n<p>Es tracta d&#8217;un taller d&#8217;iniciaci\u00f3 al scrapbooking, amb el qual, en menys d&#8217;una hora, podr\u00e0s saber si aix\u00f2 del scrap va amb tu. La terapeuta i psic\u00f2loga N\u00faria Tom\u00e1s t&#8217;introduir\u00e0 en els materials b\u00e0sics per a comen\u00e7ar en l&#8217;art del scrap. Amb ells, i algunes indicacions b\u00e0siques, et guiar\u00e0 perqu\u00e8 elaboris la teva primera targeta de scrap.<\/p>\n<p>En la segona part del taller, ser\u00e0s tu i la teva imaginaci\u00f3 i creativitat els grans protagonistes. Perqu\u00e8, una vegada tinguis ja els coneixements inicials, podr\u00e0s crear una targeta de felicitaci\u00f3, una postal de Nadal o el que vulguis en format scrap\u2026 Llavors, potser experimentes el mateix que la N\u00faria va sentir la primera vegada que \u201cper casualitat\u201d va fer un taller de scrapbooking i que ens recorda: <em>\u201cva ser realment relaxant, una aut\u00e8ntica experi\u00e8ncia que em va atrapar\u201d.<\/em><\/p>\n<p>&nbsp;<\/p>\n<div id='gallery-1' class='gallery galleryid-11036 gallery-columns-3 gallery-size-medium'><figure class='gallery-item'>\n\t\t\t<div class='gallery-icon landscape'>\n\t\t\t\t<a href='https:\/\/creativabarcelona.com\/wp-content\/uploads\/2023\/09\/galeria_noticia_taller_scrapbooking_nuria_tomas_creativa_2023_02_3.jpg'><img fetchpriority=\"high\" decoding=\"async\" width=\"300\" height=\"225\" src=\"https:\/\/creativabarcelona.com\/wp-content\/uploads\/2023\/09\/galeria_noticia_taller_scrapbooking_nuria_tomas_creativa_2023_02_3-300x225.jpg\" class=\"attachment-medium size-medium\" alt=\"Descobreix si el scrapbooking t\u2019atrapa en el Taller d&#039;Iniciaci\u00f3 de N\u00faria Tom\u00e1s | Creativa Barcelona\" srcset=\"https:\/\/creativabarcelona.com\/wp-content\/uploads\/2023\/09\/galeria_noticia_taller_scrapbooking_nuria_tomas_creativa_2023_02_3-300x225.jpg 300w, https:\/\/creativabarcelona.com\/wp-content\/uploads\/2023\/09\/galeria_noticia_taller_scrapbooking_nuria_tomas_creativa_2023_02_3-768x576.jpg 768w, https:\/\/creativabarcelona.com\/wp-content\/uploads\/2023\/09\/galeria_noticia_taller_scrapbooking_nuria_tomas_creativa_2023_02_3.jpg 900w\" sizes=\"(max-width: 300px) 100vw, 300px\" title=\"galeria_noticia_taller_scrapbooking_nuria_tomas_creativa_2023_02_3 | Descobreix si el scrapbooking t\u2019atrapa en el Taller d&#039;Iniciaci\u00f3 de N\u00faria Tom\u00e1s\" \/><\/a>\n\t\t\t<\/div><\/figure><figure class='gallery-item'>\n\t\t\t<div class='gallery-icon landscape'>\n\t\t\t\t<a href='https:\/\/creativabarcelona.com\/wp-content\/uploads\/2023\/09\/galeria_noticia_taller_scrapbooking_nuria_tomas_creativa_2023_02_2.jpg'><img decoding=\"async\" width=\"300\" height=\"228\" src=\"https:\/\/creativabarcelona.com\/wp-content\/uploads\/2023\/09\/galeria_noticia_taller_scrapbooking_nuria_tomas_creativa_2023_02_2-300x228.jpg\" class=\"attachment-medium size-medium\" alt=\"Descobreix si el scrapbooking t\u2019atrapa en el Taller d&#039;Iniciaci\u00f3 de N\u00faria Tom\u00e1s | Creativa Barcelona\" srcset=\"https:\/\/creativabarcelona.com\/wp-content\/uploads\/2023\/09\/galeria_noticia_taller_scrapbooking_nuria_tomas_creativa_2023_02_2-300x228.jpg 300w, https:\/\/creativabarcelona.com\/wp-content\/uploads\/2023\/09\/galeria_noticia_taller_scrapbooking_nuria_tomas_creativa_2023_02_2-768x584.jpg 768w, https:\/\/creativabarcelona.com\/wp-content\/uploads\/2023\/09\/galeria_noticia_taller_scrapbooking_nuria_tomas_creativa_2023_02_2.jpg 900w\" sizes=\"(max-width: 300px) 100vw, 300px\" title=\"galeria_noticia_taller_scrapbooking_nuria_tomas_creativa_2023_02_2 | Descobreix si el scrapbooking t\u2019atrapa en el Taller d&#039;Iniciaci\u00f3 de N\u00faria Tom\u00e1s\" \/><\/a>\n\t\t\t<\/div><\/figure><figure class='gallery-item'>\n\t\t\t<div class='gallery-icon landscape'>\n\t\t\t\t<a href='https:\/\/creativabarcelona.com\/wp-content\/uploads\/2023\/09\/galeria_noticia_taller_scrapbooking_nuria_tomas_creativa_2023_01_2.jpg'><img decoding=\"async\" width=\"300\" height=\"292\" src=\"https:\/\/creativabarcelona.com\/wp-content\/uploads\/2023\/09\/galeria_noticia_taller_scrapbooking_nuria_tomas_creativa_2023_01_2-300x292.jpg\" class=\"attachment-medium size-medium\" alt=\"Descobreix si el scrapbooking t\u2019atrapa en el Taller d&#039;Iniciaci\u00f3 de N\u00faria Tom\u00e1s | Creativa Barcelona\" srcset=\"https:\/\/creativabarcelona.com\/wp-content\/uploads\/2023\/09\/galeria_noticia_taller_scrapbooking_nuria_tomas_creativa_2023_01_2-300x292.jpg 300w, https:\/\/creativabarcelona.com\/wp-content\/uploads\/2023\/09\/galeria_noticia_taller_scrapbooking_nuria_tomas_creativa_2023_01_2-768x748.jpg 768w, https:\/\/creativabarcelona.com\/wp-content\/uploads\/2023\/09\/galeria_noticia_taller_scrapbooking_nuria_tomas_creativa_2023_01_2.jpg 900w\" sizes=\"(max-width: 300px) 100vw, 300px\" title=\"galeria_noticia_taller_scrapbooking_nuria_tomas_creativa_2023_01_2 | Descobreix si el scrapbooking t\u2019atrapa en el Taller d&#039;Iniciaci\u00f3 de N\u00faria Tom\u00e1s\" \/><\/a>\n\t\t\t<\/div><\/figure>\n\t\t<\/div>\n\n","protected":false},"excerpt":{"rendered":"<p>Ja us el venim anunciat: enguany, Creativa Barcelona ser\u00e0 m\u00e9s \u201cscrap\u201d que mai. I ho ser\u00e0 tant per a l@s m\u00e9s expert@s en l&#8217;art de la decoraci\u00f3 de llibres, targetes, \u00e0lbums, llibretes\u2026, com per a l@s que senten una mica de curiositat per\u00f2 mai s&#8217;han atrevit. Especialment per a aquell@s que mai han agafat unes [&hellip;]<\/p>\n","protected":false},"author":1,"featured_media":11065,"comment_status":"closed","ping_status":"closed","sticky":false,"template":"","format":"standard","meta":{"footnotes":""},"categories":[210,69],"tags":[],"class_list":["post-11036","post","type-post","status-publish","format-standard","has-post-thumbnail","hentry","category-creativa-2023-ca","category-tallers-i-activitats"],"yoast_head":"<!-- This site is optimized with the Yoast SEO plugin v27.5 - https:\/\/yoast.com\/product\/yoast-seo-wordpress\/ -->\n<title>Descobreix si el scrapbooking t\u2019atrapa en el Taller d&#039;Iniciaci\u00f3 de N\u00faria Tom\u00e1s - Creativa Barcelona<\/title>\n<meta name=\"robots\" content=\"index, follow, max-snippet:-1, max-image-preview:large, max-video-preview:-1\" \/>\n<link rel=\"canonical\" href=\"https:\/\/creativabarcelona.com\/ca\/descobreix-si-el-scrapbooking-tatrapa-en-el-taller-diniciacio-de-nuria-tomas\/\" \/>\n<meta property=\"og:locale\" content=\"ca_ES\" \/>\n<meta property=\"og:type\" content=\"article\" \/>\n<meta property=\"og:title\" content=\"Descobreix si el scrapbooking t\u2019atrapa en el Taller d&#039;Iniciaci\u00f3 de N\u00faria Tom\u00e1s - Creativa Barcelona\" \/>\n<meta property=\"og:description\" content=\"Ja us el venim anunciat: enguany, Creativa Barcelona ser\u00e0 m\u00e9s \u201cscrap\u201d que mai. I ho ser\u00e0 tant per a l@s m\u00e9s expert@s en l&#8217;art de la decoraci\u00f3 de llibres, targetes, \u00e0lbums, llibretes\u2026, com per a l@s que senten una mica de curiositat per\u00f2 mai s&#8217;han atrevit. Especialment per a aquell@s que mai han agafat unes [&hellip;]\" \/>\n<meta property=\"og:url\" content=\"https:\/\/creativabarcelona.com\/ca\/descobreix-si-el-scrapbooking-tatrapa-en-el-taller-diniciacio-de-nuria-tomas\/\" \/>\n<meta property=\"og:site_name\" content=\"Creativa Barcelona\" \/>\n<meta property=\"article:published_time\" content=\"2023-09-01T11:19:58+00:00\" \/>\n<meta property=\"article:modified_time\" content=\"2023-09-01T11:59:32+00:00\" \/>\n<meta property=\"og:image\" content=\"https:\/\/creativabarcelona.com\/wp-content\/uploads\/2023\/09\/noticia_taller_scrapbooking_nuria_tomas_creativa_2023_2.jpg\" \/>\n\t<meta property=\"og:image:width\" content=\"750\" \/>\n\t<meta property=\"og:image:height\" content=\"550\" \/>\n\t<meta property=\"og:image:type\" content=\"image\/jpeg\" \/>\n<meta name=\"author\" content=\"Creativa Barcelona\" \/>\n<meta name=\"twitter:card\" content=\"summary_large_image\" \/>\n<meta name=\"twitter:label1\" content=\"Escrit per\" \/>\n\t<meta name=\"twitter:data1\" content=\"Creativa Barcelona\" \/>\n\t<meta name=\"twitter:label2\" content=\"Temps estimat de lectura\" \/>\n\t<meta name=\"twitter:data2\" content=\"2 minuts\" \/>\n<script type=\"application\/ld+json\" class=\"yoast-schema-graph\">{\"@context\":\"https:\\\/\\\/schema.org\",\"@graph\":[{\"@type\":\"Article\",\"@id\":\"https:\\\/\\\/creativabarcelona.com\\\/ca\\\/descobreix-si-el-scrapbooking-tatrapa-en-el-taller-diniciacio-de-nuria-tomas\\\/#article\",\"isPartOf\":{\"@id\":\"https:\\\/\\\/creativabarcelona.com\\\/ca\\\/descobreix-si-el-scrapbooking-tatrapa-en-el-taller-diniciacio-de-nuria-tomas\\\/\"},\"author\":{\"name\":\"Creativa Barcelona\",\"@id\":\"https:\\\/\\\/creativabarcelona.com\\\/#\\\/schema\\\/person\\\/88136af06c702fba6a4a56fccac027e3\"},\"headline\":\"Descobreix si el scrapbooking t\u2019atrapa en el Taller d&#8217;Iniciaci\u00f3 de N\u00faria Tom\u00e1s\",\"datePublished\":\"2023-09-01T11:19:58+00:00\",\"dateModified\":\"2023-09-01T11:59:32+00:00\",\"mainEntityOfPage\":{\"@id\":\"https:\\\/\\\/creativabarcelona.com\\\/ca\\\/descobreix-si-el-scrapbooking-tatrapa-en-el-taller-diniciacio-de-nuria-tomas\\\/\"},\"wordCount\":273,\"publisher\":{\"@id\":\"https:\\\/\\\/creativabarcelona.com\\\/#organization\"},\"image\":{\"@id\":\"https:\\\/\\\/creativabarcelona.com\\\/ca\\\/descobreix-si-el-scrapbooking-tatrapa-en-el-taller-diniciacio-de-nuria-tomas\\\/#primaryimage\"},\"thumbnailUrl\":\"https:\\\/\\\/creativabarcelona.com\\\/wp-content\\\/uploads\\\/2023\\\/09\\\/noticia_taller_scrapbooking_nuria_tomas_creativa_2023_2.jpg\",\"articleSection\":[\"Creativa 2023\",\"Tallers i Activitats\"],\"inLanguage\":\"ca\"},{\"@type\":\"WebPage\",\"@id\":\"https:\\\/\\\/creativabarcelona.com\\\/ca\\\/descobreix-si-el-scrapbooking-tatrapa-en-el-taller-diniciacio-de-nuria-tomas\\\/\",\"url\":\"https:\\\/\\\/creativabarcelona.com\\\/ca\\\/descobreix-si-el-scrapbooking-tatrapa-en-el-taller-diniciacio-de-nuria-tomas\\\/\",\"name\":\"Descobreix si el scrapbooking t\u2019atrapa en el Taller d'Iniciaci\u00f3 de N\u00faria Tom\u00e1s - Creativa Barcelona\",\"isPartOf\":{\"@id\":\"https:\\\/\\\/creativabarcelona.com\\\/#website\"},\"primaryImageOfPage\":{\"@id\":\"https:\\\/\\\/creativabarcelona.com\\\/ca\\\/descobreix-si-el-scrapbooking-tatrapa-en-el-taller-diniciacio-de-nuria-tomas\\\/#primaryimage\"},\"image\":{\"@id\":\"https:\\\/\\\/creativabarcelona.com\\\/ca\\\/descobreix-si-el-scrapbooking-tatrapa-en-el-taller-diniciacio-de-nuria-tomas\\\/#primaryimage\"},\"thumbnailUrl\":\"https:\\\/\\\/creativabarcelona.com\\\/wp-content\\\/uploads\\\/2023\\\/09\\\/noticia_taller_scrapbooking_nuria_tomas_creativa_2023_2.jpg\",\"datePublished\":\"2023-09-01T11:19:58+00:00\",\"dateModified\":\"2023-09-01T11:59:32+00:00\",\"breadcrumb\":{\"@id\":\"https:\\\/\\\/creativabarcelona.com\\\/ca\\\/descobreix-si-el-scrapbooking-tatrapa-en-el-taller-diniciacio-de-nuria-tomas\\\/#breadcrumb\"},\"inLanguage\":\"ca\",\"potentialAction\":[{\"@type\":\"ReadAction\",\"target\":[\"https:\\\/\\\/creativabarcelona.com\\\/ca\\\/descobreix-si-el-scrapbooking-tatrapa-en-el-taller-diniciacio-de-nuria-tomas\\\/\"]}]},{\"@type\":\"ImageObject\",\"inLanguage\":\"ca\",\"@id\":\"https:\\\/\\\/creativabarcelona.com\\\/ca\\\/descobreix-si-el-scrapbooking-tatrapa-en-el-taller-diniciacio-de-nuria-tomas\\\/#primaryimage\",\"url\":\"https:\\\/\\\/creativabarcelona.com\\\/wp-content\\\/uploads\\\/2023\\\/09\\\/noticia_taller_scrapbooking_nuria_tomas_creativa_2023_2.jpg\",\"contentUrl\":\"https:\\\/\\\/creativabarcelona.com\\\/wp-content\\\/uploads\\\/2023\\\/09\\\/noticia_taller_scrapbooking_nuria_tomas_creativa_2023_2.jpg\",\"width\":750,\"height\":550},{\"@type\":\"BreadcrumbList\",\"@id\":\"https:\\\/\\\/creativabarcelona.com\\\/ca\\\/descobreix-si-el-scrapbooking-tatrapa-en-el-taller-diniciacio-de-nuria-tomas\\\/#breadcrumb\",\"itemListElement\":[{\"@type\":\"ListItem\",\"position\":1,\"name\":\"Portada\",\"item\":\"https:\\\/\\\/creativabarcelona.com\\\/ca\\\/\"},{\"@type\":\"ListItem\",\"position\":2,\"name\":\"Descobreix si el scrapbooking t\u2019atrapa en el Taller d&#8217;Iniciaci\u00f3 de N\u00faria Tom\u00e1s\"}]},{\"@type\":\"WebSite\",\"@id\":\"https:\\\/\\\/creativabarcelona.com\\\/#website\",\"url\":\"https:\\\/\\\/creativabarcelona.com\\\/\",\"name\":\"Creativa Barcelona\",\"description\":\"Sal\u00f3 de les Manualitats i Artesanies\",\"publisher\":{\"@id\":\"https:\\\/\\\/creativabarcelona.com\\\/#organization\"},\"potentialAction\":[{\"@type\":\"SearchAction\",\"target\":{\"@type\":\"EntryPoint\",\"urlTemplate\":\"https:\\\/\\\/creativabarcelona.com\\\/?s={search_term_string}\"},\"query-input\":{\"@type\":\"PropertyValueSpecification\",\"valueRequired\":true,\"valueName\":\"search_term_string\"}}],\"inLanguage\":\"ca\"},{\"@type\":\"Organization\",\"@id\":\"https:\\\/\\\/creativabarcelona.com\\\/#organization\",\"name\":\"Creativa Barcelona\",\"url\":\"https:\\\/\\\/creativabarcelona.com\\\/\",\"logo\":{\"@type\":\"ImageObject\",\"inLanguage\":\"ca\",\"@id\":\"https:\\\/\\\/creativabarcelona.com\\\/#\\\/schema\\\/logo\\\/image\\\/\",\"url\":\"https:\\\/\\\/creativabarcelona.com\\\/wp-content\\\/uploads\\\/2025\\\/03\\\/logo_creativa_barcelona_Cast-1.png\",\"contentUrl\":\"https:\\\/\\\/creativabarcelona.com\\\/wp-content\\\/uploads\\\/2025\\\/03\\\/logo_creativa_barcelona_Cast-1.png\",\"width\":777,\"height\":417,\"caption\":\"Creativa Barcelona\"},\"image\":{\"@id\":\"https:\\\/\\\/creativabarcelona.com\\\/#\\\/schema\\\/logo\\\/image\\\/\"}},{\"@type\":\"Person\",\"@id\":\"https:\\\/\\\/creativabarcelona.com\\\/#\\\/schema\\\/person\\\/88136af06c702fba6a4a56fccac027e3\",\"name\":\"Creativa Barcelona\",\"image\":{\"@type\":\"ImageObject\",\"inLanguage\":\"ca\",\"@id\":\"https:\\\/\\\/secure.gravatar.com\\\/avatar\\\/9751d88ddbee61c132bde30a2ddd40a6948919cbc65d9dc0baed64e15bd22aca?s=96&d=mm&r=g\",\"url\":\"https:\\\/\\\/secure.gravatar.com\\\/avatar\\\/9751d88ddbee61c132bde30a2ddd40a6948919cbc65d9dc0baed64e15bd22aca?s=96&d=mm&r=g\",\"contentUrl\":\"https:\\\/\\\/secure.gravatar.com\\\/avatar\\\/9751d88ddbee61c132bde30a2ddd40a6948919cbc65d9dc0baed64e15bd22aca?s=96&d=mm&r=g\",\"caption\":\"Creativa Barcelona\"},\"sameAs\":[\"https:\\\/\\\/creativabarcelona.com\"],\"url\":\"https:\\\/\\\/creativabarcelona.com\\\/ca\\\/author\\\/crea20tiv22bcn\\\/\"}]}<\/script>\n<!-- \/ Yoast SEO plugin. -->","yoast_head_json":{"title":"Descobreix si el scrapbooking t\u2019atrapa en el Taller d'Iniciaci\u00f3 de N\u00faria Tom\u00e1s - Creativa Barcelona","robots":{"index":"index","follow":"follow","max-snippet":"max-snippet:-1","max-image-preview":"max-image-preview:large","max-video-preview":"max-video-preview:-1"},"canonical":"https:\/\/creativabarcelona.com\/ca\/descobreix-si-el-scrapbooking-tatrapa-en-el-taller-diniciacio-de-nuria-tomas\/","og_locale":"ca_ES","og_type":"article","og_title":"Descobreix si el scrapbooking t\u2019atrapa en el Taller d'Iniciaci\u00f3 de N\u00faria Tom\u00e1s - Creativa Barcelona","og_description":"Ja us el venim anunciat: enguany, Creativa Barcelona ser\u00e0 m\u00e9s \u201cscrap\u201d que mai. I ho ser\u00e0 tant per a l@s m\u00e9s expert@s en l&#8217;art de la decoraci\u00f3 de llibres, targetes, \u00e0lbums, llibretes\u2026, com per a l@s que senten una mica de curiositat per\u00f2 mai s&#8217;han atrevit. Especialment per a aquell@s que mai han agafat unes [&hellip;]","og_url":"https:\/\/creativabarcelona.com\/ca\/descobreix-si-el-scrapbooking-tatrapa-en-el-taller-diniciacio-de-nuria-tomas\/","og_site_name":"Creativa Barcelona","article_published_time":"2023-09-01T11:19:58+00:00","article_modified_time":"2023-09-01T11:59:32+00:00","og_image":[{"width":750,"height":550,"url":"https:\/\/creativabarcelona.com\/wp-content\/uploads\/2023\/09\/noticia_taller_scrapbooking_nuria_tomas_creativa_2023_2.jpg","type":"image\/jpeg"}],"author":"Creativa Barcelona","twitter_card":"summary_large_image","twitter_misc":{"Escrit per":"Creativa Barcelona","Temps estimat de lectura":"2 minuts"},"schema":{"@context":"https:\/\/schema.org","@graph":[{"@type":"Article","@id":"https:\/\/creativabarcelona.com\/ca\/descobreix-si-el-scrapbooking-tatrapa-en-el-taller-diniciacio-de-nuria-tomas\/#article","isPartOf":{"@id":"https:\/\/creativabarcelona.com\/ca\/descobreix-si-el-scrapbooking-tatrapa-en-el-taller-diniciacio-de-nuria-tomas\/"},"author":{"name":"Creativa Barcelona","@id":"https:\/\/creativabarcelona.com\/#\/schema\/person\/88136af06c702fba6a4a56fccac027e3"},"headline":"Descobreix si el scrapbooking t\u2019atrapa en el Taller d&#8217;Iniciaci\u00f3 de N\u00faria Tom\u00e1s","datePublished":"2023-09-01T11:19:58+00:00","dateModified":"2023-09-01T11:59:32+00:00","mainEntityOfPage":{"@id":"https:\/\/creativabarcelona.com\/ca\/descobreix-si-el-scrapbooking-tatrapa-en-el-taller-diniciacio-de-nuria-tomas\/"},"wordCount":273,"publisher":{"@id":"https:\/\/creativabarcelona.com\/#organization"},"image":{"@id":"https:\/\/creativabarcelona.com\/ca\/descobreix-si-el-scrapbooking-tatrapa-en-el-taller-diniciacio-de-nuria-tomas\/#primaryimage"},"thumbnailUrl":"https:\/\/creativabarcelona.com\/wp-content\/uploads\/2023\/09\/noticia_taller_scrapbooking_nuria_tomas_creativa_2023_2.jpg","articleSection":["Creativa 2023","Tallers i Activitats"],"inLanguage":"ca"},{"@type":"WebPage","@id":"https:\/\/creativabarcelona.com\/ca\/descobreix-si-el-scrapbooking-tatrapa-en-el-taller-diniciacio-de-nuria-tomas\/","url":"https:\/\/creativabarcelona.com\/ca\/descobreix-si-el-scrapbooking-tatrapa-en-el-taller-diniciacio-de-nuria-tomas\/","name":"Descobreix si el scrapbooking t\u2019atrapa en el Taller d'Iniciaci\u00f3 de N\u00faria Tom\u00e1s - Creativa Barcelona","isPartOf":{"@id":"https:\/\/creativabarcelona.com\/#website"},"primaryImageOfPage":{"@id":"https:\/\/creativabarcelona.com\/ca\/descobreix-si-el-scrapbooking-tatrapa-en-el-taller-diniciacio-de-nuria-tomas\/#primaryimage"},"image":{"@id":"https:\/\/creativabarcelona.com\/ca\/descobreix-si-el-scrapbooking-tatrapa-en-el-taller-diniciacio-de-nuria-tomas\/#primaryimage"},"thumbnailUrl":"https:\/\/creativabarcelona.com\/wp-content\/uploads\/2023\/09\/noticia_taller_scrapbooking_nuria_tomas_creativa_2023_2.jpg","datePublished":"2023-09-01T11:19:58+00:00","dateModified":"2023-09-01T11:59:32+00:00","breadcrumb":{"@id":"https:\/\/creativabarcelona.com\/ca\/descobreix-si-el-scrapbooking-tatrapa-en-el-taller-diniciacio-de-nuria-tomas\/#breadcrumb"},"inLanguage":"ca","potentialAction":[{"@type":"ReadAction","target":["https:\/\/creativabarcelona.com\/ca\/descobreix-si-el-scrapbooking-tatrapa-en-el-taller-diniciacio-de-nuria-tomas\/"]}]},{"@type":"ImageObject","inLanguage":"ca","@id":"https:\/\/creativabarcelona.com\/ca\/descobreix-si-el-scrapbooking-tatrapa-en-el-taller-diniciacio-de-nuria-tomas\/#primaryimage","url":"https:\/\/creativabarcelona.com\/wp-content\/uploads\/2023\/09\/noticia_taller_scrapbooking_nuria_tomas_creativa_2023_2.jpg","contentUrl":"https:\/\/creativabarcelona.com\/wp-content\/uploads\/2023\/09\/noticia_taller_scrapbooking_nuria_tomas_creativa_2023_2.jpg","width":750,"height":550},{"@type":"BreadcrumbList","@id":"https:\/\/creativabarcelona.com\/ca\/descobreix-si-el-scrapbooking-tatrapa-en-el-taller-diniciacio-de-nuria-tomas\/#breadcrumb","itemListElement":[{"@type":"ListItem","position":1,"name":"Portada","item":"https:\/\/creativabarcelona.com\/ca\/"},{"@type":"ListItem","position":2,"name":"Descobreix si el scrapbooking t\u2019atrapa en el Taller d&#8217;Iniciaci\u00f3 de N\u00faria Tom\u00e1s"}]},{"@type":"WebSite","@id":"https:\/\/creativabarcelona.com\/#website","url":"https:\/\/creativabarcelona.com\/","name":"Creativa Barcelona","description":"Sal\u00f3 de les Manualitats i Artesanies","publisher":{"@id":"https:\/\/creativabarcelona.com\/#organization"},"potentialAction":[{"@type":"SearchAction","target":{"@type":"EntryPoint","urlTemplate":"https:\/\/creativabarcelona.com\/?s={search_term_string}"},"query-input":{"@type":"PropertyValueSpecification","valueRequired":true,"valueName":"search_term_string"}}],"inLanguage":"ca"},{"@type":"Organization","@id":"https:\/\/creativabarcelona.com\/#organization","name":"Creativa Barcelona","url":"https:\/\/creativabarcelona.com\/","logo":{"@type":"ImageObject","inLanguage":"ca","@id":"https:\/\/creativabarcelona.com\/#\/schema\/logo\/image\/","url":"https:\/\/creativabarcelona.com\/wp-content\/uploads\/2025\/03\/logo_creativa_barcelona_Cast-1.png","contentUrl":"https:\/\/creativabarcelona.com\/wp-content\/uploads\/2025\/03\/logo_creativa_barcelona_Cast-1.png","width":777,"height":417,"caption":"Creativa Barcelona"},"image":{"@id":"https:\/\/creativabarcelona.com\/#\/schema\/logo\/image\/"}},{"@type":"Person","@id":"https:\/\/creativabarcelona.com\/#\/schema\/person\/88136af06c702fba6a4a56fccac027e3","name":"Creativa Barcelona","image":{"@type":"ImageObject","inLanguage":"ca","@id":"https:\/\/secure.gravatar.com\/avatar\/9751d88ddbee61c132bde30a2ddd40a6948919cbc65d9dc0baed64e15bd22aca?s=96&d=mm&r=g","url":"https:\/\/secure.gravatar.com\/avatar\/9751d88ddbee61c132bde30a2ddd40a6948919cbc65d9dc0baed64e15bd22aca?s=96&d=mm&r=g","contentUrl":"https:\/\/secure.gravatar.com\/avatar\/9751d88ddbee61c132bde30a2ddd40a6948919cbc65d9dc0baed64e15bd22aca?s=96&d=mm&r=g","caption":"Creativa Barcelona"},"sameAs":["https:\/\/creativabarcelona.com"],"url":"https:\/\/creativabarcelona.com\/ca\/author\/crea20tiv22bcn\/"}]}},"_links":{"self":[{"href":"https:\/\/creativabarcelona.com\/ca\/wp-json\/wp\/v2\/posts\/11036","targetHints":{"allow":["GET"]}}],"collection":[{"href":"https:\/\/creativabarcelona.com\/ca\/wp-json\/wp\/v2\/posts"}],"about":[{"href":"https:\/\/creativabarcelona.com\/ca\/wp-json\/wp\/v2\/types\/post"}],"author":[{"embeddable":true,"href":"https:\/\/creativabarcelona.com\/ca\/wp-json\/wp\/v2\/users\/1"}],"replies":[{"embeddable":true,"href":"https:\/\/creativabarcelona.com\/ca\/wp-json\/wp\/v2\/comments?post=11036"}],"version-history":[{"count":2,"href":"https:\/\/creativabarcelona.com\/ca\/wp-json\/wp\/v2\/posts\/11036\/revisions"}],"predecessor-version":[{"id":11067,"href":"https:\/\/creativabarcelona.com\/ca\/wp-json\/wp\/v2\/posts\/11036\/revisions\/11067"}],"wp:featuredmedia":[{"embeddable":true,"href":"https:\/\/creativabarcelona.com\/ca\/wp-json\/wp\/v2\/media\/11065"}],"wp:attachment":[{"href":"https:\/\/creativabarcelona.com\/ca\/wp-json\/wp\/v2\/media?parent=11036"}],"wp:term":[{"taxonomy":"category","embeddable":true,"href":"https:\/\/creativabarcelona.com\/ca\/wp-json\/wp\/v2\/categories?post=11036"},{"taxonomy":"post_tag","embeddable":true,"href":"https:\/\/creativabarcelona.com\/ca\/wp-json\/wp\/v2\/tags?post=11036"}],"curies":[{"name":"wp","href":"https:\/\/api.w.org\/{rel}","templated":true}]}}