{"id":11056,"date":"2023-09-01T13:30:29","date_gmt":"2023-09-01T11:30:29","guid":{"rendered":"https:\/\/creativabarcelona.com\/moda-sostenible-diseno-patronaje-y-costura-de-la-mano-de-eadimoda\/"},"modified":"2023-09-28T18:52:59","modified_gmt":"2023-09-28T16:52:59","slug":"moda-sostenible-disseny-patronatge-i-costura-de-la-ma-deadimoda","status":"publish","type":"post","link":"https:\/\/creativabarcelona.com\/ca\/moda-sostenible-disseny-patronatge-i-costura-de-la-ma-deadimoda\/","title":{"rendered":"Moda sostenible, disseny, patronatge i costura de la m\u00e0 d\u2019EADIModa"},"content":{"rendered":"<p><strong>En aquesta pr\u00f2xima edici\u00f3 de Creativa Barcelona tindrem el luxe de comptar amb la col\u00b7laboraci\u00f3 de l&#8217;Escola Atelier Disseny Moda Barcelona (<a href=\"https:\/\/eadimoda.es\/\" target=\"_blank\" rel=\"noopener\">EADIModa<\/a>). Amb m\u00e9s de 25 anys d&#8217;experi\u00e8ncia en formaci\u00f3 sobre t\u00e8cniques de la moda, s\u00f3n expert@s en disseny de col\u00b7leccions, estampaci\u00f3, patronatge, confecci\u00f3, modisteria i alta costura.<\/strong><\/p>\n<p>El seu estand ser\u00e0, sens dubte, un dels \u201cimprescindibles\u201d, ja que exposaran 10 dissenys en maniquins, alguns d&#8217;ells guanyadors de prestigiosos premis, com els guardonats en el Concurs Upcycling i el Concurs ADLIB Eivissa. Per\u00f2 segurament, el que m\u00e9s expectaci\u00f3 crear\u00e0 seran les activitats que oferiran entre el 9 i el 12 de novembre a Creativa Barcelona.<\/p>\n<p>I \u00e9s que, EADIModa portar\u00e0 tallers presencials molt interessants: un de patronatge (aprendr\u00e0s a fer el patr\u00f3 d&#8217;una brusa amb m\u00e0niga estil ratpenat), i un de costura b\u00e0sica, per als quals vulguin iniciar-se amb la m\u00e0quina de cosir. Aix\u00ed mateix, i en col\u00b7laboraci\u00f3 amb l&#8217;<strong><a href=\"https:\/\/esmodasostenible.org\/\" target=\"_blank\" rel=\"noopener\">Associaci\u00f3 Moda Sostenible<\/a><\/strong>, tamb\u00e9 impartiran tres tallers m\u00e9s. Un taller d&#8217;iniciaci\u00f3 a l&#8217;estampat bot\u00e0nic o ecoprint (tint natural amb plantes), que impartir\u00e0 Cecilia V. Firpo. Un altre taller per a aprendre a arreglar peces de manera creativa amb el sistema Visible Mending, sargits visibles s\u00faper actuals, que impartir\u00e0 Penny Papachristodoulou, de <strong><a href=\"https:\/\/www.pennyp.es\/\" target=\"_blank\" rel=\"noopener\">Penny.es<\/a><\/strong>. I un tercer taller de Upcycling amb Cor, amb la modista i dissenyadora de moda circular i sostenible, <a href=\"https:\/\/nathaliagarcia.com\/\" target=\"_blank\" rel=\"noopener\"><strong>Nathalia Garc\u00eda, de NG Studio<\/strong><\/a>, que ens ensenyar\u00e0 a transformar peces en des\u00fas o retalls inservibles en un elegant necesser multiusos.<\/p>\n<p>El plat fort, sens dubte, seran les seves presentacions i xerrades. D&#8217;una banda, la directora de EADIModa, Gemma Rullo, parlar\u00e0 sobre \u201cEls oficis de la moda\u201d, i sobre les \u201cEines per a crear una marca pr\u00f2pia\u201d. Dos col\u00b7loquis s\u00faper interessants per als i les emprendedor@s. I d&#8217;altra banda, l&#8217;estrella de les sessions, la dissenyadora <a href=\"https:\/\/www.sylviacalvobcn.com\/\" target=\"_blank\" rel=\"noopener\"><strong>Sylvia Calvo<\/strong><\/a>, especialitzada en moda eco i sostenible, centrar\u00e0 la seva xerrada en l&#8217;economia circular aplicada al sector de la moda i del t\u00e8xtil. Sota el t\u00edtol \u201cDe residu a valor. Una visi\u00f3 circular de la moda i els teixits\u201d, Calvo demostrar\u00e0 als assistents perqu\u00e8 \u00e9s mundialment coneguda. Una pista: la seva col\u00b7lecci\u00f3 es basa en dissenys confeccionats amb sacs de caf\u00e8 reciclats. Una l\u00ednia molt original i sorprenent que l&#8217;ha portat a obtenir distincions com el Green Product Award Fashion.<\/p>\n<p>I finalment, la dissenyadora <strong><a href=\"https:\/\/instagram.com\/be.karme?igshid=MzRlODBiNWFlZA==\" target=\"_blank\" rel=\"noopener\">Karme Mart\u00ednez<\/a><\/strong>, inconformista i emprenedora per naturalesa, formada en joieria art\u00edstica i disseny de moda, oferir\u00e0 una interessant xerrada on demostrar\u00e0 per qu\u00e8 es defineix com \u201cFashion Activist from the Delta&#8221;. I \u00e9s que, la creadora no concep la seva professi\u00f3, si no va acompanyada de l&#8217;activisme mediambiental. En la seva xerrada titulada \u201cL\u2019Upcycling no \u00e9s una tend\u00e8ncia, \u00e9s el futur\u201d ens presentar\u00e0 el nou model de negoci eco-innovador del sector t\u00e8xtil.<\/p>\n<p>&nbsp;<\/p>\n<div id='gallery-1' class='gallery galleryid-11056 gallery-columns-2 gallery-size-medium'><figure class='gallery-item'>\n\t\t\t<div class='gallery-icon landscape'>\n\t\t\t\t<a href='https:\/\/creativabarcelona.com\/wp-content\/uploads\/2023\/09\/galeria_noticia_taller_moda_sostenible_eadimoda_creativa_2023_01.jpg'><img fetchpriority=\"high\" decoding=\"async\" width=\"300\" height=\"225\" src=\"https:\/\/creativabarcelona.com\/wp-content\/uploads\/2023\/09\/galeria_noticia_taller_moda_sostenible_eadimoda_creativa_2023_01-300x225.jpg\" class=\"attachment-medium size-medium\" alt=\"Moda sostenible, disseny, patronatge i costura de la m\u00e0 d\u2019EADIModa | Creativa Barcelona\" aria-describedby=\"gallery-1-11040\" srcset=\"https:\/\/creativabarcelona.com\/wp-content\/uploads\/2023\/09\/galeria_noticia_taller_moda_sostenible_eadimoda_creativa_2023_01-300x225.jpg 300w, https:\/\/creativabarcelona.com\/wp-content\/uploads\/2023\/09\/galeria_noticia_taller_moda_sostenible_eadimoda_creativa_2023_01-768x576.jpg 768w, https:\/\/creativabarcelona.com\/wp-content\/uploads\/2023\/09\/galeria_noticia_taller_moda_sostenible_eadimoda_creativa_2023_01.jpg 900w\" sizes=\"(max-width: 300px) 100vw, 300px\" title=\"galeria_noticia_taller_moda_sostenible_eadimoda_creativa_2023_01 | Moda sostenible, disseny, patronatge i costura de la m\u00e0 d\u2019EADIModa\" \/><\/a>\n\t\t\t<\/div>\n\t\t\t\t<figcaption class='wp-caption-text gallery-caption' id='gallery-1-11040'>\n\t\t\t\tDisseny\n\t\t\t\t<\/figcaption><\/figure><figure class='gallery-item'>\n\t\t\t<div class='gallery-icon landscape'>\n\t\t\t\t<a href='https:\/\/creativabarcelona.com\/wp-content\/uploads\/2023\/09\/galeria_noticia_taller_moda_sostenible_eadimoda_creativa_2023_02.jpg'><img decoding=\"async\" width=\"300\" height=\"225\" src=\"https:\/\/creativabarcelona.com\/wp-content\/uploads\/2023\/09\/galeria_noticia_taller_moda_sostenible_eadimoda_creativa_2023_02-300x225.jpg\" class=\"attachment-medium size-medium\" alt=\"Moda sostenible, disseny, patronatge i costura de la m\u00e0 d\u2019EADIModa | Creativa Barcelona\" aria-describedby=\"gallery-1-11042\" srcset=\"https:\/\/creativabarcelona.com\/wp-content\/uploads\/2023\/09\/galeria_noticia_taller_moda_sostenible_eadimoda_creativa_2023_02-300x225.jpg 300w, https:\/\/creativabarcelona.com\/wp-content\/uploads\/2023\/09\/galeria_noticia_taller_moda_sostenible_eadimoda_creativa_2023_02-768x576.jpg 768w, https:\/\/creativabarcelona.com\/wp-content\/uploads\/2023\/09\/galeria_noticia_taller_moda_sostenible_eadimoda_creativa_2023_02.jpg 900w\" sizes=\"(max-width: 300px) 100vw, 300px\" title=\"galeria_noticia_taller_moda_sostenible_eadimoda_creativa_2023_02 | Moda sostenible, disseny, patronatge i costura de la m\u00e0 d\u2019EADIModa\" \/><\/a>\n\t\t\t<\/div>\n\t\t\t\t<figcaption class='wp-caption-text gallery-caption' id='gallery-1-11042'>\n\t\t\t\tPatronatge \n\t\t\t\t<\/figcaption><\/figure><figure class='gallery-item'>\n\t\t\t<div class='gallery-icon landscape'>\n\t\t\t\t<a href='https:\/\/creativabarcelona.com\/wp-content\/uploads\/2023\/09\/galeria_noticia_taller_moda_sostenible_eadimoda_creativa_2023_03.jpg'><img decoding=\"async\" width=\"300\" height=\"225\" src=\"https:\/\/creativabarcelona.com\/wp-content\/uploads\/2023\/09\/galeria_noticia_taller_moda_sostenible_eadimoda_creativa_2023_03-300x225.jpg\" class=\"attachment-medium size-medium\" alt=\"Moda sostenible, disseny, patronatge i costura de la m\u00e0 d\u2019EADIModa | Creativa Barcelona\" aria-describedby=\"gallery-1-11044\" srcset=\"https:\/\/creativabarcelona.com\/wp-content\/uploads\/2023\/09\/galeria_noticia_taller_moda_sostenible_eadimoda_creativa_2023_03-300x225.jpg 300w, https:\/\/creativabarcelona.com\/wp-content\/uploads\/2023\/09\/galeria_noticia_taller_moda_sostenible_eadimoda_creativa_2023_03-768x576.jpg 768w, https:\/\/creativabarcelona.com\/wp-content\/uploads\/2023\/09\/galeria_noticia_taller_moda_sostenible_eadimoda_creativa_2023_03.jpg 900w\" sizes=\"(max-width: 300px) 100vw, 300px\" title=\"galeria_noticia_taller_moda_sostenible_eadimoda_creativa_2023_03 | Moda sostenible, disseny, patronatge i costura de la m\u00e0 d\u2019EADIModa\" \/><\/a>\n\t\t\t<\/div>\n\t\t\t\t<figcaption class='wp-caption-text gallery-caption' id='gallery-1-11044'>\n\t\t\t\tNathalia Garc\u00eda\n\t\t\t\t<\/figcaption><\/figure><figure class='gallery-item'>\n\t\t\t<div class='gallery-icon landscape'>\n\t\t\t\t<a href='https:\/\/creativabarcelona.com\/wp-content\/uploads\/2023\/09\/galeria_noticia_taller_moda_sostenible_eadimoda_creativa_2023_05.jpg'><img loading=\"lazy\" decoding=\"async\" width=\"300\" height=\"225\" src=\"https:\/\/creativabarcelona.com\/wp-content\/uploads\/2023\/09\/galeria_noticia_taller_moda_sostenible_eadimoda_creativa_2023_05-300x225.jpg\" class=\"attachment-medium size-medium\" alt=\"Moda sostenible, disseny, patronatge i costura de la m\u00e0 d\u2019EADIModa | Creativa Barcelona\" aria-describedby=\"gallery-1-11048\" srcset=\"https:\/\/creativabarcelona.com\/wp-content\/uploads\/2023\/09\/galeria_noticia_taller_moda_sostenible_eadimoda_creativa_2023_05-300x225.jpg 300w, https:\/\/creativabarcelona.com\/wp-content\/uploads\/2023\/09\/galeria_noticia_taller_moda_sostenible_eadimoda_creativa_2023_05-768x576.jpg 768w, https:\/\/creativabarcelona.com\/wp-content\/uploads\/2023\/09\/galeria_noticia_taller_moda_sostenible_eadimoda_creativa_2023_05.jpg 900w\" sizes=\"(max-width: 300px) 100vw, 300px\" title=\"galeria_noticia_taller_moda_sostenible_eadimoda_creativa_2023_05 | Moda sostenible, disseny, patronatge i costura de la m\u00e0 d\u2019EADIModa\" \/><\/a>\n\t\t\t<\/div>\n\t\t\t\t<figcaption class='wp-caption-text gallery-caption' id='gallery-1-11048'>\n\t\t\t\tDissenys de Sylvia Calvo\n\t\t\t\t<\/figcaption><\/figure><figure class='gallery-item'>\n\t\t\t<div class='gallery-icon landscape'>\n\t\t\t\t<a href='https:\/\/creativabarcelona.com\/wp-content\/uploads\/2023\/09\/galeria_noticia_taller_moda_sostenible_eadimoda_creativa_2023_07.jpg'><img loading=\"lazy\" decoding=\"async\" width=\"300\" height=\"225\" src=\"https:\/\/creativabarcelona.com\/wp-content\/uploads\/2023\/09\/galeria_noticia_taller_moda_sostenible_eadimoda_creativa_2023_07-300x225.jpg\" class=\"attachment-medium size-medium\" alt=\"Moda sostenible, disseny, patronatge i costura de la m\u00e0 d\u2019EADIModa | Creativa Barcelona\" aria-describedby=\"gallery-1-11052\" srcset=\"https:\/\/creativabarcelona.com\/wp-content\/uploads\/2023\/09\/galeria_noticia_taller_moda_sostenible_eadimoda_creativa_2023_07-300x225.jpg 300w, https:\/\/creativabarcelona.com\/wp-content\/uploads\/2023\/09\/galeria_noticia_taller_moda_sostenible_eadimoda_creativa_2023_07-768x576.jpg 768w, https:\/\/creativabarcelona.com\/wp-content\/uploads\/2023\/09\/galeria_noticia_taller_moda_sostenible_eadimoda_creativa_2023_07.jpg 900w\" sizes=\"(max-width: 300px) 100vw, 300px\" title=\"galeria_noticia_taller_moda_sostenible_eadimoda_creativa_2023_07 | Moda sostenible, disseny, patronatge i costura de la m\u00e0 d\u2019EADIModa\" \/><\/a>\n\t\t\t<\/div>\n\t\t\t\t<figcaption class='wp-caption-text gallery-caption' id='gallery-1-11052'>\n\t\t\t\tAsociaci\u00f3n Moda Sostenible\n\t\t\t\t<\/figcaption><\/figure><figure class='gallery-item'>\n\t\t\t<div class='gallery-icon landscape'>\n\t\t\t\t<a href='https:\/\/creativabarcelona.com\/wp-content\/uploads\/2023\/09\/galeria_noticia_taller_moda_sostenible_eadimoda_creativa_2023_06.jpg'><img loading=\"lazy\" decoding=\"async\" width=\"300\" height=\"225\" src=\"https:\/\/creativabarcelona.com\/wp-content\/uploads\/2023\/09\/galeria_noticia_taller_moda_sostenible_eadimoda_creativa_2023_06-300x225.jpg\" class=\"attachment-medium size-medium\" alt=\"Moda sostenible, disseny, patronatge i costura de la m\u00e0 d\u2019EADIModa | Creativa Barcelona\" aria-describedby=\"gallery-1-11050\" srcset=\"https:\/\/creativabarcelona.com\/wp-content\/uploads\/2023\/09\/galeria_noticia_taller_moda_sostenible_eadimoda_creativa_2023_06-300x225.jpg 300w, https:\/\/creativabarcelona.com\/wp-content\/uploads\/2023\/09\/galeria_noticia_taller_moda_sostenible_eadimoda_creativa_2023_06-768x576.jpg 768w, https:\/\/creativabarcelona.com\/wp-content\/uploads\/2023\/09\/galeria_noticia_taller_moda_sostenible_eadimoda_creativa_2023_06.jpg 900w\" sizes=\"(max-width: 300px) 100vw, 300px\" title=\"galeria_noticia_taller_moda_sostenible_eadimoda_creativa_2023_06 | Moda sostenible, disseny, patronatge i costura de la m\u00e0 d\u2019EADIModa\" \/><\/a>\n\t\t\t<\/div>\n\t\t\t\t<figcaption class='wp-caption-text gallery-caption' id='gallery-1-11050'>\n\t\t\t\tAsociaci\u00f3n Moda Sostenible\n\t\t\t\t<\/figcaption><\/figure><figure class='gallery-item'>\n\t\t\t<div class='gallery-icon landscape'>\n\t\t\t\t<a href='https:\/\/creativabarcelona.com\/wp-content\/uploads\/2023\/09\/galeria_noticia_taller_moda_sostenible_eadimoda_creativa_2023_08.jpg'><img loading=\"lazy\" decoding=\"async\" width=\"300\" height=\"225\" src=\"https:\/\/creativabarcelona.com\/wp-content\/uploads\/2023\/09\/galeria_noticia_taller_moda_sostenible_eadimoda_creativa_2023_08-300x225.jpg\" class=\"attachment-medium size-medium\" alt=\"Moda sostenible, disseny, patronatge i costura de la m\u00e0 d\u2019EADIModa | Creativa Barcelona\" aria-describedby=\"gallery-1-12904\" srcset=\"https:\/\/creativabarcelona.com\/wp-content\/uploads\/2023\/09\/galeria_noticia_taller_moda_sostenible_eadimoda_creativa_2023_08-300x225.jpg 300w, https:\/\/creativabarcelona.com\/wp-content\/uploads\/2023\/09\/galeria_noticia_taller_moda_sostenible_eadimoda_creativa_2023_08-768x576.jpg 768w, https:\/\/creativabarcelona.com\/wp-content\/uploads\/2023\/09\/galeria_noticia_taller_moda_sostenible_eadimoda_creativa_2023_08.jpg 900w\" sizes=\"(max-width: 300px) 100vw, 300px\" title=\"galeria_noticia_taller_moda_sostenible_eadimoda_creativa_2023_08 | Moda sostenible, disseny, patronatge i costura de la m\u00e0 d\u2019EADIModa\" \/><\/a>\n\t\t\t<\/div>\n\t\t\t\t<figcaption class='wp-caption-text gallery-caption' id='gallery-1-12904'>\n\t\t\t\tKarme Mart\u00ednez\n\t\t\t\t<\/figcaption><\/figure>\n\t\t<\/div>\n\n","protected":false},"excerpt":{"rendered":"<p>En aquesta pr\u00f2xima edici\u00f3 de Creativa Barcelona tindrem el luxe de comptar amb la col\u00b7laboraci\u00f3 de l&#8217;Escola Atelier Disseny Moda Barcelona (EADIModa). Amb m\u00e9s de 25 anys d&#8217;experi\u00e8ncia en formaci\u00f3 sobre t\u00e8cniques de la moda, s\u00f3n expert@s en disseny de col\u00b7leccions, estampaci\u00f3, patronatge, confecci\u00f3, modisteria i alta costura. El seu estand ser\u00e0, sens dubte, un [&hellip;]<\/p>\n","protected":false},"author":1,"featured_media":11054,"comment_status":"closed","ping_status":"closed","sticky":false,"template":"","format":"standard","meta":{"footnotes":""},"categories":[210,69],"tags":[],"class_list":["post-11056","post","type-post","status-publish","format-standard","has-post-thumbnail","hentry","category-creativa-2023-ca","category-tallers-i-activitats"],"yoast_head":"<!-- This site is optimized with the Yoast SEO plugin v27.5 - https:\/\/yoast.com\/product\/yoast-seo-wordpress\/ -->\n<title>Moda sostenible, disseny, patronatge i costura de la m\u00e0 d\u2019EADIModa - Creativa Barcelona<\/title>\n<meta name=\"robots\" content=\"index, follow, max-snippet:-1, max-image-preview:large, max-video-preview:-1\" \/>\n<link rel=\"canonical\" href=\"https:\/\/creativabarcelona.com\/ca\/moda-sostenible-disseny-patronatge-i-costura-de-la-ma-deadimoda\/\" \/>\n<meta property=\"og:locale\" content=\"ca_ES\" \/>\n<meta property=\"og:type\" content=\"article\" \/>\n<meta property=\"og:title\" content=\"Moda sostenible, disseny, patronatge i costura de la m\u00e0 d\u2019EADIModa - Creativa Barcelona\" \/>\n<meta property=\"og:description\" content=\"En aquesta pr\u00f2xima edici\u00f3 de Creativa Barcelona tindrem el luxe de comptar amb la col\u00b7laboraci\u00f3 de l&#8217;Escola Atelier Disseny Moda Barcelona (EADIModa). Amb m\u00e9s de 25 anys d&#8217;experi\u00e8ncia en formaci\u00f3 sobre t\u00e8cniques de la moda, s\u00f3n expert@s en disseny de col\u00b7leccions, estampaci\u00f3, patronatge, confecci\u00f3, modisteria i alta costura. El seu estand ser\u00e0, sens dubte, un [&hellip;]\" \/>\n<meta property=\"og:url\" content=\"https:\/\/creativabarcelona.com\/ca\/moda-sostenible-disseny-patronatge-i-costura-de-la-ma-deadimoda\/\" \/>\n<meta property=\"og:site_name\" content=\"Creativa Barcelona\" \/>\n<meta property=\"article:published_time\" content=\"2023-09-01T11:30:29+00:00\" \/>\n<meta property=\"article:modified_time\" content=\"2023-09-28T16:52:59+00:00\" \/>\n<meta property=\"og:image\" content=\"https:\/\/creativabarcelona.com\/wp-content\/uploads\/2023\/09\/noticia_taller_moda_sostenible_eadimoda_creativa_2023.jpg\" \/>\n\t<meta property=\"og:image:width\" content=\"750\" \/>\n\t<meta property=\"og:image:height\" content=\"550\" \/>\n\t<meta property=\"og:image:type\" content=\"image\/jpeg\" \/>\n<meta name=\"author\" content=\"Creativa Barcelona\" \/>\n<meta name=\"twitter:card\" content=\"summary_large_image\" \/>\n<meta name=\"twitter:label1\" content=\"Escrit per\" \/>\n\t<meta name=\"twitter:data1\" content=\"Creativa Barcelona\" \/>\n\t<meta name=\"twitter:label2\" content=\"Temps estimat de lectura\" \/>\n\t<meta name=\"twitter:data2\" content=\"3 minuts\" \/>\n<script type=\"application\/ld+json\" class=\"yoast-schema-graph\">{\"@context\":\"https:\\\/\\\/schema.org\",\"@graph\":[{\"@type\":\"Article\",\"@id\":\"https:\\\/\\\/creativabarcelona.com\\\/ca\\\/moda-sostenible-disseny-patronatge-i-costura-de-la-ma-deadimoda\\\/#article\",\"isPartOf\":{\"@id\":\"https:\\\/\\\/creativabarcelona.com\\\/ca\\\/moda-sostenible-disseny-patronatge-i-costura-de-la-ma-deadimoda\\\/\"},\"author\":{\"name\":\"Creativa Barcelona\",\"@id\":\"https:\\\/\\\/creativabarcelona.com\\\/#\\\/schema\\\/person\\\/88136af06c702fba6a4a56fccac027e3\"},\"headline\":\"Moda sostenible, disseny, patronatge i costura de la m\u00e0 d\u2019EADIModa\",\"datePublished\":\"2023-09-01T11:30:29+00:00\",\"dateModified\":\"2023-09-28T16:52:59+00:00\",\"mainEntityOfPage\":{\"@id\":\"https:\\\/\\\/creativabarcelona.com\\\/ca\\\/moda-sostenible-disseny-patronatge-i-costura-de-la-ma-deadimoda\\\/\"},\"wordCount\":512,\"publisher\":{\"@id\":\"https:\\\/\\\/creativabarcelona.com\\\/#organization\"},\"image\":{\"@id\":\"https:\\\/\\\/creativabarcelona.com\\\/ca\\\/moda-sostenible-disseny-patronatge-i-costura-de-la-ma-deadimoda\\\/#primaryimage\"},\"thumbnailUrl\":\"https:\\\/\\\/creativabarcelona.com\\\/wp-content\\\/uploads\\\/2023\\\/09\\\/noticia_taller_moda_sostenible_eadimoda_creativa_2023.jpg\",\"articleSection\":[\"Creativa 2023\",\"Tallers i Activitats\"],\"inLanguage\":\"ca\"},{\"@type\":\"WebPage\",\"@id\":\"https:\\\/\\\/creativabarcelona.com\\\/ca\\\/moda-sostenible-disseny-patronatge-i-costura-de-la-ma-deadimoda\\\/\",\"url\":\"https:\\\/\\\/creativabarcelona.com\\\/ca\\\/moda-sostenible-disseny-patronatge-i-costura-de-la-ma-deadimoda\\\/\",\"name\":\"Moda sostenible, disseny, patronatge i costura de la m\u00e0 d\u2019EADIModa - Creativa Barcelona\",\"isPartOf\":{\"@id\":\"https:\\\/\\\/creativabarcelona.com\\\/#website\"},\"primaryImageOfPage\":{\"@id\":\"https:\\\/\\\/creativabarcelona.com\\\/ca\\\/moda-sostenible-disseny-patronatge-i-costura-de-la-ma-deadimoda\\\/#primaryimage\"},\"image\":{\"@id\":\"https:\\\/\\\/creativabarcelona.com\\\/ca\\\/moda-sostenible-disseny-patronatge-i-costura-de-la-ma-deadimoda\\\/#primaryimage\"},\"thumbnailUrl\":\"https:\\\/\\\/creativabarcelona.com\\\/wp-content\\\/uploads\\\/2023\\\/09\\\/noticia_taller_moda_sostenible_eadimoda_creativa_2023.jpg\",\"datePublished\":\"2023-09-01T11:30:29+00:00\",\"dateModified\":\"2023-09-28T16:52:59+00:00\",\"breadcrumb\":{\"@id\":\"https:\\\/\\\/creativabarcelona.com\\\/ca\\\/moda-sostenible-disseny-patronatge-i-costura-de-la-ma-deadimoda\\\/#breadcrumb\"},\"inLanguage\":\"ca\",\"potentialAction\":[{\"@type\":\"ReadAction\",\"target\":[\"https:\\\/\\\/creativabarcelona.com\\\/ca\\\/moda-sostenible-disseny-patronatge-i-costura-de-la-ma-deadimoda\\\/\"]}]},{\"@type\":\"ImageObject\",\"inLanguage\":\"ca\",\"@id\":\"https:\\\/\\\/creativabarcelona.com\\\/ca\\\/moda-sostenible-disseny-patronatge-i-costura-de-la-ma-deadimoda\\\/#primaryimage\",\"url\":\"https:\\\/\\\/creativabarcelona.com\\\/wp-content\\\/uploads\\\/2023\\\/09\\\/noticia_taller_moda_sostenible_eadimoda_creativa_2023.jpg\",\"contentUrl\":\"https:\\\/\\\/creativabarcelona.com\\\/wp-content\\\/uploads\\\/2023\\\/09\\\/noticia_taller_moda_sostenible_eadimoda_creativa_2023.jpg\",\"width\":750,\"height\":550},{\"@type\":\"BreadcrumbList\",\"@id\":\"https:\\\/\\\/creativabarcelona.com\\\/ca\\\/moda-sostenible-disseny-patronatge-i-costura-de-la-ma-deadimoda\\\/#breadcrumb\",\"itemListElement\":[{\"@type\":\"ListItem\",\"position\":1,\"name\":\"Portada\",\"item\":\"https:\\\/\\\/creativabarcelona.com\\\/ca\\\/\"},{\"@type\":\"ListItem\",\"position\":2,\"name\":\"Moda sostenible, disseny, patronatge i costura de la m\u00e0 d\u2019EADIModa\"}]},{\"@type\":\"WebSite\",\"@id\":\"https:\\\/\\\/creativabarcelona.com\\\/#website\",\"url\":\"https:\\\/\\\/creativabarcelona.com\\\/\",\"name\":\"Creativa Barcelona\",\"description\":\"Sal\u00f3 de les Manualitats i Artesanies\",\"publisher\":{\"@id\":\"https:\\\/\\\/creativabarcelona.com\\\/#organization\"},\"potentialAction\":[{\"@type\":\"SearchAction\",\"target\":{\"@type\":\"EntryPoint\",\"urlTemplate\":\"https:\\\/\\\/creativabarcelona.com\\\/?s={search_term_string}\"},\"query-input\":{\"@type\":\"PropertyValueSpecification\",\"valueRequired\":true,\"valueName\":\"search_term_string\"}}],\"inLanguage\":\"ca\"},{\"@type\":\"Organization\",\"@id\":\"https:\\\/\\\/creativabarcelona.com\\\/#organization\",\"name\":\"Creativa Barcelona\",\"url\":\"https:\\\/\\\/creativabarcelona.com\\\/\",\"logo\":{\"@type\":\"ImageObject\",\"inLanguage\":\"ca\",\"@id\":\"https:\\\/\\\/creativabarcelona.com\\\/#\\\/schema\\\/logo\\\/image\\\/\",\"url\":\"https:\\\/\\\/creativabarcelona.com\\\/wp-content\\\/uploads\\\/2025\\\/03\\\/logo_creativa_barcelona_Cast-1.png\",\"contentUrl\":\"https:\\\/\\\/creativabarcelona.com\\\/wp-content\\\/uploads\\\/2025\\\/03\\\/logo_creativa_barcelona_Cast-1.png\",\"width\":777,\"height\":417,\"caption\":\"Creativa Barcelona\"},\"image\":{\"@id\":\"https:\\\/\\\/creativabarcelona.com\\\/#\\\/schema\\\/logo\\\/image\\\/\"}},{\"@type\":\"Person\",\"@id\":\"https:\\\/\\\/creativabarcelona.com\\\/#\\\/schema\\\/person\\\/88136af06c702fba6a4a56fccac027e3\",\"name\":\"Creativa Barcelona\",\"image\":{\"@type\":\"ImageObject\",\"inLanguage\":\"ca\",\"@id\":\"https:\\\/\\\/secure.gravatar.com\\\/avatar\\\/9751d88ddbee61c132bde30a2ddd40a6948919cbc65d9dc0baed64e15bd22aca?s=96&d=mm&r=g\",\"url\":\"https:\\\/\\\/secure.gravatar.com\\\/avatar\\\/9751d88ddbee61c132bde30a2ddd40a6948919cbc65d9dc0baed64e15bd22aca?s=96&d=mm&r=g\",\"contentUrl\":\"https:\\\/\\\/secure.gravatar.com\\\/avatar\\\/9751d88ddbee61c132bde30a2ddd40a6948919cbc65d9dc0baed64e15bd22aca?s=96&d=mm&r=g\",\"caption\":\"Creativa Barcelona\"},\"sameAs\":[\"https:\\\/\\\/creativabarcelona.com\"],\"url\":\"https:\\\/\\\/creativabarcelona.com\\\/ca\\\/author\\\/crea20tiv22bcn\\\/\"}]}<\/script>\n<!-- \/ Yoast SEO plugin. -->","yoast_head_json":{"title":"Moda sostenible, disseny, patronatge i costura de la m\u00e0 d\u2019EADIModa - Creativa Barcelona","robots":{"index":"index","follow":"follow","max-snippet":"max-snippet:-1","max-image-preview":"max-image-preview:large","max-video-preview":"max-video-preview:-1"},"canonical":"https:\/\/creativabarcelona.com\/ca\/moda-sostenible-disseny-patronatge-i-costura-de-la-ma-deadimoda\/","og_locale":"ca_ES","og_type":"article","og_title":"Moda sostenible, disseny, patronatge i costura de la m\u00e0 d\u2019EADIModa - Creativa Barcelona","og_description":"En aquesta pr\u00f2xima edici\u00f3 de Creativa Barcelona tindrem el luxe de comptar amb la col\u00b7laboraci\u00f3 de l&#8217;Escola Atelier Disseny Moda Barcelona (EADIModa). Amb m\u00e9s de 25 anys d&#8217;experi\u00e8ncia en formaci\u00f3 sobre t\u00e8cniques de la moda, s\u00f3n expert@s en disseny de col\u00b7leccions, estampaci\u00f3, patronatge, confecci\u00f3, modisteria i alta costura. El seu estand ser\u00e0, sens dubte, un [&hellip;]","og_url":"https:\/\/creativabarcelona.com\/ca\/moda-sostenible-disseny-patronatge-i-costura-de-la-ma-deadimoda\/","og_site_name":"Creativa Barcelona","article_published_time":"2023-09-01T11:30:29+00:00","article_modified_time":"2023-09-28T16:52:59+00:00","og_image":[{"width":750,"height":550,"url":"https:\/\/creativabarcelona.com\/wp-content\/uploads\/2023\/09\/noticia_taller_moda_sostenible_eadimoda_creativa_2023.jpg","type":"image\/jpeg"}],"author":"Creativa Barcelona","twitter_card":"summary_large_image","twitter_misc":{"Escrit per":"Creativa Barcelona","Temps estimat de lectura":"3 minuts"},"schema":{"@context":"https:\/\/schema.org","@graph":[{"@type":"Article","@id":"https:\/\/creativabarcelona.com\/ca\/moda-sostenible-disseny-patronatge-i-costura-de-la-ma-deadimoda\/#article","isPartOf":{"@id":"https:\/\/creativabarcelona.com\/ca\/moda-sostenible-disseny-patronatge-i-costura-de-la-ma-deadimoda\/"},"author":{"name":"Creativa Barcelona","@id":"https:\/\/creativabarcelona.com\/#\/schema\/person\/88136af06c702fba6a4a56fccac027e3"},"headline":"Moda sostenible, disseny, patronatge i costura de la m\u00e0 d\u2019EADIModa","datePublished":"2023-09-01T11:30:29+00:00","dateModified":"2023-09-28T16:52:59+00:00","mainEntityOfPage":{"@id":"https:\/\/creativabarcelona.com\/ca\/moda-sostenible-disseny-patronatge-i-costura-de-la-ma-deadimoda\/"},"wordCount":512,"publisher":{"@id":"https:\/\/creativabarcelona.com\/#organization"},"image":{"@id":"https:\/\/creativabarcelona.com\/ca\/moda-sostenible-disseny-patronatge-i-costura-de-la-ma-deadimoda\/#primaryimage"},"thumbnailUrl":"https:\/\/creativabarcelona.com\/wp-content\/uploads\/2023\/09\/noticia_taller_moda_sostenible_eadimoda_creativa_2023.jpg","articleSection":["Creativa 2023","Tallers i Activitats"],"inLanguage":"ca"},{"@type":"WebPage","@id":"https:\/\/creativabarcelona.com\/ca\/moda-sostenible-disseny-patronatge-i-costura-de-la-ma-deadimoda\/","url":"https:\/\/creativabarcelona.com\/ca\/moda-sostenible-disseny-patronatge-i-costura-de-la-ma-deadimoda\/","name":"Moda sostenible, disseny, patronatge i costura de la m\u00e0 d\u2019EADIModa - Creativa Barcelona","isPartOf":{"@id":"https:\/\/creativabarcelona.com\/#website"},"primaryImageOfPage":{"@id":"https:\/\/creativabarcelona.com\/ca\/moda-sostenible-disseny-patronatge-i-costura-de-la-ma-deadimoda\/#primaryimage"},"image":{"@id":"https:\/\/creativabarcelona.com\/ca\/moda-sostenible-disseny-patronatge-i-costura-de-la-ma-deadimoda\/#primaryimage"},"thumbnailUrl":"https:\/\/creativabarcelona.com\/wp-content\/uploads\/2023\/09\/noticia_taller_moda_sostenible_eadimoda_creativa_2023.jpg","datePublished":"2023-09-01T11:30:29+00:00","dateModified":"2023-09-28T16:52:59+00:00","breadcrumb":{"@id":"https:\/\/creativabarcelona.com\/ca\/moda-sostenible-disseny-patronatge-i-costura-de-la-ma-deadimoda\/#breadcrumb"},"inLanguage":"ca","potentialAction":[{"@type":"ReadAction","target":["https:\/\/creativabarcelona.com\/ca\/moda-sostenible-disseny-patronatge-i-costura-de-la-ma-deadimoda\/"]}]},{"@type":"ImageObject","inLanguage":"ca","@id":"https:\/\/creativabarcelona.com\/ca\/moda-sostenible-disseny-patronatge-i-costura-de-la-ma-deadimoda\/#primaryimage","url":"https:\/\/creativabarcelona.com\/wp-content\/uploads\/2023\/09\/noticia_taller_moda_sostenible_eadimoda_creativa_2023.jpg","contentUrl":"https:\/\/creativabarcelona.com\/wp-content\/uploads\/2023\/09\/noticia_taller_moda_sostenible_eadimoda_creativa_2023.jpg","width":750,"height":550},{"@type":"BreadcrumbList","@id":"https:\/\/creativabarcelona.com\/ca\/moda-sostenible-disseny-patronatge-i-costura-de-la-ma-deadimoda\/#breadcrumb","itemListElement":[{"@type":"ListItem","position":1,"name":"Portada","item":"https:\/\/creativabarcelona.com\/ca\/"},{"@type":"ListItem","position":2,"name":"Moda sostenible, disseny, patronatge i costura de la m\u00e0 d\u2019EADIModa"}]},{"@type":"WebSite","@id":"https:\/\/creativabarcelona.com\/#website","url":"https:\/\/creativabarcelona.com\/","name":"Creativa Barcelona","description":"Sal\u00f3 de les Manualitats i Artesanies","publisher":{"@id":"https:\/\/creativabarcelona.com\/#organization"},"potentialAction":[{"@type":"SearchAction","target":{"@type":"EntryPoint","urlTemplate":"https:\/\/creativabarcelona.com\/?s={search_term_string}"},"query-input":{"@type":"PropertyValueSpecification","valueRequired":true,"valueName":"search_term_string"}}],"inLanguage":"ca"},{"@type":"Organization","@id":"https:\/\/creativabarcelona.com\/#organization","name":"Creativa Barcelona","url":"https:\/\/creativabarcelona.com\/","logo":{"@type":"ImageObject","inLanguage":"ca","@id":"https:\/\/creativabarcelona.com\/#\/schema\/logo\/image\/","url":"https:\/\/creativabarcelona.com\/wp-content\/uploads\/2025\/03\/logo_creativa_barcelona_Cast-1.png","contentUrl":"https:\/\/creativabarcelona.com\/wp-content\/uploads\/2025\/03\/logo_creativa_barcelona_Cast-1.png","width":777,"height":417,"caption":"Creativa Barcelona"},"image":{"@id":"https:\/\/creativabarcelona.com\/#\/schema\/logo\/image\/"}},{"@type":"Person","@id":"https:\/\/creativabarcelona.com\/#\/schema\/person\/88136af06c702fba6a4a56fccac027e3","name":"Creativa Barcelona","image":{"@type":"ImageObject","inLanguage":"ca","@id":"https:\/\/secure.gravatar.com\/avatar\/9751d88ddbee61c132bde30a2ddd40a6948919cbc65d9dc0baed64e15bd22aca?s=96&d=mm&r=g","url":"https:\/\/secure.gravatar.com\/avatar\/9751d88ddbee61c132bde30a2ddd40a6948919cbc65d9dc0baed64e15bd22aca?s=96&d=mm&r=g","contentUrl":"https:\/\/secure.gravatar.com\/avatar\/9751d88ddbee61c132bde30a2ddd40a6948919cbc65d9dc0baed64e15bd22aca?s=96&d=mm&r=g","caption":"Creativa Barcelona"},"sameAs":["https:\/\/creativabarcelona.com"],"url":"https:\/\/creativabarcelona.com\/ca\/author\/crea20tiv22bcn\/"}]}},"_links":{"self":[{"href":"https:\/\/creativabarcelona.com\/ca\/wp-json\/wp\/v2\/posts\/11056","targetHints":{"allow":["GET"]}}],"collection":[{"href":"https:\/\/creativabarcelona.com\/ca\/wp-json\/wp\/v2\/posts"}],"about":[{"href":"https:\/\/creativabarcelona.com\/ca\/wp-json\/wp\/v2\/types\/post"}],"author":[{"embeddable":true,"href":"https:\/\/creativabarcelona.com\/ca\/wp-json\/wp\/v2\/users\/1"}],"replies":[{"embeddable":true,"href":"https:\/\/creativabarcelona.com\/ca\/wp-json\/wp\/v2\/comments?post=11056"}],"version-history":[{"count":3,"href":"https:\/\/creativabarcelona.com\/ca\/wp-json\/wp\/v2\/posts\/11056\/revisions"}],"predecessor-version":[{"id":12913,"href":"https:\/\/creativabarcelona.com\/ca\/wp-json\/wp\/v2\/posts\/11056\/revisions\/12913"}],"wp:featuredmedia":[{"embeddable":true,"href":"https:\/\/creativabarcelona.com\/ca\/wp-json\/wp\/v2\/media\/11054"}],"wp:attachment":[{"href":"https:\/\/creativabarcelona.com\/ca\/wp-json\/wp\/v2\/media?parent=11056"}],"wp:term":[{"taxonomy":"category","embeddable":true,"href":"https:\/\/creativabarcelona.com\/ca\/wp-json\/wp\/v2\/categories?post=11056"},{"taxonomy":"post_tag","embeddable":true,"href":"https:\/\/creativabarcelona.com\/ca\/wp-json\/wp\/v2\/tags?post=11056"}],"curies":[{"name":"wp","href":"https:\/\/api.w.org\/{rel}","templated":true}]}}