{"id":13489,"date":"2023-10-12T06:26:19","date_gmt":"2023-10-12T04:26:19","guid":{"rendered":"https:\/\/creativabarcelona.com\/entrevista-a-lis-pino-las-labores-de-lis-las-labores-de-lis-solo-existe-en-mi-habitacion-de-costura-fuera-de-esa-habitacion-tengo-una-vida-normal-que-poca-gente-sabe-que-existe\/"},"modified":"2023-10-12T06:30:19","modified_gmt":"2023-10-12T04:30:19","slug":"entrevista-a-lis-pino-las-labores-de-lis-las-labores-de-lis-nomes-existeix-a-la-meva-habitacio-de-costura-fora-daquesta-habitacio-tinc-una-vida-normal-que-poca-gent-sap-que-existeix","status":"publish","type":"post","link":"https:\/\/creativabarcelona.com\/ca\/entrevista-a-lis-pino-las-labores-de-lis-las-labores-de-lis-nomes-existeix-a-la-meva-habitacio-de-costura-fora-daquesta-habitacio-tinc-una-vida-normal-que-poca-gent-sap-que-existeix\/","title":{"rendered":"Entrevista a Lis Pino, Las Labores de Lis &#8211; &#8220;Las Labores de Lis  nom\u00e9s existeix a la meva habitaci\u00f3 de costura, fora d&#8217;aquesta habitaci\u00f3 tinc una vida normal que poca gent sap que existeix.&#8221;"},"content":{"rendered":"<p><strong><em>\u201cCreativa Barcelona ens d\u00f3na la possibilitat de poder veure tots aquests materials que tant ens agraden, tocar-los i resoldre dubtes amb les expertes venedores\u201d<\/em><\/strong><\/p>\n<p><strong>El punt de creu, la costura i el scrapbooking s\u00f3n algunes de les t\u00e8cniques que Lis Pino domina millor, o millor dit, les manualitats que Las Labores de Lis ens ensenya amb mestratge des del seu canal de Youtube.<\/strong><\/p>\n<p>Perqu\u00e8 Lis comparteix des de fa anys consells i trucs que ens ajuden a millorar les nostres habilitats en aquestes t\u00e8cniques. I ho fa en Youtube per a ajudar a altres com ella a endinsar-se en l&#8217;univers de les manualitats i aconseguir resultats sorprenents.<br \/>\nLis, com altres seguidor@s del DIY, compagina la seva afici\u00f3 i passi\u00f3, amb la seva professi\u00f3 laboral, que res t\u00e9 a veure amb aquest univers. En aquest cas, les agulles, papers, coles i teles, es combinen amb els llibres, les classes, les reunions i les jornades laborals. I \u00e9s que, a m\u00e9s de treballar com a agent d&#8217;assegurances, est\u00e0 estudiant la carrera de Dret. Per\u00f2 tot aix\u00f2, no li exclou de treure temps per a acudir a esdeveniments com Creativa Barcelona, on gaudeix compartint coneixements en els seus tallers, coneixent i retrobant-se amb altres aficionats i aficionades com ella, per\u00f2 tamb\u00e9 aprenent d\u2019altres descobrint materials i comprant-los.<\/p>\n<h5 style=\"font-size: 20px; margin-top: 35px;\"><em><strong>Explica&#8217;ns una mica sobre Lis Pino. Quan i com t&#8217;endinses en l&#8217;univers de les labors.<\/strong><\/em><\/h5>\n<p>Vaig comen\u00e7ar per casualitat. Tenia 23 anys, estava en el sof\u00e0 una tarda i va sortir un anunci en la TV d&#8217;un fascicle de punt de creu. Em va agradar aix\u00ed que vaig ser al quiosc i a la merceria i vaig comprar el b\u00e0sic per a comen\u00e7ar. A trav\u00e9s d&#8217;internet (de blogs) vaig anar aprenent i coneixent a gent que em va anar ensenyant a poc a poc.<br \/>\nI \u00e9s que, el meu m\u00f3n laboral no t\u00e9 res a veure amb el de les manualitats. Tinc el t\u00edtol de Secret\u00e0ria de Direcci\u00f3, d&#8217;agent d&#8217;assegurances, que \u00e9s al que em dedico. A m\u00e9s, actualment, estudio la carrera de Dret per a complementar el meu futur laboral.<\/p>\n<h5 style=\"font-size: 20px; margin-top: 35px;\"><em><strong>Ara ets molt coneguda pel punt de creu, per\u00f2 sabem que se&#8217;t donen b\u00e9 altres t\u00e8cniques. Quines s\u00f3n les que m\u00e9s t&#8217;agraden i per qu\u00e8?<\/strong><\/em><\/h5>\n<p>B\u00e9, dir que soc \u201cconeguda en youtube\u201d \u00e9s molt dir!!! El nostre m\u00f3n \u00e9s molt petit. Encara que haig de dir, alguna vegada m&#8217;han parat pel carrer o en fires, i em fa molt\u00edssima il\u00b7lusi\u00f3. I s\u00ed, a m\u00e9s del punt de creu m&#8217;agrada molt tamb\u00e9 la costura, el punt diamant, el scrapbooking\u2026 Per\u00f2 realment, no em considero una experta en res. A poc a poc vaig aprenent.<br \/>\nCada labor m&#8217;aporta alguna cosa. Per\u00f2, el punt de creu m&#8217;omple. \u00c9s una cosa que em sorpr\u00e8n la meva mateixa. \u00c9s com pintar amb fils i quan vas creant un dibuix i el veus apar\u00e8ixer, \u00e9s emocionant. La costura tamb\u00e9 m&#8217;agrada perqu\u00e8 em permet poder crear coses del no-res, ja siguin bosses, organitzadors, estotjos, etc. I el scrapbooking i el punt diamant em buiden molt la ment i fan que surti la meva vena m\u00e9s creativa.<\/p>\n<h5 style=\"font-size: 20px; margin-top: 35px;\"><em><strong>De fet, tamb\u00e9 ets una gran lectora. Qu\u00e8 tres llibres ens recomanaries?<\/strong><\/em><\/h5>\n<p>B\u00e9, la lectura m&#8217;apassiona. Tant de bo pogu\u00e9s brodar i llegir alhora jejeje. Per\u00f2 \u00e9s cert que la lectura em fa viatjar, em fa desconnectar totalment del meu dia a dia i m&#8217;aporta coneixements, cultura, entreteniment, emocions i viv\u00e8ncies noves.<br \/>\nEm costa molt\u00edssim poder triar solament tres llibres, per\u00f2 diria: La trilogia el senyor dels anells, La S\u00e8rie Crave i Palmeres en la Neu.<\/p>\n<h5 style=\"font-size: 20px; margin-top: 35px;\"><em><strong>Tornem al punt de creu\u2026 Una t\u00e8cnica que molts podrien pensar que est\u00e0 passat de moda. Qu\u00e8 els diries als qui pensen aix\u00ed?<\/strong><\/em><\/h5>\n<p>Que s\u00f3n ells els qui viuen en el passat. Actualment, hi ha gent de totes les edats que broden i els dissenys de brodat han canviat molt\u00edssim. Tenim a grans dissenyadores de punt de creu joves, com la nostra benvolguda dissenyadora espanyola Vanessa Morales, qui fa dissenys s\u00faper moderns que han fet que fins a les t\u00e8cniques del punt de creu evolucionin.<br \/>\nActualment, es venen dissenys juvenils, moderns, fins i tot, podem crear dissenys personalitzats, ja que al costat de la modernitat del punt de creu se li ha sumat la tecnologia que ens acompanya. La tecnologia ens ajuda tant a dissenyadores, com a brodadores, ja que, avui dia, els gr\u00e0fics els seguim a trav\u00e9s de tauletes i no amb paper com antigament.<\/p>\n<h5 style=\"font-size: 20px; margin-top: 35px;\"><em><strong>Youtube \u00e9s la teva Xarxa favorita, per qu\u00e8?<\/strong><\/em><\/h5>\n<p>Crec que Youtube \u00e9s una plataforma molt bona per a poder mostrar coses i explicar labors amb tranquil\u00b7litat i explicacions sense problemes de temps. En altres plataformes com Tik tok o Instagram el temps \u00e9s molt limitat.<\/p>\n<h5 style=\"font-size: 20px; margin-top: 35px;\"><em><strong>I quin \u00e9s el teu canal favorit en Youtube? A qui segueixes habitualment?<\/strong><\/em><\/h5>\n<p>\u00c9s dif\u00edcil de dir, ja que tinc companyes realment molt bones, per\u00f2 per a ser justa nomenar\u00e9 una de les pioneres: Vero, del Canal Punt de Cruz amb Vero. \u00c9s una persona que vol compartir el punt de creu, buscar noves t\u00e8cniques i m&#8217;atreviria a dir que la perfecci\u00f3 en el punt de creu. Realment he apr\u00e8s molt amb ella i els seus brodats.<\/p>\n<h5 style=\"font-size: 20px; margin-top: 35px;\"><em><strong>Qu\u00e8 \u00e9s el que m\u00e9s t&#8217;agrada de connectar amb les teves seguidores\/\u00e9s via xarxes socials?<\/strong><\/em><\/h5>\n<p>El feedback que rebo. Hi ha vegades que quan graves o penses en v\u00eddeos per a fer, est\u00e0s molt sola. Tot ho faig des d&#8217;una habitaci\u00f3, sense comentar-ho amb ning\u00fa i quan puges el treball i veus que hi ha persones que t&#8217;ho agraeixen, o t&#8217;envien missatges sobre aquest tema, \u00e9s quan t&#8217;adones que s\u00f3n aqu\u00ed, seguint-te, esperant el teu treball i aix\u00f2 \u00e9s el millor \u00e0nim que se li pot donar a una youtuber, el seguiment i suport dels seus seguidors.<\/p>\n<h5 style=\"font-size: 20px; margin-top: 35px;\"><em><strong>No obstant aix\u00f2, quan tenen l&#8217;oportunitat de veure&#8217;t en persona i aprendre de tu en directe no volen perdre-li-ho\u2026 Per\u00f2 tu, on et sents m\u00e9s c\u00f2moda davant de la c\u00e0mera per a fer un v\u00eddeo tutorial o en un taller en persona?<\/strong><\/em><\/h5>\n<p>La veritat \u00e9s que em sento c\u00f2moda en tots dos costats, per\u00f2 les emocions no tenen res a veure. Davant de la cambra estic molt tranquil\u00b7la, res m&#8217;altera, per\u00f2 quan tinc a la gent davant i converses amb elles, tinc un punt de vergonya i responsabilitat. \u00c9s molt emocionant perqu\u00e8 per a mi, Las labores de Lis nom\u00e9s existeix a la meva habitaci\u00f3 de costura, fora d&#8217;aquesta habitaci\u00f3 tinc una vida normal, on poca gent sap que existeix la meva essa un altre m\u00f3n. I quan alg\u00fa, fora de les meves quatre parets, em fa veure que Las labores de Lis existeix tamb\u00e9 al carrer, \u00e9s una sensaci\u00f3 molt estranya, per\u00f2 sempre emocionant i gratificant.<\/p>\n<h5 style=\"font-size: 20px; margin-top: 35px;\"><em><strong>Per aix\u00f2, Creativa Barcelona \u00e9s el millor lloc per a estar amb els teus fans i per a fer nous\/ves. Qu\u00e8 \u00e9s el que m\u00e9s t&#8217;agrada d&#8217;acudir a fires com aquesta?<\/strong><\/em><\/h5>\n<p>El contacte amb la gent, per descomptat. Crec que en el m\u00f3n del punt de creu, totes ens hem sentit molt soles. No solen haver-hi llocs als quals acudir per a reunir-te amb brodadores, com s\u00ed que tenen altres labors, per la qual cosa crec que ens trob\u00e0vem totes a les nostres cases brodant soles, fins que va apar\u00e8ixer internet i van comen\u00e7ar les fires. A poc a poc ens hem anat unint, fins a crear una comunitat molt bonica i sobretot enriquidora, perqu\u00e8 entre nosaltres ens ensenyem diferents maneres de brodar.<br \/>\nD&#8217;altra banda, el contacte amb la gent, com dic, \u00e9s el m\u00e9s important. Una vegada a l&#8217;any poder-te abra\u00e7ar, fer-te fotos, tenir un lloc on reunir-nos totes juntes i gaudir de la companyia, \u00e9s meravell\u00f3s. El dia que acudeixo a Creativa Barcelona \u00e9s molt especial perqu\u00e8 et passes el dia parlant del teu hobbie, amb persones que entenen sobre ell i comparteixes molt\u00edssimes coses i viv\u00e8ncies. A m\u00e9s, coneixes a molt\u00edssimes persones amb les quals en alguns casos pots entaular amistats precioses.<br \/>\nA m\u00e9s, Creativa Barcelona ens d\u00f3na la possibilitat de poder veure tots aquests materials que tant ens agraden, tocar-los amb les nostres mans i fins i tot resoldre dubtes amb les expertes venedores.<\/p>\n<h5 style=\"font-size: 20px; margin-top: 35px;\"><em><strong>D\u00f3na tres motius pels quals ning\u00fa hauria de perdre&#8217;s la pr\u00f2xima edici\u00f3.<\/strong><\/em><\/h5>\n<p>Per a donar suport a aquest m\u00f3n que tant ens agrada, i que puguem continuar gaudint d&#8217;aquestes fires que tant ens agraden.<br \/>\nPer a fer costat al punt de creu, per a demostrar que continua existint, que som moltes les que adorem aquesta labor i poder demostrar-li al m\u00f3n que seguim aqu\u00ed.<br \/>\nPerqu\u00e8 s\u00f3n dies per als amants de les manualitats i hem de regalar-nos uns dies aix\u00ed. Dies d&#8217;amistat, emocions, compres, caf\u00e8s amb converses enriquidores, tots necessitem un temps per a nosaltres i qu\u00e8 millor que dedicar aquests dies que ens brinda Creativa Barcelona, perqu\u00e8 sigui un dia per a gaudir.<\/p>\n<p>&nbsp;<\/p>\n<div id='gallery-1' class='gallery galleryid-13489 gallery-columns-3 gallery-size-medium'><figure class='gallery-item'>\n\t\t\t<div class='gallery-icon landscape'>\n\t\t\t\t<a href='https:\/\/creativabarcelona.com\/wp-content\/uploads\/2023\/10\/galeria_entrevista_labores_lis_creativa_2023_01.jpg'><img fetchpriority=\"high\" decoding=\"async\" width=\"300\" height=\"225\" src=\"https:\/\/creativabarcelona.com\/wp-content\/uploads\/2023\/10\/galeria_entrevista_labores_lis_creativa_2023_01-300x225.jpg\" class=\"attachment-medium size-medium\" alt=\"Entrevista a Lis Pino, Las Labores de Lis - &quot;Las Labores de Lis nom\u00e9s existeix a la meva habitaci\u00f3 de costura, fora d&#039;aquesta habitaci\u00f3 tinc una vida normal que poca gent sap que existeix.&quot; | Creativa Barcelona\" srcset=\"https:\/\/creativabarcelona.com\/wp-content\/uploads\/2023\/10\/galeria_entrevista_labores_lis_creativa_2023_01-300x225.jpg 300w, https:\/\/creativabarcelona.com\/wp-content\/uploads\/2023\/10\/galeria_entrevista_labores_lis_creativa_2023_01-768x576.jpg 768w, https:\/\/creativabarcelona.com\/wp-content\/uploads\/2023\/10\/galeria_entrevista_labores_lis_creativa_2023_01.jpg 900w\" sizes=\"(max-width: 300px) 100vw, 300px\" title=\"galeria_entrevista_labores_lis_creativa_2023_01 | Entrevista a Lis Pino, Las Labores de Lis - &quot;Las Labores de Lis nom\u00e9s existeix a la meva habitaci\u00f3 de costura, fora d&#039;aquesta habitaci\u00f3 tinc una vida normal que poca gent sap que existeix.&quot;\" \/><\/a>\n\t\t\t<\/div><\/figure><figure class='gallery-item'>\n\t\t\t<div class='gallery-icon landscape'>\n\t\t\t\t<a href='https:\/\/creativabarcelona.com\/wp-content\/uploads\/2023\/10\/galeria_entrevista_labores_lis_creativa_2023_03.jpg'><img decoding=\"async\" width=\"300\" height=\"225\" src=\"https:\/\/creativabarcelona.com\/wp-content\/uploads\/2023\/10\/galeria_entrevista_labores_lis_creativa_2023_03-300x225.jpg\" class=\"attachment-medium size-medium\" alt=\"Entrevista a Lis Pino, Las Labores de Lis - &quot;Las Labores de Lis nom\u00e9s existeix a la meva habitaci\u00f3 de costura, fora d&#039;aquesta habitaci\u00f3 tinc una vida normal que poca gent sap que existeix.&quot; | Creativa Barcelona\" srcset=\"https:\/\/creativabarcelona.com\/wp-content\/uploads\/2023\/10\/galeria_entrevista_labores_lis_creativa_2023_03-300x225.jpg 300w, https:\/\/creativabarcelona.com\/wp-content\/uploads\/2023\/10\/galeria_entrevista_labores_lis_creativa_2023_03-768x576.jpg 768w, https:\/\/creativabarcelona.com\/wp-content\/uploads\/2023\/10\/galeria_entrevista_labores_lis_creativa_2023_03.jpg 900w\" sizes=\"(max-width: 300px) 100vw, 300px\" title=\"galeria_entrevista_labores_lis_creativa_2023_03 | Entrevista a Lis Pino, Las Labores de Lis - &quot;Las Labores de Lis nom\u00e9s existeix a la meva habitaci\u00f3 de costura, fora d&#039;aquesta habitaci\u00f3 tinc una vida normal que poca gent sap que existeix.&quot;\" \/><\/a>\n\t\t\t<\/div><\/figure>\n\t\t<\/div>\n\n","protected":false},"excerpt":{"rendered":"<p>\u201cCreativa Barcelona ens d\u00f3na la possibilitat de poder veure tots aquests materials que tant ens agraden, tocar-los i resoldre dubtes amb les expertes venedores\u201d El punt de creu, la costura i el scrapbooking s\u00f3n algunes de les t\u00e8cniques que Lis Pino domina millor, o millor dit, les manualitats que Las Labores de Lis ens ensenya [&hellip;]<\/p>\n","protected":false},"author":1,"featured_media":13471,"comment_status":"closed","ping_status":"closed","sticky":false,"template":"","format":"standard","meta":{"footnotes":""},"categories":[210,54],"tags":[],"class_list":["post-13489","post","type-post","status-publish","format-standard","has-post-thumbnail","hentry","category-creativa-2023-ca","category-entrevistes"],"yoast_head":"<!-- This site is optimized with the Yoast SEO plugin v27.5 - https:\/\/yoast.com\/product\/yoast-seo-wordpress\/ -->\n<title>Entrevista a Lis Pino, Las Labores de Lis - &quot;Las Labores de Lis nom\u00e9s existeix a la meva habitaci\u00f3 de costura, fora d&#039;aquesta habitaci\u00f3 tinc una vida normal que poca gent sap que existeix.&quot; - Creativa Barcelona<\/title>\n<meta name=\"robots\" content=\"index, follow, max-snippet:-1, max-image-preview:large, max-video-preview:-1\" \/>\n<link rel=\"canonical\" href=\"https:\/\/creativabarcelona.com\/ca\/entrevista-a-lis-pino-las-labores-de-lis-las-labores-de-lis-nomes-existeix-a-la-meva-habitacio-de-costura-fora-daquesta-habitacio-tinc-una-vida-normal-que-poca-gent-sap-que-existeix\/\" \/>\n<meta property=\"og:locale\" content=\"ca_ES\" \/>\n<meta property=\"og:type\" content=\"article\" \/>\n<meta property=\"og:title\" content=\"Entrevista a Lis Pino, Las Labores de Lis - &quot;Las Labores de Lis nom\u00e9s existeix a la meva habitaci\u00f3 de costura, fora d&#039;aquesta habitaci\u00f3 tinc una vida normal que poca gent sap que existeix.&quot; - Creativa Barcelona\" \/>\n<meta property=\"og:description\" content=\"\u201cCreativa Barcelona ens d\u00f3na la possibilitat de poder veure tots aquests materials que tant ens agraden, tocar-los i resoldre dubtes amb les expertes venedores\u201d El punt de creu, la costura i el scrapbooking s\u00f3n algunes de les t\u00e8cniques que Lis Pino domina millor, o millor dit, les manualitats que Las Labores de Lis ens ensenya [&hellip;]\" \/>\n<meta property=\"og:url\" content=\"https:\/\/creativabarcelona.com\/ca\/entrevista-a-lis-pino-las-labores-de-lis-las-labores-de-lis-nomes-existeix-a-la-meva-habitacio-de-costura-fora-daquesta-habitacio-tinc-una-vida-normal-que-poca-gent-sap-que-existeix\/\" \/>\n<meta property=\"og:site_name\" content=\"Creativa Barcelona\" \/>\n<meta property=\"article:published_time\" content=\"2023-10-12T04:26:19+00:00\" \/>\n<meta property=\"article:modified_time\" content=\"2023-10-12T04:30:19+00:00\" \/>\n<meta property=\"og:image\" content=\"https:\/\/creativabarcelona.com\/wp-content\/uploads\/2023\/10\/entrevista_labores_lis_creativa_2023.jpg\" \/>\n\t<meta property=\"og:image:width\" content=\"750\" \/>\n\t<meta property=\"og:image:height\" content=\"550\" \/>\n\t<meta property=\"og:image:type\" content=\"image\/jpeg\" \/>\n<meta name=\"author\" content=\"Creativa Barcelona\" \/>\n<meta name=\"twitter:card\" content=\"summary_large_image\" \/>\n<meta name=\"twitter:label1\" content=\"Escrit per\" \/>\n\t<meta name=\"twitter:data1\" content=\"Creativa Barcelona\" \/>\n\t<meta name=\"twitter:label2\" content=\"Temps estimat de lectura\" \/>\n\t<meta name=\"twitter:data2\" content=\"7 minuts\" \/>\n<script type=\"application\/ld+json\" class=\"yoast-schema-graph\">{\"@context\":\"https:\\\/\\\/schema.org\",\"@graph\":[{\"@type\":\"Article\",\"@id\":\"https:\\\/\\\/creativabarcelona.com\\\/ca\\\/entrevista-a-lis-pino-las-labores-de-lis-las-labores-de-lis-nomes-existeix-a-la-meva-habitacio-de-costura-fora-daquesta-habitacio-tinc-una-vida-normal-que-poca-gent-sap-que-existeix\\\/#article\",\"isPartOf\":{\"@id\":\"https:\\\/\\\/creativabarcelona.com\\\/ca\\\/entrevista-a-lis-pino-las-labores-de-lis-las-labores-de-lis-nomes-existeix-a-la-meva-habitacio-de-costura-fora-daquesta-habitacio-tinc-una-vida-normal-que-poca-gent-sap-que-existeix\\\/\"},\"author\":{\"name\":\"Creativa Barcelona\",\"@id\":\"https:\\\/\\\/creativabarcelona.com\\\/#\\\/schema\\\/person\\\/88136af06c702fba6a4a56fccac027e3\"},\"headline\":\"Entrevista a Lis Pino, Las Labores de Lis &#8211; &#8220;Las Labores de Lis nom\u00e9s existeix a la meva habitaci\u00f3 de costura, fora d&#8217;aquesta habitaci\u00f3 tinc una vida normal que poca gent sap que existeix.&#8221;\",\"datePublished\":\"2023-10-12T04:26:19+00:00\",\"dateModified\":\"2023-10-12T04:30:19+00:00\",\"mainEntityOfPage\":{\"@id\":\"https:\\\/\\\/creativabarcelona.com\\\/ca\\\/entrevista-a-lis-pino-las-labores-de-lis-las-labores-de-lis-nomes-existeix-a-la-meva-habitacio-de-costura-fora-daquesta-habitacio-tinc-una-vida-normal-que-poca-gent-sap-que-existeix\\\/\"},\"wordCount\":1615,\"publisher\":{\"@id\":\"https:\\\/\\\/creativabarcelona.com\\\/#organization\"},\"image\":{\"@id\":\"https:\\\/\\\/creativabarcelona.com\\\/ca\\\/entrevista-a-lis-pino-las-labores-de-lis-las-labores-de-lis-nomes-existeix-a-la-meva-habitacio-de-costura-fora-daquesta-habitacio-tinc-una-vida-normal-que-poca-gent-sap-que-existeix\\\/#primaryimage\"},\"thumbnailUrl\":\"https:\\\/\\\/creativabarcelona.com\\\/wp-content\\\/uploads\\\/2023\\\/10\\\/entrevista_labores_lis_creativa_2023.jpg\",\"articleSection\":[\"Creativa 2023\",\"Entrevistes\"],\"inLanguage\":\"ca\"},{\"@type\":\"WebPage\",\"@id\":\"https:\\\/\\\/creativabarcelona.com\\\/ca\\\/entrevista-a-lis-pino-las-labores-de-lis-las-labores-de-lis-nomes-existeix-a-la-meva-habitacio-de-costura-fora-daquesta-habitacio-tinc-una-vida-normal-que-poca-gent-sap-que-existeix\\\/\",\"url\":\"https:\\\/\\\/creativabarcelona.com\\\/ca\\\/entrevista-a-lis-pino-las-labores-de-lis-las-labores-de-lis-nomes-existeix-a-la-meva-habitacio-de-costura-fora-daquesta-habitacio-tinc-una-vida-normal-que-poca-gent-sap-que-existeix\\\/\",\"name\":\"Entrevista a Lis Pino, Las Labores de Lis - \\\"Las Labores de Lis nom\u00e9s existeix a la meva habitaci\u00f3 de costura, fora d'aquesta habitaci\u00f3 tinc una vida normal que poca gent sap que existeix.\\\" - Creativa Barcelona\",\"isPartOf\":{\"@id\":\"https:\\\/\\\/creativabarcelona.com\\\/#website\"},\"primaryImageOfPage\":{\"@id\":\"https:\\\/\\\/creativabarcelona.com\\\/ca\\\/entrevista-a-lis-pino-las-labores-de-lis-las-labores-de-lis-nomes-existeix-a-la-meva-habitacio-de-costura-fora-daquesta-habitacio-tinc-una-vida-normal-que-poca-gent-sap-que-existeix\\\/#primaryimage\"},\"image\":{\"@id\":\"https:\\\/\\\/creativabarcelona.com\\\/ca\\\/entrevista-a-lis-pino-las-labores-de-lis-las-labores-de-lis-nomes-existeix-a-la-meva-habitacio-de-costura-fora-daquesta-habitacio-tinc-una-vida-normal-que-poca-gent-sap-que-existeix\\\/#primaryimage\"},\"thumbnailUrl\":\"https:\\\/\\\/creativabarcelona.com\\\/wp-content\\\/uploads\\\/2023\\\/10\\\/entrevista_labores_lis_creativa_2023.jpg\",\"datePublished\":\"2023-10-12T04:26:19+00:00\",\"dateModified\":\"2023-10-12T04:30:19+00:00\",\"breadcrumb\":{\"@id\":\"https:\\\/\\\/creativabarcelona.com\\\/ca\\\/entrevista-a-lis-pino-las-labores-de-lis-las-labores-de-lis-nomes-existeix-a-la-meva-habitacio-de-costura-fora-daquesta-habitacio-tinc-una-vida-normal-que-poca-gent-sap-que-existeix\\\/#breadcrumb\"},\"inLanguage\":\"ca\",\"potentialAction\":[{\"@type\":\"ReadAction\",\"target\":[\"https:\\\/\\\/creativabarcelona.com\\\/ca\\\/entrevista-a-lis-pino-las-labores-de-lis-las-labores-de-lis-nomes-existeix-a-la-meva-habitacio-de-costura-fora-daquesta-habitacio-tinc-una-vida-normal-que-poca-gent-sap-que-existeix\\\/\"]}]},{\"@type\":\"ImageObject\",\"inLanguage\":\"ca\",\"@id\":\"https:\\\/\\\/creativabarcelona.com\\\/ca\\\/entrevista-a-lis-pino-las-labores-de-lis-las-labores-de-lis-nomes-existeix-a-la-meva-habitacio-de-costura-fora-daquesta-habitacio-tinc-una-vida-normal-que-poca-gent-sap-que-existeix\\\/#primaryimage\",\"url\":\"https:\\\/\\\/creativabarcelona.com\\\/wp-content\\\/uploads\\\/2023\\\/10\\\/entrevista_labores_lis_creativa_2023.jpg\",\"contentUrl\":\"https:\\\/\\\/creativabarcelona.com\\\/wp-content\\\/uploads\\\/2023\\\/10\\\/entrevista_labores_lis_creativa_2023.jpg\",\"width\":750,\"height\":550},{\"@type\":\"BreadcrumbList\",\"@id\":\"https:\\\/\\\/creativabarcelona.com\\\/ca\\\/entrevista-a-lis-pino-las-labores-de-lis-las-labores-de-lis-nomes-existeix-a-la-meva-habitacio-de-costura-fora-daquesta-habitacio-tinc-una-vida-normal-que-poca-gent-sap-que-existeix\\\/#breadcrumb\",\"itemListElement\":[{\"@type\":\"ListItem\",\"position\":1,\"name\":\"Portada\",\"item\":\"https:\\\/\\\/creativabarcelona.com\\\/ca\\\/\"},{\"@type\":\"ListItem\",\"position\":2,\"name\":\"Entrevista a Lis Pino, Las Labores de Lis &#8211; \u00abLas Labores de Lis nom\u00e9s existeix a la meva habitaci\u00f3 de costura, fora d&#8217;aquesta habitaci\u00f3 tinc una vida normal que poca gent sap que existeix.\u00bb\"}]},{\"@type\":\"WebSite\",\"@id\":\"https:\\\/\\\/creativabarcelona.com\\\/#website\",\"url\":\"https:\\\/\\\/creativabarcelona.com\\\/\",\"name\":\"Creativa Barcelona\",\"description\":\"Sal\u00f3 de les Manualitats i Artesanies\",\"publisher\":{\"@id\":\"https:\\\/\\\/creativabarcelona.com\\\/#organization\"},\"potentialAction\":[{\"@type\":\"SearchAction\",\"target\":{\"@type\":\"EntryPoint\",\"urlTemplate\":\"https:\\\/\\\/creativabarcelona.com\\\/?s={search_term_string}\"},\"query-input\":{\"@type\":\"PropertyValueSpecification\",\"valueRequired\":true,\"valueName\":\"search_term_string\"}}],\"inLanguage\":\"ca\"},{\"@type\":\"Organization\",\"@id\":\"https:\\\/\\\/creativabarcelona.com\\\/#organization\",\"name\":\"Creativa Barcelona\",\"url\":\"https:\\\/\\\/creativabarcelona.com\\\/\",\"logo\":{\"@type\":\"ImageObject\",\"inLanguage\":\"ca\",\"@id\":\"https:\\\/\\\/creativabarcelona.com\\\/#\\\/schema\\\/logo\\\/image\\\/\",\"url\":\"https:\\\/\\\/creativabarcelona.com\\\/wp-content\\\/uploads\\\/2025\\\/03\\\/logo_creativa_barcelona_Cast-1.png\",\"contentUrl\":\"https:\\\/\\\/creativabarcelona.com\\\/wp-content\\\/uploads\\\/2025\\\/03\\\/logo_creativa_barcelona_Cast-1.png\",\"width\":777,\"height\":417,\"caption\":\"Creativa Barcelona\"},\"image\":{\"@id\":\"https:\\\/\\\/creativabarcelona.com\\\/#\\\/schema\\\/logo\\\/image\\\/\"}},{\"@type\":\"Person\",\"@id\":\"https:\\\/\\\/creativabarcelona.com\\\/#\\\/schema\\\/person\\\/88136af06c702fba6a4a56fccac027e3\",\"name\":\"Creativa Barcelona\",\"image\":{\"@type\":\"ImageObject\",\"inLanguage\":\"ca\",\"@id\":\"https:\\\/\\\/secure.gravatar.com\\\/avatar\\\/9751d88ddbee61c132bde30a2ddd40a6948919cbc65d9dc0baed64e15bd22aca?s=96&d=mm&r=g\",\"url\":\"https:\\\/\\\/secure.gravatar.com\\\/avatar\\\/9751d88ddbee61c132bde30a2ddd40a6948919cbc65d9dc0baed64e15bd22aca?s=96&d=mm&r=g\",\"contentUrl\":\"https:\\\/\\\/secure.gravatar.com\\\/avatar\\\/9751d88ddbee61c132bde30a2ddd40a6948919cbc65d9dc0baed64e15bd22aca?s=96&d=mm&r=g\",\"caption\":\"Creativa Barcelona\"},\"sameAs\":[\"https:\\\/\\\/creativabarcelona.com\"],\"url\":\"https:\\\/\\\/creativabarcelona.com\\\/ca\\\/author\\\/crea20tiv22bcn\\\/\"}]}<\/script>\n<!-- \/ Yoast SEO plugin. -->","yoast_head_json":{"title":"Entrevista a Lis Pino, Las Labores de Lis - \"Las Labores de Lis nom\u00e9s existeix a la meva habitaci\u00f3 de costura, fora d'aquesta habitaci\u00f3 tinc una vida normal que poca gent sap que existeix.\" - Creativa Barcelona","robots":{"index":"index","follow":"follow","max-snippet":"max-snippet:-1","max-image-preview":"max-image-preview:large","max-video-preview":"max-video-preview:-1"},"canonical":"https:\/\/creativabarcelona.com\/ca\/entrevista-a-lis-pino-las-labores-de-lis-las-labores-de-lis-nomes-existeix-a-la-meva-habitacio-de-costura-fora-daquesta-habitacio-tinc-una-vida-normal-que-poca-gent-sap-que-existeix\/","og_locale":"ca_ES","og_type":"article","og_title":"Entrevista a Lis Pino, Las Labores de Lis - \"Las Labores de Lis nom\u00e9s existeix a la meva habitaci\u00f3 de costura, fora d'aquesta habitaci\u00f3 tinc una vida normal que poca gent sap que existeix.\" - Creativa Barcelona","og_description":"\u201cCreativa Barcelona ens d\u00f3na la possibilitat de poder veure tots aquests materials que tant ens agraden, tocar-los i resoldre dubtes amb les expertes venedores\u201d El punt de creu, la costura i el scrapbooking s\u00f3n algunes de les t\u00e8cniques que Lis Pino domina millor, o millor dit, les manualitats que Las Labores de Lis ens ensenya [&hellip;]","og_url":"https:\/\/creativabarcelona.com\/ca\/entrevista-a-lis-pino-las-labores-de-lis-las-labores-de-lis-nomes-existeix-a-la-meva-habitacio-de-costura-fora-daquesta-habitacio-tinc-una-vida-normal-que-poca-gent-sap-que-existeix\/","og_site_name":"Creativa Barcelona","article_published_time":"2023-10-12T04:26:19+00:00","article_modified_time":"2023-10-12T04:30:19+00:00","og_image":[{"width":750,"height":550,"url":"https:\/\/creativabarcelona.com\/wp-content\/uploads\/2023\/10\/entrevista_labores_lis_creativa_2023.jpg","type":"image\/jpeg"}],"author":"Creativa Barcelona","twitter_card":"summary_large_image","twitter_misc":{"Escrit per":"Creativa Barcelona","Temps estimat de lectura":"7 minuts"},"schema":{"@context":"https:\/\/schema.org","@graph":[{"@type":"Article","@id":"https:\/\/creativabarcelona.com\/ca\/entrevista-a-lis-pino-las-labores-de-lis-las-labores-de-lis-nomes-existeix-a-la-meva-habitacio-de-costura-fora-daquesta-habitacio-tinc-una-vida-normal-que-poca-gent-sap-que-existeix\/#article","isPartOf":{"@id":"https:\/\/creativabarcelona.com\/ca\/entrevista-a-lis-pino-las-labores-de-lis-las-labores-de-lis-nomes-existeix-a-la-meva-habitacio-de-costura-fora-daquesta-habitacio-tinc-una-vida-normal-que-poca-gent-sap-que-existeix\/"},"author":{"name":"Creativa Barcelona","@id":"https:\/\/creativabarcelona.com\/#\/schema\/person\/88136af06c702fba6a4a56fccac027e3"},"headline":"Entrevista a Lis Pino, Las Labores de Lis &#8211; &#8220;Las Labores de Lis nom\u00e9s existeix a la meva habitaci\u00f3 de costura, fora d&#8217;aquesta habitaci\u00f3 tinc una vida normal que poca gent sap que existeix.&#8221;","datePublished":"2023-10-12T04:26:19+00:00","dateModified":"2023-10-12T04:30:19+00:00","mainEntityOfPage":{"@id":"https:\/\/creativabarcelona.com\/ca\/entrevista-a-lis-pino-las-labores-de-lis-las-labores-de-lis-nomes-existeix-a-la-meva-habitacio-de-costura-fora-daquesta-habitacio-tinc-una-vida-normal-que-poca-gent-sap-que-existeix\/"},"wordCount":1615,"publisher":{"@id":"https:\/\/creativabarcelona.com\/#organization"},"image":{"@id":"https:\/\/creativabarcelona.com\/ca\/entrevista-a-lis-pino-las-labores-de-lis-las-labores-de-lis-nomes-existeix-a-la-meva-habitacio-de-costura-fora-daquesta-habitacio-tinc-una-vida-normal-que-poca-gent-sap-que-existeix\/#primaryimage"},"thumbnailUrl":"https:\/\/creativabarcelona.com\/wp-content\/uploads\/2023\/10\/entrevista_labores_lis_creativa_2023.jpg","articleSection":["Creativa 2023","Entrevistes"],"inLanguage":"ca"},{"@type":"WebPage","@id":"https:\/\/creativabarcelona.com\/ca\/entrevista-a-lis-pino-las-labores-de-lis-las-labores-de-lis-nomes-existeix-a-la-meva-habitacio-de-costura-fora-daquesta-habitacio-tinc-una-vida-normal-que-poca-gent-sap-que-existeix\/","url":"https:\/\/creativabarcelona.com\/ca\/entrevista-a-lis-pino-las-labores-de-lis-las-labores-de-lis-nomes-existeix-a-la-meva-habitacio-de-costura-fora-daquesta-habitacio-tinc-una-vida-normal-que-poca-gent-sap-que-existeix\/","name":"Entrevista a Lis Pino, Las Labores de Lis - \"Las Labores de Lis nom\u00e9s existeix a la meva habitaci\u00f3 de costura, fora d'aquesta habitaci\u00f3 tinc una vida normal que poca gent sap que existeix.\" - Creativa Barcelona","isPartOf":{"@id":"https:\/\/creativabarcelona.com\/#website"},"primaryImageOfPage":{"@id":"https:\/\/creativabarcelona.com\/ca\/entrevista-a-lis-pino-las-labores-de-lis-las-labores-de-lis-nomes-existeix-a-la-meva-habitacio-de-costura-fora-daquesta-habitacio-tinc-una-vida-normal-que-poca-gent-sap-que-existeix\/#primaryimage"},"image":{"@id":"https:\/\/creativabarcelona.com\/ca\/entrevista-a-lis-pino-las-labores-de-lis-las-labores-de-lis-nomes-existeix-a-la-meva-habitacio-de-costura-fora-daquesta-habitacio-tinc-una-vida-normal-que-poca-gent-sap-que-existeix\/#primaryimage"},"thumbnailUrl":"https:\/\/creativabarcelona.com\/wp-content\/uploads\/2023\/10\/entrevista_labores_lis_creativa_2023.jpg","datePublished":"2023-10-12T04:26:19+00:00","dateModified":"2023-10-12T04:30:19+00:00","breadcrumb":{"@id":"https:\/\/creativabarcelona.com\/ca\/entrevista-a-lis-pino-las-labores-de-lis-las-labores-de-lis-nomes-existeix-a-la-meva-habitacio-de-costura-fora-daquesta-habitacio-tinc-una-vida-normal-que-poca-gent-sap-que-existeix\/#breadcrumb"},"inLanguage":"ca","potentialAction":[{"@type":"ReadAction","target":["https:\/\/creativabarcelona.com\/ca\/entrevista-a-lis-pino-las-labores-de-lis-las-labores-de-lis-nomes-existeix-a-la-meva-habitacio-de-costura-fora-daquesta-habitacio-tinc-una-vida-normal-que-poca-gent-sap-que-existeix\/"]}]},{"@type":"ImageObject","inLanguage":"ca","@id":"https:\/\/creativabarcelona.com\/ca\/entrevista-a-lis-pino-las-labores-de-lis-las-labores-de-lis-nomes-existeix-a-la-meva-habitacio-de-costura-fora-daquesta-habitacio-tinc-una-vida-normal-que-poca-gent-sap-que-existeix\/#primaryimage","url":"https:\/\/creativabarcelona.com\/wp-content\/uploads\/2023\/10\/entrevista_labores_lis_creativa_2023.jpg","contentUrl":"https:\/\/creativabarcelona.com\/wp-content\/uploads\/2023\/10\/entrevista_labores_lis_creativa_2023.jpg","width":750,"height":550},{"@type":"BreadcrumbList","@id":"https:\/\/creativabarcelona.com\/ca\/entrevista-a-lis-pino-las-labores-de-lis-las-labores-de-lis-nomes-existeix-a-la-meva-habitacio-de-costura-fora-daquesta-habitacio-tinc-una-vida-normal-que-poca-gent-sap-que-existeix\/#breadcrumb","itemListElement":[{"@type":"ListItem","position":1,"name":"Portada","item":"https:\/\/creativabarcelona.com\/ca\/"},{"@type":"ListItem","position":2,"name":"Entrevista a Lis Pino, Las Labores de Lis &#8211; \u00abLas Labores de Lis nom\u00e9s existeix a la meva habitaci\u00f3 de costura, fora d&#8217;aquesta habitaci\u00f3 tinc una vida normal que poca gent sap que existeix.\u00bb"}]},{"@type":"WebSite","@id":"https:\/\/creativabarcelona.com\/#website","url":"https:\/\/creativabarcelona.com\/","name":"Creativa Barcelona","description":"Sal\u00f3 de les Manualitats i Artesanies","publisher":{"@id":"https:\/\/creativabarcelona.com\/#organization"},"potentialAction":[{"@type":"SearchAction","target":{"@type":"EntryPoint","urlTemplate":"https:\/\/creativabarcelona.com\/?s={search_term_string}"},"query-input":{"@type":"PropertyValueSpecification","valueRequired":true,"valueName":"search_term_string"}}],"inLanguage":"ca"},{"@type":"Organization","@id":"https:\/\/creativabarcelona.com\/#organization","name":"Creativa Barcelona","url":"https:\/\/creativabarcelona.com\/","logo":{"@type":"ImageObject","inLanguage":"ca","@id":"https:\/\/creativabarcelona.com\/#\/schema\/logo\/image\/","url":"https:\/\/creativabarcelona.com\/wp-content\/uploads\/2025\/03\/logo_creativa_barcelona_Cast-1.png","contentUrl":"https:\/\/creativabarcelona.com\/wp-content\/uploads\/2025\/03\/logo_creativa_barcelona_Cast-1.png","width":777,"height":417,"caption":"Creativa Barcelona"},"image":{"@id":"https:\/\/creativabarcelona.com\/#\/schema\/logo\/image\/"}},{"@type":"Person","@id":"https:\/\/creativabarcelona.com\/#\/schema\/person\/88136af06c702fba6a4a56fccac027e3","name":"Creativa Barcelona","image":{"@type":"ImageObject","inLanguage":"ca","@id":"https:\/\/secure.gravatar.com\/avatar\/9751d88ddbee61c132bde30a2ddd40a6948919cbc65d9dc0baed64e15bd22aca?s=96&d=mm&r=g","url":"https:\/\/secure.gravatar.com\/avatar\/9751d88ddbee61c132bde30a2ddd40a6948919cbc65d9dc0baed64e15bd22aca?s=96&d=mm&r=g","contentUrl":"https:\/\/secure.gravatar.com\/avatar\/9751d88ddbee61c132bde30a2ddd40a6948919cbc65d9dc0baed64e15bd22aca?s=96&d=mm&r=g","caption":"Creativa Barcelona"},"sameAs":["https:\/\/creativabarcelona.com"],"url":"https:\/\/creativabarcelona.com\/ca\/author\/crea20tiv22bcn\/"}]}},"_links":{"self":[{"href":"https:\/\/creativabarcelona.com\/ca\/wp-json\/wp\/v2\/posts\/13489","targetHints":{"allow":["GET"]}}],"collection":[{"href":"https:\/\/creativabarcelona.com\/ca\/wp-json\/wp\/v2\/posts"}],"about":[{"href":"https:\/\/creativabarcelona.com\/ca\/wp-json\/wp\/v2\/types\/post"}],"author":[{"embeddable":true,"href":"https:\/\/creativabarcelona.com\/ca\/wp-json\/wp\/v2\/users\/1"}],"replies":[{"embeddable":true,"href":"https:\/\/creativabarcelona.com\/ca\/wp-json\/wp\/v2\/comments?post=13489"}],"version-history":[{"count":2,"href":"https:\/\/creativabarcelona.com\/ca\/wp-json\/wp\/v2\/posts\/13489\/revisions"}],"predecessor-version":[{"id":13491,"href":"https:\/\/creativabarcelona.com\/ca\/wp-json\/wp\/v2\/posts\/13489\/revisions\/13491"}],"wp:featuredmedia":[{"embeddable":true,"href":"https:\/\/creativabarcelona.com\/ca\/wp-json\/wp\/v2\/media\/13471"}],"wp:attachment":[{"href":"https:\/\/creativabarcelona.com\/ca\/wp-json\/wp\/v2\/media?parent=13489"}],"wp:term":[{"taxonomy":"category","embeddable":true,"href":"https:\/\/creativabarcelona.com\/ca\/wp-json\/wp\/v2\/categories?post=13489"},{"taxonomy":"post_tag","embeddable":true,"href":"https:\/\/creativabarcelona.com\/ca\/wp-json\/wp\/v2\/tags?post=13489"}],"curies":[{"name":"wp","href":"https:\/\/api.w.org\/{rel}","templated":true}]}}