{"id":13509,"date":"2023-10-12T06:50:40","date_gmt":"2023-10-12T04:50:40","guid":{"rendered":"https:\/\/creativabarcelona.com\/este-ano-no-te-quedes-sin-tu-bolsa-de-creativa-barcelona\/"},"modified":"2023-10-12T06:51:16","modified_gmt":"2023-10-12T04:51:16","slug":"enguany-no-et-quedis-sense-la-teva-bossa-de-creativa-barcelona","status":"publish","type":"post","link":"https:\/\/creativabarcelona.com\/ca\/enguany-no-et-quedis-sense-la-teva-bossa-de-creativa-barcelona\/","title":{"rendered":"Enguany no et quedis sense la teva bossa de Creativa Barcelona"},"content":{"rendered":"<p>Com ja \u00e9s habitual, l@s visitants de <strong>Creativa Barcelona <\/strong>podran emportar-se a casa tots els materials que comprin o adquireixen en els nombrosos expositors de la fira en la bossa del certamen. En aquesta edici\u00f3 de 2023, no obstant aix\u00f2, des de l&#8217;organitzaci\u00f3 de Creativa volem que sigui una mica m\u00e9s que una simple bossa.<\/p>\n<p>Dissenyada en teixit Non Woven -o no teixit-, la bossa de Creativa Barcelona 2023 porta doble ansa llarga, per a portar-la f\u00e0cilment penjada a l&#8217;espatlla. I com a novetat, enguany ser\u00e0 m\u00e9s \u00e0mplia i espaiosa, perqu\u00e8 c\u00e0piguen molts m\u00e9s granadures, teles, fils, i altres materials. De fet, la bossa t\u00e9 m\u00e9s capacitat, perqu\u00e8 no arriba sola. I \u00e9s que, enguany, la bossa de Creativa Barcelona 2023 es lliurar\u00e0 juntament amb la revista Patrones o Labores + una sorpresa \u00fanica, un regal dels nostres expositors. I tot aix\u00f2, per nom\u00e9s 2 euros.<\/p>\n<p><strong>Per a aquesta edici\u00f3, hem encarregat 5.000 bosses exclusives, aix\u00ed que no t&#8217;oblidis sol\u00b7licitar-la quan arribis al certamen.<\/strong><\/p>\n","protected":false},"excerpt":{"rendered":"<p>Com ja \u00e9s habitual, l@s visitants de Creativa Barcelona podran emportar-se a casa tots els materials que comprin o adquireixen en els nombrosos expositors de la fira en la bossa del certamen. En aquesta edici\u00f3 de 2023, no obstant aix\u00f2, des de l&#8217;organitzaci\u00f3 de Creativa volem que sigui una mica m\u00e9s que una simple bossa. [&hellip;]<\/p>\n","protected":false},"author":1,"featured_media":13473,"comment_status":"closed","ping_status":"closed","sticky":false,"template":"","format":"standard","meta":{"footnotes":""},"categories":[49,210],"tags":[],"class_list":["post-13509","post","type-post","status-publish","format-standard","has-post-thumbnail","hentry","category-actualitat","category-creativa-2023-ca"],"yoast_head":"<!-- This site is optimized with the Yoast SEO plugin v27.5 - https:\/\/yoast.com\/product\/yoast-seo-wordpress\/ -->\n<title>Enguany no et quedis sense la teva bossa de Creativa Barcelona - Creativa Barcelona<\/title>\n<meta name=\"robots\" content=\"index, follow, max-snippet:-1, max-image-preview:large, max-video-preview:-1\" \/>\n<link rel=\"canonical\" href=\"https:\/\/creativabarcelona.com\/ca\/enguany-no-et-quedis-sense-la-teva-bossa-de-creativa-barcelona\/\" \/>\n<meta property=\"og:locale\" content=\"ca_ES\" \/>\n<meta property=\"og:type\" content=\"article\" \/>\n<meta property=\"og:title\" content=\"Enguany no et quedis sense la teva bossa de Creativa Barcelona - Creativa Barcelona\" \/>\n<meta property=\"og:description\" content=\"Com ja \u00e9s habitual, l@s visitants de Creativa Barcelona podran emportar-se a casa tots els materials que comprin o adquireixen en els nombrosos expositors de la fira en la bossa del certamen. En aquesta edici\u00f3 de 2023, no obstant aix\u00f2, des de l&#8217;organitzaci\u00f3 de Creativa volem que sigui una mica m\u00e9s que una simple bossa. [&hellip;]\" \/>\n<meta property=\"og:url\" content=\"https:\/\/creativabarcelona.com\/ca\/enguany-no-et-quedis-sense-la-teva-bossa-de-creativa-barcelona\/\" \/>\n<meta property=\"og:site_name\" content=\"Creativa Barcelona\" \/>\n<meta property=\"article:published_time\" content=\"2023-10-12T04:50:40+00:00\" \/>\n<meta property=\"article:modified_time\" content=\"2023-10-12T04:51:16+00:00\" \/>\n<meta property=\"og:image\" content=\"https:\/\/creativabarcelona.com\/wp-content\/uploads\/2023\/10\/noticia_bolsa_creativa_2023.jpg\" \/>\n\t<meta property=\"og:image:width\" content=\"750\" \/>\n\t<meta property=\"og:image:height\" content=\"550\" \/>\n\t<meta property=\"og:image:type\" content=\"image\/jpeg\" \/>\n<meta name=\"author\" content=\"Creativa Barcelona\" \/>\n<meta name=\"twitter:card\" content=\"summary_large_image\" \/>\n<meta name=\"twitter:label1\" content=\"Escrit per\" \/>\n\t<meta name=\"twitter:data1\" content=\"Creativa Barcelona\" \/>\n\t<meta name=\"twitter:label2\" content=\"Temps estimat de lectura\" \/>\n\t<meta name=\"twitter:data2\" content=\"1 minut\" \/>\n<script type=\"application\/ld+json\" class=\"yoast-schema-graph\">{\"@context\":\"https:\\\/\\\/schema.org\",\"@graph\":[{\"@type\":\"Article\",\"@id\":\"https:\\\/\\\/creativabarcelona.com\\\/ca\\\/enguany-no-et-quedis-sense-la-teva-bossa-de-creativa-barcelona\\\/#article\",\"isPartOf\":{\"@id\":\"https:\\\/\\\/creativabarcelona.com\\\/ca\\\/enguany-no-et-quedis-sense-la-teva-bossa-de-creativa-barcelona\\\/\"},\"author\":{\"name\":\"Creativa Barcelona\",\"@id\":\"https:\\\/\\\/creativabarcelona.com\\\/#\\\/schema\\\/person\\\/88136af06c702fba6a4a56fccac027e3\"},\"headline\":\"Enguany no et quedis sense la teva bossa de Creativa Barcelona\",\"datePublished\":\"2023-10-12T04:50:40+00:00\",\"dateModified\":\"2023-10-12T04:51:16+00:00\",\"mainEntityOfPage\":{\"@id\":\"https:\\\/\\\/creativabarcelona.com\\\/ca\\\/enguany-no-et-quedis-sense-la-teva-bossa-de-creativa-barcelona\\\/\"},\"wordCount\":181,\"publisher\":{\"@id\":\"https:\\\/\\\/creativabarcelona.com\\\/#organization\"},\"image\":{\"@id\":\"https:\\\/\\\/creativabarcelona.com\\\/ca\\\/enguany-no-et-quedis-sense-la-teva-bossa-de-creativa-barcelona\\\/#primaryimage\"},\"thumbnailUrl\":\"https:\\\/\\\/creativabarcelona.com\\\/wp-content\\\/uploads\\\/2023\\\/10\\\/noticia_bolsa_creativa_2023.jpg\",\"articleSection\":[\"Actualitat\",\"Creativa 2023\"],\"inLanguage\":\"ca\"},{\"@type\":\"WebPage\",\"@id\":\"https:\\\/\\\/creativabarcelona.com\\\/ca\\\/enguany-no-et-quedis-sense-la-teva-bossa-de-creativa-barcelona\\\/\",\"url\":\"https:\\\/\\\/creativabarcelona.com\\\/ca\\\/enguany-no-et-quedis-sense-la-teva-bossa-de-creativa-barcelona\\\/\",\"name\":\"Enguany no et quedis sense la teva bossa de Creativa Barcelona - Creativa Barcelona\",\"isPartOf\":{\"@id\":\"https:\\\/\\\/creativabarcelona.com\\\/#website\"},\"primaryImageOfPage\":{\"@id\":\"https:\\\/\\\/creativabarcelona.com\\\/ca\\\/enguany-no-et-quedis-sense-la-teva-bossa-de-creativa-barcelona\\\/#primaryimage\"},\"image\":{\"@id\":\"https:\\\/\\\/creativabarcelona.com\\\/ca\\\/enguany-no-et-quedis-sense-la-teva-bossa-de-creativa-barcelona\\\/#primaryimage\"},\"thumbnailUrl\":\"https:\\\/\\\/creativabarcelona.com\\\/wp-content\\\/uploads\\\/2023\\\/10\\\/noticia_bolsa_creativa_2023.jpg\",\"datePublished\":\"2023-10-12T04:50:40+00:00\",\"dateModified\":\"2023-10-12T04:51:16+00:00\",\"breadcrumb\":{\"@id\":\"https:\\\/\\\/creativabarcelona.com\\\/ca\\\/enguany-no-et-quedis-sense-la-teva-bossa-de-creativa-barcelona\\\/#breadcrumb\"},\"inLanguage\":\"ca\",\"potentialAction\":[{\"@type\":\"ReadAction\",\"target\":[\"https:\\\/\\\/creativabarcelona.com\\\/ca\\\/enguany-no-et-quedis-sense-la-teva-bossa-de-creativa-barcelona\\\/\"]}]},{\"@type\":\"ImageObject\",\"inLanguage\":\"ca\",\"@id\":\"https:\\\/\\\/creativabarcelona.com\\\/ca\\\/enguany-no-et-quedis-sense-la-teva-bossa-de-creativa-barcelona\\\/#primaryimage\",\"url\":\"https:\\\/\\\/creativabarcelona.com\\\/wp-content\\\/uploads\\\/2023\\\/10\\\/noticia_bolsa_creativa_2023.jpg\",\"contentUrl\":\"https:\\\/\\\/creativabarcelona.com\\\/wp-content\\\/uploads\\\/2023\\\/10\\\/noticia_bolsa_creativa_2023.jpg\",\"width\":750,\"height\":550},{\"@type\":\"BreadcrumbList\",\"@id\":\"https:\\\/\\\/creativabarcelona.com\\\/ca\\\/enguany-no-et-quedis-sense-la-teva-bossa-de-creativa-barcelona\\\/#breadcrumb\",\"itemListElement\":[{\"@type\":\"ListItem\",\"position\":1,\"name\":\"Portada\",\"item\":\"https:\\\/\\\/creativabarcelona.com\\\/ca\\\/\"},{\"@type\":\"ListItem\",\"position\":2,\"name\":\"Enguany no et quedis sense la teva bossa de Creativa Barcelona\"}]},{\"@type\":\"WebSite\",\"@id\":\"https:\\\/\\\/creativabarcelona.com\\\/#website\",\"url\":\"https:\\\/\\\/creativabarcelona.com\\\/\",\"name\":\"Creativa Barcelona\",\"description\":\"Sal\u00f3 de les Manualitats i Artesanies\",\"publisher\":{\"@id\":\"https:\\\/\\\/creativabarcelona.com\\\/#organization\"},\"potentialAction\":[{\"@type\":\"SearchAction\",\"target\":{\"@type\":\"EntryPoint\",\"urlTemplate\":\"https:\\\/\\\/creativabarcelona.com\\\/?s={search_term_string}\"},\"query-input\":{\"@type\":\"PropertyValueSpecification\",\"valueRequired\":true,\"valueName\":\"search_term_string\"}}],\"inLanguage\":\"ca\"},{\"@type\":\"Organization\",\"@id\":\"https:\\\/\\\/creativabarcelona.com\\\/#organization\",\"name\":\"Creativa Barcelona\",\"url\":\"https:\\\/\\\/creativabarcelona.com\\\/\",\"logo\":{\"@type\":\"ImageObject\",\"inLanguage\":\"ca\",\"@id\":\"https:\\\/\\\/creativabarcelona.com\\\/#\\\/schema\\\/logo\\\/image\\\/\",\"url\":\"https:\\\/\\\/creativabarcelona.com\\\/wp-content\\\/uploads\\\/2025\\\/03\\\/logo_creativa_barcelona_Cast-1.png\",\"contentUrl\":\"https:\\\/\\\/creativabarcelona.com\\\/wp-content\\\/uploads\\\/2025\\\/03\\\/logo_creativa_barcelona_Cast-1.png\",\"width\":777,\"height\":417,\"caption\":\"Creativa Barcelona\"},\"image\":{\"@id\":\"https:\\\/\\\/creativabarcelona.com\\\/#\\\/schema\\\/logo\\\/image\\\/\"}},{\"@type\":\"Person\",\"@id\":\"https:\\\/\\\/creativabarcelona.com\\\/#\\\/schema\\\/person\\\/88136af06c702fba6a4a56fccac027e3\",\"name\":\"Creativa Barcelona\",\"image\":{\"@type\":\"ImageObject\",\"inLanguage\":\"ca\",\"@id\":\"https:\\\/\\\/secure.gravatar.com\\\/avatar\\\/9751d88ddbee61c132bde30a2ddd40a6948919cbc65d9dc0baed64e15bd22aca?s=96&d=mm&r=g\",\"url\":\"https:\\\/\\\/secure.gravatar.com\\\/avatar\\\/9751d88ddbee61c132bde30a2ddd40a6948919cbc65d9dc0baed64e15bd22aca?s=96&d=mm&r=g\",\"contentUrl\":\"https:\\\/\\\/secure.gravatar.com\\\/avatar\\\/9751d88ddbee61c132bde30a2ddd40a6948919cbc65d9dc0baed64e15bd22aca?s=96&d=mm&r=g\",\"caption\":\"Creativa Barcelona\"},\"sameAs\":[\"https:\\\/\\\/creativabarcelona.com\"],\"url\":\"https:\\\/\\\/creativabarcelona.com\\\/ca\\\/author\\\/crea20tiv22bcn\\\/\"}]}<\/script>\n<!-- \/ Yoast SEO plugin. -->","yoast_head_json":{"title":"Enguany no et quedis sense la teva bossa de Creativa Barcelona - Creativa Barcelona","robots":{"index":"index","follow":"follow","max-snippet":"max-snippet:-1","max-image-preview":"max-image-preview:large","max-video-preview":"max-video-preview:-1"},"canonical":"https:\/\/creativabarcelona.com\/ca\/enguany-no-et-quedis-sense-la-teva-bossa-de-creativa-barcelona\/","og_locale":"ca_ES","og_type":"article","og_title":"Enguany no et quedis sense la teva bossa de Creativa Barcelona - Creativa Barcelona","og_description":"Com ja \u00e9s habitual, l@s visitants de Creativa Barcelona podran emportar-se a casa tots els materials que comprin o adquireixen en els nombrosos expositors de la fira en la bossa del certamen. En aquesta edici\u00f3 de 2023, no obstant aix\u00f2, des de l&#8217;organitzaci\u00f3 de Creativa volem que sigui una mica m\u00e9s que una simple bossa. [&hellip;]","og_url":"https:\/\/creativabarcelona.com\/ca\/enguany-no-et-quedis-sense-la-teva-bossa-de-creativa-barcelona\/","og_site_name":"Creativa Barcelona","article_published_time":"2023-10-12T04:50:40+00:00","article_modified_time":"2023-10-12T04:51:16+00:00","og_image":[{"width":750,"height":550,"url":"https:\/\/creativabarcelona.com\/wp-content\/uploads\/2023\/10\/noticia_bolsa_creativa_2023.jpg","type":"image\/jpeg"}],"author":"Creativa Barcelona","twitter_card":"summary_large_image","twitter_misc":{"Escrit per":"Creativa Barcelona","Temps estimat de lectura":"1 minut"},"schema":{"@context":"https:\/\/schema.org","@graph":[{"@type":"Article","@id":"https:\/\/creativabarcelona.com\/ca\/enguany-no-et-quedis-sense-la-teva-bossa-de-creativa-barcelona\/#article","isPartOf":{"@id":"https:\/\/creativabarcelona.com\/ca\/enguany-no-et-quedis-sense-la-teva-bossa-de-creativa-barcelona\/"},"author":{"name":"Creativa Barcelona","@id":"https:\/\/creativabarcelona.com\/#\/schema\/person\/88136af06c702fba6a4a56fccac027e3"},"headline":"Enguany no et quedis sense la teva bossa de Creativa Barcelona","datePublished":"2023-10-12T04:50:40+00:00","dateModified":"2023-10-12T04:51:16+00:00","mainEntityOfPage":{"@id":"https:\/\/creativabarcelona.com\/ca\/enguany-no-et-quedis-sense-la-teva-bossa-de-creativa-barcelona\/"},"wordCount":181,"publisher":{"@id":"https:\/\/creativabarcelona.com\/#organization"},"image":{"@id":"https:\/\/creativabarcelona.com\/ca\/enguany-no-et-quedis-sense-la-teva-bossa-de-creativa-barcelona\/#primaryimage"},"thumbnailUrl":"https:\/\/creativabarcelona.com\/wp-content\/uploads\/2023\/10\/noticia_bolsa_creativa_2023.jpg","articleSection":["Actualitat","Creativa 2023"],"inLanguage":"ca"},{"@type":"WebPage","@id":"https:\/\/creativabarcelona.com\/ca\/enguany-no-et-quedis-sense-la-teva-bossa-de-creativa-barcelona\/","url":"https:\/\/creativabarcelona.com\/ca\/enguany-no-et-quedis-sense-la-teva-bossa-de-creativa-barcelona\/","name":"Enguany no et quedis sense la teva bossa de Creativa Barcelona - Creativa Barcelona","isPartOf":{"@id":"https:\/\/creativabarcelona.com\/#website"},"primaryImageOfPage":{"@id":"https:\/\/creativabarcelona.com\/ca\/enguany-no-et-quedis-sense-la-teva-bossa-de-creativa-barcelona\/#primaryimage"},"image":{"@id":"https:\/\/creativabarcelona.com\/ca\/enguany-no-et-quedis-sense-la-teva-bossa-de-creativa-barcelona\/#primaryimage"},"thumbnailUrl":"https:\/\/creativabarcelona.com\/wp-content\/uploads\/2023\/10\/noticia_bolsa_creativa_2023.jpg","datePublished":"2023-10-12T04:50:40+00:00","dateModified":"2023-10-12T04:51:16+00:00","breadcrumb":{"@id":"https:\/\/creativabarcelona.com\/ca\/enguany-no-et-quedis-sense-la-teva-bossa-de-creativa-barcelona\/#breadcrumb"},"inLanguage":"ca","potentialAction":[{"@type":"ReadAction","target":["https:\/\/creativabarcelona.com\/ca\/enguany-no-et-quedis-sense-la-teva-bossa-de-creativa-barcelona\/"]}]},{"@type":"ImageObject","inLanguage":"ca","@id":"https:\/\/creativabarcelona.com\/ca\/enguany-no-et-quedis-sense-la-teva-bossa-de-creativa-barcelona\/#primaryimage","url":"https:\/\/creativabarcelona.com\/wp-content\/uploads\/2023\/10\/noticia_bolsa_creativa_2023.jpg","contentUrl":"https:\/\/creativabarcelona.com\/wp-content\/uploads\/2023\/10\/noticia_bolsa_creativa_2023.jpg","width":750,"height":550},{"@type":"BreadcrumbList","@id":"https:\/\/creativabarcelona.com\/ca\/enguany-no-et-quedis-sense-la-teva-bossa-de-creativa-barcelona\/#breadcrumb","itemListElement":[{"@type":"ListItem","position":1,"name":"Portada","item":"https:\/\/creativabarcelona.com\/ca\/"},{"@type":"ListItem","position":2,"name":"Enguany no et quedis sense la teva bossa de Creativa Barcelona"}]},{"@type":"WebSite","@id":"https:\/\/creativabarcelona.com\/#website","url":"https:\/\/creativabarcelona.com\/","name":"Creativa Barcelona","description":"Sal\u00f3 de les Manualitats i Artesanies","publisher":{"@id":"https:\/\/creativabarcelona.com\/#organization"},"potentialAction":[{"@type":"SearchAction","target":{"@type":"EntryPoint","urlTemplate":"https:\/\/creativabarcelona.com\/?s={search_term_string}"},"query-input":{"@type":"PropertyValueSpecification","valueRequired":true,"valueName":"search_term_string"}}],"inLanguage":"ca"},{"@type":"Organization","@id":"https:\/\/creativabarcelona.com\/#organization","name":"Creativa Barcelona","url":"https:\/\/creativabarcelona.com\/","logo":{"@type":"ImageObject","inLanguage":"ca","@id":"https:\/\/creativabarcelona.com\/#\/schema\/logo\/image\/","url":"https:\/\/creativabarcelona.com\/wp-content\/uploads\/2025\/03\/logo_creativa_barcelona_Cast-1.png","contentUrl":"https:\/\/creativabarcelona.com\/wp-content\/uploads\/2025\/03\/logo_creativa_barcelona_Cast-1.png","width":777,"height":417,"caption":"Creativa Barcelona"},"image":{"@id":"https:\/\/creativabarcelona.com\/#\/schema\/logo\/image\/"}},{"@type":"Person","@id":"https:\/\/creativabarcelona.com\/#\/schema\/person\/88136af06c702fba6a4a56fccac027e3","name":"Creativa Barcelona","image":{"@type":"ImageObject","inLanguage":"ca","@id":"https:\/\/secure.gravatar.com\/avatar\/9751d88ddbee61c132bde30a2ddd40a6948919cbc65d9dc0baed64e15bd22aca?s=96&d=mm&r=g","url":"https:\/\/secure.gravatar.com\/avatar\/9751d88ddbee61c132bde30a2ddd40a6948919cbc65d9dc0baed64e15bd22aca?s=96&d=mm&r=g","contentUrl":"https:\/\/secure.gravatar.com\/avatar\/9751d88ddbee61c132bde30a2ddd40a6948919cbc65d9dc0baed64e15bd22aca?s=96&d=mm&r=g","caption":"Creativa Barcelona"},"sameAs":["https:\/\/creativabarcelona.com"],"url":"https:\/\/creativabarcelona.com\/ca\/author\/crea20tiv22bcn\/"}]}},"_links":{"self":[{"href":"https:\/\/creativabarcelona.com\/ca\/wp-json\/wp\/v2\/posts\/13509","targetHints":{"allow":["GET"]}}],"collection":[{"href":"https:\/\/creativabarcelona.com\/ca\/wp-json\/wp\/v2\/posts"}],"about":[{"href":"https:\/\/creativabarcelona.com\/ca\/wp-json\/wp\/v2\/types\/post"}],"author":[{"embeddable":true,"href":"https:\/\/creativabarcelona.com\/ca\/wp-json\/wp\/v2\/users\/1"}],"replies":[{"embeddable":true,"href":"https:\/\/creativabarcelona.com\/ca\/wp-json\/wp\/v2\/comments?post=13509"}],"version-history":[{"count":1,"href":"https:\/\/creativabarcelona.com\/ca\/wp-json\/wp\/v2\/posts\/13509\/revisions"}],"predecessor-version":[{"id":13510,"href":"https:\/\/creativabarcelona.com\/ca\/wp-json\/wp\/v2\/posts\/13509\/revisions\/13510"}],"wp:featuredmedia":[{"embeddable":true,"href":"https:\/\/creativabarcelona.com\/ca\/wp-json\/wp\/v2\/media\/13473"}],"wp:attachment":[{"href":"https:\/\/creativabarcelona.com\/ca\/wp-json\/wp\/v2\/media?parent=13509"}],"wp:term":[{"taxonomy":"category","embeddable":true,"href":"https:\/\/creativabarcelona.com\/ca\/wp-json\/wp\/v2\/categories?post=13509"},{"taxonomy":"post_tag","embeddable":true,"href":"https:\/\/creativabarcelona.com\/ca\/wp-json\/wp\/v2\/tags?post=13509"}],"curies":[{"name":"wp","href":"https:\/\/api.w.org\/{rel}","templated":true}]}}