{"id":13518,"date":"2023-10-12T06:58:57","date_gmt":"2023-10-12T04:58:57","guid":{"rendered":"https:\/\/creativabarcelona.com\/apuntate-a-los-encuentros-de-bolillos-y-de-punto-de-cruz\/"},"modified":"2023-10-12T06:59:36","modified_gmt":"2023-10-12T04:59:36","slug":"apuntat-a-les-trobades-de-puntes-de-coixi-i-de-punt-de-creu","status":"publish","type":"post","link":"https:\/\/creativabarcelona.com\/ca\/apuntat-a-les-trobades-de-puntes-de-coixi-i-de-punt-de-creu\/","title":{"rendered":"Apunta&#8217;t a les trobades de puntes de coix\u00ed i de punt de creu"},"content":{"rendered":"<p>Un dels motius pels quals aficionad@s, talleristes i influencers trien <strong>Creativa Barcelona<\/strong> \u00e9s perqu\u00e8 \u00e9s el lloc i el moment perfecte per al retrobament amb gent que comparteix la seva afici\u00f3, el seu hobby o les seves passions. Per aix\u00f2, el <strong>Sal\u00f3 de les Manualitats i les Artesanies <\/strong>\u00e9s l&#8217;espai ideal per a dues cites imprescindibles per a l@s aficionad@s a dues de les t\u00e8cniques amb m\u00e9s tradici\u00f3 i renovaci\u00f3 de les seves seguidor@s. Es tracta de la trobada anual de puntes de coix\u00ed i la trobada de punt de creu, que enguany s&#8217;estrena en Creativa Barcelona.<\/p>\n<p>Els fils de colors, la creativitat i les agulles seran els protagonistes de la Trobada de Punt de Creu que se celebrar\u00e0 el dissabte 11 de novembre a partir de les 10.30h. Organitzat per Lis Pino, o el que \u00e9s el mateix, per la influencer Las Labores de Lis, aquesta trobada espera reunir a noves aficionades i a experimentades i expertes. Les inscripcions es poden realitzar en persona, en el punt d&#8217;informaci\u00f3 dels tallers del Sal\u00f3. Ser\u00e0 un moment perfecte per a unir punts i creuar camins en aquest art ple d&#8217;imaginaci\u00f3 i bones vibracions.<\/p>\n<p>I d&#8217;altra banda, la Trobada de Puntes de Coix\u00ed, una cita habitual ja en el certamen, ens oferir\u00e0 novament l&#8217;oportunitat d&#8217;endinsar-nos en aquesta mil\u00b7len\u00e0ria tradici\u00f3. I \u00e9s que l&#8217;encaix de boixets \u00e9s un art que conjuga destresa i bellesa amb cada agulla i puntada. Organitzat per l&#8217;Associaci\u00f3 Catalana de Puntaires, aquesta trobada ser\u00e0 l&#8217;ocasi\u00f3 de connectar amb apassionades artesanes i expertes en aquesta delicada t\u00e8cnica. No importa si mai s&#8217;ha practicat o si es tenen algunes nocions, fins i tot se si \u00e9s un@ expert@. Aquesta trobada est\u00e0 oberta a tothom, als amants de les puntes de coix\u00ed.<\/p>\n","protected":false},"excerpt":{"rendered":"<p>Un dels motius pels quals aficionad@s, talleristes i influencers trien Creativa Barcelona \u00e9s perqu\u00e8 \u00e9s el lloc i el moment perfecte per al retrobament amb gent que comparteix la seva afici\u00f3, el seu hobby o les seves passions. Per aix\u00f2, el Sal\u00f3 de les Manualitats i les Artesanies \u00e9s l&#8217;espai ideal per a dues cites [&hellip;]<\/p>\n","protected":false},"author":1,"featured_media":13477,"comment_status":"closed","ping_status":"closed","sticky":false,"template":"","format":"standard","meta":{"footnotes":""},"categories":[210,69],"tags":[],"class_list":["post-13518","post","type-post","status-publish","format-standard","has-post-thumbnail","hentry","category-creativa-2023-ca","category-tallers-i-activitats"],"yoast_head":"<!-- This site is optimized with the Yoast SEO plugin v27.5 - https:\/\/yoast.com\/product\/yoast-seo-wordpress\/ -->\n<title>Apunta&#039;t a les trobades de puntes de coix\u00ed i de punt de creu - Creativa Barcelona<\/title>\n<meta name=\"robots\" content=\"index, follow, max-snippet:-1, max-image-preview:large, max-video-preview:-1\" \/>\n<link rel=\"canonical\" href=\"https:\/\/creativabarcelona.com\/ca\/apuntat-a-les-trobades-de-puntes-de-coixi-i-de-punt-de-creu\/\" \/>\n<meta property=\"og:locale\" content=\"ca_ES\" \/>\n<meta property=\"og:type\" content=\"article\" \/>\n<meta property=\"og:title\" content=\"Apunta&#039;t a les trobades de puntes de coix\u00ed i de punt de creu - Creativa Barcelona\" \/>\n<meta property=\"og:description\" content=\"Un dels motius pels quals aficionad@s, talleristes i influencers trien Creativa Barcelona \u00e9s perqu\u00e8 \u00e9s el lloc i el moment perfecte per al retrobament amb gent que comparteix la seva afici\u00f3, el seu hobby o les seves passions. Per aix\u00f2, el Sal\u00f3 de les Manualitats i les Artesanies \u00e9s l&#8217;espai ideal per a dues cites [&hellip;]\" \/>\n<meta property=\"og:url\" content=\"https:\/\/creativabarcelona.com\/ca\/apuntat-a-les-trobades-de-puntes-de-coixi-i-de-punt-de-creu\/\" \/>\n<meta property=\"og:site_name\" content=\"Creativa Barcelona\" \/>\n<meta property=\"article:published_time\" content=\"2023-10-12T04:58:57+00:00\" \/>\n<meta property=\"article:modified_time\" content=\"2023-10-12T04:59:36+00:00\" \/>\n<meta property=\"og:image\" content=\"https:\/\/creativabarcelona.com\/wp-content\/uploads\/2023\/10\/noticia_encuentros_bolillos_punto_de_cruz_creativa_2023.jpg\" \/>\n\t<meta property=\"og:image:width\" content=\"750\" \/>\n\t<meta property=\"og:image:height\" content=\"550\" \/>\n\t<meta property=\"og:image:type\" content=\"image\/jpeg\" \/>\n<meta name=\"author\" content=\"Creativa Barcelona\" \/>\n<meta name=\"twitter:card\" content=\"summary_large_image\" \/>\n<meta name=\"twitter:label1\" content=\"Escrit per\" \/>\n\t<meta name=\"twitter:data1\" content=\"Creativa Barcelona\" \/>\n\t<meta name=\"twitter:label2\" content=\"Temps estimat de lectura\" \/>\n\t<meta name=\"twitter:data2\" content=\"2 minuts\" \/>\n<script type=\"application\/ld+json\" class=\"yoast-schema-graph\">{\"@context\":\"https:\\\/\\\/schema.org\",\"@graph\":[{\"@type\":\"Article\",\"@id\":\"https:\\\/\\\/creativabarcelona.com\\\/ca\\\/apuntat-a-les-trobades-de-puntes-de-coixi-i-de-punt-de-creu\\\/#article\",\"isPartOf\":{\"@id\":\"https:\\\/\\\/creativabarcelona.com\\\/ca\\\/apuntat-a-les-trobades-de-puntes-de-coixi-i-de-punt-de-creu\\\/\"},\"author\":{\"name\":\"Creativa Barcelona\",\"@id\":\"https:\\\/\\\/creativabarcelona.com\\\/#\\\/schema\\\/person\\\/88136af06c702fba6a4a56fccac027e3\"},\"headline\":\"Apunta&#8217;t a les trobades de puntes de coix\u00ed i de punt de creu\",\"datePublished\":\"2023-10-12T04:58:57+00:00\",\"dateModified\":\"2023-10-12T04:59:36+00:00\",\"mainEntityOfPage\":{\"@id\":\"https:\\\/\\\/creativabarcelona.com\\\/ca\\\/apuntat-a-les-trobades-de-puntes-de-coixi-i-de-punt-de-creu\\\/\"},\"wordCount\":323,\"publisher\":{\"@id\":\"https:\\\/\\\/creativabarcelona.com\\\/#organization\"},\"image\":{\"@id\":\"https:\\\/\\\/creativabarcelona.com\\\/ca\\\/apuntat-a-les-trobades-de-puntes-de-coixi-i-de-punt-de-creu\\\/#primaryimage\"},\"thumbnailUrl\":\"https:\\\/\\\/creativabarcelona.com\\\/wp-content\\\/uploads\\\/2023\\\/10\\\/noticia_encuentros_bolillos_punto_de_cruz_creativa_2023.jpg\",\"articleSection\":[\"Creativa 2023\",\"Tallers i Activitats\"],\"inLanguage\":\"ca\"},{\"@type\":\"WebPage\",\"@id\":\"https:\\\/\\\/creativabarcelona.com\\\/ca\\\/apuntat-a-les-trobades-de-puntes-de-coixi-i-de-punt-de-creu\\\/\",\"url\":\"https:\\\/\\\/creativabarcelona.com\\\/ca\\\/apuntat-a-les-trobades-de-puntes-de-coixi-i-de-punt-de-creu\\\/\",\"name\":\"Apunta't a les trobades de puntes de coix\u00ed i de punt de creu - Creativa Barcelona\",\"isPartOf\":{\"@id\":\"https:\\\/\\\/creativabarcelona.com\\\/#website\"},\"primaryImageOfPage\":{\"@id\":\"https:\\\/\\\/creativabarcelona.com\\\/ca\\\/apuntat-a-les-trobades-de-puntes-de-coixi-i-de-punt-de-creu\\\/#primaryimage\"},\"image\":{\"@id\":\"https:\\\/\\\/creativabarcelona.com\\\/ca\\\/apuntat-a-les-trobades-de-puntes-de-coixi-i-de-punt-de-creu\\\/#primaryimage\"},\"thumbnailUrl\":\"https:\\\/\\\/creativabarcelona.com\\\/wp-content\\\/uploads\\\/2023\\\/10\\\/noticia_encuentros_bolillos_punto_de_cruz_creativa_2023.jpg\",\"datePublished\":\"2023-10-12T04:58:57+00:00\",\"dateModified\":\"2023-10-12T04:59:36+00:00\",\"breadcrumb\":{\"@id\":\"https:\\\/\\\/creativabarcelona.com\\\/ca\\\/apuntat-a-les-trobades-de-puntes-de-coixi-i-de-punt-de-creu\\\/#breadcrumb\"},\"inLanguage\":\"ca\",\"potentialAction\":[{\"@type\":\"ReadAction\",\"target\":[\"https:\\\/\\\/creativabarcelona.com\\\/ca\\\/apuntat-a-les-trobades-de-puntes-de-coixi-i-de-punt-de-creu\\\/\"]}]},{\"@type\":\"ImageObject\",\"inLanguage\":\"ca\",\"@id\":\"https:\\\/\\\/creativabarcelona.com\\\/ca\\\/apuntat-a-les-trobades-de-puntes-de-coixi-i-de-punt-de-creu\\\/#primaryimage\",\"url\":\"https:\\\/\\\/creativabarcelona.com\\\/wp-content\\\/uploads\\\/2023\\\/10\\\/noticia_encuentros_bolillos_punto_de_cruz_creativa_2023.jpg\",\"contentUrl\":\"https:\\\/\\\/creativabarcelona.com\\\/wp-content\\\/uploads\\\/2023\\\/10\\\/noticia_encuentros_bolillos_punto_de_cruz_creativa_2023.jpg\",\"width\":750,\"height\":550},{\"@type\":\"BreadcrumbList\",\"@id\":\"https:\\\/\\\/creativabarcelona.com\\\/ca\\\/apuntat-a-les-trobades-de-puntes-de-coixi-i-de-punt-de-creu\\\/#breadcrumb\",\"itemListElement\":[{\"@type\":\"ListItem\",\"position\":1,\"name\":\"Portada\",\"item\":\"https:\\\/\\\/creativabarcelona.com\\\/ca\\\/\"},{\"@type\":\"ListItem\",\"position\":2,\"name\":\"Apunta&#8217;t a les trobades de puntes de coix\u00ed i de punt de creu\"}]},{\"@type\":\"WebSite\",\"@id\":\"https:\\\/\\\/creativabarcelona.com\\\/#website\",\"url\":\"https:\\\/\\\/creativabarcelona.com\\\/\",\"name\":\"Creativa Barcelona\",\"description\":\"Sal\u00f3 de les Manualitats i Artesanies\",\"publisher\":{\"@id\":\"https:\\\/\\\/creativabarcelona.com\\\/#organization\"},\"potentialAction\":[{\"@type\":\"SearchAction\",\"target\":{\"@type\":\"EntryPoint\",\"urlTemplate\":\"https:\\\/\\\/creativabarcelona.com\\\/?s={search_term_string}\"},\"query-input\":{\"@type\":\"PropertyValueSpecification\",\"valueRequired\":true,\"valueName\":\"search_term_string\"}}],\"inLanguage\":\"ca\"},{\"@type\":\"Organization\",\"@id\":\"https:\\\/\\\/creativabarcelona.com\\\/#organization\",\"name\":\"Creativa Barcelona\",\"url\":\"https:\\\/\\\/creativabarcelona.com\\\/\",\"logo\":{\"@type\":\"ImageObject\",\"inLanguage\":\"ca\",\"@id\":\"https:\\\/\\\/creativabarcelona.com\\\/#\\\/schema\\\/logo\\\/image\\\/\",\"url\":\"https:\\\/\\\/creativabarcelona.com\\\/wp-content\\\/uploads\\\/2025\\\/03\\\/logo_creativa_barcelona_Cast-1.png\",\"contentUrl\":\"https:\\\/\\\/creativabarcelona.com\\\/wp-content\\\/uploads\\\/2025\\\/03\\\/logo_creativa_barcelona_Cast-1.png\",\"width\":777,\"height\":417,\"caption\":\"Creativa Barcelona\"},\"image\":{\"@id\":\"https:\\\/\\\/creativabarcelona.com\\\/#\\\/schema\\\/logo\\\/image\\\/\"}},{\"@type\":\"Person\",\"@id\":\"https:\\\/\\\/creativabarcelona.com\\\/#\\\/schema\\\/person\\\/88136af06c702fba6a4a56fccac027e3\",\"name\":\"Creativa Barcelona\",\"image\":{\"@type\":\"ImageObject\",\"inLanguage\":\"ca\",\"@id\":\"https:\\\/\\\/secure.gravatar.com\\\/avatar\\\/9751d88ddbee61c132bde30a2ddd40a6948919cbc65d9dc0baed64e15bd22aca?s=96&d=mm&r=g\",\"url\":\"https:\\\/\\\/secure.gravatar.com\\\/avatar\\\/9751d88ddbee61c132bde30a2ddd40a6948919cbc65d9dc0baed64e15bd22aca?s=96&d=mm&r=g\",\"contentUrl\":\"https:\\\/\\\/secure.gravatar.com\\\/avatar\\\/9751d88ddbee61c132bde30a2ddd40a6948919cbc65d9dc0baed64e15bd22aca?s=96&d=mm&r=g\",\"caption\":\"Creativa Barcelona\"},\"sameAs\":[\"https:\\\/\\\/creativabarcelona.com\"],\"url\":\"https:\\\/\\\/creativabarcelona.com\\\/ca\\\/author\\\/crea20tiv22bcn\\\/\"}]}<\/script>\n<!-- \/ Yoast SEO plugin. -->","yoast_head_json":{"title":"Apunta't a les trobades de puntes de coix\u00ed i de punt de creu - Creativa Barcelona","robots":{"index":"index","follow":"follow","max-snippet":"max-snippet:-1","max-image-preview":"max-image-preview:large","max-video-preview":"max-video-preview:-1"},"canonical":"https:\/\/creativabarcelona.com\/ca\/apuntat-a-les-trobades-de-puntes-de-coixi-i-de-punt-de-creu\/","og_locale":"ca_ES","og_type":"article","og_title":"Apunta't a les trobades de puntes de coix\u00ed i de punt de creu - Creativa Barcelona","og_description":"Un dels motius pels quals aficionad@s, talleristes i influencers trien Creativa Barcelona \u00e9s perqu\u00e8 \u00e9s el lloc i el moment perfecte per al retrobament amb gent que comparteix la seva afici\u00f3, el seu hobby o les seves passions. Per aix\u00f2, el Sal\u00f3 de les Manualitats i les Artesanies \u00e9s l&#8217;espai ideal per a dues cites [&hellip;]","og_url":"https:\/\/creativabarcelona.com\/ca\/apuntat-a-les-trobades-de-puntes-de-coixi-i-de-punt-de-creu\/","og_site_name":"Creativa Barcelona","article_published_time":"2023-10-12T04:58:57+00:00","article_modified_time":"2023-10-12T04:59:36+00:00","og_image":[{"width":750,"height":550,"url":"https:\/\/creativabarcelona.com\/wp-content\/uploads\/2023\/10\/noticia_encuentros_bolillos_punto_de_cruz_creativa_2023.jpg","type":"image\/jpeg"}],"author":"Creativa Barcelona","twitter_card":"summary_large_image","twitter_misc":{"Escrit per":"Creativa Barcelona","Temps estimat de lectura":"2 minuts"},"schema":{"@context":"https:\/\/schema.org","@graph":[{"@type":"Article","@id":"https:\/\/creativabarcelona.com\/ca\/apuntat-a-les-trobades-de-puntes-de-coixi-i-de-punt-de-creu\/#article","isPartOf":{"@id":"https:\/\/creativabarcelona.com\/ca\/apuntat-a-les-trobades-de-puntes-de-coixi-i-de-punt-de-creu\/"},"author":{"name":"Creativa Barcelona","@id":"https:\/\/creativabarcelona.com\/#\/schema\/person\/88136af06c702fba6a4a56fccac027e3"},"headline":"Apunta&#8217;t a les trobades de puntes de coix\u00ed i de punt de creu","datePublished":"2023-10-12T04:58:57+00:00","dateModified":"2023-10-12T04:59:36+00:00","mainEntityOfPage":{"@id":"https:\/\/creativabarcelona.com\/ca\/apuntat-a-les-trobades-de-puntes-de-coixi-i-de-punt-de-creu\/"},"wordCount":323,"publisher":{"@id":"https:\/\/creativabarcelona.com\/#organization"},"image":{"@id":"https:\/\/creativabarcelona.com\/ca\/apuntat-a-les-trobades-de-puntes-de-coixi-i-de-punt-de-creu\/#primaryimage"},"thumbnailUrl":"https:\/\/creativabarcelona.com\/wp-content\/uploads\/2023\/10\/noticia_encuentros_bolillos_punto_de_cruz_creativa_2023.jpg","articleSection":["Creativa 2023","Tallers i Activitats"],"inLanguage":"ca"},{"@type":"WebPage","@id":"https:\/\/creativabarcelona.com\/ca\/apuntat-a-les-trobades-de-puntes-de-coixi-i-de-punt-de-creu\/","url":"https:\/\/creativabarcelona.com\/ca\/apuntat-a-les-trobades-de-puntes-de-coixi-i-de-punt-de-creu\/","name":"Apunta't a les trobades de puntes de coix\u00ed i de punt de creu - Creativa Barcelona","isPartOf":{"@id":"https:\/\/creativabarcelona.com\/#website"},"primaryImageOfPage":{"@id":"https:\/\/creativabarcelona.com\/ca\/apuntat-a-les-trobades-de-puntes-de-coixi-i-de-punt-de-creu\/#primaryimage"},"image":{"@id":"https:\/\/creativabarcelona.com\/ca\/apuntat-a-les-trobades-de-puntes-de-coixi-i-de-punt-de-creu\/#primaryimage"},"thumbnailUrl":"https:\/\/creativabarcelona.com\/wp-content\/uploads\/2023\/10\/noticia_encuentros_bolillos_punto_de_cruz_creativa_2023.jpg","datePublished":"2023-10-12T04:58:57+00:00","dateModified":"2023-10-12T04:59:36+00:00","breadcrumb":{"@id":"https:\/\/creativabarcelona.com\/ca\/apuntat-a-les-trobades-de-puntes-de-coixi-i-de-punt-de-creu\/#breadcrumb"},"inLanguage":"ca","potentialAction":[{"@type":"ReadAction","target":["https:\/\/creativabarcelona.com\/ca\/apuntat-a-les-trobades-de-puntes-de-coixi-i-de-punt-de-creu\/"]}]},{"@type":"ImageObject","inLanguage":"ca","@id":"https:\/\/creativabarcelona.com\/ca\/apuntat-a-les-trobades-de-puntes-de-coixi-i-de-punt-de-creu\/#primaryimage","url":"https:\/\/creativabarcelona.com\/wp-content\/uploads\/2023\/10\/noticia_encuentros_bolillos_punto_de_cruz_creativa_2023.jpg","contentUrl":"https:\/\/creativabarcelona.com\/wp-content\/uploads\/2023\/10\/noticia_encuentros_bolillos_punto_de_cruz_creativa_2023.jpg","width":750,"height":550},{"@type":"BreadcrumbList","@id":"https:\/\/creativabarcelona.com\/ca\/apuntat-a-les-trobades-de-puntes-de-coixi-i-de-punt-de-creu\/#breadcrumb","itemListElement":[{"@type":"ListItem","position":1,"name":"Portada","item":"https:\/\/creativabarcelona.com\/ca\/"},{"@type":"ListItem","position":2,"name":"Apunta&#8217;t a les trobades de puntes de coix\u00ed i de punt de creu"}]},{"@type":"WebSite","@id":"https:\/\/creativabarcelona.com\/#website","url":"https:\/\/creativabarcelona.com\/","name":"Creativa Barcelona","description":"Sal\u00f3 de les Manualitats i Artesanies","publisher":{"@id":"https:\/\/creativabarcelona.com\/#organization"},"potentialAction":[{"@type":"SearchAction","target":{"@type":"EntryPoint","urlTemplate":"https:\/\/creativabarcelona.com\/?s={search_term_string}"},"query-input":{"@type":"PropertyValueSpecification","valueRequired":true,"valueName":"search_term_string"}}],"inLanguage":"ca"},{"@type":"Organization","@id":"https:\/\/creativabarcelona.com\/#organization","name":"Creativa Barcelona","url":"https:\/\/creativabarcelona.com\/","logo":{"@type":"ImageObject","inLanguage":"ca","@id":"https:\/\/creativabarcelona.com\/#\/schema\/logo\/image\/","url":"https:\/\/creativabarcelona.com\/wp-content\/uploads\/2025\/03\/logo_creativa_barcelona_Cast-1.png","contentUrl":"https:\/\/creativabarcelona.com\/wp-content\/uploads\/2025\/03\/logo_creativa_barcelona_Cast-1.png","width":777,"height":417,"caption":"Creativa Barcelona"},"image":{"@id":"https:\/\/creativabarcelona.com\/#\/schema\/logo\/image\/"}},{"@type":"Person","@id":"https:\/\/creativabarcelona.com\/#\/schema\/person\/88136af06c702fba6a4a56fccac027e3","name":"Creativa Barcelona","image":{"@type":"ImageObject","inLanguage":"ca","@id":"https:\/\/secure.gravatar.com\/avatar\/9751d88ddbee61c132bde30a2ddd40a6948919cbc65d9dc0baed64e15bd22aca?s=96&d=mm&r=g","url":"https:\/\/secure.gravatar.com\/avatar\/9751d88ddbee61c132bde30a2ddd40a6948919cbc65d9dc0baed64e15bd22aca?s=96&d=mm&r=g","contentUrl":"https:\/\/secure.gravatar.com\/avatar\/9751d88ddbee61c132bde30a2ddd40a6948919cbc65d9dc0baed64e15bd22aca?s=96&d=mm&r=g","caption":"Creativa Barcelona"},"sameAs":["https:\/\/creativabarcelona.com"],"url":"https:\/\/creativabarcelona.com\/ca\/author\/crea20tiv22bcn\/"}]}},"_links":{"self":[{"href":"https:\/\/creativabarcelona.com\/ca\/wp-json\/wp\/v2\/posts\/13518","targetHints":{"allow":["GET"]}}],"collection":[{"href":"https:\/\/creativabarcelona.com\/ca\/wp-json\/wp\/v2\/posts"}],"about":[{"href":"https:\/\/creativabarcelona.com\/ca\/wp-json\/wp\/v2\/types\/post"}],"author":[{"embeddable":true,"href":"https:\/\/creativabarcelona.com\/ca\/wp-json\/wp\/v2\/users\/1"}],"replies":[{"embeddable":true,"href":"https:\/\/creativabarcelona.com\/ca\/wp-json\/wp\/v2\/comments?post=13518"}],"version-history":[{"count":1,"href":"https:\/\/creativabarcelona.com\/ca\/wp-json\/wp\/v2\/posts\/13518\/revisions"}],"predecessor-version":[{"id":13519,"href":"https:\/\/creativabarcelona.com\/ca\/wp-json\/wp\/v2\/posts\/13518\/revisions\/13519"}],"wp:featuredmedia":[{"embeddable":true,"href":"https:\/\/creativabarcelona.com\/ca\/wp-json\/wp\/v2\/media\/13477"}],"wp:attachment":[{"href":"https:\/\/creativabarcelona.com\/ca\/wp-json\/wp\/v2\/media?parent=13518"}],"wp:term":[{"taxonomy":"category","embeddable":true,"href":"https:\/\/creativabarcelona.com\/ca\/wp-json\/wp\/v2\/categories?post=13518"},{"taxonomy":"post_tag","embeddable":true,"href":"https:\/\/creativabarcelona.com\/ca\/wp-json\/wp\/v2\/tags?post=13518"}],"curies":[{"name":"wp","href":"https:\/\/api.w.org\/{rel}","templated":true}]}}