{"id":14807,"date":"2023-11-03T12:11:58","date_gmt":"2023-11-03T11:11:58","guid":{"rendered":"https:\/\/creativabarcelona.com\/sylvia-calvo-disenadora-todos-los-que-nos-dedicamos-a-la-creatividad-podemos-aplicar-diferentes-estrategias-de-circularidad\/"},"modified":"2023-11-03T12:15:35","modified_gmt":"2023-11-03T11:15:35","slug":"sylvia-calvo-disenadora-todos-los-que-nos-dedicamos-a-la-creatividad-podemos-aplicar-diferentes-estrategias-de-circularidad","status":"publish","type":"post","link":"https:\/\/creativabarcelona.com\/ca\/sylvia-calvo-disenadora-todos-los-que-nos-dedicamos-a-la-creatividad-podemos-aplicar-diferentes-estrategias-de-circularidad\/","title":{"rendered":"Sylvia Calvo, Dissenyadora &#8211; &#8220;Tots els que ens dediquem a la creativitat podem aplicar diferents estrat\u00e8gies de circularitat&#8221;"},"content":{"rendered":"<p>La ind\u00fastria de la moda \u00e9s de les m\u00e9s contaminants.<br \/>\nEl conegut com \u201cFast Fashion\u201d, que promou el \u201cproduir, usar i llan\u00e7ar\u201d, no \u00e9s sostenible. Per\u00f2 cada vegada s\u00f3n m\u00e9s les dissenyadores i creadores que aposten per la moda circular i sostenible. Es tracta de reconvertir l&#8217;exc\u00e9s de producci\u00f3 en una cosa reutilitzable, un dels principis fonamentals de moltes de les disciplines de les artesanies i manualitats. Aquesta edici\u00f3 de Creativa Barcelona vol ser la m\u00e9s sostenible, no sols amb pr\u00e0ctiques que ho siguin, sin\u00f3 tamb\u00e9 oferint tallers i sessions amb expertes que donin idees per a ser m\u00e9s sostenibles.<\/p>\n<p><strong>Segurament, una de les m\u00e9s creatives i trencadores d&#8217;aquestes especialistes que trepitjaran aquesta edici\u00f3 \u00e9s Sylvia Calvo, co-fundadora de l&#8217;<a href=\"http:\/\/www.modasosteniblebcn.org\" target=\"_blank\" rel=\"noopener\">Associaci\u00f3 de moda sostenible de Barcelona<\/a> i experta en moda circular. La dissenyadora, que oferir\u00e0 el dijous 9 de novembre una confer\u00e8ncia en l&#8217;Escenari de Creativa Barcelona, s&#8217;ha fet mundialment famosa per una idea trencadora: <a href=\"https:\/\/www.sylviacalvobcn.com\" target=\"_blank\" rel=\"noopener\">dissenyar roba elaborada amb bosses de caf\u00e8 reciclades.<\/a><\/strong><\/p>\n<p>Sylvia explicar\u00e0 en Creativa Barcelona la <strong>cadena de valor<\/strong> darrere de les seves peces, com funciona <strong>l\u2019 upcycling en el m\u00f3n de la moda<\/strong> o com les <strong>noves tecnologies<\/strong> estan comen\u00e7ant a oferir alternatives per a produir i consumir moda de manera responsable amb la salut planet\u00e0ria. Coneguem una mica m\u00e9s sobre ella.<\/p>\n<h5 style=\"font-size: 20px; margin-top: 35px;\"><em><strong>Sylvia, qu\u00e8 \u00e9s per a tu la creativitat?<\/strong><\/em><\/h5>\n<p>Per a mi \u00e9s l&#8217;expressi\u00f3 del nostre m\u00f3n interior. Per\u00f2 creativitat no solament \u00e9s expressar aquelles idees, sentiments que portem dins, tamb\u00e9 creativitat \u00e9s com expressem aquests sentiment. Al mateix temps, aquesta manera d&#8217;expressar crec que ha d&#8217;anar alineada amb la sostenibilitat, amb la circularitat, amb les exig\u00e8ncies que tenim avui dia per la necessitat d&#8217;abordar la crisi clim\u00e0tica.<\/p>\n<h5 style=\"font-size: 20px; margin-top: 35px;\"><em><strong>Qu\u00e8 opines de salons com a Creativa Barcelona?<\/strong><\/em><\/h5>\n<p>\u00c9s una fira necess\u00e0ria, sobretot, en l&#8217;entorn digital en el qual vivim. Perqu\u00e8, tot el que veurem i compartirem en Creativa Barcelona el podrem despr\u00e9s aplicar en la vida real, i aix\u00f2 \u00e9s un aspecte que no hem d&#8217;oblidar. La presencialitat mai ha de perdre&#8217;s. Hem de desenvolupar les nostres habilitats en la tecnologia digital, per\u00f2 tamb\u00e9 hem de mantenir les de tocar, veure, descobrir en persona. A m\u00e9s, la ind\u00fastria de la creativitat \u00e9s un sector molt potent, i fires d&#8217;aquest tipus s\u00f3n necess\u00e0ries.<\/p>\n<h5 style=\"font-size: 20px; margin-top: 35px;\"><em><strong>Per qu\u00e8 creus que hauria d&#8217;anar la gent a Creativa Barcelona?<\/strong><\/em><\/h5>\n<p>Per a veure les \u00faltimes novetats del sector. El que va sortint per a inspirar-se. Les persones que fem coses amb les mans aquests est\u00edmuls van genial. Els tallers s\u00f3n molt importants perqu\u00e8 ens acosten a tend\u00e8ncies diferents. Tamb\u00e9 \u00e9s important el networking, el parlar amb les persones, con\u00e8ixer i compartir. Cal anar a Creativa per a estar a l&#8217;\u00faltima de les noves tend\u00e8ncies, per a experimentar, per a compartir, per a veure i, sobretot, per a aprendre<\/p>\n<h5 style=\"font-size: 20px; margin-top: 35px;\"><em><strong>Com t&#8217;introdueixes en el m\u00f3n de la moda i espec\u00edficament, en el de la &#8220;moda sostenible&#8221;?<\/strong><\/em><\/h5>\n<p>Jo s\u00f3c fil\u00f2loga anglesa. He treballat en el m\u00f3n de l&#8217;aviaci\u00f3. Tamb\u00e9 en el negoci mar\u00edtim, i del ciment. Amb el que no tenia res a veure amb la moda. Per\u00f2 sempre he tingut inquietuds per a aprendre i fer, per a crear. En la meva \u00e8poca no hi havia alternatives per a aprendre aix\u00f2. Per aix\u00f2, ho tenia com una assignatura pendent. La meva \u00e0via era modista, sempre l&#8217;havia vist cosir i em fascinava com aquestes teles planes es transformaven en aquests volums. I aquest art de cosir. Perqu\u00e8 cosir b\u00e9 \u00e9s un art. Es requereix de molta dedicaci\u00f3 i \u00e9s una habilitat que, juntament amb la creativitat, es poden fer coses incre\u00efbles.<br \/>\nI en la moda sostenible, perqu\u00e8 vaig entrar despr\u00e9s d&#8217;anar en Biocultura a una confer\u00e8ncia on es parlava de l&#8217;impacte de la moda en el planeta, en la societat. All\u00ed em vaig quedar en xoc. Vaig comen\u00e7ar a investigar sobre el tema i tenia clar que, si alguna vegada feia alguna cosa en el m\u00f3n de la moda, anava a anar per aquest cam\u00ed, en la moda sostenible. Perqu\u00e8 jo vull ser part de la soluci\u00f3, no part del problema.<\/p>\n<h5 style=\"font-size: 20px; margin-top: 35px;\"><em><strong>La teva gran peculiaritat, all\u00f2 que et fa \u00fanica, s\u00f3n els teus dissenys amb teles reciclades dels sacs de caf\u00e8. Explica&#8217;ns, com va sorgir la idea?<\/strong><\/em><\/h5>\n<p>Quan vaig estar en aquesta confer\u00e8ncia, vaig aprendre que el material m\u00e9s sostenible \u00e9s el que ja existeix. I vaig veure alguns exemples de bosses fetes amb restes d&#8217;autom\u00f2bil. Llavors vaig comen\u00e7ar a pensar en quin residu podia reutilitzar per a donar-li un nou \u00fas. Jo, com estava en el sector mar\u00edtim, em vaig creuar amb alguna c\u00e0rrega de caf\u00e8 i vaig pensar en els sacs de caf\u00e8, en el jute, en aquesta fibra natural\u2026 Vaig comen\u00e7ar a investigar i vaig buscar la forma per a reutilitzar aquest material i donar-li una nova vida per a posar-lo damunt d&#8217;una passarel\u00b7la. Vaig agafar uns sacs del Port de Barcelona i vaig comen\u00e7ar aix\u00ed, provant. Vaig comen\u00e7ar amb prova i error fins que vaig aconseguir fer-ho b\u00e9.  <\/p>\n<h5 style=\"font-size: 20px; margin-top: 35px;\"><em><strong>El reciclatge i la moda van de bracet en el teu cas, i sense perdre un \u00e0pex de creativitat Creus que aquest \u00e9s el futur de la moda?<\/strong><\/em><\/h5>\n<p>Clar, crec que s\u00ed. No sols en l&#8217;aspecte de com jo el faig. Tamb\u00e9 en les noves regulacions de la Uni\u00f3 Europea, que requeriran que els materials continguin un percentatge de reciclatge, i que es puguin reciclar, etc. Ser\u00e0 un impuls per a donar-los una segona vida. D&#8217;una manera o una altra, aquest \u00e9s el futur. Perqu\u00e8 hem de reduir la quantitat de mat\u00e8ria primera que usem, per a donar-li a la naturalesa un respir.<\/p>\n<h5 style=\"font-size: 20px; margin-top: 35px;\"><em><strong>Quines altres maneres de fer moda circular proposaries descobrir?<\/strong><\/em><\/h5>\n<p>La moda circular no est\u00e0 nom\u00e9s en els materials que utilitzem, tamb\u00e9 est\u00e0 en els processos, en les estrat\u00e8gies que hi ha en el disseny. Tots els que ens dediquem a la creativitat podem aplicar diferents estrat\u00e8gies de circularitat. Es poden fer productes que siguin modulables, \u00e9s a dir, que es puguin usar de diferents maneres. Jo, per exemple, tinc una bossa que es pot usar de 8 maneres diferents.<\/p>\n<h5 style=\"font-size: 20px; margin-top: 35px;\"><em><strong>Com podem lluitar contra el fast fashion?<\/strong><\/em><\/h5>\n<p>En lloc de lluitar contra el *fast *fashion hem de concentrar-nos a fer millor les coses.<\/strong><\/em><\/h5>\n<h5 style=\"font-size: 20px; margin-top: 35px;\"><em><strong>Explica&#8217;ns, per damunt, qu\u00e8 presentar\u00e0s en Creativa?<\/strong><\/em><\/h5>\n<p>Perqu\u00e8 no donar\u00e9 molts detalls perqu\u00e8 la gent vingui, per\u00f2 b\u00e0sicament, presentarem el projecte que he desenvolupat amb Thissideup.coffee a Indon\u00e8sia. Perqu\u00e8, quan pensem en sacs de caf\u00e8, pensem en els sacs de jute, per\u00f2 tamb\u00e9 hi ha de cot\u00f3. I hem desenvolupat un projecte que implica i dona visibilitat a tota la cadena de valor, des de l&#8217;origen d&#8217;aquests sacs fins quan els donem una segona vida. Per\u00f2 ho explicarem molt millor el dia 9 en Creativa Barcelona. Us esperem!<\/p>\n","protected":false},"excerpt":{"rendered":"<p>La ind\u00fastria de la moda \u00e9s de les m\u00e9s contaminants. El conegut com \u201cFast Fashion\u201d, que promou el \u201cproduir, usar i llan\u00e7ar\u201d, no \u00e9s sostenible. Per\u00f2 cada vegada s\u00f3n m\u00e9s les dissenyadores i creadores que aposten per la moda circular i sostenible. Es tracta de reconvertir l&#8217;exc\u00e9s de producci\u00f3 en una cosa reutilitzable, un dels [&hellip;]<\/p>\n","protected":false},"author":1,"featured_media":14804,"comment_status":"closed","ping_status":"closed","sticky":false,"template":"","format":"standard","meta":{"footnotes":""},"categories":[210,54],"tags":[],"class_list":["post-14807","post","type-post","status-publish","format-standard","has-post-thumbnail","hentry","category-creativa-2023-ca","category-entrevistes"],"yoast_head":"<!-- This site is optimized with the Yoast SEO plugin v27.5 - https:\/\/yoast.com\/product\/yoast-seo-wordpress\/ -->\n<title>Sylvia Calvo, Dissenyadora - &quot;Tots els que ens dediquem a la creativitat podem aplicar diferents estrat\u00e8gies de circularitat&quot; - Creativa Barcelona<\/title>\n<meta name=\"robots\" content=\"index, follow, max-snippet:-1, max-image-preview:large, max-video-preview:-1\" \/>\n<link rel=\"canonical\" href=\"https:\/\/creativabarcelona.com\/ca\/sylvia-calvo-disenadora-todos-los-que-nos-dedicamos-a-la-creatividad-podemos-aplicar-diferentes-estrategias-de-circularidad\/\" \/>\n<meta property=\"og:locale\" content=\"ca_ES\" \/>\n<meta property=\"og:type\" content=\"article\" \/>\n<meta property=\"og:title\" content=\"Sylvia Calvo, Dissenyadora - &quot;Tots els que ens dediquem a la creativitat podem aplicar diferents estrat\u00e8gies de circularitat&quot; - Creativa Barcelona\" \/>\n<meta property=\"og:description\" content=\"La ind\u00fastria de la moda \u00e9s de les m\u00e9s contaminants. El conegut com \u201cFast Fashion\u201d, que promou el \u201cproduir, usar i llan\u00e7ar\u201d, no \u00e9s sostenible. Per\u00f2 cada vegada s\u00f3n m\u00e9s les dissenyadores i creadores que aposten per la moda circular i sostenible. Es tracta de reconvertir l&#8217;exc\u00e9s de producci\u00f3 en una cosa reutilitzable, un dels [&hellip;]\" \/>\n<meta property=\"og:url\" content=\"https:\/\/creativabarcelona.com\/ca\/sylvia-calvo-disenadora-todos-los-que-nos-dedicamos-a-la-creatividad-podemos-aplicar-diferentes-estrategias-de-circularidad\/\" \/>\n<meta property=\"og:site_name\" content=\"Creativa Barcelona\" \/>\n<meta property=\"article:published_time\" content=\"2023-11-03T11:11:58+00:00\" \/>\n<meta property=\"article:modified_time\" content=\"2023-11-03T11:15:35+00:00\" \/>\n<meta property=\"og:image\" content=\"https:\/\/creativabarcelona.com\/wp-content\/uploads\/2023\/11\/entrevista_sylvia_calvo_creativa_2023.jpg\" \/>\n\t<meta property=\"og:image:width\" content=\"750\" \/>\n\t<meta property=\"og:image:height\" content=\"550\" \/>\n\t<meta property=\"og:image:type\" content=\"image\/jpeg\" \/>\n<meta name=\"author\" content=\"Creativa Barcelona\" \/>\n<meta name=\"twitter:card\" content=\"summary_large_image\" \/>\n<meta name=\"twitter:label1\" content=\"Escrit per\" \/>\n\t<meta name=\"twitter:data1\" content=\"Creativa Barcelona\" \/>\n\t<meta name=\"twitter:label2\" content=\"Temps estimat de lectura\" \/>\n\t<meta name=\"twitter:data2\" content=\"6 minuts\" \/>\n<script type=\"application\/ld+json\" class=\"yoast-schema-graph\">{\"@context\":\"https:\\\/\\\/schema.org\",\"@graph\":[{\"@type\":\"Article\",\"@id\":\"https:\\\/\\\/creativabarcelona.com\\\/ca\\\/sylvia-calvo-disenadora-todos-los-que-nos-dedicamos-a-la-creatividad-podemos-aplicar-diferentes-estrategias-de-circularidad\\\/#article\",\"isPartOf\":{\"@id\":\"https:\\\/\\\/creativabarcelona.com\\\/ca\\\/sylvia-calvo-disenadora-todos-los-que-nos-dedicamos-a-la-creatividad-podemos-aplicar-diferentes-estrategias-de-circularidad\\\/\"},\"author\":{\"name\":\"Creativa Barcelona\",\"@id\":\"https:\\\/\\\/creativabarcelona.com\\\/#\\\/schema\\\/person\\\/88136af06c702fba6a4a56fccac027e3\"},\"headline\":\"Sylvia Calvo, Dissenyadora &#8211; &#8220;Tots els que ens dediquem a la creativitat podem aplicar diferents estrat\u00e8gies de circularitat&#8221;\",\"datePublished\":\"2023-11-03T11:11:58+00:00\",\"dateModified\":\"2023-11-03T11:15:35+00:00\",\"mainEntityOfPage\":{\"@id\":\"https:\\\/\\\/creativabarcelona.com\\\/ca\\\/sylvia-calvo-disenadora-todos-los-que-nos-dedicamos-a-la-creatividad-podemos-aplicar-diferentes-estrategias-de-circularidad\\\/\"},\"wordCount\":1221,\"publisher\":{\"@id\":\"https:\\\/\\\/creativabarcelona.com\\\/#organization\"},\"image\":{\"@id\":\"https:\\\/\\\/creativabarcelona.com\\\/ca\\\/sylvia-calvo-disenadora-todos-los-que-nos-dedicamos-a-la-creatividad-podemos-aplicar-diferentes-estrategias-de-circularidad\\\/#primaryimage\"},\"thumbnailUrl\":\"https:\\\/\\\/creativabarcelona.com\\\/wp-content\\\/uploads\\\/2023\\\/11\\\/entrevista_sylvia_calvo_creativa_2023.jpg\",\"articleSection\":[\"Creativa 2023\",\"Entrevistes\"],\"inLanguage\":\"ca\"},{\"@type\":\"WebPage\",\"@id\":\"https:\\\/\\\/creativabarcelona.com\\\/ca\\\/sylvia-calvo-disenadora-todos-los-que-nos-dedicamos-a-la-creatividad-podemos-aplicar-diferentes-estrategias-de-circularidad\\\/\",\"url\":\"https:\\\/\\\/creativabarcelona.com\\\/ca\\\/sylvia-calvo-disenadora-todos-los-que-nos-dedicamos-a-la-creatividad-podemos-aplicar-diferentes-estrategias-de-circularidad\\\/\",\"name\":\"Sylvia Calvo, Dissenyadora - \\\"Tots els que ens dediquem a la creativitat podem aplicar diferents estrat\u00e8gies de circularitat\\\" - Creativa Barcelona\",\"isPartOf\":{\"@id\":\"https:\\\/\\\/creativabarcelona.com\\\/#website\"},\"primaryImageOfPage\":{\"@id\":\"https:\\\/\\\/creativabarcelona.com\\\/ca\\\/sylvia-calvo-disenadora-todos-los-que-nos-dedicamos-a-la-creatividad-podemos-aplicar-diferentes-estrategias-de-circularidad\\\/#primaryimage\"},\"image\":{\"@id\":\"https:\\\/\\\/creativabarcelona.com\\\/ca\\\/sylvia-calvo-disenadora-todos-los-que-nos-dedicamos-a-la-creatividad-podemos-aplicar-diferentes-estrategias-de-circularidad\\\/#primaryimage\"},\"thumbnailUrl\":\"https:\\\/\\\/creativabarcelona.com\\\/wp-content\\\/uploads\\\/2023\\\/11\\\/entrevista_sylvia_calvo_creativa_2023.jpg\",\"datePublished\":\"2023-11-03T11:11:58+00:00\",\"dateModified\":\"2023-11-03T11:15:35+00:00\",\"breadcrumb\":{\"@id\":\"https:\\\/\\\/creativabarcelona.com\\\/ca\\\/sylvia-calvo-disenadora-todos-los-que-nos-dedicamos-a-la-creatividad-podemos-aplicar-diferentes-estrategias-de-circularidad\\\/#breadcrumb\"},\"inLanguage\":\"ca\",\"potentialAction\":[{\"@type\":\"ReadAction\",\"target\":[\"https:\\\/\\\/creativabarcelona.com\\\/ca\\\/sylvia-calvo-disenadora-todos-los-que-nos-dedicamos-a-la-creatividad-podemos-aplicar-diferentes-estrategias-de-circularidad\\\/\"]}]},{\"@type\":\"ImageObject\",\"inLanguage\":\"ca\",\"@id\":\"https:\\\/\\\/creativabarcelona.com\\\/ca\\\/sylvia-calvo-disenadora-todos-los-que-nos-dedicamos-a-la-creatividad-podemos-aplicar-diferentes-estrategias-de-circularidad\\\/#primaryimage\",\"url\":\"https:\\\/\\\/creativabarcelona.com\\\/wp-content\\\/uploads\\\/2023\\\/11\\\/entrevista_sylvia_calvo_creativa_2023.jpg\",\"contentUrl\":\"https:\\\/\\\/creativabarcelona.com\\\/wp-content\\\/uploads\\\/2023\\\/11\\\/entrevista_sylvia_calvo_creativa_2023.jpg\",\"width\":750,\"height\":550},{\"@type\":\"BreadcrumbList\",\"@id\":\"https:\\\/\\\/creativabarcelona.com\\\/ca\\\/sylvia-calvo-disenadora-todos-los-que-nos-dedicamos-a-la-creatividad-podemos-aplicar-diferentes-estrategias-de-circularidad\\\/#breadcrumb\",\"itemListElement\":[{\"@type\":\"ListItem\",\"position\":1,\"name\":\"Portada\",\"item\":\"https:\\\/\\\/creativabarcelona.com\\\/ca\\\/\"},{\"@type\":\"ListItem\",\"position\":2,\"name\":\"Sylvia Calvo, Dissenyadora &#8211; \u00abTots els que ens dediquem a la creativitat podem aplicar diferents estrat\u00e8gies de circularitat\u00bb\"}]},{\"@type\":\"WebSite\",\"@id\":\"https:\\\/\\\/creativabarcelona.com\\\/#website\",\"url\":\"https:\\\/\\\/creativabarcelona.com\\\/\",\"name\":\"Creativa Barcelona\",\"description\":\"Sal\u00f3 de les Manualitats i Artesanies\",\"publisher\":{\"@id\":\"https:\\\/\\\/creativabarcelona.com\\\/#organization\"},\"potentialAction\":[{\"@type\":\"SearchAction\",\"target\":{\"@type\":\"EntryPoint\",\"urlTemplate\":\"https:\\\/\\\/creativabarcelona.com\\\/?s={search_term_string}\"},\"query-input\":{\"@type\":\"PropertyValueSpecification\",\"valueRequired\":true,\"valueName\":\"search_term_string\"}}],\"inLanguage\":\"ca\"},{\"@type\":\"Organization\",\"@id\":\"https:\\\/\\\/creativabarcelona.com\\\/#organization\",\"name\":\"Creativa Barcelona\",\"url\":\"https:\\\/\\\/creativabarcelona.com\\\/\",\"logo\":{\"@type\":\"ImageObject\",\"inLanguage\":\"ca\",\"@id\":\"https:\\\/\\\/creativabarcelona.com\\\/#\\\/schema\\\/logo\\\/image\\\/\",\"url\":\"https:\\\/\\\/creativabarcelona.com\\\/wp-content\\\/uploads\\\/2025\\\/03\\\/logo_creativa_barcelona_Cast-1.png\",\"contentUrl\":\"https:\\\/\\\/creativabarcelona.com\\\/wp-content\\\/uploads\\\/2025\\\/03\\\/logo_creativa_barcelona_Cast-1.png\",\"width\":777,\"height\":417,\"caption\":\"Creativa Barcelona\"},\"image\":{\"@id\":\"https:\\\/\\\/creativabarcelona.com\\\/#\\\/schema\\\/logo\\\/image\\\/\"}},{\"@type\":\"Person\",\"@id\":\"https:\\\/\\\/creativabarcelona.com\\\/#\\\/schema\\\/person\\\/88136af06c702fba6a4a56fccac027e3\",\"name\":\"Creativa Barcelona\",\"image\":{\"@type\":\"ImageObject\",\"inLanguage\":\"ca\",\"@id\":\"https:\\\/\\\/secure.gravatar.com\\\/avatar\\\/9751d88ddbee61c132bde30a2ddd40a6948919cbc65d9dc0baed64e15bd22aca?s=96&d=mm&r=g\",\"url\":\"https:\\\/\\\/secure.gravatar.com\\\/avatar\\\/9751d88ddbee61c132bde30a2ddd40a6948919cbc65d9dc0baed64e15bd22aca?s=96&d=mm&r=g\",\"contentUrl\":\"https:\\\/\\\/secure.gravatar.com\\\/avatar\\\/9751d88ddbee61c132bde30a2ddd40a6948919cbc65d9dc0baed64e15bd22aca?s=96&d=mm&r=g\",\"caption\":\"Creativa Barcelona\"},\"sameAs\":[\"https:\\\/\\\/creativabarcelona.com\"],\"url\":\"https:\\\/\\\/creativabarcelona.com\\\/ca\\\/author\\\/crea20tiv22bcn\\\/\"}]}<\/script>\n<!-- \/ Yoast SEO plugin. -->","yoast_head_json":{"title":"Sylvia Calvo, Dissenyadora - \"Tots els que ens dediquem a la creativitat podem aplicar diferents estrat\u00e8gies de circularitat\" - Creativa Barcelona","robots":{"index":"index","follow":"follow","max-snippet":"max-snippet:-1","max-image-preview":"max-image-preview:large","max-video-preview":"max-video-preview:-1"},"canonical":"https:\/\/creativabarcelona.com\/ca\/sylvia-calvo-disenadora-todos-los-que-nos-dedicamos-a-la-creatividad-podemos-aplicar-diferentes-estrategias-de-circularidad\/","og_locale":"ca_ES","og_type":"article","og_title":"Sylvia Calvo, Dissenyadora - \"Tots els que ens dediquem a la creativitat podem aplicar diferents estrat\u00e8gies de circularitat\" - Creativa Barcelona","og_description":"La ind\u00fastria de la moda \u00e9s de les m\u00e9s contaminants. El conegut com \u201cFast Fashion\u201d, que promou el \u201cproduir, usar i llan\u00e7ar\u201d, no \u00e9s sostenible. Per\u00f2 cada vegada s\u00f3n m\u00e9s les dissenyadores i creadores que aposten per la moda circular i sostenible. Es tracta de reconvertir l&#8217;exc\u00e9s de producci\u00f3 en una cosa reutilitzable, un dels [&hellip;]","og_url":"https:\/\/creativabarcelona.com\/ca\/sylvia-calvo-disenadora-todos-los-que-nos-dedicamos-a-la-creatividad-podemos-aplicar-diferentes-estrategias-de-circularidad\/","og_site_name":"Creativa Barcelona","article_published_time":"2023-11-03T11:11:58+00:00","article_modified_time":"2023-11-03T11:15:35+00:00","og_image":[{"width":750,"height":550,"url":"https:\/\/creativabarcelona.com\/wp-content\/uploads\/2023\/11\/entrevista_sylvia_calvo_creativa_2023.jpg","type":"image\/jpeg"}],"author":"Creativa Barcelona","twitter_card":"summary_large_image","twitter_misc":{"Escrit per":"Creativa Barcelona","Temps estimat de lectura":"6 minuts"},"schema":{"@context":"https:\/\/schema.org","@graph":[{"@type":"Article","@id":"https:\/\/creativabarcelona.com\/ca\/sylvia-calvo-disenadora-todos-los-que-nos-dedicamos-a-la-creatividad-podemos-aplicar-diferentes-estrategias-de-circularidad\/#article","isPartOf":{"@id":"https:\/\/creativabarcelona.com\/ca\/sylvia-calvo-disenadora-todos-los-que-nos-dedicamos-a-la-creatividad-podemos-aplicar-diferentes-estrategias-de-circularidad\/"},"author":{"name":"Creativa Barcelona","@id":"https:\/\/creativabarcelona.com\/#\/schema\/person\/88136af06c702fba6a4a56fccac027e3"},"headline":"Sylvia Calvo, Dissenyadora &#8211; &#8220;Tots els que ens dediquem a la creativitat podem aplicar diferents estrat\u00e8gies de circularitat&#8221;","datePublished":"2023-11-03T11:11:58+00:00","dateModified":"2023-11-03T11:15:35+00:00","mainEntityOfPage":{"@id":"https:\/\/creativabarcelona.com\/ca\/sylvia-calvo-disenadora-todos-los-que-nos-dedicamos-a-la-creatividad-podemos-aplicar-diferentes-estrategias-de-circularidad\/"},"wordCount":1221,"publisher":{"@id":"https:\/\/creativabarcelona.com\/#organization"},"image":{"@id":"https:\/\/creativabarcelona.com\/ca\/sylvia-calvo-disenadora-todos-los-que-nos-dedicamos-a-la-creatividad-podemos-aplicar-diferentes-estrategias-de-circularidad\/#primaryimage"},"thumbnailUrl":"https:\/\/creativabarcelona.com\/wp-content\/uploads\/2023\/11\/entrevista_sylvia_calvo_creativa_2023.jpg","articleSection":["Creativa 2023","Entrevistes"],"inLanguage":"ca"},{"@type":"WebPage","@id":"https:\/\/creativabarcelona.com\/ca\/sylvia-calvo-disenadora-todos-los-que-nos-dedicamos-a-la-creatividad-podemos-aplicar-diferentes-estrategias-de-circularidad\/","url":"https:\/\/creativabarcelona.com\/ca\/sylvia-calvo-disenadora-todos-los-que-nos-dedicamos-a-la-creatividad-podemos-aplicar-diferentes-estrategias-de-circularidad\/","name":"Sylvia Calvo, Dissenyadora - \"Tots els que ens dediquem a la creativitat podem aplicar diferents estrat\u00e8gies de circularitat\" - Creativa Barcelona","isPartOf":{"@id":"https:\/\/creativabarcelona.com\/#website"},"primaryImageOfPage":{"@id":"https:\/\/creativabarcelona.com\/ca\/sylvia-calvo-disenadora-todos-los-que-nos-dedicamos-a-la-creatividad-podemos-aplicar-diferentes-estrategias-de-circularidad\/#primaryimage"},"image":{"@id":"https:\/\/creativabarcelona.com\/ca\/sylvia-calvo-disenadora-todos-los-que-nos-dedicamos-a-la-creatividad-podemos-aplicar-diferentes-estrategias-de-circularidad\/#primaryimage"},"thumbnailUrl":"https:\/\/creativabarcelona.com\/wp-content\/uploads\/2023\/11\/entrevista_sylvia_calvo_creativa_2023.jpg","datePublished":"2023-11-03T11:11:58+00:00","dateModified":"2023-11-03T11:15:35+00:00","breadcrumb":{"@id":"https:\/\/creativabarcelona.com\/ca\/sylvia-calvo-disenadora-todos-los-que-nos-dedicamos-a-la-creatividad-podemos-aplicar-diferentes-estrategias-de-circularidad\/#breadcrumb"},"inLanguage":"ca","potentialAction":[{"@type":"ReadAction","target":["https:\/\/creativabarcelona.com\/ca\/sylvia-calvo-disenadora-todos-los-que-nos-dedicamos-a-la-creatividad-podemos-aplicar-diferentes-estrategias-de-circularidad\/"]}]},{"@type":"ImageObject","inLanguage":"ca","@id":"https:\/\/creativabarcelona.com\/ca\/sylvia-calvo-disenadora-todos-los-que-nos-dedicamos-a-la-creatividad-podemos-aplicar-diferentes-estrategias-de-circularidad\/#primaryimage","url":"https:\/\/creativabarcelona.com\/wp-content\/uploads\/2023\/11\/entrevista_sylvia_calvo_creativa_2023.jpg","contentUrl":"https:\/\/creativabarcelona.com\/wp-content\/uploads\/2023\/11\/entrevista_sylvia_calvo_creativa_2023.jpg","width":750,"height":550},{"@type":"BreadcrumbList","@id":"https:\/\/creativabarcelona.com\/ca\/sylvia-calvo-disenadora-todos-los-que-nos-dedicamos-a-la-creatividad-podemos-aplicar-diferentes-estrategias-de-circularidad\/#breadcrumb","itemListElement":[{"@type":"ListItem","position":1,"name":"Portada","item":"https:\/\/creativabarcelona.com\/ca\/"},{"@type":"ListItem","position":2,"name":"Sylvia Calvo, Dissenyadora &#8211; \u00abTots els que ens dediquem a la creativitat podem aplicar diferents estrat\u00e8gies de circularitat\u00bb"}]},{"@type":"WebSite","@id":"https:\/\/creativabarcelona.com\/#website","url":"https:\/\/creativabarcelona.com\/","name":"Creativa Barcelona","description":"Sal\u00f3 de les Manualitats i Artesanies","publisher":{"@id":"https:\/\/creativabarcelona.com\/#organization"},"potentialAction":[{"@type":"SearchAction","target":{"@type":"EntryPoint","urlTemplate":"https:\/\/creativabarcelona.com\/?s={search_term_string}"},"query-input":{"@type":"PropertyValueSpecification","valueRequired":true,"valueName":"search_term_string"}}],"inLanguage":"ca"},{"@type":"Organization","@id":"https:\/\/creativabarcelona.com\/#organization","name":"Creativa Barcelona","url":"https:\/\/creativabarcelona.com\/","logo":{"@type":"ImageObject","inLanguage":"ca","@id":"https:\/\/creativabarcelona.com\/#\/schema\/logo\/image\/","url":"https:\/\/creativabarcelona.com\/wp-content\/uploads\/2025\/03\/logo_creativa_barcelona_Cast-1.png","contentUrl":"https:\/\/creativabarcelona.com\/wp-content\/uploads\/2025\/03\/logo_creativa_barcelona_Cast-1.png","width":777,"height":417,"caption":"Creativa Barcelona"},"image":{"@id":"https:\/\/creativabarcelona.com\/#\/schema\/logo\/image\/"}},{"@type":"Person","@id":"https:\/\/creativabarcelona.com\/#\/schema\/person\/88136af06c702fba6a4a56fccac027e3","name":"Creativa Barcelona","image":{"@type":"ImageObject","inLanguage":"ca","@id":"https:\/\/secure.gravatar.com\/avatar\/9751d88ddbee61c132bde30a2ddd40a6948919cbc65d9dc0baed64e15bd22aca?s=96&d=mm&r=g","url":"https:\/\/secure.gravatar.com\/avatar\/9751d88ddbee61c132bde30a2ddd40a6948919cbc65d9dc0baed64e15bd22aca?s=96&d=mm&r=g","contentUrl":"https:\/\/secure.gravatar.com\/avatar\/9751d88ddbee61c132bde30a2ddd40a6948919cbc65d9dc0baed64e15bd22aca?s=96&d=mm&r=g","caption":"Creativa Barcelona"},"sameAs":["https:\/\/creativabarcelona.com"],"url":"https:\/\/creativabarcelona.com\/ca\/author\/crea20tiv22bcn\/"}]}},"_links":{"self":[{"href":"https:\/\/creativabarcelona.com\/ca\/wp-json\/wp\/v2\/posts\/14807","targetHints":{"allow":["GET"]}}],"collection":[{"href":"https:\/\/creativabarcelona.com\/ca\/wp-json\/wp\/v2\/posts"}],"about":[{"href":"https:\/\/creativabarcelona.com\/ca\/wp-json\/wp\/v2\/types\/post"}],"author":[{"embeddable":true,"href":"https:\/\/creativabarcelona.com\/ca\/wp-json\/wp\/v2\/users\/1"}],"replies":[{"embeddable":true,"href":"https:\/\/creativabarcelona.com\/ca\/wp-json\/wp\/v2\/comments?post=14807"}],"version-history":[{"count":2,"href":"https:\/\/creativabarcelona.com\/ca\/wp-json\/wp\/v2\/posts\/14807\/revisions"}],"predecessor-version":[{"id":14809,"href":"https:\/\/creativabarcelona.com\/ca\/wp-json\/wp\/v2\/posts\/14807\/revisions\/14809"}],"wp:featuredmedia":[{"embeddable":true,"href":"https:\/\/creativabarcelona.com\/ca\/wp-json\/wp\/v2\/media\/14804"}],"wp:attachment":[{"href":"https:\/\/creativabarcelona.com\/ca\/wp-json\/wp\/v2\/media?parent=14807"}],"wp:term":[{"taxonomy":"category","embeddable":true,"href":"https:\/\/creativabarcelona.com\/ca\/wp-json\/wp\/v2\/categories?post=14807"},{"taxonomy":"post_tag","embeddable":true,"href":"https:\/\/creativabarcelona.com\/ca\/wp-json\/wp\/v2\/tags?post=14807"}],"curies":[{"name":"wp","href":"https:\/\/api.w.org\/{rel}","templated":true}]}}