{"id":14839,"date":"2023-11-03T13:07:56","date_gmt":"2023-11-03T12:07:56","guid":{"rendered":"https:\/\/creativabarcelona.com\/el-escenario-de-creativa-el-nuevo-espacio-del-salon-donde-pasaran-muchas-cosas\/"},"modified":"2023-11-03T17:03:06","modified_gmt":"2023-11-03T16:03:06","slug":"lescenari-de-creativa-el-nou-espai-del-salo-on-passaran-moltes-coses","status":"publish","type":"post","link":"https:\/\/creativabarcelona.com\/ca\/lescenari-de-creativa-el-nou-espai-del-salo-on-passaran-moltes-coses\/","title":{"rendered":"L&#8217;Escenari de Creativa, el nou espai del Sal\u00f3 on passaran moltes coses"},"content":{"rendered":"<p><strong>Aquesta edici\u00f3 de Creativa Barcelona est\u00e0 plena de novetats, entre elles, l&#8217;augment de l&#8217;espai que el Sal\u00f3 ocupar\u00e0 en La Farga de l&#8217;Hospitalet. I \u00e9s que, enguany tots els racons del recinte firal estaran ocupats per la creativitat, la imaginaci\u00f3 i l&#8217;art. I amb m\u00e9s espai, aquesta edici\u00f3 tindrem el luxe de comptar amb un ampli Escenari, on passaran moltes coses.<\/strong><\/p>\n<p>Aquesta zona del Sal\u00f3 albergar\u00e0 masterclass, xerrades i confer\u00e8ncies, showcookings, presentacions de llibres i molt m\u00e9s. Un espai on algunes de les artistes, especialistes i influencers m\u00e9s destacades que passaran per Creativa podran dirigir-se al p\u00fablic en general i compartir les seves idees, trucs i experi\u00e8ncies.<\/p>\n<p>Aix\u00ed, veurem en l&#8217;Escenari les masterclass d&#8217;<strong>Oh Mami! Croche<\/strong>t i el seu ganxet. La brodadora i influencer <strong>Camomille Creations<\/strong> ens ensenyar\u00e0 a brodar una lletra inicial de flors. <strong>Mar\u00eda Jos\u00e9 Stampa<\/strong>, de todopuntodecruz.com, impartir\u00e0 una classe d&#8217;iniciaci\u00f3 al punt de creu, i tamb\u00e9 ens ensenyaran qu\u00e8 \u00e9s l\u2019Hardenger, una t\u00e8cnica de brodat tradicional noruec molt elegant que combina el brodat tradicional i calat, sobre tela de punts comptats. Diana, d&#8217;<strong>Una Mami Crafter<\/strong>, oferir\u00e0 una masterclass per a detectar que la creativitat \u00e9s un \u201cs\u00faperpoder\u201d. Per part seva, <strong>Luna de Septembre<\/strong>, \u00e9s a dir, Anna Camps, explicar\u00e0 de forma molt pr\u00e0ctica qu\u00e8 \u00e9s el MIXMEDIA, i com podem aplicar la t\u00e8cnica mixta en els nostres projectes. I <strong>Dunaon i Pilli Sallent<\/strong>, a m\u00e9s de presentar respectivament les seves col\u00b7leccions de scrapbooking, realitzaran cadascuna d&#8217;elles una masterclass en directe.<\/p>\n<p>La moda i el disseny seran tamb\u00e9 protagonistes en aquest espai de Creativa. Aix\u00ed, la dissenyadora <strong>Sylvia Calvo<\/strong> presentar\u00e0 el seu peculiar projecte de moda circular, basat en el reciclatge de sacs de caf\u00e8 de jute i de cot\u00f3 per als seus dissenys. I <strong>Karme Mart\u00ednez Baiges<\/strong>, CEO i fundadora de la marca Upcycled Luxury BeKarme, presentar\u00e0 el seu model de negoci eco-innovador del sector t\u00e8xtil. La directora de l&#8217;escola EADIMODA, <strong>Gemma Rullo<\/strong>, tamb\u00e9 portar\u00e0 la moda fins a l&#8217;Escenari amb una xerrada sobre com i per qu\u00e8 triar la moda com a ofici.<\/p>\n<p>De fet, l&#8217;emprenedoria estar\u00e0 molt present en aquest espai, no sols amb la xerrada de Gemma Rullo. Aix\u00ed, <strong>Natalia Horstmann<\/strong>, project manager en weagora.in i <strong>Ariadna Sim\u00f3<\/strong>, professora i artista, creadora de continguts en weagora.in, explicaran 10 senzills passos per a materialitzar i fer cr\u00e9ixer el teu negoci digital en weagora.in. Mentre que la influencer <strong>Valentina\u2019s World<\/strong> parlar\u00e0 d&#8217;emprenedoria en la seva xerrada sobre com comen\u00e7ar un negoci creatiu.<\/p>\n<p>Per part seva, <strong>Silvia Thelma<\/strong>, representant de Grup Entre Compas per Catalunya, portar\u00e0 a l&#8217;Escenari un trosset de M\u00e8xic, ja que explicar\u00e0 que es el Mezcal, una beguda ancestral mexicana que la planta de l&#8217;atzavara ens ofereix.<\/p>\n<p>La influencer <strong>El amante volador<\/strong> presentar\u00e0 el seu llibre \u201cReceptari de Lettering\u201d, i <strong>David, de Sibux Fotografia<\/strong> oferir\u00e0 una confer\u00e8ncia sobre la fotografia com a eina social i comunit\u00e0ria.<\/p>\n<p><a href=\"https:\/\/creativabarcelona.com\/ca\/activitats-a-lescenari\/\"><strong>Informa&#8217;t de totes les activitats que hi haur\u00e0 a l&#8217;escenari de Creativa Barcelona en aquest enlla\u00e7.<\/strong><\/a><\/p>\n","protected":false},"excerpt":{"rendered":"<p>Aquesta edici\u00f3 de Creativa Barcelona est\u00e0 plena de novetats, entre elles, l&#8217;augment de l&#8217;espai que el Sal\u00f3 ocupar\u00e0 en La Farga de l&#8217;Hospitalet. I \u00e9s que, enguany tots els racons del recinte firal estaran ocupats per la creativitat, la imaginaci\u00f3 i l&#8217;art. I amb m\u00e9s espai, aquesta edici\u00f3 tindrem el luxe de comptar amb un [&hellip;]<\/p>\n","protected":false},"author":1,"featured_media":14837,"comment_status":"closed","ping_status":"closed","sticky":false,"template":"","format":"standard","meta":{"footnotes":""},"categories":[49,210],"tags":[],"class_list":["post-14839","post","type-post","status-publish","format-standard","has-post-thumbnail","hentry","category-actualitat","category-creativa-2023-ca"],"yoast_head":"<!-- This site is optimized with the Yoast SEO plugin v27.5 - https:\/\/yoast.com\/product\/yoast-seo-wordpress\/ -->\n<title>L&#039;Escenari de Creativa, el nou espai del Sal\u00f3 on passaran moltes coses - Creativa Barcelona<\/title>\n<meta name=\"robots\" content=\"index, follow, max-snippet:-1, max-image-preview:large, max-video-preview:-1\" \/>\n<link rel=\"canonical\" href=\"https:\/\/creativabarcelona.com\/ca\/lescenari-de-creativa-el-nou-espai-del-salo-on-passaran-moltes-coses\/\" \/>\n<meta property=\"og:locale\" content=\"ca_ES\" \/>\n<meta property=\"og:type\" content=\"article\" \/>\n<meta property=\"og:title\" content=\"L&#039;Escenari de Creativa, el nou espai del Sal\u00f3 on passaran moltes coses - Creativa Barcelona\" \/>\n<meta property=\"og:description\" content=\"Aquesta edici\u00f3 de Creativa Barcelona est\u00e0 plena de novetats, entre elles, l&#8217;augment de l&#8217;espai que el Sal\u00f3 ocupar\u00e0 en La Farga de l&#8217;Hospitalet. I \u00e9s que, enguany tots els racons del recinte firal estaran ocupats per la creativitat, la imaginaci\u00f3 i l&#8217;art. I amb m\u00e9s espai, aquesta edici\u00f3 tindrem el luxe de comptar amb un [&hellip;]\" \/>\n<meta property=\"og:url\" content=\"https:\/\/creativabarcelona.com\/ca\/lescenari-de-creativa-el-nou-espai-del-salo-on-passaran-moltes-coses\/\" \/>\n<meta property=\"og:site_name\" content=\"Creativa Barcelona\" \/>\n<meta property=\"article:published_time\" content=\"2023-11-03T12:07:56+00:00\" \/>\n<meta property=\"article:modified_time\" content=\"2023-11-03T16:03:06+00:00\" \/>\n<meta property=\"og:image\" content=\"https:\/\/creativabarcelona.com\/wp-content\/uploads\/2023\/11\/noticia_escenario_creativa_2023.jpg\" \/>\n\t<meta property=\"og:image:width\" content=\"750\" \/>\n\t<meta property=\"og:image:height\" content=\"550\" \/>\n\t<meta property=\"og:image:type\" content=\"image\/jpeg\" \/>\n<meta name=\"author\" content=\"Creativa Barcelona\" \/>\n<meta name=\"twitter:card\" content=\"summary_large_image\" \/>\n<meta name=\"twitter:label1\" content=\"Escrit per\" \/>\n\t<meta name=\"twitter:data1\" content=\"Creativa Barcelona\" \/>\n\t<meta name=\"twitter:label2\" content=\"Temps estimat de lectura\" \/>\n\t<meta name=\"twitter:data2\" content=\"3 minuts\" \/>\n<script type=\"application\/ld+json\" class=\"yoast-schema-graph\">{\"@context\":\"https:\\\/\\\/schema.org\",\"@graph\":[{\"@type\":\"Article\",\"@id\":\"https:\\\/\\\/creativabarcelona.com\\\/ca\\\/lescenari-de-creativa-el-nou-espai-del-salo-on-passaran-moltes-coses\\\/#article\",\"isPartOf\":{\"@id\":\"https:\\\/\\\/creativabarcelona.com\\\/ca\\\/lescenari-de-creativa-el-nou-espai-del-salo-on-passaran-moltes-coses\\\/\"},\"author\":{\"name\":\"Creativa Barcelona\",\"@id\":\"https:\\\/\\\/creativabarcelona.com\\\/#\\\/schema\\\/person\\\/88136af06c702fba6a4a56fccac027e3\"},\"headline\":\"L&#8217;Escenari de Creativa, el nou espai del Sal\u00f3 on passaran moltes coses\",\"datePublished\":\"2023-11-03T12:07:56+00:00\",\"dateModified\":\"2023-11-03T16:03:06+00:00\",\"mainEntityOfPage\":{\"@id\":\"https:\\\/\\\/creativabarcelona.com\\\/ca\\\/lescenari-de-creativa-el-nou-espai-del-salo-on-passaran-moltes-coses\\\/\"},\"wordCount\":544,\"publisher\":{\"@id\":\"https:\\\/\\\/creativabarcelona.com\\\/#organization\"},\"image\":{\"@id\":\"https:\\\/\\\/creativabarcelona.com\\\/ca\\\/lescenari-de-creativa-el-nou-espai-del-salo-on-passaran-moltes-coses\\\/#primaryimage\"},\"thumbnailUrl\":\"https:\\\/\\\/creativabarcelona.com\\\/wp-content\\\/uploads\\\/2023\\\/11\\\/noticia_escenario_creativa_2023.jpg\",\"articleSection\":[\"Actualitat\",\"Creativa 2023\"],\"inLanguage\":\"ca\"},{\"@type\":\"WebPage\",\"@id\":\"https:\\\/\\\/creativabarcelona.com\\\/ca\\\/lescenari-de-creativa-el-nou-espai-del-salo-on-passaran-moltes-coses\\\/\",\"url\":\"https:\\\/\\\/creativabarcelona.com\\\/ca\\\/lescenari-de-creativa-el-nou-espai-del-salo-on-passaran-moltes-coses\\\/\",\"name\":\"L'Escenari de Creativa, el nou espai del Sal\u00f3 on passaran moltes coses - Creativa Barcelona\",\"isPartOf\":{\"@id\":\"https:\\\/\\\/creativabarcelona.com\\\/#website\"},\"primaryImageOfPage\":{\"@id\":\"https:\\\/\\\/creativabarcelona.com\\\/ca\\\/lescenari-de-creativa-el-nou-espai-del-salo-on-passaran-moltes-coses\\\/#primaryimage\"},\"image\":{\"@id\":\"https:\\\/\\\/creativabarcelona.com\\\/ca\\\/lescenari-de-creativa-el-nou-espai-del-salo-on-passaran-moltes-coses\\\/#primaryimage\"},\"thumbnailUrl\":\"https:\\\/\\\/creativabarcelona.com\\\/wp-content\\\/uploads\\\/2023\\\/11\\\/noticia_escenario_creativa_2023.jpg\",\"datePublished\":\"2023-11-03T12:07:56+00:00\",\"dateModified\":\"2023-11-03T16:03:06+00:00\",\"breadcrumb\":{\"@id\":\"https:\\\/\\\/creativabarcelona.com\\\/ca\\\/lescenari-de-creativa-el-nou-espai-del-salo-on-passaran-moltes-coses\\\/#breadcrumb\"},\"inLanguage\":\"ca\",\"potentialAction\":[{\"@type\":\"ReadAction\",\"target\":[\"https:\\\/\\\/creativabarcelona.com\\\/ca\\\/lescenari-de-creativa-el-nou-espai-del-salo-on-passaran-moltes-coses\\\/\"]}]},{\"@type\":\"ImageObject\",\"inLanguage\":\"ca\",\"@id\":\"https:\\\/\\\/creativabarcelona.com\\\/ca\\\/lescenari-de-creativa-el-nou-espai-del-salo-on-passaran-moltes-coses\\\/#primaryimage\",\"url\":\"https:\\\/\\\/creativabarcelona.com\\\/wp-content\\\/uploads\\\/2023\\\/11\\\/noticia_escenario_creativa_2023.jpg\",\"contentUrl\":\"https:\\\/\\\/creativabarcelona.com\\\/wp-content\\\/uploads\\\/2023\\\/11\\\/noticia_escenario_creativa_2023.jpg\",\"width\":750,\"height\":550},{\"@type\":\"BreadcrumbList\",\"@id\":\"https:\\\/\\\/creativabarcelona.com\\\/ca\\\/lescenari-de-creativa-el-nou-espai-del-salo-on-passaran-moltes-coses\\\/#breadcrumb\",\"itemListElement\":[{\"@type\":\"ListItem\",\"position\":1,\"name\":\"Portada\",\"item\":\"https:\\\/\\\/creativabarcelona.com\\\/ca\\\/\"},{\"@type\":\"ListItem\",\"position\":2,\"name\":\"L&#8217;Escenari de Creativa, el nou espai del Sal\u00f3 on passaran moltes coses\"}]},{\"@type\":\"WebSite\",\"@id\":\"https:\\\/\\\/creativabarcelona.com\\\/#website\",\"url\":\"https:\\\/\\\/creativabarcelona.com\\\/\",\"name\":\"Creativa Barcelona\",\"description\":\"Sal\u00f3 de les Manualitats i Artesanies\",\"publisher\":{\"@id\":\"https:\\\/\\\/creativabarcelona.com\\\/#organization\"},\"potentialAction\":[{\"@type\":\"SearchAction\",\"target\":{\"@type\":\"EntryPoint\",\"urlTemplate\":\"https:\\\/\\\/creativabarcelona.com\\\/?s={search_term_string}\"},\"query-input\":{\"@type\":\"PropertyValueSpecification\",\"valueRequired\":true,\"valueName\":\"search_term_string\"}}],\"inLanguage\":\"ca\"},{\"@type\":\"Organization\",\"@id\":\"https:\\\/\\\/creativabarcelona.com\\\/#organization\",\"name\":\"Creativa Barcelona\",\"url\":\"https:\\\/\\\/creativabarcelona.com\\\/\",\"logo\":{\"@type\":\"ImageObject\",\"inLanguage\":\"ca\",\"@id\":\"https:\\\/\\\/creativabarcelona.com\\\/#\\\/schema\\\/logo\\\/image\\\/\",\"url\":\"https:\\\/\\\/creativabarcelona.com\\\/wp-content\\\/uploads\\\/2025\\\/03\\\/logo_creativa_barcelona_Cast-1.png\",\"contentUrl\":\"https:\\\/\\\/creativabarcelona.com\\\/wp-content\\\/uploads\\\/2025\\\/03\\\/logo_creativa_barcelona_Cast-1.png\",\"width\":777,\"height\":417,\"caption\":\"Creativa Barcelona\"},\"image\":{\"@id\":\"https:\\\/\\\/creativabarcelona.com\\\/#\\\/schema\\\/logo\\\/image\\\/\"}},{\"@type\":\"Person\",\"@id\":\"https:\\\/\\\/creativabarcelona.com\\\/#\\\/schema\\\/person\\\/88136af06c702fba6a4a56fccac027e3\",\"name\":\"Creativa Barcelona\",\"image\":{\"@type\":\"ImageObject\",\"inLanguage\":\"ca\",\"@id\":\"https:\\\/\\\/secure.gravatar.com\\\/avatar\\\/9751d88ddbee61c132bde30a2ddd40a6948919cbc65d9dc0baed64e15bd22aca?s=96&d=mm&r=g\",\"url\":\"https:\\\/\\\/secure.gravatar.com\\\/avatar\\\/9751d88ddbee61c132bde30a2ddd40a6948919cbc65d9dc0baed64e15bd22aca?s=96&d=mm&r=g\",\"contentUrl\":\"https:\\\/\\\/secure.gravatar.com\\\/avatar\\\/9751d88ddbee61c132bde30a2ddd40a6948919cbc65d9dc0baed64e15bd22aca?s=96&d=mm&r=g\",\"caption\":\"Creativa Barcelona\"},\"sameAs\":[\"https:\\\/\\\/creativabarcelona.com\"],\"url\":\"https:\\\/\\\/creativabarcelona.com\\\/ca\\\/author\\\/crea20tiv22bcn\\\/\"}]}<\/script>\n<!-- \/ Yoast SEO plugin. -->","yoast_head_json":{"title":"L'Escenari de Creativa, el nou espai del Sal\u00f3 on passaran moltes coses - Creativa Barcelona","robots":{"index":"index","follow":"follow","max-snippet":"max-snippet:-1","max-image-preview":"max-image-preview:large","max-video-preview":"max-video-preview:-1"},"canonical":"https:\/\/creativabarcelona.com\/ca\/lescenari-de-creativa-el-nou-espai-del-salo-on-passaran-moltes-coses\/","og_locale":"ca_ES","og_type":"article","og_title":"L'Escenari de Creativa, el nou espai del Sal\u00f3 on passaran moltes coses - Creativa Barcelona","og_description":"Aquesta edici\u00f3 de Creativa Barcelona est\u00e0 plena de novetats, entre elles, l&#8217;augment de l&#8217;espai que el Sal\u00f3 ocupar\u00e0 en La Farga de l&#8217;Hospitalet. I \u00e9s que, enguany tots els racons del recinte firal estaran ocupats per la creativitat, la imaginaci\u00f3 i l&#8217;art. I amb m\u00e9s espai, aquesta edici\u00f3 tindrem el luxe de comptar amb un [&hellip;]","og_url":"https:\/\/creativabarcelona.com\/ca\/lescenari-de-creativa-el-nou-espai-del-salo-on-passaran-moltes-coses\/","og_site_name":"Creativa Barcelona","article_published_time":"2023-11-03T12:07:56+00:00","article_modified_time":"2023-11-03T16:03:06+00:00","og_image":[{"width":750,"height":550,"url":"https:\/\/creativabarcelona.com\/wp-content\/uploads\/2023\/11\/noticia_escenario_creativa_2023.jpg","type":"image\/jpeg"}],"author":"Creativa Barcelona","twitter_card":"summary_large_image","twitter_misc":{"Escrit per":"Creativa Barcelona","Temps estimat de lectura":"3 minuts"},"schema":{"@context":"https:\/\/schema.org","@graph":[{"@type":"Article","@id":"https:\/\/creativabarcelona.com\/ca\/lescenari-de-creativa-el-nou-espai-del-salo-on-passaran-moltes-coses\/#article","isPartOf":{"@id":"https:\/\/creativabarcelona.com\/ca\/lescenari-de-creativa-el-nou-espai-del-salo-on-passaran-moltes-coses\/"},"author":{"name":"Creativa Barcelona","@id":"https:\/\/creativabarcelona.com\/#\/schema\/person\/88136af06c702fba6a4a56fccac027e3"},"headline":"L&#8217;Escenari de Creativa, el nou espai del Sal\u00f3 on passaran moltes coses","datePublished":"2023-11-03T12:07:56+00:00","dateModified":"2023-11-03T16:03:06+00:00","mainEntityOfPage":{"@id":"https:\/\/creativabarcelona.com\/ca\/lescenari-de-creativa-el-nou-espai-del-salo-on-passaran-moltes-coses\/"},"wordCount":544,"publisher":{"@id":"https:\/\/creativabarcelona.com\/#organization"},"image":{"@id":"https:\/\/creativabarcelona.com\/ca\/lescenari-de-creativa-el-nou-espai-del-salo-on-passaran-moltes-coses\/#primaryimage"},"thumbnailUrl":"https:\/\/creativabarcelona.com\/wp-content\/uploads\/2023\/11\/noticia_escenario_creativa_2023.jpg","articleSection":["Actualitat","Creativa 2023"],"inLanguage":"ca"},{"@type":"WebPage","@id":"https:\/\/creativabarcelona.com\/ca\/lescenari-de-creativa-el-nou-espai-del-salo-on-passaran-moltes-coses\/","url":"https:\/\/creativabarcelona.com\/ca\/lescenari-de-creativa-el-nou-espai-del-salo-on-passaran-moltes-coses\/","name":"L'Escenari de Creativa, el nou espai del Sal\u00f3 on passaran moltes coses - Creativa Barcelona","isPartOf":{"@id":"https:\/\/creativabarcelona.com\/#website"},"primaryImageOfPage":{"@id":"https:\/\/creativabarcelona.com\/ca\/lescenari-de-creativa-el-nou-espai-del-salo-on-passaran-moltes-coses\/#primaryimage"},"image":{"@id":"https:\/\/creativabarcelona.com\/ca\/lescenari-de-creativa-el-nou-espai-del-salo-on-passaran-moltes-coses\/#primaryimage"},"thumbnailUrl":"https:\/\/creativabarcelona.com\/wp-content\/uploads\/2023\/11\/noticia_escenario_creativa_2023.jpg","datePublished":"2023-11-03T12:07:56+00:00","dateModified":"2023-11-03T16:03:06+00:00","breadcrumb":{"@id":"https:\/\/creativabarcelona.com\/ca\/lescenari-de-creativa-el-nou-espai-del-salo-on-passaran-moltes-coses\/#breadcrumb"},"inLanguage":"ca","potentialAction":[{"@type":"ReadAction","target":["https:\/\/creativabarcelona.com\/ca\/lescenari-de-creativa-el-nou-espai-del-salo-on-passaran-moltes-coses\/"]}]},{"@type":"ImageObject","inLanguage":"ca","@id":"https:\/\/creativabarcelona.com\/ca\/lescenari-de-creativa-el-nou-espai-del-salo-on-passaran-moltes-coses\/#primaryimage","url":"https:\/\/creativabarcelona.com\/wp-content\/uploads\/2023\/11\/noticia_escenario_creativa_2023.jpg","contentUrl":"https:\/\/creativabarcelona.com\/wp-content\/uploads\/2023\/11\/noticia_escenario_creativa_2023.jpg","width":750,"height":550},{"@type":"BreadcrumbList","@id":"https:\/\/creativabarcelona.com\/ca\/lescenari-de-creativa-el-nou-espai-del-salo-on-passaran-moltes-coses\/#breadcrumb","itemListElement":[{"@type":"ListItem","position":1,"name":"Portada","item":"https:\/\/creativabarcelona.com\/ca\/"},{"@type":"ListItem","position":2,"name":"L&#8217;Escenari de Creativa, el nou espai del Sal\u00f3 on passaran moltes coses"}]},{"@type":"WebSite","@id":"https:\/\/creativabarcelona.com\/#website","url":"https:\/\/creativabarcelona.com\/","name":"Creativa Barcelona","description":"Sal\u00f3 de les Manualitats i Artesanies","publisher":{"@id":"https:\/\/creativabarcelona.com\/#organization"},"potentialAction":[{"@type":"SearchAction","target":{"@type":"EntryPoint","urlTemplate":"https:\/\/creativabarcelona.com\/?s={search_term_string}"},"query-input":{"@type":"PropertyValueSpecification","valueRequired":true,"valueName":"search_term_string"}}],"inLanguage":"ca"},{"@type":"Organization","@id":"https:\/\/creativabarcelona.com\/#organization","name":"Creativa Barcelona","url":"https:\/\/creativabarcelona.com\/","logo":{"@type":"ImageObject","inLanguage":"ca","@id":"https:\/\/creativabarcelona.com\/#\/schema\/logo\/image\/","url":"https:\/\/creativabarcelona.com\/wp-content\/uploads\/2025\/03\/logo_creativa_barcelona_Cast-1.png","contentUrl":"https:\/\/creativabarcelona.com\/wp-content\/uploads\/2025\/03\/logo_creativa_barcelona_Cast-1.png","width":777,"height":417,"caption":"Creativa Barcelona"},"image":{"@id":"https:\/\/creativabarcelona.com\/#\/schema\/logo\/image\/"}},{"@type":"Person","@id":"https:\/\/creativabarcelona.com\/#\/schema\/person\/88136af06c702fba6a4a56fccac027e3","name":"Creativa Barcelona","image":{"@type":"ImageObject","inLanguage":"ca","@id":"https:\/\/secure.gravatar.com\/avatar\/9751d88ddbee61c132bde30a2ddd40a6948919cbc65d9dc0baed64e15bd22aca?s=96&d=mm&r=g","url":"https:\/\/secure.gravatar.com\/avatar\/9751d88ddbee61c132bde30a2ddd40a6948919cbc65d9dc0baed64e15bd22aca?s=96&d=mm&r=g","contentUrl":"https:\/\/secure.gravatar.com\/avatar\/9751d88ddbee61c132bde30a2ddd40a6948919cbc65d9dc0baed64e15bd22aca?s=96&d=mm&r=g","caption":"Creativa Barcelona"},"sameAs":["https:\/\/creativabarcelona.com"],"url":"https:\/\/creativabarcelona.com\/ca\/author\/crea20tiv22bcn\/"}]}},"_links":{"self":[{"href":"https:\/\/creativabarcelona.com\/ca\/wp-json\/wp\/v2\/posts\/14839","targetHints":{"allow":["GET"]}}],"collection":[{"href":"https:\/\/creativabarcelona.com\/ca\/wp-json\/wp\/v2\/posts"}],"about":[{"href":"https:\/\/creativabarcelona.com\/ca\/wp-json\/wp\/v2\/types\/post"}],"author":[{"embeddable":true,"href":"https:\/\/creativabarcelona.com\/ca\/wp-json\/wp\/v2\/users\/1"}],"replies":[{"embeddable":true,"href":"https:\/\/creativabarcelona.com\/ca\/wp-json\/wp\/v2\/comments?post=14839"}],"version-history":[{"count":4,"href":"https:\/\/creativabarcelona.com\/ca\/wp-json\/wp\/v2\/posts\/14839\/revisions"}],"predecessor-version":[{"id":14895,"href":"https:\/\/creativabarcelona.com\/ca\/wp-json\/wp\/v2\/posts\/14839\/revisions\/14895"}],"wp:featuredmedia":[{"embeddable":true,"href":"https:\/\/creativabarcelona.com\/ca\/wp-json\/wp\/v2\/media\/14837"}],"wp:attachment":[{"href":"https:\/\/creativabarcelona.com\/ca\/wp-json\/wp\/v2\/media?parent=14839"}],"wp:term":[{"taxonomy":"category","embeddable":true,"href":"https:\/\/creativabarcelona.com\/ca\/wp-json\/wp\/v2\/categories?post=14839"},{"taxonomy":"post_tag","embeddable":true,"href":"https:\/\/creativabarcelona.com\/ca\/wp-json\/wp\/v2\/tags?post=14839"}],"curies":[{"name":"wp","href":"https:\/\/api.w.org\/{rel}","templated":true}]}}