{"id":15854,"date":"2024-09-04T13:28:53","date_gmt":"2024-09-04T11:28:53","guid":{"rendered":"https:\/\/creativabarcelona.com\/creativa-barcelona-albergara-el-estreno-de-la-nueva-coleccion-de-oktoclay-de-pintura-creativa-3d-inspirada-en-barcelona\/"},"modified":"2024-09-09T17:14:16","modified_gmt":"2024-09-09T15:14:16","slug":"creativa-barcelona-albergara-lestrena-de-la-nova-col%c2%b7leccio-doktoclay-de-pintura-creativa-3d-inspirada-en-barcelona","status":"publish","type":"post","link":"https:\/\/creativabarcelona.com\/ca\/creativa-barcelona-albergara-lestrena-de-la-nova-col%c2%b7leccio-doktoclay-de-pintura-creativa-3d-inspirada-en-barcelona\/","title":{"rendered":"Creativa Barcelona albergar\u00e0 l&#8217;estrena de la nova col\u00b7lecci\u00f3 d\u2019Oktoclay de pintura creativa 3D inspirada en Barcelona"},"content":{"rendered":"<p><strong>En Creativa Barcelona sempre hi ha grans novetats per a descobrir. Enguany, per exemple, <a href=\"https:\/\/toysline.es\/\" target=\"_blank\" rel=\"noopener\">ToysLine<\/a>, empresa familiar dedicada a l&#8217;univers de les manualitats i els jocs educatius per a grans i petits, arriba al Sal\u00f3 amb algunes prim\u00edcies, tan sorprenents com la nova gamma dels sorprenents Sets d&#8217;Art Sensorial <a href=\"https:\/\/toysline.es\/oktoclay\/\" target=\"_blank\" rel=\"noopener\">d\u2019Oktoclay<\/a>. <\/strong><\/p>\n<p>Es tracta de la nova col\u00b7lecci\u00f3 \u201cCities\u201d, inspirada en l&#8217;univers gaudini\u00e0 del Park G\u00fcell de Barcelona. L&#8217;artista ucra\u00efnesa Tetiana Volynets i Gerent d&#8217;Exportaci\u00f3 d\u2019Oktoclay, ser\u00e0 l&#8217;encarregada de presentar, al costat de la influencer <a href=\"https:\/\/www.instagram.com\/mestraambclasse\/\" target=\"_blank\" rel=\"noopener\"><strong>@mestraambclasse<\/strong><\/a>, padrina de l&#8217;acte, aquesta nova col\u00b7lecci\u00f3 de pintura creativa 3D per a art sensorial, una nova disciplina que transcendeix l&#8217;experi\u00e8ncia visual en gaudir de l&#8217;art en el qual participen tots els sentits.<\/p>\n<p>L&#8217;artista ucra\u00efnesa estar\u00e0 els quatre dies en l&#8217;estand de ToysLine impartint masterclasses (hi haur\u00e0 traductora), resolent dubtes, presentant t\u00e8cniques noves i ensenyant a crear no nom\u00e9s amb els Kits d\u2019Oktoclay, sin\u00f3 tamb\u00e9 amb altres materials.<\/p>\n<p>ToysLine tamb\u00e9 presentar\u00e0 altres novetats, com per exemple, la nova marca Mosakit, kits de pedres naturals tallades a m\u00e0 a Tun\u00edsia, amb la qual crear fabulosos mosaics; o l&#8217;incre\u00efble Puzle Eurographics per a \u201cconstruir\u201d una M\u00e0quina de Cosir Vintage amb 550 peces.<\/p>\n<div id='gallery-1' class='gallery galleryid-15854 gallery-columns-3 gallery-size-thumbnail'><figure class='gallery-item'>\n\t\t\t<div class='gallery-icon landscape'>\n\t\t\t\t<a href='https:\/\/creativabarcelona.com\/wp-content\/uploads\/2024\/09\/galeria_noticias_oktoclay_creativa_2024_01.jpg'><img decoding=\"async\" width=\"150\" height=\"150\" src=\"https:\/\/creativabarcelona.com\/wp-content\/uploads\/2024\/09\/galeria_noticias_oktoclay_creativa_2024_01-150x150.jpg\" class=\"attachment-thumbnail size-thumbnail\" alt=\"Creativa Barcelona albergar\u00e0 l&#039;estrena de la nova col\u00b7lecci\u00f3 d\u2019Oktoclay de pintura creativa 3D inspirada en Barcelona | Creativa Barcelona\" title=\"galeria_noticias_oktoclay_creativa_2024_01 | Creativa Barcelona albergar\u00e0 l&#039;estrena de la nova col\u00b7lecci\u00f3 d\u2019Oktoclay de pintura creativa 3D inspirada en Barcelona\" \/><\/a>\n\t\t\t<\/div><\/figure><figure class='gallery-item'>\n\t\t\t<div class='gallery-icon landscape'>\n\t\t\t\t<a href='https:\/\/creativabarcelona.com\/wp-content\/uploads\/2024\/09\/galeria_noticias_oktoclay_creativa_2024_02.jpg'><img decoding=\"async\" width=\"150\" height=\"150\" src=\"https:\/\/creativabarcelona.com\/wp-content\/uploads\/2024\/09\/galeria_noticias_oktoclay_creativa_2024_02-150x150.jpg\" class=\"attachment-thumbnail size-thumbnail\" alt=\"Creativa Barcelona albergar\u00e0 l&#039;estrena de la nova col\u00b7lecci\u00f3 d\u2019Oktoclay de pintura creativa 3D inspirada en Barcelona | Creativa Barcelona\" title=\"galeria_noticias_oktoclay_creativa_2024_02 | Creativa Barcelona albergar\u00e0 l&#039;estrena de la nova col\u00b7lecci\u00f3 d\u2019Oktoclay de pintura creativa 3D inspirada en Barcelona\" \/><\/a>\n\t\t\t<\/div><\/figure><figure class='gallery-item'>\n\t\t\t<div class='gallery-icon landscape'>\n\t\t\t\t<a href='https:\/\/creativabarcelona.com\/wp-content\/uploads\/2024\/09\/galeria_noticias_oktoclay_creativa_2024_03.jpg'><img decoding=\"async\" width=\"150\" height=\"150\" src=\"https:\/\/creativabarcelona.com\/wp-content\/uploads\/2024\/09\/galeria_noticias_oktoclay_creativa_2024_03-150x150.jpg\" class=\"attachment-thumbnail size-thumbnail\" alt=\"Creativa Barcelona albergar\u00e0 l&#039;estrena de la nova col\u00b7lecci\u00f3 d\u2019Oktoclay de pintura creativa 3D inspirada en Barcelona | Creativa Barcelona\" title=\"galeria_noticias_oktoclay_creativa_2024_03 | Creativa Barcelona albergar\u00e0 l&#039;estrena de la nova col\u00b7lecci\u00f3 d\u2019Oktoclay de pintura creativa 3D inspirada en Barcelona\" \/><\/a>\n\t\t\t<\/div><\/figure><figure class='gallery-item'>\n\t\t\t<div class='gallery-icon landscape'>\n\t\t\t\t<a href='https:\/\/creativabarcelona.com\/wp-content\/uploads\/2024\/09\/galeria_noticias_oktoclay_creativa_2024_04.jpg'><img loading=\"lazy\" decoding=\"async\" width=\"150\" height=\"150\" src=\"https:\/\/creativabarcelona.com\/wp-content\/uploads\/2024\/09\/galeria_noticias_oktoclay_creativa_2024_04-150x150.jpg\" class=\"attachment-thumbnail size-thumbnail\" alt=\"Creativa Barcelona albergar\u00e0 l&#039;estrena de la nova col\u00b7lecci\u00f3 d\u2019Oktoclay de pintura creativa 3D inspirada en Barcelona | Creativa Barcelona\" title=\"galeria_noticias_oktoclay_creativa_2024_04 | Creativa Barcelona albergar\u00e0 l&#039;estrena de la nova col\u00b7lecci\u00f3 d\u2019Oktoclay de pintura creativa 3D inspirada en Barcelona\" \/><\/a>\n\t\t\t<\/div><\/figure><figure class='gallery-item'>\n\t\t\t<div class='gallery-icon landscape'>\n\t\t\t\t<a href='https:\/\/creativabarcelona.com\/wp-content\/uploads\/2024\/09\/galeria_noticias_oktoclay_creativa_2024_05.jpg'><img loading=\"lazy\" decoding=\"async\" width=\"150\" height=\"150\" src=\"https:\/\/creativabarcelona.com\/wp-content\/uploads\/2024\/09\/galeria_noticias_oktoclay_creativa_2024_05-150x150.jpg\" class=\"attachment-thumbnail size-thumbnail\" alt=\"Creativa Barcelona albergar\u00e0 l&#039;estrena de la nova col\u00b7lecci\u00f3 d\u2019Oktoclay de pintura creativa 3D inspirada en Barcelona | Creativa Barcelona\" title=\"galeria_noticias_oktoclay_creativa_2024_05 | Creativa Barcelona albergar\u00e0 l&#039;estrena de la nova col\u00b7lecci\u00f3 d\u2019Oktoclay de pintura creativa 3D inspirada en Barcelona\" \/><\/a>\n\t\t\t<\/div><\/figure><figure class='gallery-item'>\n\t\t\t<div class='gallery-icon landscape'>\n\t\t\t\t<a href='https:\/\/creativabarcelona.com\/wp-content\/uploads\/2024\/09\/galeria_noticias_oktoclay_creativa_2024_06.jpg'><img loading=\"lazy\" decoding=\"async\" width=\"150\" height=\"150\" src=\"https:\/\/creativabarcelona.com\/wp-content\/uploads\/2024\/09\/galeria_noticias_oktoclay_creativa_2024_06-150x150.jpg\" class=\"attachment-thumbnail size-thumbnail\" alt=\"Creativa Barcelona albergar\u00e0 l&#039;estrena de la nova col\u00b7lecci\u00f3 d\u2019Oktoclay de pintura creativa 3D inspirada en Barcelona | Creativa Barcelona\" title=\"galeria_noticias_oktoclay_creativa_2024_06 | Creativa Barcelona albergar\u00e0 l&#039;estrena de la nova col\u00b7lecci\u00f3 d\u2019Oktoclay de pintura creativa 3D inspirada en Barcelona\" \/><\/a>\n\t\t\t<\/div><\/figure><figure class='gallery-item'>\n\t\t\t<div class='gallery-icon landscape'>\n\t\t\t\t<a href='https:\/\/creativabarcelona.com\/wp-content\/uploads\/2024\/09\/galeria_noticias_oktoclay_creativa_2024_07.jpg'><img loading=\"lazy\" decoding=\"async\" width=\"150\" height=\"150\" src=\"https:\/\/creativabarcelona.com\/wp-content\/uploads\/2024\/09\/galeria_noticias_oktoclay_creativa_2024_07-150x150.jpg\" class=\"attachment-thumbnail size-thumbnail\" alt=\"Creativa Barcelona albergar\u00e0 l&#039;estrena de la nova col\u00b7lecci\u00f3 d\u2019Oktoclay de pintura creativa 3D inspirada en Barcelona | Creativa Barcelona\" title=\"galeria_noticias_oktoclay_creativa_2024_07 | Creativa Barcelona albergar\u00e0 l&#039;estrena de la nova col\u00b7lecci\u00f3 d\u2019Oktoclay de pintura creativa 3D inspirada en Barcelona\" \/><\/a>\n\t\t\t<\/div><\/figure><figure class='gallery-item'>\n\t\t\t<div class='gallery-icon landscape'>\n\t\t\t\t<a href='https:\/\/creativabarcelona.com\/wp-content\/uploads\/2024\/09\/galeria_noticias_oktoclay_creativa_2024_08.jpg'><img loading=\"lazy\" decoding=\"async\" width=\"150\" height=\"150\" src=\"https:\/\/creativabarcelona.com\/wp-content\/uploads\/2024\/09\/galeria_noticias_oktoclay_creativa_2024_08-150x150.jpg\" class=\"attachment-thumbnail size-thumbnail\" alt=\"Creativa Barcelona albergar\u00e0 l&#039;estrena de la nova col\u00b7lecci\u00f3 d\u2019Oktoclay de pintura creativa 3D inspirada en Barcelona | Creativa Barcelona\" title=\"galeria_noticias_oktoclay_creativa_2024_08 | Creativa Barcelona albergar\u00e0 l&#039;estrena de la nova col\u00b7lecci\u00f3 d\u2019Oktoclay de pintura creativa 3D inspirada en Barcelona\" \/><\/a>\n\t\t\t<\/div><\/figure><figure class='gallery-item'>\n\t\t\t<div class='gallery-icon landscape'>\n\t\t\t\t<a href='https:\/\/creativabarcelona.com\/wp-content\/uploads\/2024\/09\/galeria_noticias_oktoclay_creativa_2024_09.jpg'><img loading=\"lazy\" decoding=\"async\" width=\"150\" height=\"150\" src=\"https:\/\/creativabarcelona.com\/wp-content\/uploads\/2024\/09\/galeria_noticias_oktoclay_creativa_2024_09-150x150.jpg\" class=\"attachment-thumbnail size-thumbnail\" alt=\"Creativa Barcelona albergar\u00e0 l&#039;estrena de la nova col\u00b7lecci\u00f3 d\u2019Oktoclay de pintura creativa 3D inspirada en Barcelona | Creativa Barcelona\" title=\"galeria_noticias_oktoclay_creativa_2024_09 | Creativa Barcelona albergar\u00e0 l&#039;estrena de la nova col\u00b7lecci\u00f3 d\u2019Oktoclay de pintura creativa 3D inspirada en Barcelona\" \/><\/a>\n\t\t\t<\/div><\/figure>\n\t\t<\/div>\n\n","protected":false},"excerpt":{"rendered":"<p>ToysLine, empresa familiar dedicada a l&#8217;univers de les manualitats i els jocs educatius per a grans i petits, arriba al Sal\u00f3 amb algunes prim\u00edcies, tan sorprenents com la nova gamma dels sorprenents Sets d&#8217;Art Sensorial d\u2019Oktoclay.<\/p>\n","protected":false},"author":1,"featured_media":15821,"comment_status":"closed","ping_status":"open","sticky":false,"template":"","format":"standard","meta":{"footnotes":""},"categories":[211,55,58],"tags":[],"class_list":["post-15854","post","type-post","status-publish","format-standard","has-post-thumbnail","hentry","category-creativa-2024-ca","category-escultura-ca","category-expositors"],"yoast_head":"<!-- This site is optimized with the Yoast SEO plugin v27.5 - https:\/\/yoast.com\/product\/yoast-seo-wordpress\/ -->\n<title>Creativa Barcelona albergar\u00e0 l&#039;estrena de la nova col\u00b7lecci\u00f3 d\u2019Oktoclay de pintura creativa 3D inspirada en Barcelona - Creativa Barcelona<\/title>\n<meta name=\"description\" content=\"ToysLine, empresa familiar dedicada a l&#039;univers de les manualitats i els jocs educatius per a grans i petits, arriba al Sal\u00f3 amb algunes prim\u00edcies, tan sorprenents com la nova gamma dels sorprenents Sets d&#039;Art Sensorial d\u2019Oktoclay.\" \/>\n<meta name=\"robots\" content=\"index, follow, max-snippet:-1, max-image-preview:large, max-video-preview:-1\" \/>\n<link rel=\"canonical\" href=\"https:\/\/creativabarcelona.com\/ca\/creativa-barcelona-albergara-lestrena-de-la-nova-col\u00b7leccio-doktoclay-de-pintura-creativa-3d-inspirada-en-barcelona\/\" \/>\n<meta property=\"og:locale\" content=\"ca_ES\" \/>\n<meta property=\"og:type\" content=\"article\" \/>\n<meta property=\"og:title\" content=\"Creativa Barcelona albergar\u00e0 l&#039;estrena de la nova col\u00b7lecci\u00f3 d\u2019Oktoclay de pintura creativa 3D inspirada en Barcelona - Creativa Barcelona\" \/>\n<meta property=\"og:description\" content=\"ToysLine, empresa familiar dedicada a l&#039;univers de les manualitats i els jocs educatius per a grans i petits, arriba al Sal\u00f3 amb algunes prim\u00edcies, tan sorprenents com la nova gamma dels sorprenents Sets d&#039;Art Sensorial d\u2019Oktoclay.\" \/>\n<meta property=\"og:url\" content=\"https:\/\/creativabarcelona.com\/ca\/creativa-barcelona-albergara-lestrena-de-la-nova-col\u00b7leccio-doktoclay-de-pintura-creativa-3d-inspirada-en-barcelona\/\" \/>\n<meta property=\"og:site_name\" content=\"Creativa Barcelona\" \/>\n<meta property=\"article:published_time\" content=\"2024-09-04T11:28:53+00:00\" \/>\n<meta property=\"article:modified_time\" content=\"2024-09-09T15:14:16+00:00\" \/>\n<meta property=\"og:image\" content=\"https:\/\/creativabarcelona.com\/wp-content\/uploads\/2024\/09\/noticias_oktoclay_creativa_2024.jpg\" \/>\n\t<meta property=\"og:image:width\" content=\"750\" \/>\n\t<meta property=\"og:image:height\" content=\"550\" \/>\n\t<meta property=\"og:image:type\" content=\"image\/jpeg\" \/>\n<meta name=\"author\" content=\"Creativa Barcelona\" \/>\n<meta name=\"twitter:card\" content=\"summary_large_image\" \/>\n<meta name=\"twitter:label1\" content=\"Escrit per\" \/>\n\t<meta name=\"twitter:data1\" content=\"Creativa Barcelona\" \/>\n\t<meta name=\"twitter:label2\" content=\"Temps estimat de lectura\" \/>\n\t<meta name=\"twitter:data2\" content=\"2 minuts\" \/>\n<script type=\"application\/ld+json\" class=\"yoast-schema-graph\">{\"@context\":\"https:\\\/\\\/schema.org\",\"@graph\":[{\"@type\":\"Article\",\"@id\":\"https:\\\/\\\/creativabarcelona.com\\\/ca\\\/creativa-barcelona-albergara-lestrena-de-la-nova-col%c2%b7leccio-doktoclay-de-pintura-creativa-3d-inspirada-en-barcelona\\\/#article\",\"isPartOf\":{\"@id\":\"https:\\\/\\\/creativabarcelona.com\\\/ca\\\/creativa-barcelona-albergara-lestrena-de-la-nova-col%c2%b7leccio-doktoclay-de-pintura-creativa-3d-inspirada-en-barcelona\\\/\"},\"author\":{\"name\":\"Creativa Barcelona\",\"@id\":\"https:\\\/\\\/creativabarcelona.com\\\/#\\\/schema\\\/person\\\/88136af06c702fba6a4a56fccac027e3\"},\"headline\":\"Creativa Barcelona albergar\u00e0 l&#8217;estrena de la nova col\u00b7lecci\u00f3 d\u2019Oktoclay de pintura creativa 3D inspirada en Barcelona\",\"datePublished\":\"2024-09-04T11:28:53+00:00\",\"dateModified\":\"2024-09-09T15:14:16+00:00\",\"mainEntityOfPage\":{\"@id\":\"https:\\\/\\\/creativabarcelona.com\\\/ca\\\/creativa-barcelona-albergara-lestrena-de-la-nova-col%c2%b7leccio-doktoclay-de-pintura-creativa-3d-inspirada-en-barcelona\\\/\"},\"wordCount\":242,\"publisher\":{\"@id\":\"https:\\\/\\\/creativabarcelona.com\\\/#organization\"},\"image\":{\"@id\":\"https:\\\/\\\/creativabarcelona.com\\\/ca\\\/creativa-barcelona-albergara-lestrena-de-la-nova-col%c2%b7leccio-doktoclay-de-pintura-creativa-3d-inspirada-en-barcelona\\\/#primaryimage\"},\"thumbnailUrl\":\"https:\\\/\\\/creativabarcelona.com\\\/wp-content\\\/uploads\\\/2024\\\/09\\\/noticias_oktoclay_creativa_2024.jpg\",\"articleSection\":[\"Creativa 2024\",\"Escultura\",\"Expositors\"],\"inLanguage\":\"ca\"},{\"@type\":\"WebPage\",\"@id\":\"https:\\\/\\\/creativabarcelona.com\\\/ca\\\/creativa-barcelona-albergara-lestrena-de-la-nova-col%c2%b7leccio-doktoclay-de-pintura-creativa-3d-inspirada-en-barcelona\\\/\",\"url\":\"https:\\\/\\\/creativabarcelona.com\\\/ca\\\/creativa-barcelona-albergara-lestrena-de-la-nova-col%c2%b7leccio-doktoclay-de-pintura-creativa-3d-inspirada-en-barcelona\\\/\",\"name\":\"Creativa Barcelona albergar\u00e0 l'estrena de la nova col\u00b7lecci\u00f3 d\u2019Oktoclay de pintura creativa 3D inspirada en Barcelona - Creativa Barcelona\",\"isPartOf\":{\"@id\":\"https:\\\/\\\/creativabarcelona.com\\\/#website\"},\"primaryImageOfPage\":{\"@id\":\"https:\\\/\\\/creativabarcelona.com\\\/ca\\\/creativa-barcelona-albergara-lestrena-de-la-nova-col%c2%b7leccio-doktoclay-de-pintura-creativa-3d-inspirada-en-barcelona\\\/#primaryimage\"},\"image\":{\"@id\":\"https:\\\/\\\/creativabarcelona.com\\\/ca\\\/creativa-barcelona-albergara-lestrena-de-la-nova-col%c2%b7leccio-doktoclay-de-pintura-creativa-3d-inspirada-en-barcelona\\\/#primaryimage\"},\"thumbnailUrl\":\"https:\\\/\\\/creativabarcelona.com\\\/wp-content\\\/uploads\\\/2024\\\/09\\\/noticias_oktoclay_creativa_2024.jpg\",\"datePublished\":\"2024-09-04T11:28:53+00:00\",\"dateModified\":\"2024-09-09T15:14:16+00:00\",\"description\":\"ToysLine, empresa familiar dedicada a l'univers de les manualitats i els jocs educatius per a grans i petits, arriba al Sal\u00f3 amb algunes prim\u00edcies, tan sorprenents com la nova gamma dels sorprenents Sets d'Art Sensorial d\u2019Oktoclay.\",\"breadcrumb\":{\"@id\":\"https:\\\/\\\/creativabarcelona.com\\\/ca\\\/creativa-barcelona-albergara-lestrena-de-la-nova-col%c2%b7leccio-doktoclay-de-pintura-creativa-3d-inspirada-en-barcelona\\\/#breadcrumb\"},\"inLanguage\":\"ca\",\"potentialAction\":[{\"@type\":\"ReadAction\",\"target\":[\"https:\\\/\\\/creativabarcelona.com\\\/ca\\\/creativa-barcelona-albergara-lestrena-de-la-nova-col%c2%b7leccio-doktoclay-de-pintura-creativa-3d-inspirada-en-barcelona\\\/\"]}]},{\"@type\":\"ImageObject\",\"inLanguage\":\"ca\",\"@id\":\"https:\\\/\\\/creativabarcelona.com\\\/ca\\\/creativa-barcelona-albergara-lestrena-de-la-nova-col%c2%b7leccio-doktoclay-de-pintura-creativa-3d-inspirada-en-barcelona\\\/#primaryimage\",\"url\":\"https:\\\/\\\/creativabarcelona.com\\\/wp-content\\\/uploads\\\/2024\\\/09\\\/noticias_oktoclay_creativa_2024.jpg\",\"contentUrl\":\"https:\\\/\\\/creativabarcelona.com\\\/wp-content\\\/uploads\\\/2024\\\/09\\\/noticias_oktoclay_creativa_2024.jpg\",\"width\":750,\"height\":550},{\"@type\":\"BreadcrumbList\",\"@id\":\"https:\\\/\\\/creativabarcelona.com\\\/ca\\\/creativa-barcelona-albergara-lestrena-de-la-nova-col%c2%b7leccio-doktoclay-de-pintura-creativa-3d-inspirada-en-barcelona\\\/#breadcrumb\",\"itemListElement\":[{\"@type\":\"ListItem\",\"position\":1,\"name\":\"Portada\",\"item\":\"https:\\\/\\\/creativabarcelona.com\\\/ca\\\/\"},{\"@type\":\"ListItem\",\"position\":2,\"name\":\"Creativa Barcelona albergar\u00e0 l&#8217;estrena de la nova col\u00b7lecci\u00f3 d\u2019Oktoclay de pintura creativa 3D inspirada en Barcelona\"}]},{\"@type\":\"WebSite\",\"@id\":\"https:\\\/\\\/creativabarcelona.com\\\/#website\",\"url\":\"https:\\\/\\\/creativabarcelona.com\\\/\",\"name\":\"Creativa Barcelona\",\"description\":\"Sal\u00f3 de les Manualitats i Artesanies\",\"publisher\":{\"@id\":\"https:\\\/\\\/creativabarcelona.com\\\/#organization\"},\"potentialAction\":[{\"@type\":\"SearchAction\",\"target\":{\"@type\":\"EntryPoint\",\"urlTemplate\":\"https:\\\/\\\/creativabarcelona.com\\\/?s={search_term_string}\"},\"query-input\":{\"@type\":\"PropertyValueSpecification\",\"valueRequired\":true,\"valueName\":\"search_term_string\"}}],\"inLanguage\":\"ca\"},{\"@type\":\"Organization\",\"@id\":\"https:\\\/\\\/creativabarcelona.com\\\/#organization\",\"name\":\"Creativa Barcelona\",\"url\":\"https:\\\/\\\/creativabarcelona.com\\\/\",\"logo\":{\"@type\":\"ImageObject\",\"inLanguage\":\"ca\",\"@id\":\"https:\\\/\\\/creativabarcelona.com\\\/#\\\/schema\\\/logo\\\/image\\\/\",\"url\":\"https:\\\/\\\/creativabarcelona.com\\\/wp-content\\\/uploads\\\/2025\\\/03\\\/logo_creativa_barcelona_Cast-1.png\",\"contentUrl\":\"https:\\\/\\\/creativabarcelona.com\\\/wp-content\\\/uploads\\\/2025\\\/03\\\/logo_creativa_barcelona_Cast-1.png\",\"width\":777,\"height\":417,\"caption\":\"Creativa Barcelona\"},\"image\":{\"@id\":\"https:\\\/\\\/creativabarcelona.com\\\/#\\\/schema\\\/logo\\\/image\\\/\"}},{\"@type\":\"Person\",\"@id\":\"https:\\\/\\\/creativabarcelona.com\\\/#\\\/schema\\\/person\\\/88136af06c702fba6a4a56fccac027e3\",\"name\":\"Creativa Barcelona\",\"image\":{\"@type\":\"ImageObject\",\"inLanguage\":\"ca\",\"@id\":\"https:\\\/\\\/secure.gravatar.com\\\/avatar\\\/9751d88ddbee61c132bde30a2ddd40a6948919cbc65d9dc0baed64e15bd22aca?s=96&d=mm&r=g\",\"url\":\"https:\\\/\\\/secure.gravatar.com\\\/avatar\\\/9751d88ddbee61c132bde30a2ddd40a6948919cbc65d9dc0baed64e15bd22aca?s=96&d=mm&r=g\",\"contentUrl\":\"https:\\\/\\\/secure.gravatar.com\\\/avatar\\\/9751d88ddbee61c132bde30a2ddd40a6948919cbc65d9dc0baed64e15bd22aca?s=96&d=mm&r=g\",\"caption\":\"Creativa Barcelona\"},\"sameAs\":[\"https:\\\/\\\/creativabarcelona.com\"],\"url\":\"https:\\\/\\\/creativabarcelona.com\\\/ca\\\/author\\\/crea20tiv22bcn\\\/\"}]}<\/script>\n<!-- \/ Yoast SEO plugin. -->","yoast_head_json":{"title":"Creativa Barcelona albergar\u00e0 l'estrena de la nova col\u00b7lecci\u00f3 d\u2019Oktoclay de pintura creativa 3D inspirada en Barcelona - Creativa Barcelona","description":"ToysLine, empresa familiar dedicada a l'univers de les manualitats i els jocs educatius per a grans i petits, arriba al Sal\u00f3 amb algunes prim\u00edcies, tan sorprenents com la nova gamma dels sorprenents Sets d'Art Sensorial d\u2019Oktoclay.","robots":{"index":"index","follow":"follow","max-snippet":"max-snippet:-1","max-image-preview":"max-image-preview:large","max-video-preview":"max-video-preview:-1"},"canonical":"https:\/\/creativabarcelona.com\/ca\/creativa-barcelona-albergara-lestrena-de-la-nova-col\u00b7leccio-doktoclay-de-pintura-creativa-3d-inspirada-en-barcelona\/","og_locale":"ca_ES","og_type":"article","og_title":"Creativa Barcelona albergar\u00e0 l'estrena de la nova col\u00b7lecci\u00f3 d\u2019Oktoclay de pintura creativa 3D inspirada en Barcelona - Creativa Barcelona","og_description":"ToysLine, empresa familiar dedicada a l'univers de les manualitats i els jocs educatius per a grans i petits, arriba al Sal\u00f3 amb algunes prim\u00edcies, tan sorprenents com la nova gamma dels sorprenents Sets d'Art Sensorial d\u2019Oktoclay.","og_url":"https:\/\/creativabarcelona.com\/ca\/creativa-barcelona-albergara-lestrena-de-la-nova-col\u00b7leccio-doktoclay-de-pintura-creativa-3d-inspirada-en-barcelona\/","og_site_name":"Creativa Barcelona","article_published_time":"2024-09-04T11:28:53+00:00","article_modified_time":"2024-09-09T15:14:16+00:00","og_image":[{"width":750,"height":550,"url":"https:\/\/creativabarcelona.com\/wp-content\/uploads\/2024\/09\/noticias_oktoclay_creativa_2024.jpg","type":"image\/jpeg"}],"author":"Creativa Barcelona","twitter_card":"summary_large_image","twitter_misc":{"Escrit per":"Creativa Barcelona","Temps estimat de lectura":"2 minuts"},"schema":{"@context":"https:\/\/schema.org","@graph":[{"@type":"Article","@id":"https:\/\/creativabarcelona.com\/ca\/creativa-barcelona-albergara-lestrena-de-la-nova-col%c2%b7leccio-doktoclay-de-pintura-creativa-3d-inspirada-en-barcelona\/#article","isPartOf":{"@id":"https:\/\/creativabarcelona.com\/ca\/creativa-barcelona-albergara-lestrena-de-la-nova-col%c2%b7leccio-doktoclay-de-pintura-creativa-3d-inspirada-en-barcelona\/"},"author":{"name":"Creativa Barcelona","@id":"https:\/\/creativabarcelona.com\/#\/schema\/person\/88136af06c702fba6a4a56fccac027e3"},"headline":"Creativa Barcelona albergar\u00e0 l&#8217;estrena de la nova col\u00b7lecci\u00f3 d\u2019Oktoclay de pintura creativa 3D inspirada en Barcelona","datePublished":"2024-09-04T11:28:53+00:00","dateModified":"2024-09-09T15:14:16+00:00","mainEntityOfPage":{"@id":"https:\/\/creativabarcelona.com\/ca\/creativa-barcelona-albergara-lestrena-de-la-nova-col%c2%b7leccio-doktoclay-de-pintura-creativa-3d-inspirada-en-barcelona\/"},"wordCount":242,"publisher":{"@id":"https:\/\/creativabarcelona.com\/#organization"},"image":{"@id":"https:\/\/creativabarcelona.com\/ca\/creativa-barcelona-albergara-lestrena-de-la-nova-col%c2%b7leccio-doktoclay-de-pintura-creativa-3d-inspirada-en-barcelona\/#primaryimage"},"thumbnailUrl":"https:\/\/creativabarcelona.com\/wp-content\/uploads\/2024\/09\/noticias_oktoclay_creativa_2024.jpg","articleSection":["Creativa 2024","Escultura","Expositors"],"inLanguage":"ca"},{"@type":"WebPage","@id":"https:\/\/creativabarcelona.com\/ca\/creativa-barcelona-albergara-lestrena-de-la-nova-col%c2%b7leccio-doktoclay-de-pintura-creativa-3d-inspirada-en-barcelona\/","url":"https:\/\/creativabarcelona.com\/ca\/creativa-barcelona-albergara-lestrena-de-la-nova-col%c2%b7leccio-doktoclay-de-pintura-creativa-3d-inspirada-en-barcelona\/","name":"Creativa Barcelona albergar\u00e0 l'estrena de la nova col\u00b7lecci\u00f3 d\u2019Oktoclay de pintura creativa 3D inspirada en Barcelona - Creativa Barcelona","isPartOf":{"@id":"https:\/\/creativabarcelona.com\/#website"},"primaryImageOfPage":{"@id":"https:\/\/creativabarcelona.com\/ca\/creativa-barcelona-albergara-lestrena-de-la-nova-col%c2%b7leccio-doktoclay-de-pintura-creativa-3d-inspirada-en-barcelona\/#primaryimage"},"image":{"@id":"https:\/\/creativabarcelona.com\/ca\/creativa-barcelona-albergara-lestrena-de-la-nova-col%c2%b7leccio-doktoclay-de-pintura-creativa-3d-inspirada-en-barcelona\/#primaryimage"},"thumbnailUrl":"https:\/\/creativabarcelona.com\/wp-content\/uploads\/2024\/09\/noticias_oktoclay_creativa_2024.jpg","datePublished":"2024-09-04T11:28:53+00:00","dateModified":"2024-09-09T15:14:16+00:00","description":"ToysLine, empresa familiar dedicada a l'univers de les manualitats i els jocs educatius per a grans i petits, arriba al Sal\u00f3 amb algunes prim\u00edcies, tan sorprenents com la nova gamma dels sorprenents Sets d'Art Sensorial d\u2019Oktoclay.","breadcrumb":{"@id":"https:\/\/creativabarcelona.com\/ca\/creativa-barcelona-albergara-lestrena-de-la-nova-col%c2%b7leccio-doktoclay-de-pintura-creativa-3d-inspirada-en-barcelona\/#breadcrumb"},"inLanguage":"ca","potentialAction":[{"@type":"ReadAction","target":["https:\/\/creativabarcelona.com\/ca\/creativa-barcelona-albergara-lestrena-de-la-nova-col%c2%b7leccio-doktoclay-de-pintura-creativa-3d-inspirada-en-barcelona\/"]}]},{"@type":"ImageObject","inLanguage":"ca","@id":"https:\/\/creativabarcelona.com\/ca\/creativa-barcelona-albergara-lestrena-de-la-nova-col%c2%b7leccio-doktoclay-de-pintura-creativa-3d-inspirada-en-barcelona\/#primaryimage","url":"https:\/\/creativabarcelona.com\/wp-content\/uploads\/2024\/09\/noticias_oktoclay_creativa_2024.jpg","contentUrl":"https:\/\/creativabarcelona.com\/wp-content\/uploads\/2024\/09\/noticias_oktoclay_creativa_2024.jpg","width":750,"height":550},{"@type":"BreadcrumbList","@id":"https:\/\/creativabarcelona.com\/ca\/creativa-barcelona-albergara-lestrena-de-la-nova-col%c2%b7leccio-doktoclay-de-pintura-creativa-3d-inspirada-en-barcelona\/#breadcrumb","itemListElement":[{"@type":"ListItem","position":1,"name":"Portada","item":"https:\/\/creativabarcelona.com\/ca\/"},{"@type":"ListItem","position":2,"name":"Creativa Barcelona albergar\u00e0 l&#8217;estrena de la nova col\u00b7lecci\u00f3 d\u2019Oktoclay de pintura creativa 3D inspirada en Barcelona"}]},{"@type":"WebSite","@id":"https:\/\/creativabarcelona.com\/#website","url":"https:\/\/creativabarcelona.com\/","name":"Creativa Barcelona","description":"Sal\u00f3 de les Manualitats i Artesanies","publisher":{"@id":"https:\/\/creativabarcelona.com\/#organization"},"potentialAction":[{"@type":"SearchAction","target":{"@type":"EntryPoint","urlTemplate":"https:\/\/creativabarcelona.com\/?s={search_term_string}"},"query-input":{"@type":"PropertyValueSpecification","valueRequired":true,"valueName":"search_term_string"}}],"inLanguage":"ca"},{"@type":"Organization","@id":"https:\/\/creativabarcelona.com\/#organization","name":"Creativa Barcelona","url":"https:\/\/creativabarcelona.com\/","logo":{"@type":"ImageObject","inLanguage":"ca","@id":"https:\/\/creativabarcelona.com\/#\/schema\/logo\/image\/","url":"https:\/\/creativabarcelona.com\/wp-content\/uploads\/2025\/03\/logo_creativa_barcelona_Cast-1.png","contentUrl":"https:\/\/creativabarcelona.com\/wp-content\/uploads\/2025\/03\/logo_creativa_barcelona_Cast-1.png","width":777,"height":417,"caption":"Creativa Barcelona"},"image":{"@id":"https:\/\/creativabarcelona.com\/#\/schema\/logo\/image\/"}},{"@type":"Person","@id":"https:\/\/creativabarcelona.com\/#\/schema\/person\/88136af06c702fba6a4a56fccac027e3","name":"Creativa Barcelona","image":{"@type":"ImageObject","inLanguage":"ca","@id":"https:\/\/secure.gravatar.com\/avatar\/9751d88ddbee61c132bde30a2ddd40a6948919cbc65d9dc0baed64e15bd22aca?s=96&d=mm&r=g","url":"https:\/\/secure.gravatar.com\/avatar\/9751d88ddbee61c132bde30a2ddd40a6948919cbc65d9dc0baed64e15bd22aca?s=96&d=mm&r=g","contentUrl":"https:\/\/secure.gravatar.com\/avatar\/9751d88ddbee61c132bde30a2ddd40a6948919cbc65d9dc0baed64e15bd22aca?s=96&d=mm&r=g","caption":"Creativa Barcelona"},"sameAs":["https:\/\/creativabarcelona.com"],"url":"https:\/\/creativabarcelona.com\/ca\/author\/crea20tiv22bcn\/"}]}},"_links":{"self":[{"href":"https:\/\/creativabarcelona.com\/ca\/wp-json\/wp\/v2\/posts\/15854","targetHints":{"allow":["GET"]}}],"collection":[{"href":"https:\/\/creativabarcelona.com\/ca\/wp-json\/wp\/v2\/posts"}],"about":[{"href":"https:\/\/creativabarcelona.com\/ca\/wp-json\/wp\/v2\/types\/post"}],"author":[{"embeddable":true,"href":"https:\/\/creativabarcelona.com\/ca\/wp-json\/wp\/v2\/users\/1"}],"replies":[{"embeddable":true,"href":"https:\/\/creativabarcelona.com\/ca\/wp-json\/wp\/v2\/comments?post=15854"}],"version-history":[{"count":3,"href":"https:\/\/creativabarcelona.com\/ca\/wp-json\/wp\/v2\/posts\/15854\/revisions"}],"predecessor-version":[{"id":15882,"href":"https:\/\/creativabarcelona.com\/ca\/wp-json\/wp\/v2\/posts\/15854\/revisions\/15882"}],"wp:featuredmedia":[{"embeddable":true,"href":"https:\/\/creativabarcelona.com\/ca\/wp-json\/wp\/v2\/media\/15821"}],"wp:attachment":[{"href":"https:\/\/creativabarcelona.com\/ca\/wp-json\/wp\/v2\/media?parent=15854"}],"wp:term":[{"taxonomy":"category","embeddable":true,"href":"https:\/\/creativabarcelona.com\/ca\/wp-json\/wp\/v2\/categories?post=15854"},{"taxonomy":"post_tag","embeddable":true,"href":"https:\/\/creativabarcelona.com\/ca\/wp-json\/wp\/v2\/tags?post=15854"}],"curies":[{"name":"wp","href":"https:\/\/api.w.org\/{rel}","templated":true}]}}