{"id":16613,"date":"2024-09-25T09:29:07","date_gmt":"2024-09-25T07:29:07","guid":{"rendered":"https:\/\/creativabarcelona.com\/creativa-kids-llega-esta-edicion-con-la-creatividad-y-diversion-saludable-de-la-mano-de-old-teddys\/"},"modified":"2024-09-25T09:37:57","modified_gmt":"2024-09-25T07:37:57","slug":"creativa-kids-arriba-aquesta-edicio-amb-la-creativitat-i-diversio-saludable-dold-teddys","status":"publish","type":"post","link":"https:\/\/creativabarcelona.com\/ca\/creativa-kids-arriba-aquesta-edicio-amb-la-creativitat-i-diversio-saludable-dold-teddys\/","title":{"rendered":"Creativa Kids arriba aquesta edici\u00f3 amb la creativitat i diversi\u00f3 saludable d\u2019Old Teddys"},"content":{"rendered":"<p>Un any m\u00e9s, els\/les nens\/es de la casa tamb\u00e9 podran gaudir de Creativa Barcelona en un espai dedicat exclusivament a ell@s: Creativa Kids. En aquesta edici\u00f3, i de la m\u00e0 d\u2019Old Teddys, les fam\u00edlies podran no nom\u00e9s crear juntes, sin\u00f3 tamb\u00e9 gaudir de temps l\u00fadic de qualitat descobrint els millors jocs de taula, jocs de construcci\u00f3 i manualitats per a nens, nenes i les seves fam\u00edlies.<\/p>\n<p><a href=\"https:\/\/creativabarcelona.com\/ca\/creativa-kids\/\"><strong>L&#8217;agenda d&#8217;activitats de Creativa Kids by Old Teddys<\/strong><\/a> ser\u00e0 molt intensa des del dijous al diumenge. Aix\u00ed, al llarg de les jornades l@s visitants podran participar en divertides sessions de Jocs XXL (els jocs de taula m\u00e9s coneguts en format gegant), o deixar volar la seva imaginaci\u00f3 en els tallers de construcci\u00f3 creativa o d&#8217;origami. I per als m\u00e9s petits \u2013d&#8217;entre 2 i 5 anys\u2013, Old Teddy i la Ludattica oferiran sessions de Primeres Creativitats, perqu\u00e8 les manualitats tamb\u00e9 s\u00f3n aptes per als m\u00e9s petitons. I els\/les visitants de Creativa Barcelona podran descobrir-ho en Creativa Kids.<\/p>\n<p>A m\u00e9s, en Creativa Kids cada dia es realitzar\u00e0 un<a href=\"https:\/\/creativabarcelona.com\/ca\/talleres\/sorteo-de-juegos\/\"><strong> Sorteig de Productes l\u00fadics<\/strong><\/a> per a tots els que hagin jugat i creat en aquest espai. Participar ser\u00e0 molt f\u00e0cil, nom\u00e9s cal aconseguir emplenar el \u201cPassaport Juganer\u201d (jugant a 4 de les propostes de joc). El sorteig es realitzar\u00e0 agafant a l&#8217;atzar una papereta (Passaport Juganer emplenat), de manera que nom\u00e9s podran guanyar el premi les persones que es trobin en la zona Creativa Kids en el moment del sorteig. Aix\u00ed que, preneu nota\u2026 I a jugar!<\/p>\n<p><a href=\"https:\/\/creativabarcelona.com\/ca\/creativa-kids\/\"><strong>Accedeix aqu\u00ed a tota la programaci\u00f3 de Creativa Kids 2024<\/strong><\/a><\/p>\n<p>&nbsp;<\/p>\n<p><a href=\"https:\/\/oldteddys.com\/\" target=\"_blank\" rel=\"noopener\"><img decoding=\"async\" class=\"alignnone wp-image-16192\" src=\"https:\/\/creativabarcelona.com\/wp-content\/uploads\/2024\/09\/LOGO_OldTeddys___Positiu_Blau_RGB_v2-300x174.png\" alt=\"\" width=\"188\" height=\"104\" \/><\/a><\/p>\n<p>&nbsp;<\/p>\n","protected":false},"excerpt":{"rendered":"<p>Un any m\u00e9s, els\/les nens\/es de la casa tamb\u00e9 podran gaudir de Creativa Barcelona en un espai dedicat exclusivament a ell@s: Creativa Kids.<\/p>\n","protected":false},"author":1,"featured_media":16604,"comment_status":"closed","ping_status":"open","sticky":false,"template":"","format":"standard","meta":{"footnotes":""},"categories":[211,58,217,69],"tags":[],"class_list":["post-16613","post","type-post","status-publish","format-standard","has-post-thumbnail","hentry","category-creativa-2024-ca","category-expositors","category-kids-ca","category-tallers-i-activitats"],"yoast_head":"<!-- This site is optimized with the Yoast SEO plugin v27.5 - https:\/\/yoast.com\/product\/yoast-seo-wordpress\/ -->\n<title>Creativa Kids arriba aquesta edici\u00f3 amb la creativitat i diversi\u00f3 saludable d\u2019Old Teddys - Creativa Barcelona<\/title>\n<meta name=\"description\" content=\"Un any m\u00e9s, els\/les nens\/es de la casa tamb\u00e9 podran gaudir de Creativa Barcelona en un espai dedicat exclusivament a ell@s: Creativa Kids.\" \/>\n<meta name=\"robots\" content=\"index, follow, max-snippet:-1, max-image-preview:large, max-video-preview:-1\" \/>\n<link rel=\"canonical\" href=\"https:\/\/creativabarcelona.com\/ca\/creativa-kids-arriba-aquesta-edicio-amb-la-creativitat-i-diversio-saludable-dold-teddys\/\" \/>\n<meta property=\"og:locale\" content=\"ca_ES\" \/>\n<meta property=\"og:type\" content=\"article\" \/>\n<meta property=\"og:title\" content=\"Creativa Kids arriba aquesta edici\u00f3 amb la creativitat i diversi\u00f3 saludable d\u2019Old Teddys - Creativa Barcelona\" \/>\n<meta property=\"og:description\" content=\"Un any m\u00e9s, els\/les nens\/es de la casa tamb\u00e9 podran gaudir de Creativa Barcelona en un espai dedicat exclusivament a ell@s: Creativa Kids.\" \/>\n<meta property=\"og:url\" content=\"https:\/\/creativabarcelona.com\/ca\/creativa-kids-arriba-aquesta-edicio-amb-la-creativitat-i-diversio-saludable-dold-teddys\/\" \/>\n<meta property=\"og:site_name\" content=\"Creativa Barcelona\" \/>\n<meta property=\"article:published_time\" content=\"2024-09-25T07:29:07+00:00\" \/>\n<meta property=\"article:modified_time\" content=\"2024-09-25T07:37:57+00:00\" \/>\n<meta property=\"og:image\" content=\"https:\/\/creativabarcelona.com\/wp-content\/uploads\/2024\/09\/noticias_creativa_kids_creativa_2024.jpg\" \/>\n\t<meta property=\"og:image:width\" content=\"750\" \/>\n\t<meta property=\"og:image:height\" content=\"550\" \/>\n\t<meta property=\"og:image:type\" content=\"image\/jpeg\" \/>\n<meta name=\"author\" content=\"Creativa Barcelona\" \/>\n<meta name=\"twitter:card\" content=\"summary_large_image\" \/>\n<meta name=\"twitter:label1\" content=\"Escrit per\" \/>\n\t<meta name=\"twitter:data1\" content=\"Creativa Barcelona\" \/>\n\t<meta name=\"twitter:label2\" content=\"Temps estimat de lectura\" \/>\n\t<meta name=\"twitter:data2\" content=\"2 minuts\" \/>\n<script type=\"application\/ld+json\" class=\"yoast-schema-graph\">{\"@context\":\"https:\\\/\\\/schema.org\",\"@graph\":[{\"@type\":\"Article\",\"@id\":\"https:\\\/\\\/creativabarcelona.com\\\/ca\\\/creativa-kids-arriba-aquesta-edicio-amb-la-creativitat-i-diversio-saludable-dold-teddys\\\/#article\",\"isPartOf\":{\"@id\":\"https:\\\/\\\/creativabarcelona.com\\\/ca\\\/creativa-kids-arriba-aquesta-edicio-amb-la-creativitat-i-diversio-saludable-dold-teddys\\\/\"},\"author\":{\"name\":\"Creativa Barcelona\",\"@id\":\"https:\\\/\\\/creativabarcelona.com\\\/#\\\/schema\\\/person\\\/88136af06c702fba6a4a56fccac027e3\"},\"headline\":\"Creativa Kids arriba aquesta edici\u00f3 amb la creativitat i diversi\u00f3 saludable d\u2019Old Teddys\",\"datePublished\":\"2024-09-25T07:29:07+00:00\",\"dateModified\":\"2024-09-25T07:37:57+00:00\",\"mainEntityOfPage\":{\"@id\":\"https:\\\/\\\/creativabarcelona.com\\\/ca\\\/creativa-kids-arriba-aquesta-edicio-amb-la-creativitat-i-diversio-saludable-dold-teddys\\\/\"},\"wordCount\":296,\"publisher\":{\"@id\":\"https:\\\/\\\/creativabarcelona.com\\\/#organization\"},\"image\":{\"@id\":\"https:\\\/\\\/creativabarcelona.com\\\/ca\\\/creativa-kids-arriba-aquesta-edicio-amb-la-creativitat-i-diversio-saludable-dold-teddys\\\/#primaryimage\"},\"thumbnailUrl\":\"https:\\\/\\\/creativabarcelona.com\\\/wp-content\\\/uploads\\\/2024\\\/09\\\/noticias_creativa_kids_creativa_2024.jpg\",\"articleSection\":[\"Creativa 2024\",\"Expositors\",\"Kids\",\"Tallers i Activitats\"],\"inLanguage\":\"ca\"},{\"@type\":\"WebPage\",\"@id\":\"https:\\\/\\\/creativabarcelona.com\\\/ca\\\/creativa-kids-arriba-aquesta-edicio-amb-la-creativitat-i-diversio-saludable-dold-teddys\\\/\",\"url\":\"https:\\\/\\\/creativabarcelona.com\\\/ca\\\/creativa-kids-arriba-aquesta-edicio-amb-la-creativitat-i-diversio-saludable-dold-teddys\\\/\",\"name\":\"Creativa Kids arriba aquesta edici\u00f3 amb la creativitat i diversi\u00f3 saludable d\u2019Old Teddys - Creativa Barcelona\",\"isPartOf\":{\"@id\":\"https:\\\/\\\/creativabarcelona.com\\\/#website\"},\"primaryImageOfPage\":{\"@id\":\"https:\\\/\\\/creativabarcelona.com\\\/ca\\\/creativa-kids-arriba-aquesta-edicio-amb-la-creativitat-i-diversio-saludable-dold-teddys\\\/#primaryimage\"},\"image\":{\"@id\":\"https:\\\/\\\/creativabarcelona.com\\\/ca\\\/creativa-kids-arriba-aquesta-edicio-amb-la-creativitat-i-diversio-saludable-dold-teddys\\\/#primaryimage\"},\"thumbnailUrl\":\"https:\\\/\\\/creativabarcelona.com\\\/wp-content\\\/uploads\\\/2024\\\/09\\\/noticias_creativa_kids_creativa_2024.jpg\",\"datePublished\":\"2024-09-25T07:29:07+00:00\",\"dateModified\":\"2024-09-25T07:37:57+00:00\",\"description\":\"Un any m\u00e9s, els\\\/les nens\\\/es de la casa tamb\u00e9 podran gaudir de Creativa Barcelona en un espai dedicat exclusivament a ell@s: Creativa Kids.\",\"breadcrumb\":{\"@id\":\"https:\\\/\\\/creativabarcelona.com\\\/ca\\\/creativa-kids-arriba-aquesta-edicio-amb-la-creativitat-i-diversio-saludable-dold-teddys\\\/#breadcrumb\"},\"inLanguage\":\"ca\",\"potentialAction\":[{\"@type\":\"ReadAction\",\"target\":[\"https:\\\/\\\/creativabarcelona.com\\\/ca\\\/creativa-kids-arriba-aquesta-edicio-amb-la-creativitat-i-diversio-saludable-dold-teddys\\\/\"]}]},{\"@type\":\"ImageObject\",\"inLanguage\":\"ca\",\"@id\":\"https:\\\/\\\/creativabarcelona.com\\\/ca\\\/creativa-kids-arriba-aquesta-edicio-amb-la-creativitat-i-diversio-saludable-dold-teddys\\\/#primaryimage\",\"url\":\"https:\\\/\\\/creativabarcelona.com\\\/wp-content\\\/uploads\\\/2024\\\/09\\\/noticias_creativa_kids_creativa_2024.jpg\",\"contentUrl\":\"https:\\\/\\\/creativabarcelona.com\\\/wp-content\\\/uploads\\\/2024\\\/09\\\/noticias_creativa_kids_creativa_2024.jpg\",\"width\":750,\"height\":550},{\"@type\":\"BreadcrumbList\",\"@id\":\"https:\\\/\\\/creativabarcelona.com\\\/ca\\\/creativa-kids-arriba-aquesta-edicio-amb-la-creativitat-i-diversio-saludable-dold-teddys\\\/#breadcrumb\",\"itemListElement\":[{\"@type\":\"ListItem\",\"position\":1,\"name\":\"Portada\",\"item\":\"https:\\\/\\\/creativabarcelona.com\\\/ca\\\/\"},{\"@type\":\"ListItem\",\"position\":2,\"name\":\"Creativa Kids arriba aquesta edici\u00f3 amb la creativitat i diversi\u00f3 saludable d\u2019Old Teddys\"}]},{\"@type\":\"WebSite\",\"@id\":\"https:\\\/\\\/creativabarcelona.com\\\/#website\",\"url\":\"https:\\\/\\\/creativabarcelona.com\\\/\",\"name\":\"Creativa Barcelona\",\"description\":\"Sal\u00f3 de les Manualitats i Artesanies\",\"publisher\":{\"@id\":\"https:\\\/\\\/creativabarcelona.com\\\/#organization\"},\"potentialAction\":[{\"@type\":\"SearchAction\",\"target\":{\"@type\":\"EntryPoint\",\"urlTemplate\":\"https:\\\/\\\/creativabarcelona.com\\\/?s={search_term_string}\"},\"query-input\":{\"@type\":\"PropertyValueSpecification\",\"valueRequired\":true,\"valueName\":\"search_term_string\"}}],\"inLanguage\":\"ca\"},{\"@type\":\"Organization\",\"@id\":\"https:\\\/\\\/creativabarcelona.com\\\/#organization\",\"name\":\"Creativa Barcelona\",\"url\":\"https:\\\/\\\/creativabarcelona.com\\\/\",\"logo\":{\"@type\":\"ImageObject\",\"inLanguage\":\"ca\",\"@id\":\"https:\\\/\\\/creativabarcelona.com\\\/#\\\/schema\\\/logo\\\/image\\\/\",\"url\":\"https:\\\/\\\/creativabarcelona.com\\\/wp-content\\\/uploads\\\/2025\\\/03\\\/logo_creativa_barcelona_Cast-1.png\",\"contentUrl\":\"https:\\\/\\\/creativabarcelona.com\\\/wp-content\\\/uploads\\\/2025\\\/03\\\/logo_creativa_barcelona_Cast-1.png\",\"width\":777,\"height\":417,\"caption\":\"Creativa Barcelona\"},\"image\":{\"@id\":\"https:\\\/\\\/creativabarcelona.com\\\/#\\\/schema\\\/logo\\\/image\\\/\"}},{\"@type\":\"Person\",\"@id\":\"https:\\\/\\\/creativabarcelona.com\\\/#\\\/schema\\\/person\\\/88136af06c702fba6a4a56fccac027e3\",\"name\":\"Creativa Barcelona\",\"image\":{\"@type\":\"ImageObject\",\"inLanguage\":\"ca\",\"@id\":\"https:\\\/\\\/secure.gravatar.com\\\/avatar\\\/9751d88ddbee61c132bde30a2ddd40a6948919cbc65d9dc0baed64e15bd22aca?s=96&d=mm&r=g\",\"url\":\"https:\\\/\\\/secure.gravatar.com\\\/avatar\\\/9751d88ddbee61c132bde30a2ddd40a6948919cbc65d9dc0baed64e15bd22aca?s=96&d=mm&r=g\",\"contentUrl\":\"https:\\\/\\\/secure.gravatar.com\\\/avatar\\\/9751d88ddbee61c132bde30a2ddd40a6948919cbc65d9dc0baed64e15bd22aca?s=96&d=mm&r=g\",\"caption\":\"Creativa Barcelona\"},\"sameAs\":[\"https:\\\/\\\/creativabarcelona.com\"],\"url\":\"https:\\\/\\\/creativabarcelona.com\\\/ca\\\/author\\\/crea20tiv22bcn\\\/\"}]}<\/script>\n<!-- \/ Yoast SEO plugin. -->","yoast_head_json":{"title":"Creativa Kids arriba aquesta edici\u00f3 amb la creativitat i diversi\u00f3 saludable d\u2019Old Teddys - Creativa Barcelona","description":"Un any m\u00e9s, els\/les nens\/es de la casa tamb\u00e9 podran gaudir de Creativa Barcelona en un espai dedicat exclusivament a ell@s: Creativa Kids.","robots":{"index":"index","follow":"follow","max-snippet":"max-snippet:-1","max-image-preview":"max-image-preview:large","max-video-preview":"max-video-preview:-1"},"canonical":"https:\/\/creativabarcelona.com\/ca\/creativa-kids-arriba-aquesta-edicio-amb-la-creativitat-i-diversio-saludable-dold-teddys\/","og_locale":"ca_ES","og_type":"article","og_title":"Creativa Kids arriba aquesta edici\u00f3 amb la creativitat i diversi\u00f3 saludable d\u2019Old Teddys - Creativa Barcelona","og_description":"Un any m\u00e9s, els\/les nens\/es de la casa tamb\u00e9 podran gaudir de Creativa Barcelona en un espai dedicat exclusivament a ell@s: Creativa Kids.","og_url":"https:\/\/creativabarcelona.com\/ca\/creativa-kids-arriba-aquesta-edicio-amb-la-creativitat-i-diversio-saludable-dold-teddys\/","og_site_name":"Creativa Barcelona","article_published_time":"2024-09-25T07:29:07+00:00","article_modified_time":"2024-09-25T07:37:57+00:00","og_image":[{"width":750,"height":550,"url":"https:\/\/creativabarcelona.com\/wp-content\/uploads\/2024\/09\/noticias_creativa_kids_creativa_2024.jpg","type":"image\/jpeg"}],"author":"Creativa Barcelona","twitter_card":"summary_large_image","twitter_misc":{"Escrit per":"Creativa Barcelona","Temps estimat de lectura":"2 minuts"},"schema":{"@context":"https:\/\/schema.org","@graph":[{"@type":"Article","@id":"https:\/\/creativabarcelona.com\/ca\/creativa-kids-arriba-aquesta-edicio-amb-la-creativitat-i-diversio-saludable-dold-teddys\/#article","isPartOf":{"@id":"https:\/\/creativabarcelona.com\/ca\/creativa-kids-arriba-aquesta-edicio-amb-la-creativitat-i-diversio-saludable-dold-teddys\/"},"author":{"name":"Creativa Barcelona","@id":"https:\/\/creativabarcelona.com\/#\/schema\/person\/88136af06c702fba6a4a56fccac027e3"},"headline":"Creativa Kids arriba aquesta edici\u00f3 amb la creativitat i diversi\u00f3 saludable d\u2019Old Teddys","datePublished":"2024-09-25T07:29:07+00:00","dateModified":"2024-09-25T07:37:57+00:00","mainEntityOfPage":{"@id":"https:\/\/creativabarcelona.com\/ca\/creativa-kids-arriba-aquesta-edicio-amb-la-creativitat-i-diversio-saludable-dold-teddys\/"},"wordCount":296,"publisher":{"@id":"https:\/\/creativabarcelona.com\/#organization"},"image":{"@id":"https:\/\/creativabarcelona.com\/ca\/creativa-kids-arriba-aquesta-edicio-amb-la-creativitat-i-diversio-saludable-dold-teddys\/#primaryimage"},"thumbnailUrl":"https:\/\/creativabarcelona.com\/wp-content\/uploads\/2024\/09\/noticias_creativa_kids_creativa_2024.jpg","articleSection":["Creativa 2024","Expositors","Kids","Tallers i Activitats"],"inLanguage":"ca"},{"@type":"WebPage","@id":"https:\/\/creativabarcelona.com\/ca\/creativa-kids-arriba-aquesta-edicio-amb-la-creativitat-i-diversio-saludable-dold-teddys\/","url":"https:\/\/creativabarcelona.com\/ca\/creativa-kids-arriba-aquesta-edicio-amb-la-creativitat-i-diversio-saludable-dold-teddys\/","name":"Creativa Kids arriba aquesta edici\u00f3 amb la creativitat i diversi\u00f3 saludable d\u2019Old Teddys - Creativa Barcelona","isPartOf":{"@id":"https:\/\/creativabarcelona.com\/#website"},"primaryImageOfPage":{"@id":"https:\/\/creativabarcelona.com\/ca\/creativa-kids-arriba-aquesta-edicio-amb-la-creativitat-i-diversio-saludable-dold-teddys\/#primaryimage"},"image":{"@id":"https:\/\/creativabarcelona.com\/ca\/creativa-kids-arriba-aquesta-edicio-amb-la-creativitat-i-diversio-saludable-dold-teddys\/#primaryimage"},"thumbnailUrl":"https:\/\/creativabarcelona.com\/wp-content\/uploads\/2024\/09\/noticias_creativa_kids_creativa_2024.jpg","datePublished":"2024-09-25T07:29:07+00:00","dateModified":"2024-09-25T07:37:57+00:00","description":"Un any m\u00e9s, els\/les nens\/es de la casa tamb\u00e9 podran gaudir de Creativa Barcelona en un espai dedicat exclusivament a ell@s: Creativa Kids.","breadcrumb":{"@id":"https:\/\/creativabarcelona.com\/ca\/creativa-kids-arriba-aquesta-edicio-amb-la-creativitat-i-diversio-saludable-dold-teddys\/#breadcrumb"},"inLanguage":"ca","potentialAction":[{"@type":"ReadAction","target":["https:\/\/creativabarcelona.com\/ca\/creativa-kids-arriba-aquesta-edicio-amb-la-creativitat-i-diversio-saludable-dold-teddys\/"]}]},{"@type":"ImageObject","inLanguage":"ca","@id":"https:\/\/creativabarcelona.com\/ca\/creativa-kids-arriba-aquesta-edicio-amb-la-creativitat-i-diversio-saludable-dold-teddys\/#primaryimage","url":"https:\/\/creativabarcelona.com\/wp-content\/uploads\/2024\/09\/noticias_creativa_kids_creativa_2024.jpg","contentUrl":"https:\/\/creativabarcelona.com\/wp-content\/uploads\/2024\/09\/noticias_creativa_kids_creativa_2024.jpg","width":750,"height":550},{"@type":"BreadcrumbList","@id":"https:\/\/creativabarcelona.com\/ca\/creativa-kids-arriba-aquesta-edicio-amb-la-creativitat-i-diversio-saludable-dold-teddys\/#breadcrumb","itemListElement":[{"@type":"ListItem","position":1,"name":"Portada","item":"https:\/\/creativabarcelona.com\/ca\/"},{"@type":"ListItem","position":2,"name":"Creativa Kids arriba aquesta edici\u00f3 amb la creativitat i diversi\u00f3 saludable d\u2019Old Teddys"}]},{"@type":"WebSite","@id":"https:\/\/creativabarcelona.com\/#website","url":"https:\/\/creativabarcelona.com\/","name":"Creativa Barcelona","description":"Sal\u00f3 de les Manualitats i Artesanies","publisher":{"@id":"https:\/\/creativabarcelona.com\/#organization"},"potentialAction":[{"@type":"SearchAction","target":{"@type":"EntryPoint","urlTemplate":"https:\/\/creativabarcelona.com\/?s={search_term_string}"},"query-input":{"@type":"PropertyValueSpecification","valueRequired":true,"valueName":"search_term_string"}}],"inLanguage":"ca"},{"@type":"Organization","@id":"https:\/\/creativabarcelona.com\/#organization","name":"Creativa Barcelona","url":"https:\/\/creativabarcelona.com\/","logo":{"@type":"ImageObject","inLanguage":"ca","@id":"https:\/\/creativabarcelona.com\/#\/schema\/logo\/image\/","url":"https:\/\/creativabarcelona.com\/wp-content\/uploads\/2025\/03\/logo_creativa_barcelona_Cast-1.png","contentUrl":"https:\/\/creativabarcelona.com\/wp-content\/uploads\/2025\/03\/logo_creativa_barcelona_Cast-1.png","width":777,"height":417,"caption":"Creativa Barcelona"},"image":{"@id":"https:\/\/creativabarcelona.com\/#\/schema\/logo\/image\/"}},{"@type":"Person","@id":"https:\/\/creativabarcelona.com\/#\/schema\/person\/88136af06c702fba6a4a56fccac027e3","name":"Creativa Barcelona","image":{"@type":"ImageObject","inLanguage":"ca","@id":"https:\/\/secure.gravatar.com\/avatar\/9751d88ddbee61c132bde30a2ddd40a6948919cbc65d9dc0baed64e15bd22aca?s=96&d=mm&r=g","url":"https:\/\/secure.gravatar.com\/avatar\/9751d88ddbee61c132bde30a2ddd40a6948919cbc65d9dc0baed64e15bd22aca?s=96&d=mm&r=g","contentUrl":"https:\/\/secure.gravatar.com\/avatar\/9751d88ddbee61c132bde30a2ddd40a6948919cbc65d9dc0baed64e15bd22aca?s=96&d=mm&r=g","caption":"Creativa Barcelona"},"sameAs":["https:\/\/creativabarcelona.com"],"url":"https:\/\/creativabarcelona.com\/ca\/author\/crea20tiv22bcn\/"}]}},"_links":{"self":[{"href":"https:\/\/creativabarcelona.com\/ca\/wp-json\/wp\/v2\/posts\/16613","targetHints":{"allow":["GET"]}}],"collection":[{"href":"https:\/\/creativabarcelona.com\/ca\/wp-json\/wp\/v2\/posts"}],"about":[{"href":"https:\/\/creativabarcelona.com\/ca\/wp-json\/wp\/v2\/types\/post"}],"author":[{"embeddable":true,"href":"https:\/\/creativabarcelona.com\/ca\/wp-json\/wp\/v2\/users\/1"}],"replies":[{"embeddable":true,"href":"https:\/\/creativabarcelona.com\/ca\/wp-json\/wp\/v2\/comments?post=16613"}],"version-history":[{"count":2,"href":"https:\/\/creativabarcelona.com\/ca\/wp-json\/wp\/v2\/posts\/16613\/revisions"}],"predecessor-version":[{"id":16615,"href":"https:\/\/creativabarcelona.com\/ca\/wp-json\/wp\/v2\/posts\/16613\/revisions\/16615"}],"wp:featuredmedia":[{"embeddable":true,"href":"https:\/\/creativabarcelona.com\/ca\/wp-json\/wp\/v2\/media\/16604"}],"wp:attachment":[{"href":"https:\/\/creativabarcelona.com\/ca\/wp-json\/wp\/v2\/media?parent=16613"}],"wp:term":[{"taxonomy":"category","embeddable":true,"href":"https:\/\/creativabarcelona.com\/ca\/wp-json\/wp\/v2\/categories?post=16613"},{"taxonomy":"post_tag","embeddable":true,"href":"https:\/\/creativabarcelona.com\/ca\/wp-json\/wp\/v2\/tags?post=16613"}],"curies":[{"name":"wp","href":"https:\/\/api.w.org\/{rel}","templated":true}]}}