{"id":16620,"date":"2024-09-25T09:43:54","date_gmt":"2024-09-25T07:43:54","guid":{"rendered":"https:\/\/creativabarcelona.com\/se-busca-a-ls-maestrs-mas-creativers-de-la-costura\/"},"modified":"2024-10-02T15:15:58","modified_gmt":"2024-10-02T13:15:58","slug":"es-busca-als-les-mestres-mes-creativers-de-la-costura","status":"publish","type":"post","link":"https:\/\/creativabarcelona.com\/ca\/es-busca-als-les-mestres-mes-creativers-de-la-costura\/","title":{"rendered":"Es busca als\/les Mestres M\u00e9s Creativers de la Costura"},"content":{"rendered":"<p>Com ja hem anat avan\u00e7ant, aquesta edici\u00f3 de Creativa Barcelona estar\u00e0 embastada de grans novetats del m\u00f3n de la costura. Una de les m\u00e9s esperades ser\u00e0, sens dubte, el\u00a0<strong>Concurs per a con\u00e8ixer als\/ a les mestres m\u00e9s creativers de la costura, que organitzem de la m\u00e0 de l&#8217;Associaci\u00f3 Catalana de Costura,\u00a0<\/strong><a href=\"https:\/\/costurcat.cat\/\" target=\"_blank\" rel=\"noopener\" data-saferedirecturl=\"https:\/\/www.google.com\/url?q=https:\/\/costurcat.cat\/&amp;source=gmail&amp;ust=1727946637955000&amp;usg=AOvVaw0zOqO8zlaOyN5JLh3MHERm\">Costurcat<\/a>.<\/p>\n<p>Perqu\u00e8 enguany busquem a la parella m\u00e9s destre amb l&#8217;agulla, les tisores, les teles i els fils. Tria a la teva parella ideal per a participar!<\/p>\n<p>Les parelles concursants hauran de passar per quatre proves. La primera, T\u00e8cniques Express, on demostrar que s\u00f3n l@s millors cosint una bossa per a portar tot el que comprin i facin durant la fira. En aquesta prova, a m\u00e9s, cada parella triar\u00e0 a l&#8217;atzar a una persona del p\u00fablic que els ajudar\u00e0 a confeccionar la bossa aplicant altres t\u00e8cniques (brodat, ganxet, pintura sobre tela, etc), i aconseguir aix\u00ed, la millor bossa DIY.<\/p>\n<p>La segona prova estar\u00e0 dedicada a la Xina. L@s participants hauran de crear una pe\u00e7a inspirada en el gegant asi\u00e0tic. En aquest apartat, si a m\u00e9s aconsegueixen a un@ voluntari@ del p\u00fablic per a desfilar amb la pe\u00e7a, guanyaran molts punts.<\/p>\n<p>En la tercera part del concurs es demanar\u00e0 customitzar una pe\u00e7a de roba. Aix\u00ed doncs, cada participant triar\u00e0 una de les peces disponibles per a deixar la seva firma pr\u00f2pia. En aquesta prova, l&#8217;agilitat i l&#8217;originalitat seran clau. El m\u00e9s important, aconseguir un estil propi en la pe\u00e7a personalitzada i poder-la acabar a temps.<\/p>\n<p>Finalment, el certamen acabar\u00e0 amb la prova denominada Costura Compartida, on les parelles formaran diversos equips per a participar juntes i demostrar que saben organitzar b\u00e9 el treball i decidir. A m\u00e9s de cosir, per descomptat!<\/p>\n<p>Una vegada finalitzades les proves, el jurat, que estar\u00e0 presidit pel fam\u00f3s professor de costura i ex dissenyador Skarlett Costura, puntuar\u00e0 a cada equip i parella, segons la creativitat de les peces, el funcionament, l&#8217;originalitat, el reciclatge i sostenibilitat, els acabats, la practicitat i el domini de les t\u00e8cniques, dels materials i, en definitiva, de la costura.<\/p>\n<p><strong>Com participar?<\/strong><br \/>\nSer\u00e0 molt senzill\u2026 per\u00f2 ho explicarem en la pr\u00f2xima newsletter, com tamb\u00e9 comptarem quin ser\u00e0 el premi. Aix\u00ed que, no deixis de revisar el teu email i estar atent@ a les novetats de Creativa Barcelona.<\/p>\n","protected":false},"excerpt":{"rendered":"<p>Busquem a la parella m\u00e9s destre amb l&#8217;agulla, les tisores, les teles i els fils. Tria a la teva parella ideal per a participar!<\/p>\n","protected":false},"author":1,"featured_media":16618,"comment_status":"closed","ping_status":"open","sticky":false,"template":"","format":"standard","meta":{"footnotes":""},"categories":[215,211,60,69],"tags":[],"class_list":["post-16620","post","type-post","status-publish","format-standard","has-post-thumbnail","hentry","category-costura-ca","category-creativa-2024-ca","category-llanes-fils-i-coto","category-tallers-i-activitats"],"yoast_head":"<!-- This site is optimized with the Yoast SEO plugin v27.5 - https:\/\/yoast.com\/product\/yoast-seo-wordpress\/ -->\n<title>Es busca als\/les Mestres M\u00e9s Creativers de la Costura - Creativa Barcelona<\/title>\n<meta name=\"description\" content=\"Concurs per a con\u00e8ixer als\/ a les mestres m\u00e9s creativers de la costura. Busquem a la parella m\u00e9s destre amb l&#039;agulla, les tisores, les teles i els fils. Tria a la teva parella ideal per a participar!\" \/>\n<meta name=\"robots\" content=\"index, follow, max-snippet:-1, max-image-preview:large, max-video-preview:-1\" \/>\n<link rel=\"canonical\" href=\"https:\/\/creativabarcelona.com\/ca\/es-busca-als-les-mestres-mes-creativers-de-la-costura\/\" \/>\n<meta property=\"og:locale\" content=\"ca_ES\" \/>\n<meta property=\"og:type\" content=\"article\" \/>\n<meta property=\"og:title\" content=\"Es busca als\/les Mestres M\u00e9s Creativers de la Costura - Creativa Barcelona\" \/>\n<meta property=\"og:description\" content=\"Concurs per a con\u00e8ixer als\/ a les mestres m\u00e9s creativers de la costura. Busquem a la parella m\u00e9s destre amb l&#039;agulla, les tisores, les teles i els fils. Tria a la teva parella ideal per a participar!\" \/>\n<meta property=\"og:url\" content=\"https:\/\/creativabarcelona.com\/ca\/es-busca-als-les-mestres-mes-creativers-de-la-costura\/\" \/>\n<meta property=\"og:site_name\" content=\"Creativa Barcelona\" \/>\n<meta property=\"article:published_time\" content=\"2024-09-25T07:43:54+00:00\" \/>\n<meta property=\"article:modified_time\" content=\"2024-10-02T13:15:58+00:00\" \/>\n<meta property=\"og:image\" content=\"https:\/\/creativabarcelona.com\/wp-content\/uploads\/2024\/09\/noticias_maestros_costureros_creativa_2024.jpg\" \/>\n\t<meta property=\"og:image:width\" content=\"750\" \/>\n\t<meta property=\"og:image:height\" content=\"550\" \/>\n\t<meta property=\"og:image:type\" content=\"image\/jpeg\" \/>\n<meta name=\"author\" content=\"Creativa Barcelona\" \/>\n<meta name=\"twitter:card\" content=\"summary_large_image\" \/>\n<meta name=\"twitter:label1\" content=\"Escrit per\" \/>\n\t<meta name=\"twitter:data1\" content=\"Creativa Barcelona\" \/>\n\t<meta name=\"twitter:label2\" content=\"Temps estimat de lectura\" \/>\n\t<meta name=\"twitter:data2\" content=\"2 minuts\" \/>\n<script type=\"application\/ld+json\" class=\"yoast-schema-graph\">{\"@context\":\"https:\\\/\\\/schema.org\",\"@graph\":[{\"@type\":\"Article\",\"@id\":\"https:\\\/\\\/creativabarcelona.com\\\/ca\\\/es-busca-als-les-mestres-mes-creativers-de-la-costura\\\/#article\",\"isPartOf\":{\"@id\":\"https:\\\/\\\/creativabarcelona.com\\\/ca\\\/es-busca-als-les-mestres-mes-creativers-de-la-costura\\\/\"},\"author\":{\"name\":\"Creativa Barcelona\",\"@id\":\"https:\\\/\\\/creativabarcelona.com\\\/#\\\/schema\\\/person\\\/88136af06c702fba6a4a56fccac027e3\"},\"headline\":\"Es busca als\\\/les Mestres M\u00e9s Creativers de la Costura\",\"datePublished\":\"2024-09-25T07:43:54+00:00\",\"dateModified\":\"2024-10-02T13:15:58+00:00\",\"mainEntityOfPage\":{\"@id\":\"https:\\\/\\\/creativabarcelona.com\\\/ca\\\/es-busca-als-les-mestres-mes-creativers-de-la-costura\\\/\"},\"wordCount\":419,\"publisher\":{\"@id\":\"https:\\\/\\\/creativabarcelona.com\\\/#organization\"},\"image\":{\"@id\":\"https:\\\/\\\/creativabarcelona.com\\\/ca\\\/es-busca-als-les-mestres-mes-creativers-de-la-costura\\\/#primaryimage\"},\"thumbnailUrl\":\"https:\\\/\\\/creativabarcelona.com\\\/wp-content\\\/uploads\\\/2024\\\/09\\\/noticias_maestros_costureros_creativa_2024.jpg\",\"articleSection\":[\"Costura\",\"Creativa 2024\",\"Llanes, fils i cot\u00f3\",\"Tallers i Activitats\"],\"inLanguage\":\"ca\"},{\"@type\":\"WebPage\",\"@id\":\"https:\\\/\\\/creativabarcelona.com\\\/ca\\\/es-busca-als-les-mestres-mes-creativers-de-la-costura\\\/\",\"url\":\"https:\\\/\\\/creativabarcelona.com\\\/ca\\\/es-busca-als-les-mestres-mes-creativers-de-la-costura\\\/\",\"name\":\"Es busca als\\\/les Mestres M\u00e9s Creativers de la Costura - Creativa Barcelona\",\"isPartOf\":{\"@id\":\"https:\\\/\\\/creativabarcelona.com\\\/#website\"},\"primaryImageOfPage\":{\"@id\":\"https:\\\/\\\/creativabarcelona.com\\\/ca\\\/es-busca-als-les-mestres-mes-creativers-de-la-costura\\\/#primaryimage\"},\"image\":{\"@id\":\"https:\\\/\\\/creativabarcelona.com\\\/ca\\\/es-busca-als-les-mestres-mes-creativers-de-la-costura\\\/#primaryimage\"},\"thumbnailUrl\":\"https:\\\/\\\/creativabarcelona.com\\\/wp-content\\\/uploads\\\/2024\\\/09\\\/noticias_maestros_costureros_creativa_2024.jpg\",\"datePublished\":\"2024-09-25T07:43:54+00:00\",\"dateModified\":\"2024-10-02T13:15:58+00:00\",\"description\":\"Concurs per a con\u00e8ixer als\\\/ a les mestres m\u00e9s creativers de la costura. Busquem a la parella m\u00e9s destre amb l'agulla, les tisores, les teles i els fils. Tria a la teva parella ideal per a participar!\",\"breadcrumb\":{\"@id\":\"https:\\\/\\\/creativabarcelona.com\\\/ca\\\/es-busca-als-les-mestres-mes-creativers-de-la-costura\\\/#breadcrumb\"},\"inLanguage\":\"ca\",\"potentialAction\":[{\"@type\":\"ReadAction\",\"target\":[\"https:\\\/\\\/creativabarcelona.com\\\/ca\\\/es-busca-als-les-mestres-mes-creativers-de-la-costura\\\/\"]}]},{\"@type\":\"ImageObject\",\"inLanguage\":\"ca\",\"@id\":\"https:\\\/\\\/creativabarcelona.com\\\/ca\\\/es-busca-als-les-mestres-mes-creativers-de-la-costura\\\/#primaryimage\",\"url\":\"https:\\\/\\\/creativabarcelona.com\\\/wp-content\\\/uploads\\\/2024\\\/09\\\/noticias_maestros_costureros_creativa_2024.jpg\",\"contentUrl\":\"https:\\\/\\\/creativabarcelona.com\\\/wp-content\\\/uploads\\\/2024\\\/09\\\/noticias_maestros_costureros_creativa_2024.jpg\",\"width\":750,\"height\":550},{\"@type\":\"BreadcrumbList\",\"@id\":\"https:\\\/\\\/creativabarcelona.com\\\/ca\\\/es-busca-als-les-mestres-mes-creativers-de-la-costura\\\/#breadcrumb\",\"itemListElement\":[{\"@type\":\"ListItem\",\"position\":1,\"name\":\"Portada\",\"item\":\"https:\\\/\\\/creativabarcelona.com\\\/ca\\\/\"},{\"@type\":\"ListItem\",\"position\":2,\"name\":\"Es busca als\\\/les Mestres M\u00e9s Creativers de la Costura\"}]},{\"@type\":\"WebSite\",\"@id\":\"https:\\\/\\\/creativabarcelona.com\\\/#website\",\"url\":\"https:\\\/\\\/creativabarcelona.com\\\/\",\"name\":\"Creativa Barcelona\",\"description\":\"Sal\u00f3 de les Manualitats i Artesanies\",\"publisher\":{\"@id\":\"https:\\\/\\\/creativabarcelona.com\\\/#organization\"},\"potentialAction\":[{\"@type\":\"SearchAction\",\"target\":{\"@type\":\"EntryPoint\",\"urlTemplate\":\"https:\\\/\\\/creativabarcelona.com\\\/?s={search_term_string}\"},\"query-input\":{\"@type\":\"PropertyValueSpecification\",\"valueRequired\":true,\"valueName\":\"search_term_string\"}}],\"inLanguage\":\"ca\"},{\"@type\":\"Organization\",\"@id\":\"https:\\\/\\\/creativabarcelona.com\\\/#organization\",\"name\":\"Creativa Barcelona\",\"url\":\"https:\\\/\\\/creativabarcelona.com\\\/\",\"logo\":{\"@type\":\"ImageObject\",\"inLanguage\":\"ca\",\"@id\":\"https:\\\/\\\/creativabarcelona.com\\\/#\\\/schema\\\/logo\\\/image\\\/\",\"url\":\"https:\\\/\\\/creativabarcelona.com\\\/wp-content\\\/uploads\\\/2025\\\/03\\\/logo_creativa_barcelona_Cast-1.png\",\"contentUrl\":\"https:\\\/\\\/creativabarcelona.com\\\/wp-content\\\/uploads\\\/2025\\\/03\\\/logo_creativa_barcelona_Cast-1.png\",\"width\":777,\"height\":417,\"caption\":\"Creativa Barcelona\"},\"image\":{\"@id\":\"https:\\\/\\\/creativabarcelona.com\\\/#\\\/schema\\\/logo\\\/image\\\/\"}},{\"@type\":\"Person\",\"@id\":\"https:\\\/\\\/creativabarcelona.com\\\/#\\\/schema\\\/person\\\/88136af06c702fba6a4a56fccac027e3\",\"name\":\"Creativa Barcelona\",\"image\":{\"@type\":\"ImageObject\",\"inLanguage\":\"ca\",\"@id\":\"https:\\\/\\\/secure.gravatar.com\\\/avatar\\\/9751d88ddbee61c132bde30a2ddd40a6948919cbc65d9dc0baed64e15bd22aca?s=96&d=mm&r=g\",\"url\":\"https:\\\/\\\/secure.gravatar.com\\\/avatar\\\/9751d88ddbee61c132bde30a2ddd40a6948919cbc65d9dc0baed64e15bd22aca?s=96&d=mm&r=g\",\"contentUrl\":\"https:\\\/\\\/secure.gravatar.com\\\/avatar\\\/9751d88ddbee61c132bde30a2ddd40a6948919cbc65d9dc0baed64e15bd22aca?s=96&d=mm&r=g\",\"caption\":\"Creativa Barcelona\"},\"sameAs\":[\"https:\\\/\\\/creativabarcelona.com\"],\"url\":\"https:\\\/\\\/creativabarcelona.com\\\/ca\\\/author\\\/crea20tiv22bcn\\\/\"}]}<\/script>\n<!-- \/ Yoast SEO plugin. -->","yoast_head_json":{"title":"Es busca als\/les Mestres M\u00e9s Creativers de la Costura - Creativa Barcelona","description":"Concurs per a con\u00e8ixer als\/ a les mestres m\u00e9s creativers de la costura. Busquem a la parella m\u00e9s destre amb l'agulla, les tisores, les teles i els fils. Tria a la teva parella ideal per a participar!","robots":{"index":"index","follow":"follow","max-snippet":"max-snippet:-1","max-image-preview":"max-image-preview:large","max-video-preview":"max-video-preview:-1"},"canonical":"https:\/\/creativabarcelona.com\/ca\/es-busca-als-les-mestres-mes-creativers-de-la-costura\/","og_locale":"ca_ES","og_type":"article","og_title":"Es busca als\/les Mestres M\u00e9s Creativers de la Costura - Creativa Barcelona","og_description":"Concurs per a con\u00e8ixer als\/ a les mestres m\u00e9s creativers de la costura. Busquem a la parella m\u00e9s destre amb l'agulla, les tisores, les teles i els fils. Tria a la teva parella ideal per a participar!","og_url":"https:\/\/creativabarcelona.com\/ca\/es-busca-als-les-mestres-mes-creativers-de-la-costura\/","og_site_name":"Creativa Barcelona","article_published_time":"2024-09-25T07:43:54+00:00","article_modified_time":"2024-10-02T13:15:58+00:00","og_image":[{"width":750,"height":550,"url":"https:\/\/creativabarcelona.com\/wp-content\/uploads\/2024\/09\/noticias_maestros_costureros_creativa_2024.jpg","type":"image\/jpeg"}],"author":"Creativa Barcelona","twitter_card":"summary_large_image","twitter_misc":{"Escrit per":"Creativa Barcelona","Temps estimat de lectura":"2 minuts"},"schema":{"@context":"https:\/\/schema.org","@graph":[{"@type":"Article","@id":"https:\/\/creativabarcelona.com\/ca\/es-busca-als-les-mestres-mes-creativers-de-la-costura\/#article","isPartOf":{"@id":"https:\/\/creativabarcelona.com\/ca\/es-busca-als-les-mestres-mes-creativers-de-la-costura\/"},"author":{"name":"Creativa Barcelona","@id":"https:\/\/creativabarcelona.com\/#\/schema\/person\/88136af06c702fba6a4a56fccac027e3"},"headline":"Es busca als\/les Mestres M\u00e9s Creativers de la Costura","datePublished":"2024-09-25T07:43:54+00:00","dateModified":"2024-10-02T13:15:58+00:00","mainEntityOfPage":{"@id":"https:\/\/creativabarcelona.com\/ca\/es-busca-als-les-mestres-mes-creativers-de-la-costura\/"},"wordCount":419,"publisher":{"@id":"https:\/\/creativabarcelona.com\/#organization"},"image":{"@id":"https:\/\/creativabarcelona.com\/ca\/es-busca-als-les-mestres-mes-creativers-de-la-costura\/#primaryimage"},"thumbnailUrl":"https:\/\/creativabarcelona.com\/wp-content\/uploads\/2024\/09\/noticias_maestros_costureros_creativa_2024.jpg","articleSection":["Costura","Creativa 2024","Llanes, fils i cot\u00f3","Tallers i Activitats"],"inLanguage":"ca"},{"@type":"WebPage","@id":"https:\/\/creativabarcelona.com\/ca\/es-busca-als-les-mestres-mes-creativers-de-la-costura\/","url":"https:\/\/creativabarcelona.com\/ca\/es-busca-als-les-mestres-mes-creativers-de-la-costura\/","name":"Es busca als\/les Mestres M\u00e9s Creativers de la Costura - Creativa Barcelona","isPartOf":{"@id":"https:\/\/creativabarcelona.com\/#website"},"primaryImageOfPage":{"@id":"https:\/\/creativabarcelona.com\/ca\/es-busca-als-les-mestres-mes-creativers-de-la-costura\/#primaryimage"},"image":{"@id":"https:\/\/creativabarcelona.com\/ca\/es-busca-als-les-mestres-mes-creativers-de-la-costura\/#primaryimage"},"thumbnailUrl":"https:\/\/creativabarcelona.com\/wp-content\/uploads\/2024\/09\/noticias_maestros_costureros_creativa_2024.jpg","datePublished":"2024-09-25T07:43:54+00:00","dateModified":"2024-10-02T13:15:58+00:00","description":"Concurs per a con\u00e8ixer als\/ a les mestres m\u00e9s creativers de la costura. Busquem a la parella m\u00e9s destre amb l'agulla, les tisores, les teles i els fils. Tria a la teva parella ideal per a participar!","breadcrumb":{"@id":"https:\/\/creativabarcelona.com\/ca\/es-busca-als-les-mestres-mes-creativers-de-la-costura\/#breadcrumb"},"inLanguage":"ca","potentialAction":[{"@type":"ReadAction","target":["https:\/\/creativabarcelona.com\/ca\/es-busca-als-les-mestres-mes-creativers-de-la-costura\/"]}]},{"@type":"ImageObject","inLanguage":"ca","@id":"https:\/\/creativabarcelona.com\/ca\/es-busca-als-les-mestres-mes-creativers-de-la-costura\/#primaryimage","url":"https:\/\/creativabarcelona.com\/wp-content\/uploads\/2024\/09\/noticias_maestros_costureros_creativa_2024.jpg","contentUrl":"https:\/\/creativabarcelona.com\/wp-content\/uploads\/2024\/09\/noticias_maestros_costureros_creativa_2024.jpg","width":750,"height":550},{"@type":"BreadcrumbList","@id":"https:\/\/creativabarcelona.com\/ca\/es-busca-als-les-mestres-mes-creativers-de-la-costura\/#breadcrumb","itemListElement":[{"@type":"ListItem","position":1,"name":"Portada","item":"https:\/\/creativabarcelona.com\/ca\/"},{"@type":"ListItem","position":2,"name":"Es busca als\/les Mestres M\u00e9s Creativers de la Costura"}]},{"@type":"WebSite","@id":"https:\/\/creativabarcelona.com\/#website","url":"https:\/\/creativabarcelona.com\/","name":"Creativa Barcelona","description":"Sal\u00f3 de les Manualitats i Artesanies","publisher":{"@id":"https:\/\/creativabarcelona.com\/#organization"},"potentialAction":[{"@type":"SearchAction","target":{"@type":"EntryPoint","urlTemplate":"https:\/\/creativabarcelona.com\/?s={search_term_string}"},"query-input":{"@type":"PropertyValueSpecification","valueRequired":true,"valueName":"search_term_string"}}],"inLanguage":"ca"},{"@type":"Organization","@id":"https:\/\/creativabarcelona.com\/#organization","name":"Creativa Barcelona","url":"https:\/\/creativabarcelona.com\/","logo":{"@type":"ImageObject","inLanguage":"ca","@id":"https:\/\/creativabarcelona.com\/#\/schema\/logo\/image\/","url":"https:\/\/creativabarcelona.com\/wp-content\/uploads\/2025\/03\/logo_creativa_barcelona_Cast-1.png","contentUrl":"https:\/\/creativabarcelona.com\/wp-content\/uploads\/2025\/03\/logo_creativa_barcelona_Cast-1.png","width":777,"height":417,"caption":"Creativa Barcelona"},"image":{"@id":"https:\/\/creativabarcelona.com\/#\/schema\/logo\/image\/"}},{"@type":"Person","@id":"https:\/\/creativabarcelona.com\/#\/schema\/person\/88136af06c702fba6a4a56fccac027e3","name":"Creativa Barcelona","image":{"@type":"ImageObject","inLanguage":"ca","@id":"https:\/\/secure.gravatar.com\/avatar\/9751d88ddbee61c132bde30a2ddd40a6948919cbc65d9dc0baed64e15bd22aca?s=96&d=mm&r=g","url":"https:\/\/secure.gravatar.com\/avatar\/9751d88ddbee61c132bde30a2ddd40a6948919cbc65d9dc0baed64e15bd22aca?s=96&d=mm&r=g","contentUrl":"https:\/\/secure.gravatar.com\/avatar\/9751d88ddbee61c132bde30a2ddd40a6948919cbc65d9dc0baed64e15bd22aca?s=96&d=mm&r=g","caption":"Creativa Barcelona"},"sameAs":["https:\/\/creativabarcelona.com"],"url":"https:\/\/creativabarcelona.com\/ca\/author\/crea20tiv22bcn\/"}]}},"_links":{"self":[{"href":"https:\/\/creativabarcelona.com\/ca\/wp-json\/wp\/v2\/posts\/16620","targetHints":{"allow":["GET"]}}],"collection":[{"href":"https:\/\/creativabarcelona.com\/ca\/wp-json\/wp\/v2\/posts"}],"about":[{"href":"https:\/\/creativabarcelona.com\/ca\/wp-json\/wp\/v2\/types\/post"}],"author":[{"embeddable":true,"href":"https:\/\/creativabarcelona.com\/ca\/wp-json\/wp\/v2\/users\/1"}],"replies":[{"embeddable":true,"href":"https:\/\/creativabarcelona.com\/ca\/wp-json\/wp\/v2\/comments?post=16620"}],"version-history":[{"count":3,"href":"https:\/\/creativabarcelona.com\/ca\/wp-json\/wp\/v2\/posts\/16620\/revisions"}],"predecessor-version":[{"id":16836,"href":"https:\/\/creativabarcelona.com\/ca\/wp-json\/wp\/v2\/posts\/16620\/revisions\/16836"}],"wp:featuredmedia":[{"embeddable":true,"href":"https:\/\/creativabarcelona.com\/ca\/wp-json\/wp\/v2\/media\/16618"}],"wp:attachment":[{"href":"https:\/\/creativabarcelona.com\/ca\/wp-json\/wp\/v2\/media?parent=16620"}],"wp:term":[{"taxonomy":"category","embeddable":true,"href":"https:\/\/creativabarcelona.com\/ca\/wp-json\/wp\/v2\/categories?post=16620"},{"taxonomy":"post_tag","embeddable":true,"href":"https:\/\/creativabarcelona.com\/ca\/wp-json\/wp\/v2\/tags?post=16620"}],"curies":[{"name":"wp","href":"https:\/\/api.w.org\/{rel}","templated":true}]}}