{"id":18474,"date":"2024-10-14T19:14:18","date_gmt":"2024-10-14T17:14:18","guid":{"rendered":"https:\/\/creativabarcelona.com\/luisa-acelas-luacelas-la-arteterapia-no-va-a-cambiar-tu-vida-pero-la-informacion-que-encuentras-en-tus-letras-y-en-lo-que-crees-si\/"},"modified":"2024-10-14T19:18:08","modified_gmt":"2024-10-14T17:18:08","slug":"luisa-acelas-luacelas-la-arteterapia-no-va-a-cambiar-tu-vida-pero-la-informacion-que-encuentras-en-tus-letras-y-en-lo-que-crees-si","status":"publish","type":"post","link":"https:\/\/creativabarcelona.com\/ca\/luisa-acelas-luacelas-la-arteterapia-no-va-a-cambiar-tu-vida-pero-la-informacion-que-encuentras-en-tus-letras-y-en-lo-que-crees-si\/","title":{"rendered":"Luisa Acelas, @luacelas &#8211; &#8220;L&#8217;artter\u00e0pia no canviar\u00e0 la teva vida, per\u00f2 la informaci\u00f3 que trobes en les teves lletres i en el que creus, s\u00ed&#8221;"},"content":{"rendered":"<p><strong>Luisa Acelas, a qui li agrada que li diguin &#8220;Lu.&#8221;, \u00e9s redactora digital, <em>brand storyteller<\/em> i una apassionada de l&#8217;artter\u00e0pia. En Creativa Barcelona, Lu compartir\u00e0 el seu enfocament \u00fanic en dos tallers on l&#8217;escriptura i l&#8217;art es converteixen en eines per al creixement personal i l&#8217;expressi\u00f3 creativa.<\/strong><\/p>\n<p>En aquesta entrevista, Lu ens parla sobre la seva traject\u00f2ria, com va descobrir l&#8217;artter\u00e0pia i qu\u00e8 portar\u00e0 fins a Creativa Barcelona aquest novembre a les seves sessions plenes de color, emocions i creativitat. Unes sessions que, a m\u00e9s, coincideixen amb el seu aniversari.<\/p>\n<p>Si est\u00e0s buscant un espai per a reconnectar amb tu mateix@ i deixar volar la teva creativitat, no et perdis els seus tallers &#8220;Una cita amb la creativitat&#8221; i &#8220;L&#8217;art de voler-me&#8221;, que se celebraran els dies 8 i 9 de novembre!<\/p>\n<h5 style=\"font-size: 20px; margin-top: 35px;\"><strong>Lu, com a \u201cmestra de l&#8217;escriptura\u201d que ets, no et resultar\u00e0 dif\u00edcil escriure com et defineixes. Dit d&#8217;una altra manera, explica&#8217;ns qui ets.<\/strong><\/h5>\n<p>Hola, em dic Luisa Acelas, encara que m&#8217;agrada que em diguin Lu. L&#8217;escriptura sempre ha estat part de la meva vida i la meva eina favorita per a connectar amb mi mateixa, amb la meva creativitat i amb el meu m\u00f3n interior.<\/p>\n<p>La meva part professional es divideix en dues \u00e0rees: d&#8217;una banda, soc redactora digital i <em>brand storyteller<\/em>; per un altre, creo espais bonics i creatius perqu\u00e8 totes les persones que s&#8217;uneixen a la meva taula d&#8217;escriptura facin una pausa i es dediquin una estoneta a si mateixes. Crec que sanar i treballar en el nostre creixement personal no ha de ser dolor\u00f3s; pot ser un proc\u00e9s acolorit, fluid, natural i positiu.<\/p>\n<p>Soc una persona creativa, somiadora (molt somiadora), una eterna aprenenta i apassionada pel que faig.<\/p>\n<h5 style=\"font-size: 20px; margin-top: 35px;\"><strong>Quan et vas adonar de la teva habilitat amb les paraules i les lletres?<\/strong><\/h5>\n<p>Des de molt petita. Sempre vaig tenir clar que volia fer alguna cosa que tingu\u00e9s a veure amb l&#8217;escriptura, per aix\u00f2, vaig decidir estudiar periodisme, que era el que m\u00e9s s&#8217;assemblava a escriure. La vida sempre m&#8217;ha portat per diferents camins per\u00f2 sempre una cosa comuna: l&#8217;escriptura. I avui dia combino l&#8217;escriptura per a la vida (amb els meus tallers i la meva marca Escriu la vida i Journaling with Lu) i per al m\u00e0rqueting amb la meva marca personal Luisaacelas.com.<\/p>\n<h5 style=\"font-size: 20px; margin-top: 35px;\"><strong>Concretant m\u00e9s, com vas descobrir el m\u00f3n de l&#8217;artter\u00e0pia i qu\u00e8 et va portar a impartir tallers sobre aquesta disciplina?<\/strong><\/h5>\n<p>Els meus tallers d&#8217;escriptura terap\u00e8utica o Journaling van comen\u00e7ar en la pand\u00e8mia. Vaig decidir obrir un espai virtual per a escriure i connectar amb una comunitat a trav\u00e9s de la pantalla per a alliberar totes les emocions que est\u00e0vem sentint durant aquest tancament, i en veure la resposta de la gent i totes les emocions que es movien en les sessions, vaig comen\u00e7ar a fer un o dos tallers virtuals al mes. Els meus tallers d&#8217;escriptura terap\u00e8utica van deixar de ser el meu hobbie, a ser una part important\u00edssima en la meva vida professional.<\/p>\n<p>Despr\u00e9s, en 2021, quan em vaig convertir en mare i vaig comen\u00e7ar a viure la major revoluci\u00f3 de la meva vida: la maternitat, vaig sentir que necessitava trobar noves maneres de gestionar totes les emocions negatives i la solitud que estava sentint per a tornar a reconnectar amb la dona que era. Necessitava trobar un cam\u00ed de tornada a mi mateixa. Aqu\u00ed vaig comen\u00e7ar a estudiar artter\u00e0pia, <em>doodles, coaching<\/em>, ter\u00e0pia sist\u00e8mica, i vaig decidir barrejar-ho tot amb els meus tallers d&#8217;escriptura.<\/p>\n<p>Soc molt multifac\u00e8tica en moltes coses, i els meus tallers s\u00f3n una mescla de tot el que m&#8217;agrada. Des de 2022, estic fent tallers presencials en angl\u00e8s i espanyol a Malta (pa\u00eds on viu), en algunes ciutats d&#8217;Espanya (cada vegada que tinc l&#8217;oportunitat de viatjar) i a Col\u00f2mbia, (el meu pa\u00eds, tamb\u00e9 quan viatjo).<\/p>\n<h5 style=\"font-size: 20px; margin-top: 35px;\"><strong>En el teu taller en Creativa Barcelona, combinar\u00e0s la creativitat amb la ter\u00e0pia a trav\u00e9s de l&#8217;art. Quin tipus d&#8217;activitats o exercicis prepares per a la teva sessi\u00f3?<\/strong><\/h5>\n<p>Tinc dos tallers molt bufons preparats per a Creativa Barcelona. Qu\u00e8 podeu esperar? Un taller que se sentir\u00e0 com a ter\u00e0pia. Un espai segur per a connectar amb totes les paraules que hi ha en el teu interior i la teva creativitat.<\/p>\n<p>Et donar\u00e0s el perm\u00eds d&#8217;expressar-te a trav\u00e9s d&#8217;un exercici de l&#8217;artter\u00e0pia: el collage i el <em>journaling<\/em> creatiu per a treballar la relaci\u00f3 que tens amb tu mateixa i el teu amor propi; i d&#8217;altra banda, tindr\u00e0s una cita amb la creativitat, on explorar\u00e0s diferents recursos: escriptura, collage, dibuix intu\u00eftiu, gargots terap\u00e8utics.<\/p>\n<p>Els meus tallers s\u00f3n 100% intu\u00eftius. No has de ser expert en res, ni pintar bonic, ni escriure b\u00e9. \u00c9s una cita amb el teu m\u00f3n interior. Un moment per a escoltar-te i deixar-te portar. Veure a on et porten les teves paraules.<\/p>\n<p>Com sempre dic en els meus tallers, el journaling o l&#8217;artter\u00e0pia no canviar\u00e0 la teva vida, per\u00f2 la informaci\u00f3 que trobes en les teves lletres i en el que cre\u00efs, s\u00ed.<\/p>\n<h5 style=\"font-size: 20px; margin-top: 35px;\"><strong>L&#8217;artter\u00e0pia t\u00e9 m\u00faltiples beneficis emocionals i psicol\u00f2gics. En la teva experi\u00e8ncia, com has vist que l&#8217;art ajuda les persones a gestionar les seves emocions i connectar amb el seu costat m\u00e9s creatiu?<\/strong><\/h5>\n<p>La creativitat ajuda les persones a connectar amb la nostra nena o nen interior. Alguna cosa que sempre passa en els meus tallers \u00e9s que les persones em diuen que van descobrir alguna cosa que no sabien que tenien per dins, o que van trobar les respostes que necessitaven. Les respostes sempre estan endins.<\/p>\n<p>La meva missi\u00f3 \u00e9s que les persones que s&#8217;uneixen als meus tallers, trobin noves maneres de respondre a les diferents situacions i emocions que experimentem en el dia a dia. Que en lloc de reaccionar impulsivament i fer o fer-nos mal, escriguem, alliberem en el paper, ens expressem a trav\u00e9s d&#8217;imatges, colors o paraules, i deixem anar tot el que pes per a continuar el dia de la millor manera.<\/p>\n<p>L&#8217;escriptura i l&#8217;artter\u00e0pia tamb\u00e9 \u00e9s un tipus de meditaci\u00f3 activa. Aix\u00ed que \u00e9s molt bo per a centrar-nos en el present.<\/p>\n<p>A m\u00e9s dels beneficis terap\u00e8utics, l&#8217;artter\u00e0pia tamb\u00e9 pot ser una eina poderosa per a potenciar la creativitat en altres aspectes de la vida.<\/p>\n<h5 style=\"font-size: 20px; margin-top: 35px;\"><strong>Com creus que aquest taller pot influir en el dia a dia dels assistents?<\/strong><\/h5>\n<p>Primer ens ajuda a practicar el <em>mindfulness<\/em>, tornar al present quan el m\u00f3n se sent ca\u00f2tic, i trobar diferents maneres d&#8217;expressar-nos. A m\u00e9s, \u00e9s un h\u00e0bit positiu i saludable per a la nostra salut mental, emocional i tamb\u00e9 f\u00edsica, perqu\u00e8 quan ens sentim b\u00e9, ens emmalaltim menys.<\/p>\n<h5 style=\"font-size: 20px; margin-top: 35px;\"><strong>En un m\u00f3n on la intel\u00b7lig\u00e8ncia artificial est\u00e0 prenent cada vegada m\u00e9s protagonisme en la creaci\u00f3 de contingut i l&#8217;art, com creus que l&#8217;enfocament hum\u00e0 i personal, com el que uses, pot \u201cguanyar\u201d enfront de la tecnologia?<\/strong><\/h5>\n<p>Hi ha coses que la tecnologia encara no pot suplir: la connexi\u00f3 humana. Acompanyar-nos, escoltar-nos i sentir-nos escoltats, sentir-nos part d&#8217;una comunitat. El \u201cfer amb les mans\u201d, que tant ens connecta amb el nostre nen i nena interior i amb el moment present. Aix\u00f2 \u00e9s un regal i \u00e9s la m\u00e0gia del presencial.<\/p>\n<h5 style=\"font-size: 20px; margin-top: 35px;\"><strong>De fet, creus que la tecnologia i la intel\u00b7lig\u00e8ncia artificial podrien ser eines complement\u00e0ries en l&#8217;\u00e0mbit de l&#8217;artter\u00e0pia o la creaci\u00f3 de contingut? Com s&#8217;aconseguiria?<\/strong><\/h5>\n<p>S\u00ed, jo crec que pot ser un complement. ChatGPt pot ajudar a crear idees, a desenvolupar exercicis, fins i tot a escriure meditacions, per\u00f2 nom\u00e9s hauria de ser un company creatiu, no el producte final.<\/p>\n<h5 style=\"font-size: 20px; margin-top: 35px;\"><strong>Com imagines el futur de la creativitat i l&#8217;art en un m\u00f3n cada vegada m\u00e9s tecnol\u00f2gic? Quin paper creus que jugar\u00e0 l&#8217;art com a eina terap\u00e8utica i emocional en aquest futur?<\/strong><\/h5>\n<p>Jo crec que molt. Hi ha moltes persones que busquen ter\u00e0pies alternatives o complement\u00e0ries per a treballar el seu creixement personal, i jo com a guia d&#8217;aquests tallers, espero que cada vegada siguem m\u00e9s les persones creant espais perqu\u00e8 aquesta connexi\u00f3 humana continu\u00ef expandint-se, i perqu\u00e8 ens explorem d&#8217;una forma creativa i intu\u00eftiva.<\/p>\n<h5 style=\"font-size: 20px; margin-top: 35px;\"><strong>Finalment, quin missatge t&#8217;agradaria donar-los a aquells que encara estan dubtant a participar en el teu taller d&#8217;artter\u00e0pia en Creativa Barcelona?<\/strong><\/h5>\n<p>Que vinguin als meus tallers! Ser\u00e0 una experi\u00e8ncia molt bonica i crec que \u00e9s la primera vegada que hi haur\u00e0 una mica d&#8217;escriptura o <em>Journaling <\/em>dins de l&#8217;opci\u00f3 de tallers. Porto dos temes molt bonics i aquesta \u00e9s una invitaci\u00f3 perqu\u00e8 et coneguis una miqueta m\u00e9s, perqu\u00e8 trobis les teves pr\u00f2pies respostes i perqu\u00e8 tinguis una cita poderosa amb el teu artista interior i amb tu mateix.<\/p>\n<p>Aix\u00ed que si vols dedicar-te 90 minuts a mirar cap a dins, fer un pla diferent i explorar la teva creativitat, t&#8217;espero en els meus tallers d&#8217;escriptura i artter\u00e0pia: Una cita amb la creativitat i l&#8217;art de voler-me, els dies 8 i 9 de novembre. A m\u00e9s, el 8 de novembre \u00e9s el meu aniversari, i prometo que ho celebrar\u00e9 amb uns tallers molt especials. Ens veiem aviat.<\/p>\n","protected":false},"excerpt":{"rendered":"<p>Luisa Acelas, a qui li agrada que li diguin &#8220;Lu.&#8221;, \u00e9s redactora digital, <em>brand storyteller<\/em> i una apassionada de l&#8217;artter\u00e0pia. En Creativa Barcelona, Lu compartir\u00e0 el seu enfocament \u00fanic en dos tallers on l&#8217;escriptura i l&#8217;art es converteixen en eines per al creixement personal i l&#8217;expressi\u00f3 creativa.<\/p>\n","protected":false},"author":1,"featured_media":18470,"comment_status":"closed","ping_status":"open","sticky":false,"template":"","format":"standard","meta":{"footnotes":""},"categories":[210,54],"tags":[],"class_list":["post-18474","post","type-post","status-publish","format-standard","has-post-thumbnail","hentry","category-creativa-2023-ca","category-entrevistes"],"yoast_head":"<!-- This site is optimized with the Yoast SEO plugin v27.5 - https:\/\/yoast.com\/product\/yoast-seo-wordpress\/ -->\n<title>Luisa Acelas, @luacelas - &quot;L&#039;artter\u00e0pia no canviar\u00e0 la teva vida, per\u00f2 la informaci\u00f3 que trobes en les teves lletres i en el que creus, s\u00ed&quot; - Creativa Barcelona<\/title>\n<meta name=\"description\" content=\"Luisa Acelas, a quien le gusta que la llamen &quot;Lu&quot;, es redactora digital, brand storyteller y una apasionada de la arteterapia. En Creativa Barcelona, Lu compartir\u00e1 su enfoque \u00fanico en dos talleres donde la escritura y el arte se convierten en herramientas para el crecimiento personal y la expresi\u00f3n creativa.\" \/>\n<meta name=\"robots\" content=\"index, follow, max-snippet:-1, max-image-preview:large, max-video-preview:-1\" \/>\n<link rel=\"canonical\" href=\"https:\/\/creativabarcelona.com\/ca\/luisa-acelas-luacelas-la-arteterapia-no-va-a-cambiar-tu-vida-pero-la-informacion-que-encuentras-en-tus-letras-y-en-lo-que-crees-si\/\" \/>\n<meta property=\"og:locale\" content=\"ca_ES\" \/>\n<meta property=\"og:type\" content=\"article\" \/>\n<meta property=\"og:title\" content=\"Luisa Acelas, @luacelas - &quot;L&#039;artter\u00e0pia no canviar\u00e0 la teva vida, per\u00f2 la informaci\u00f3 que trobes en les teves lletres i en el que creus, s\u00ed&quot; - Creativa Barcelona\" \/>\n<meta property=\"og:description\" content=\"Luisa Acelas, a quien le gusta que la llamen &quot;Lu&quot;, es redactora digital, brand storyteller y una apasionada de la arteterapia. En Creativa Barcelona, Lu compartir\u00e1 su enfoque \u00fanico en dos talleres donde la escritura y el arte se convierten en herramientas para el crecimiento personal y la expresi\u00f3n creativa.\" \/>\n<meta property=\"og:url\" content=\"https:\/\/creativabarcelona.com\/ca\/luisa-acelas-luacelas-la-arteterapia-no-va-a-cambiar-tu-vida-pero-la-informacion-que-encuentras-en-tus-letras-y-en-lo-que-crees-si\/\" \/>\n<meta property=\"og:site_name\" content=\"Creativa Barcelona\" \/>\n<meta property=\"article:published_time\" content=\"2024-10-14T17:14:18+00:00\" \/>\n<meta property=\"article:modified_time\" content=\"2024-10-14T17:18:08+00:00\" \/>\n<meta property=\"og:image\" content=\"https:\/\/creativabarcelona.com\/wp-content\/uploads\/2024\/10\/noticias_luisa_Acelas_creativa_2024.jpg\" \/>\n\t<meta property=\"og:image:width\" content=\"750\" \/>\n\t<meta property=\"og:image:height\" content=\"550\" \/>\n\t<meta property=\"og:image:type\" content=\"image\/jpeg\" \/>\n<meta name=\"author\" content=\"Creativa Barcelona\" \/>\n<meta name=\"twitter:card\" content=\"summary_large_image\" \/>\n<meta name=\"twitter:label1\" content=\"Escrit per\" \/>\n\t<meta name=\"twitter:data1\" content=\"Creativa Barcelona\" \/>\n\t<meta name=\"twitter:label2\" content=\"Temps estimat de lectura\" \/>\n\t<meta name=\"twitter:data2\" content=\"7 minuts\" \/>\n<script type=\"application\/ld+json\" class=\"yoast-schema-graph\">{\"@context\":\"https:\\\/\\\/schema.org\",\"@graph\":[{\"@type\":\"Article\",\"@id\":\"https:\\\/\\\/creativabarcelona.com\\\/ca\\\/luisa-acelas-luacelas-la-arteterapia-no-va-a-cambiar-tu-vida-pero-la-informacion-que-encuentras-en-tus-letras-y-en-lo-que-crees-si\\\/#article\",\"isPartOf\":{\"@id\":\"https:\\\/\\\/creativabarcelona.com\\\/ca\\\/luisa-acelas-luacelas-la-arteterapia-no-va-a-cambiar-tu-vida-pero-la-informacion-que-encuentras-en-tus-letras-y-en-lo-que-crees-si\\\/\"},\"author\":{\"name\":\"Creativa Barcelona\",\"@id\":\"https:\\\/\\\/creativabarcelona.com\\\/#\\\/schema\\\/person\\\/88136af06c702fba6a4a56fccac027e3\"},\"headline\":\"Luisa Acelas, @luacelas &#8211; &#8220;L&#8217;artter\u00e0pia no canviar\u00e0 la teva vida, per\u00f2 la informaci\u00f3 que trobes en les teves lletres i en el que creus, s\u00ed&#8221;\",\"datePublished\":\"2024-10-14T17:14:18+00:00\",\"dateModified\":\"2024-10-14T17:18:08+00:00\",\"mainEntityOfPage\":{\"@id\":\"https:\\\/\\\/creativabarcelona.com\\\/ca\\\/luisa-acelas-luacelas-la-arteterapia-no-va-a-cambiar-tu-vida-pero-la-informacion-que-encuentras-en-tus-letras-y-en-lo-que-crees-si\\\/\"},\"wordCount\":1641,\"publisher\":{\"@id\":\"https:\\\/\\\/creativabarcelona.com\\\/#organization\"},\"image\":{\"@id\":\"https:\\\/\\\/creativabarcelona.com\\\/ca\\\/luisa-acelas-luacelas-la-arteterapia-no-va-a-cambiar-tu-vida-pero-la-informacion-que-encuentras-en-tus-letras-y-en-lo-que-crees-si\\\/#primaryimage\"},\"thumbnailUrl\":\"https:\\\/\\\/creativabarcelona.com\\\/wp-content\\\/uploads\\\/2024\\\/10\\\/noticias_luisa_Acelas_creativa_2024.jpg\",\"articleSection\":[\"Creativa 2023\",\"Entrevistes\"],\"inLanguage\":\"ca\"},{\"@type\":\"WebPage\",\"@id\":\"https:\\\/\\\/creativabarcelona.com\\\/ca\\\/luisa-acelas-luacelas-la-arteterapia-no-va-a-cambiar-tu-vida-pero-la-informacion-que-encuentras-en-tus-letras-y-en-lo-que-crees-si\\\/\",\"url\":\"https:\\\/\\\/creativabarcelona.com\\\/ca\\\/luisa-acelas-luacelas-la-arteterapia-no-va-a-cambiar-tu-vida-pero-la-informacion-que-encuentras-en-tus-letras-y-en-lo-que-crees-si\\\/\",\"name\":\"Luisa Acelas, @luacelas - \\\"L'artter\u00e0pia no canviar\u00e0 la teva vida, per\u00f2 la informaci\u00f3 que trobes en les teves lletres i en el que creus, s\u00ed\\\" - Creativa Barcelona\",\"isPartOf\":{\"@id\":\"https:\\\/\\\/creativabarcelona.com\\\/#website\"},\"primaryImageOfPage\":{\"@id\":\"https:\\\/\\\/creativabarcelona.com\\\/ca\\\/luisa-acelas-luacelas-la-arteterapia-no-va-a-cambiar-tu-vida-pero-la-informacion-que-encuentras-en-tus-letras-y-en-lo-que-crees-si\\\/#primaryimage\"},\"image\":{\"@id\":\"https:\\\/\\\/creativabarcelona.com\\\/ca\\\/luisa-acelas-luacelas-la-arteterapia-no-va-a-cambiar-tu-vida-pero-la-informacion-que-encuentras-en-tus-letras-y-en-lo-que-crees-si\\\/#primaryimage\"},\"thumbnailUrl\":\"https:\\\/\\\/creativabarcelona.com\\\/wp-content\\\/uploads\\\/2024\\\/10\\\/noticias_luisa_Acelas_creativa_2024.jpg\",\"datePublished\":\"2024-10-14T17:14:18+00:00\",\"dateModified\":\"2024-10-14T17:18:08+00:00\",\"description\":\"Luisa Acelas, a quien le gusta que la llamen \\\"Lu\\\", es redactora digital, brand storyteller y una apasionada de la arteterapia. En Creativa Barcelona, Lu compartir\u00e1 su enfoque \u00fanico en dos talleres donde la escritura y el arte se convierten en herramientas para el crecimiento personal y la expresi\u00f3n creativa.\",\"breadcrumb\":{\"@id\":\"https:\\\/\\\/creativabarcelona.com\\\/ca\\\/luisa-acelas-luacelas-la-arteterapia-no-va-a-cambiar-tu-vida-pero-la-informacion-que-encuentras-en-tus-letras-y-en-lo-que-crees-si\\\/#breadcrumb\"},\"inLanguage\":\"ca\",\"potentialAction\":[{\"@type\":\"ReadAction\",\"target\":[\"https:\\\/\\\/creativabarcelona.com\\\/ca\\\/luisa-acelas-luacelas-la-arteterapia-no-va-a-cambiar-tu-vida-pero-la-informacion-que-encuentras-en-tus-letras-y-en-lo-que-crees-si\\\/\"]}]},{\"@type\":\"ImageObject\",\"inLanguage\":\"ca\",\"@id\":\"https:\\\/\\\/creativabarcelona.com\\\/ca\\\/luisa-acelas-luacelas-la-arteterapia-no-va-a-cambiar-tu-vida-pero-la-informacion-que-encuentras-en-tus-letras-y-en-lo-que-crees-si\\\/#primaryimage\",\"url\":\"https:\\\/\\\/creativabarcelona.com\\\/wp-content\\\/uploads\\\/2024\\\/10\\\/noticias_luisa_Acelas_creativa_2024.jpg\",\"contentUrl\":\"https:\\\/\\\/creativabarcelona.com\\\/wp-content\\\/uploads\\\/2024\\\/10\\\/noticias_luisa_Acelas_creativa_2024.jpg\",\"width\":750,\"height\":550},{\"@type\":\"BreadcrumbList\",\"@id\":\"https:\\\/\\\/creativabarcelona.com\\\/ca\\\/luisa-acelas-luacelas-la-arteterapia-no-va-a-cambiar-tu-vida-pero-la-informacion-que-encuentras-en-tus-letras-y-en-lo-que-crees-si\\\/#breadcrumb\",\"itemListElement\":[{\"@type\":\"ListItem\",\"position\":1,\"name\":\"Portada\",\"item\":\"https:\\\/\\\/creativabarcelona.com\\\/ca\\\/\"},{\"@type\":\"ListItem\",\"position\":2,\"name\":\"Luisa Acelas, @luacelas &#8211; \u00abL&#8217;artter\u00e0pia no canviar\u00e0 la teva vida, per\u00f2 la informaci\u00f3 que trobes en les teves lletres i en el que creus, s\u00ed\u00bb\"}]},{\"@type\":\"WebSite\",\"@id\":\"https:\\\/\\\/creativabarcelona.com\\\/#website\",\"url\":\"https:\\\/\\\/creativabarcelona.com\\\/\",\"name\":\"Creativa Barcelona\",\"description\":\"Sal\u00f3 de les Manualitats i Artesanies\",\"publisher\":{\"@id\":\"https:\\\/\\\/creativabarcelona.com\\\/#organization\"},\"potentialAction\":[{\"@type\":\"SearchAction\",\"target\":{\"@type\":\"EntryPoint\",\"urlTemplate\":\"https:\\\/\\\/creativabarcelona.com\\\/?s={search_term_string}\"},\"query-input\":{\"@type\":\"PropertyValueSpecification\",\"valueRequired\":true,\"valueName\":\"search_term_string\"}}],\"inLanguage\":\"ca\"},{\"@type\":\"Organization\",\"@id\":\"https:\\\/\\\/creativabarcelona.com\\\/#organization\",\"name\":\"Creativa Barcelona\",\"url\":\"https:\\\/\\\/creativabarcelona.com\\\/\",\"logo\":{\"@type\":\"ImageObject\",\"inLanguage\":\"ca\",\"@id\":\"https:\\\/\\\/creativabarcelona.com\\\/#\\\/schema\\\/logo\\\/image\\\/\",\"url\":\"https:\\\/\\\/creativabarcelona.com\\\/wp-content\\\/uploads\\\/2025\\\/03\\\/logo_creativa_barcelona_Cast-1.png\",\"contentUrl\":\"https:\\\/\\\/creativabarcelona.com\\\/wp-content\\\/uploads\\\/2025\\\/03\\\/logo_creativa_barcelona_Cast-1.png\",\"width\":777,\"height\":417,\"caption\":\"Creativa Barcelona\"},\"image\":{\"@id\":\"https:\\\/\\\/creativabarcelona.com\\\/#\\\/schema\\\/logo\\\/image\\\/\"}},{\"@type\":\"Person\",\"@id\":\"https:\\\/\\\/creativabarcelona.com\\\/#\\\/schema\\\/person\\\/88136af06c702fba6a4a56fccac027e3\",\"name\":\"Creativa Barcelona\",\"image\":{\"@type\":\"ImageObject\",\"inLanguage\":\"ca\",\"@id\":\"https:\\\/\\\/secure.gravatar.com\\\/avatar\\\/9751d88ddbee61c132bde30a2ddd40a6948919cbc65d9dc0baed64e15bd22aca?s=96&d=mm&r=g\",\"url\":\"https:\\\/\\\/secure.gravatar.com\\\/avatar\\\/9751d88ddbee61c132bde30a2ddd40a6948919cbc65d9dc0baed64e15bd22aca?s=96&d=mm&r=g\",\"contentUrl\":\"https:\\\/\\\/secure.gravatar.com\\\/avatar\\\/9751d88ddbee61c132bde30a2ddd40a6948919cbc65d9dc0baed64e15bd22aca?s=96&d=mm&r=g\",\"caption\":\"Creativa Barcelona\"},\"sameAs\":[\"https:\\\/\\\/creativabarcelona.com\"],\"url\":\"https:\\\/\\\/creativabarcelona.com\\\/ca\\\/author\\\/crea20tiv22bcn\\\/\"}]}<\/script>\n<!-- \/ Yoast SEO plugin. -->","yoast_head_json":{"title":"Luisa Acelas, @luacelas - \"L'artter\u00e0pia no canviar\u00e0 la teva vida, per\u00f2 la informaci\u00f3 que trobes en les teves lletres i en el que creus, s\u00ed\" - Creativa Barcelona","description":"Luisa Acelas, a quien le gusta que la llamen \"Lu\", es redactora digital, brand storyteller y una apasionada de la arteterapia. En Creativa Barcelona, Lu compartir\u00e1 su enfoque \u00fanico en dos talleres donde la escritura y el arte se convierten en herramientas para el crecimiento personal y la expresi\u00f3n creativa.","robots":{"index":"index","follow":"follow","max-snippet":"max-snippet:-1","max-image-preview":"max-image-preview:large","max-video-preview":"max-video-preview:-1"},"canonical":"https:\/\/creativabarcelona.com\/ca\/luisa-acelas-luacelas-la-arteterapia-no-va-a-cambiar-tu-vida-pero-la-informacion-que-encuentras-en-tus-letras-y-en-lo-que-crees-si\/","og_locale":"ca_ES","og_type":"article","og_title":"Luisa Acelas, @luacelas - \"L'artter\u00e0pia no canviar\u00e0 la teva vida, per\u00f2 la informaci\u00f3 que trobes en les teves lletres i en el que creus, s\u00ed\" - Creativa Barcelona","og_description":"Luisa Acelas, a quien le gusta que la llamen \"Lu\", es redactora digital, brand storyteller y una apasionada de la arteterapia. En Creativa Barcelona, Lu compartir\u00e1 su enfoque \u00fanico en dos talleres donde la escritura y el arte se convierten en herramientas para el crecimiento personal y la expresi\u00f3n creativa.","og_url":"https:\/\/creativabarcelona.com\/ca\/luisa-acelas-luacelas-la-arteterapia-no-va-a-cambiar-tu-vida-pero-la-informacion-que-encuentras-en-tus-letras-y-en-lo-que-crees-si\/","og_site_name":"Creativa Barcelona","article_published_time":"2024-10-14T17:14:18+00:00","article_modified_time":"2024-10-14T17:18:08+00:00","og_image":[{"width":750,"height":550,"url":"https:\/\/creativabarcelona.com\/wp-content\/uploads\/2024\/10\/noticias_luisa_Acelas_creativa_2024.jpg","type":"image\/jpeg"}],"author":"Creativa Barcelona","twitter_card":"summary_large_image","twitter_misc":{"Escrit per":"Creativa Barcelona","Temps estimat de lectura":"7 minuts"},"schema":{"@context":"https:\/\/schema.org","@graph":[{"@type":"Article","@id":"https:\/\/creativabarcelona.com\/ca\/luisa-acelas-luacelas-la-arteterapia-no-va-a-cambiar-tu-vida-pero-la-informacion-que-encuentras-en-tus-letras-y-en-lo-que-crees-si\/#article","isPartOf":{"@id":"https:\/\/creativabarcelona.com\/ca\/luisa-acelas-luacelas-la-arteterapia-no-va-a-cambiar-tu-vida-pero-la-informacion-que-encuentras-en-tus-letras-y-en-lo-que-crees-si\/"},"author":{"name":"Creativa Barcelona","@id":"https:\/\/creativabarcelona.com\/#\/schema\/person\/88136af06c702fba6a4a56fccac027e3"},"headline":"Luisa Acelas, @luacelas &#8211; &#8220;L&#8217;artter\u00e0pia no canviar\u00e0 la teva vida, per\u00f2 la informaci\u00f3 que trobes en les teves lletres i en el que creus, s\u00ed&#8221;","datePublished":"2024-10-14T17:14:18+00:00","dateModified":"2024-10-14T17:18:08+00:00","mainEntityOfPage":{"@id":"https:\/\/creativabarcelona.com\/ca\/luisa-acelas-luacelas-la-arteterapia-no-va-a-cambiar-tu-vida-pero-la-informacion-que-encuentras-en-tus-letras-y-en-lo-que-crees-si\/"},"wordCount":1641,"publisher":{"@id":"https:\/\/creativabarcelona.com\/#organization"},"image":{"@id":"https:\/\/creativabarcelona.com\/ca\/luisa-acelas-luacelas-la-arteterapia-no-va-a-cambiar-tu-vida-pero-la-informacion-que-encuentras-en-tus-letras-y-en-lo-que-crees-si\/#primaryimage"},"thumbnailUrl":"https:\/\/creativabarcelona.com\/wp-content\/uploads\/2024\/10\/noticias_luisa_Acelas_creativa_2024.jpg","articleSection":["Creativa 2023","Entrevistes"],"inLanguage":"ca"},{"@type":"WebPage","@id":"https:\/\/creativabarcelona.com\/ca\/luisa-acelas-luacelas-la-arteterapia-no-va-a-cambiar-tu-vida-pero-la-informacion-que-encuentras-en-tus-letras-y-en-lo-que-crees-si\/","url":"https:\/\/creativabarcelona.com\/ca\/luisa-acelas-luacelas-la-arteterapia-no-va-a-cambiar-tu-vida-pero-la-informacion-que-encuentras-en-tus-letras-y-en-lo-que-crees-si\/","name":"Luisa Acelas, @luacelas - \"L'artter\u00e0pia no canviar\u00e0 la teva vida, per\u00f2 la informaci\u00f3 que trobes en les teves lletres i en el que creus, s\u00ed\" - Creativa Barcelona","isPartOf":{"@id":"https:\/\/creativabarcelona.com\/#website"},"primaryImageOfPage":{"@id":"https:\/\/creativabarcelona.com\/ca\/luisa-acelas-luacelas-la-arteterapia-no-va-a-cambiar-tu-vida-pero-la-informacion-que-encuentras-en-tus-letras-y-en-lo-que-crees-si\/#primaryimage"},"image":{"@id":"https:\/\/creativabarcelona.com\/ca\/luisa-acelas-luacelas-la-arteterapia-no-va-a-cambiar-tu-vida-pero-la-informacion-que-encuentras-en-tus-letras-y-en-lo-que-crees-si\/#primaryimage"},"thumbnailUrl":"https:\/\/creativabarcelona.com\/wp-content\/uploads\/2024\/10\/noticias_luisa_Acelas_creativa_2024.jpg","datePublished":"2024-10-14T17:14:18+00:00","dateModified":"2024-10-14T17:18:08+00:00","description":"Luisa Acelas, a quien le gusta que la llamen \"Lu\", es redactora digital, brand storyteller y una apasionada de la arteterapia. En Creativa Barcelona, Lu compartir\u00e1 su enfoque \u00fanico en dos talleres donde la escritura y el arte se convierten en herramientas para el crecimiento personal y la expresi\u00f3n creativa.","breadcrumb":{"@id":"https:\/\/creativabarcelona.com\/ca\/luisa-acelas-luacelas-la-arteterapia-no-va-a-cambiar-tu-vida-pero-la-informacion-que-encuentras-en-tus-letras-y-en-lo-que-crees-si\/#breadcrumb"},"inLanguage":"ca","potentialAction":[{"@type":"ReadAction","target":["https:\/\/creativabarcelona.com\/ca\/luisa-acelas-luacelas-la-arteterapia-no-va-a-cambiar-tu-vida-pero-la-informacion-que-encuentras-en-tus-letras-y-en-lo-que-crees-si\/"]}]},{"@type":"ImageObject","inLanguage":"ca","@id":"https:\/\/creativabarcelona.com\/ca\/luisa-acelas-luacelas-la-arteterapia-no-va-a-cambiar-tu-vida-pero-la-informacion-que-encuentras-en-tus-letras-y-en-lo-que-crees-si\/#primaryimage","url":"https:\/\/creativabarcelona.com\/wp-content\/uploads\/2024\/10\/noticias_luisa_Acelas_creativa_2024.jpg","contentUrl":"https:\/\/creativabarcelona.com\/wp-content\/uploads\/2024\/10\/noticias_luisa_Acelas_creativa_2024.jpg","width":750,"height":550},{"@type":"BreadcrumbList","@id":"https:\/\/creativabarcelona.com\/ca\/luisa-acelas-luacelas-la-arteterapia-no-va-a-cambiar-tu-vida-pero-la-informacion-que-encuentras-en-tus-letras-y-en-lo-que-crees-si\/#breadcrumb","itemListElement":[{"@type":"ListItem","position":1,"name":"Portada","item":"https:\/\/creativabarcelona.com\/ca\/"},{"@type":"ListItem","position":2,"name":"Luisa Acelas, @luacelas &#8211; \u00abL&#8217;artter\u00e0pia no canviar\u00e0 la teva vida, per\u00f2 la informaci\u00f3 que trobes en les teves lletres i en el que creus, s\u00ed\u00bb"}]},{"@type":"WebSite","@id":"https:\/\/creativabarcelona.com\/#website","url":"https:\/\/creativabarcelona.com\/","name":"Creativa Barcelona","description":"Sal\u00f3 de les Manualitats i Artesanies","publisher":{"@id":"https:\/\/creativabarcelona.com\/#organization"},"potentialAction":[{"@type":"SearchAction","target":{"@type":"EntryPoint","urlTemplate":"https:\/\/creativabarcelona.com\/?s={search_term_string}"},"query-input":{"@type":"PropertyValueSpecification","valueRequired":true,"valueName":"search_term_string"}}],"inLanguage":"ca"},{"@type":"Organization","@id":"https:\/\/creativabarcelona.com\/#organization","name":"Creativa Barcelona","url":"https:\/\/creativabarcelona.com\/","logo":{"@type":"ImageObject","inLanguage":"ca","@id":"https:\/\/creativabarcelona.com\/#\/schema\/logo\/image\/","url":"https:\/\/creativabarcelona.com\/wp-content\/uploads\/2025\/03\/logo_creativa_barcelona_Cast-1.png","contentUrl":"https:\/\/creativabarcelona.com\/wp-content\/uploads\/2025\/03\/logo_creativa_barcelona_Cast-1.png","width":777,"height":417,"caption":"Creativa Barcelona"},"image":{"@id":"https:\/\/creativabarcelona.com\/#\/schema\/logo\/image\/"}},{"@type":"Person","@id":"https:\/\/creativabarcelona.com\/#\/schema\/person\/88136af06c702fba6a4a56fccac027e3","name":"Creativa Barcelona","image":{"@type":"ImageObject","inLanguage":"ca","@id":"https:\/\/secure.gravatar.com\/avatar\/9751d88ddbee61c132bde30a2ddd40a6948919cbc65d9dc0baed64e15bd22aca?s=96&d=mm&r=g","url":"https:\/\/secure.gravatar.com\/avatar\/9751d88ddbee61c132bde30a2ddd40a6948919cbc65d9dc0baed64e15bd22aca?s=96&d=mm&r=g","contentUrl":"https:\/\/secure.gravatar.com\/avatar\/9751d88ddbee61c132bde30a2ddd40a6948919cbc65d9dc0baed64e15bd22aca?s=96&d=mm&r=g","caption":"Creativa Barcelona"},"sameAs":["https:\/\/creativabarcelona.com"],"url":"https:\/\/creativabarcelona.com\/ca\/author\/crea20tiv22bcn\/"}]}},"_links":{"self":[{"href":"https:\/\/creativabarcelona.com\/ca\/wp-json\/wp\/v2\/posts\/18474","targetHints":{"allow":["GET"]}}],"collection":[{"href":"https:\/\/creativabarcelona.com\/ca\/wp-json\/wp\/v2\/posts"}],"about":[{"href":"https:\/\/creativabarcelona.com\/ca\/wp-json\/wp\/v2\/types\/post"}],"author":[{"embeddable":true,"href":"https:\/\/creativabarcelona.com\/ca\/wp-json\/wp\/v2\/users\/1"}],"replies":[{"embeddable":true,"href":"https:\/\/creativabarcelona.com\/ca\/wp-json\/wp\/v2\/comments?post=18474"}],"version-history":[{"count":3,"href":"https:\/\/creativabarcelona.com\/ca\/wp-json\/wp\/v2\/posts\/18474\/revisions"}],"predecessor-version":[{"id":18477,"href":"https:\/\/creativabarcelona.com\/ca\/wp-json\/wp\/v2\/posts\/18474\/revisions\/18477"}],"wp:featuredmedia":[{"embeddable":true,"href":"https:\/\/creativabarcelona.com\/ca\/wp-json\/wp\/v2\/media\/18470"}],"wp:attachment":[{"href":"https:\/\/creativabarcelona.com\/ca\/wp-json\/wp\/v2\/media?parent=18474"}],"wp:term":[{"taxonomy":"category","embeddable":true,"href":"https:\/\/creativabarcelona.com\/ca\/wp-json\/wp\/v2\/categories?post=18474"},{"taxonomy":"post_tag","embeddable":true,"href":"https:\/\/creativabarcelona.com\/ca\/wp-json\/wp\/v2\/tags?post=18474"}],"curies":[{"name":"wp","href":"https:\/\/api.w.org\/{rel}","templated":true}]}}