{"id":19242,"date":"2024-10-23T19:43:33","date_gmt":"2024-10-23T17:43:33","guid":{"rendered":"https:\/\/creativabarcelona.com\/encuentro-de-bolillos-de-catalunya-una-tradicion-intergeneracional\/"},"modified":"2024-10-23T19:44:32","modified_gmt":"2024-10-23T17:44:32","slug":"trobada-de-puntaires-de-catalunya-una-tradicio-intergeneracional","status":"publish","type":"post","link":"https:\/\/creativabarcelona.com\/ca\/trobada-de-puntaires-de-catalunya-una-tradicio-intergeneracional\/","title":{"rendered":"Trobada de puntaires de Catalunya, una tradici\u00f3 intergeneracional"},"content":{"rendered":"<p>Les puntes de coix\u00ed, tamb\u00e9 conegudes com a <em>boixets<\/em>, tenen una llarga traject\u00f2ria. El seu origen a Catalunya el trobem al segle XVIII, especialment a l\u2019Empord\u00e0, el Baix Llobregat o el Maresme. Aquestes regions es van consolidar com a centres de producci\u00f3, amb una especialitzaci\u00f3 que es va transmetre de generaci\u00f3 en generaci\u00f3. Una transmissi\u00f3 que es mant\u00e9 i que, sobretot, ha perm\u00e8s que avui dia, quatre segles despr\u00e9s, encara puguem veure en viu com treballen les mans expertes de les puntaires.<\/p>\n<p>A Creativa Barcelona ja \u00e9s tota una tradici\u00f3 la Trobada de Puntaires, un esdeveniment que reuneix desenes d\u2019apassionades d\u2019aquest art durant tres dies.<strong> Aix\u00ed, enguany, des del dijous 7 i fins al dissabte 9 de novembre, a La Farga de l\u2019Hospitalet tindrem una nova oportunitat per gaudir i aprendre aquesta t\u00e8cnica, que combina coneixement, passi\u00f3 i creativitat.<\/strong><\/p>\n<p>Durant la Trobada, tant iniciades com principiants de totes les edats tindran l\u2019oportunitat de connectar amb altres artesanes, compartir t\u00e8cniques i viure una experi\u00e8ncia immersiva en el m\u00f3n dels boixets. Es tracta d\u2019una ocasi\u00f3 excepcional per descobrir noves maneres de treballar el fil, ja sigui seguint patrons tradicionals o innovant amb nous materials i dissenys.<\/p>\n<p>La Trobada de Puntaires a Creativa Barcelona \u00e9s realment una celebraci\u00f3 d\u2019una tradici\u00f3 que perdura al llarg del temps, un espai per compartir coneixements i emocions. No importa si ets principiant o si portes anys practicant, aquest esdeveniment t\u2019ofereix una oportunitat \u00fanica de formar part d\u2019una comunitat d\u2019artesanes que continua mantenint viva una de les tradicions m\u00e9s belles de la nostra cultura.<\/p>\n<p>Amb agulles, fils i, sobretot, passi\u00f3, les puntaires de Catalunya demostren que les seves creacions s\u00f3n molt m\u00e9s que simples peces decoratives: s\u00f3n un testimoni viu d\u2019una her\u00e8ncia que, gr\u00e0cies a trobades com aquesta, seguir\u00e0 transmetent-se a les generacions futures.<\/p>\n","protected":false},"excerpt":{"rendered":"<p>Enguany, des del dijous 7 i fins al dissabte 9 de novembre, a La Farga de l\u2019Hospitalet tindrem una nova oportunitat per gaudir i aprendre aquesta t\u00e8cnica, que combina coneixement, passi\u00f3 i creativitat.<\/p>\n","protected":false},"author":1,"featured_media":19234,"comment_status":"closed","ping_status":"open","sticky":false,"template":"","format":"standard","meta":{"footnotes":""},"categories":[211,69],"tags":[],"class_list":["post-19242","post","type-post","status-publish","format-standard","has-post-thumbnail","hentry","category-creativa-2024-ca","category-tallers-i-activitats"],"yoast_head":"<!-- This site is optimized with the Yoast SEO plugin v27.5 - https:\/\/yoast.com\/product\/yoast-seo-wordpress\/ -->\n<title>Trobada de puntaires de Catalunya, una tradici\u00f3 intergeneracional - Creativa Barcelona<\/title>\n<meta name=\"description\" content=\"Enguany, des del dijous 7 i fins al dissabte 9 de novembre, a La Farga de l\u2019Hospitalet tindrem una nova oportunitat per gaudir i aprendre aquesta t\u00e8cnica, que combina coneixement, passi\u00f3 i creativitat.\" \/>\n<meta name=\"robots\" content=\"index, follow, max-snippet:-1, max-image-preview:large, max-video-preview:-1\" \/>\n<link rel=\"canonical\" href=\"https:\/\/creativabarcelona.com\/ca\/trobada-de-puntaires-de-catalunya-una-tradicio-intergeneracional\/\" \/>\n<meta property=\"og:locale\" content=\"ca_ES\" \/>\n<meta property=\"og:type\" content=\"article\" \/>\n<meta property=\"og:title\" content=\"Trobada de puntaires de Catalunya, una tradici\u00f3 intergeneracional - Creativa Barcelona\" \/>\n<meta property=\"og:description\" content=\"Enguany, des del dijous 7 i fins al dissabte 9 de novembre, a La Farga de l\u2019Hospitalet tindrem una nova oportunitat per gaudir i aprendre aquesta t\u00e8cnica, que combina coneixement, passi\u00f3 i creativitat.\" \/>\n<meta property=\"og:url\" content=\"https:\/\/creativabarcelona.com\/ca\/trobada-de-puntaires-de-catalunya-una-tradicio-intergeneracional\/\" \/>\n<meta property=\"og:site_name\" content=\"Creativa Barcelona\" \/>\n<meta property=\"article:published_time\" content=\"2024-10-23T17:43:33+00:00\" \/>\n<meta property=\"article:modified_time\" content=\"2024-10-23T17:44:32+00:00\" \/>\n<meta property=\"og:image\" content=\"https:\/\/creativabarcelona.com\/wp-content\/uploads\/2024\/10\/noticias_encuentro_bolillos_creativa_2024.jpg\" \/>\n\t<meta property=\"og:image:width\" content=\"750\" \/>\n\t<meta property=\"og:image:height\" content=\"550\" \/>\n\t<meta property=\"og:image:type\" content=\"image\/jpeg\" \/>\n<meta name=\"author\" content=\"Creativa Barcelona\" \/>\n<meta name=\"twitter:card\" content=\"summary_large_image\" \/>\n<meta name=\"twitter:label1\" content=\"Escrit per\" \/>\n\t<meta name=\"twitter:data1\" content=\"Creativa Barcelona\" \/>\n\t<meta name=\"twitter:label2\" content=\"Temps estimat de lectura\" \/>\n\t<meta name=\"twitter:data2\" content=\"2 minuts\" \/>\n<script type=\"application\/ld+json\" class=\"yoast-schema-graph\">{\"@context\":\"https:\\\/\\\/schema.org\",\"@graph\":[{\"@type\":\"Article\",\"@id\":\"https:\\\/\\\/creativabarcelona.com\\\/ca\\\/trobada-de-puntaires-de-catalunya-una-tradicio-intergeneracional\\\/#article\",\"isPartOf\":{\"@id\":\"https:\\\/\\\/creativabarcelona.com\\\/ca\\\/trobada-de-puntaires-de-catalunya-una-tradicio-intergeneracional\\\/\"},\"author\":{\"name\":\"Creativa Barcelona\",\"@id\":\"https:\\\/\\\/creativabarcelona.com\\\/#\\\/schema\\\/person\\\/88136af06c702fba6a4a56fccac027e3\"},\"headline\":\"Trobada de puntaires de Catalunya, una tradici\u00f3 intergeneracional\",\"datePublished\":\"2024-10-23T17:43:33+00:00\",\"dateModified\":\"2024-10-23T17:44:32+00:00\",\"mainEntityOfPage\":{\"@id\":\"https:\\\/\\\/creativabarcelona.com\\\/ca\\\/trobada-de-puntaires-de-catalunya-una-tradicio-intergeneracional\\\/\"},\"wordCount\":326,\"publisher\":{\"@id\":\"https:\\\/\\\/creativabarcelona.com\\\/#organization\"},\"image\":{\"@id\":\"https:\\\/\\\/creativabarcelona.com\\\/ca\\\/trobada-de-puntaires-de-catalunya-una-tradicio-intergeneracional\\\/#primaryimage\"},\"thumbnailUrl\":\"https:\\\/\\\/creativabarcelona.com\\\/wp-content\\\/uploads\\\/2024\\\/10\\\/noticias_encuentro_bolillos_creativa_2024.jpg\",\"articleSection\":[\"Creativa 2024\",\"Tallers i Activitats\"],\"inLanguage\":\"ca\"},{\"@type\":\"WebPage\",\"@id\":\"https:\\\/\\\/creativabarcelona.com\\\/ca\\\/trobada-de-puntaires-de-catalunya-una-tradicio-intergeneracional\\\/\",\"url\":\"https:\\\/\\\/creativabarcelona.com\\\/ca\\\/trobada-de-puntaires-de-catalunya-una-tradicio-intergeneracional\\\/\",\"name\":\"Trobada de puntaires de Catalunya, una tradici\u00f3 intergeneracional - Creativa Barcelona\",\"isPartOf\":{\"@id\":\"https:\\\/\\\/creativabarcelona.com\\\/#website\"},\"primaryImageOfPage\":{\"@id\":\"https:\\\/\\\/creativabarcelona.com\\\/ca\\\/trobada-de-puntaires-de-catalunya-una-tradicio-intergeneracional\\\/#primaryimage\"},\"image\":{\"@id\":\"https:\\\/\\\/creativabarcelona.com\\\/ca\\\/trobada-de-puntaires-de-catalunya-una-tradicio-intergeneracional\\\/#primaryimage\"},\"thumbnailUrl\":\"https:\\\/\\\/creativabarcelona.com\\\/wp-content\\\/uploads\\\/2024\\\/10\\\/noticias_encuentro_bolillos_creativa_2024.jpg\",\"datePublished\":\"2024-10-23T17:43:33+00:00\",\"dateModified\":\"2024-10-23T17:44:32+00:00\",\"description\":\"Enguany, des del dijous 7 i fins al dissabte 9 de novembre, a La Farga de l\u2019Hospitalet tindrem una nova oportunitat per gaudir i aprendre aquesta t\u00e8cnica, que combina coneixement, passi\u00f3 i creativitat.\",\"breadcrumb\":{\"@id\":\"https:\\\/\\\/creativabarcelona.com\\\/ca\\\/trobada-de-puntaires-de-catalunya-una-tradicio-intergeneracional\\\/#breadcrumb\"},\"inLanguage\":\"ca\",\"potentialAction\":[{\"@type\":\"ReadAction\",\"target\":[\"https:\\\/\\\/creativabarcelona.com\\\/ca\\\/trobada-de-puntaires-de-catalunya-una-tradicio-intergeneracional\\\/\"]}]},{\"@type\":\"ImageObject\",\"inLanguage\":\"ca\",\"@id\":\"https:\\\/\\\/creativabarcelona.com\\\/ca\\\/trobada-de-puntaires-de-catalunya-una-tradicio-intergeneracional\\\/#primaryimage\",\"url\":\"https:\\\/\\\/creativabarcelona.com\\\/wp-content\\\/uploads\\\/2024\\\/10\\\/noticias_encuentro_bolillos_creativa_2024.jpg\",\"contentUrl\":\"https:\\\/\\\/creativabarcelona.com\\\/wp-content\\\/uploads\\\/2024\\\/10\\\/noticias_encuentro_bolillos_creativa_2024.jpg\",\"width\":750,\"height\":550},{\"@type\":\"BreadcrumbList\",\"@id\":\"https:\\\/\\\/creativabarcelona.com\\\/ca\\\/trobada-de-puntaires-de-catalunya-una-tradicio-intergeneracional\\\/#breadcrumb\",\"itemListElement\":[{\"@type\":\"ListItem\",\"position\":1,\"name\":\"Portada\",\"item\":\"https:\\\/\\\/creativabarcelona.com\\\/ca\\\/\"},{\"@type\":\"ListItem\",\"position\":2,\"name\":\"Trobada de puntaires de Catalunya, una tradici\u00f3 intergeneracional\"}]},{\"@type\":\"WebSite\",\"@id\":\"https:\\\/\\\/creativabarcelona.com\\\/#website\",\"url\":\"https:\\\/\\\/creativabarcelona.com\\\/\",\"name\":\"Creativa Barcelona\",\"description\":\"Sal\u00f3 de les Manualitats i Artesanies\",\"publisher\":{\"@id\":\"https:\\\/\\\/creativabarcelona.com\\\/#organization\"},\"potentialAction\":[{\"@type\":\"SearchAction\",\"target\":{\"@type\":\"EntryPoint\",\"urlTemplate\":\"https:\\\/\\\/creativabarcelona.com\\\/?s={search_term_string}\"},\"query-input\":{\"@type\":\"PropertyValueSpecification\",\"valueRequired\":true,\"valueName\":\"search_term_string\"}}],\"inLanguage\":\"ca\"},{\"@type\":\"Organization\",\"@id\":\"https:\\\/\\\/creativabarcelona.com\\\/#organization\",\"name\":\"Creativa Barcelona\",\"url\":\"https:\\\/\\\/creativabarcelona.com\\\/\",\"logo\":{\"@type\":\"ImageObject\",\"inLanguage\":\"ca\",\"@id\":\"https:\\\/\\\/creativabarcelona.com\\\/#\\\/schema\\\/logo\\\/image\\\/\",\"url\":\"https:\\\/\\\/creativabarcelona.com\\\/wp-content\\\/uploads\\\/2025\\\/03\\\/logo_creativa_barcelona_Cast-1.png\",\"contentUrl\":\"https:\\\/\\\/creativabarcelona.com\\\/wp-content\\\/uploads\\\/2025\\\/03\\\/logo_creativa_barcelona_Cast-1.png\",\"width\":777,\"height\":417,\"caption\":\"Creativa Barcelona\"},\"image\":{\"@id\":\"https:\\\/\\\/creativabarcelona.com\\\/#\\\/schema\\\/logo\\\/image\\\/\"}},{\"@type\":\"Person\",\"@id\":\"https:\\\/\\\/creativabarcelona.com\\\/#\\\/schema\\\/person\\\/88136af06c702fba6a4a56fccac027e3\",\"name\":\"Creativa Barcelona\",\"image\":{\"@type\":\"ImageObject\",\"inLanguage\":\"ca\",\"@id\":\"https:\\\/\\\/secure.gravatar.com\\\/avatar\\\/9751d88ddbee61c132bde30a2ddd40a6948919cbc65d9dc0baed64e15bd22aca?s=96&d=mm&r=g\",\"url\":\"https:\\\/\\\/secure.gravatar.com\\\/avatar\\\/9751d88ddbee61c132bde30a2ddd40a6948919cbc65d9dc0baed64e15bd22aca?s=96&d=mm&r=g\",\"contentUrl\":\"https:\\\/\\\/secure.gravatar.com\\\/avatar\\\/9751d88ddbee61c132bde30a2ddd40a6948919cbc65d9dc0baed64e15bd22aca?s=96&d=mm&r=g\",\"caption\":\"Creativa Barcelona\"},\"sameAs\":[\"https:\\\/\\\/creativabarcelona.com\"],\"url\":\"https:\\\/\\\/creativabarcelona.com\\\/ca\\\/author\\\/crea20tiv22bcn\\\/\"}]}<\/script>\n<!-- \/ Yoast SEO plugin. -->","yoast_head_json":{"title":"Trobada de puntaires de Catalunya, una tradici\u00f3 intergeneracional - Creativa Barcelona","description":"Enguany, des del dijous 7 i fins al dissabte 9 de novembre, a La Farga de l\u2019Hospitalet tindrem una nova oportunitat per gaudir i aprendre aquesta t\u00e8cnica, que combina coneixement, passi\u00f3 i creativitat.","robots":{"index":"index","follow":"follow","max-snippet":"max-snippet:-1","max-image-preview":"max-image-preview:large","max-video-preview":"max-video-preview:-1"},"canonical":"https:\/\/creativabarcelona.com\/ca\/trobada-de-puntaires-de-catalunya-una-tradicio-intergeneracional\/","og_locale":"ca_ES","og_type":"article","og_title":"Trobada de puntaires de Catalunya, una tradici\u00f3 intergeneracional - Creativa Barcelona","og_description":"Enguany, des del dijous 7 i fins al dissabte 9 de novembre, a La Farga de l\u2019Hospitalet tindrem una nova oportunitat per gaudir i aprendre aquesta t\u00e8cnica, que combina coneixement, passi\u00f3 i creativitat.","og_url":"https:\/\/creativabarcelona.com\/ca\/trobada-de-puntaires-de-catalunya-una-tradicio-intergeneracional\/","og_site_name":"Creativa Barcelona","article_published_time":"2024-10-23T17:43:33+00:00","article_modified_time":"2024-10-23T17:44:32+00:00","og_image":[{"width":750,"height":550,"url":"https:\/\/creativabarcelona.com\/wp-content\/uploads\/2024\/10\/noticias_encuentro_bolillos_creativa_2024.jpg","type":"image\/jpeg"}],"author":"Creativa Barcelona","twitter_card":"summary_large_image","twitter_misc":{"Escrit per":"Creativa Barcelona","Temps estimat de lectura":"2 minuts"},"schema":{"@context":"https:\/\/schema.org","@graph":[{"@type":"Article","@id":"https:\/\/creativabarcelona.com\/ca\/trobada-de-puntaires-de-catalunya-una-tradicio-intergeneracional\/#article","isPartOf":{"@id":"https:\/\/creativabarcelona.com\/ca\/trobada-de-puntaires-de-catalunya-una-tradicio-intergeneracional\/"},"author":{"name":"Creativa Barcelona","@id":"https:\/\/creativabarcelona.com\/#\/schema\/person\/88136af06c702fba6a4a56fccac027e3"},"headline":"Trobada de puntaires de Catalunya, una tradici\u00f3 intergeneracional","datePublished":"2024-10-23T17:43:33+00:00","dateModified":"2024-10-23T17:44:32+00:00","mainEntityOfPage":{"@id":"https:\/\/creativabarcelona.com\/ca\/trobada-de-puntaires-de-catalunya-una-tradicio-intergeneracional\/"},"wordCount":326,"publisher":{"@id":"https:\/\/creativabarcelona.com\/#organization"},"image":{"@id":"https:\/\/creativabarcelona.com\/ca\/trobada-de-puntaires-de-catalunya-una-tradicio-intergeneracional\/#primaryimage"},"thumbnailUrl":"https:\/\/creativabarcelona.com\/wp-content\/uploads\/2024\/10\/noticias_encuentro_bolillos_creativa_2024.jpg","articleSection":["Creativa 2024","Tallers i Activitats"],"inLanguage":"ca"},{"@type":"WebPage","@id":"https:\/\/creativabarcelona.com\/ca\/trobada-de-puntaires-de-catalunya-una-tradicio-intergeneracional\/","url":"https:\/\/creativabarcelona.com\/ca\/trobada-de-puntaires-de-catalunya-una-tradicio-intergeneracional\/","name":"Trobada de puntaires de Catalunya, una tradici\u00f3 intergeneracional - Creativa Barcelona","isPartOf":{"@id":"https:\/\/creativabarcelona.com\/#website"},"primaryImageOfPage":{"@id":"https:\/\/creativabarcelona.com\/ca\/trobada-de-puntaires-de-catalunya-una-tradicio-intergeneracional\/#primaryimage"},"image":{"@id":"https:\/\/creativabarcelona.com\/ca\/trobada-de-puntaires-de-catalunya-una-tradicio-intergeneracional\/#primaryimage"},"thumbnailUrl":"https:\/\/creativabarcelona.com\/wp-content\/uploads\/2024\/10\/noticias_encuentro_bolillos_creativa_2024.jpg","datePublished":"2024-10-23T17:43:33+00:00","dateModified":"2024-10-23T17:44:32+00:00","description":"Enguany, des del dijous 7 i fins al dissabte 9 de novembre, a La Farga de l\u2019Hospitalet tindrem una nova oportunitat per gaudir i aprendre aquesta t\u00e8cnica, que combina coneixement, passi\u00f3 i creativitat.","breadcrumb":{"@id":"https:\/\/creativabarcelona.com\/ca\/trobada-de-puntaires-de-catalunya-una-tradicio-intergeneracional\/#breadcrumb"},"inLanguage":"ca","potentialAction":[{"@type":"ReadAction","target":["https:\/\/creativabarcelona.com\/ca\/trobada-de-puntaires-de-catalunya-una-tradicio-intergeneracional\/"]}]},{"@type":"ImageObject","inLanguage":"ca","@id":"https:\/\/creativabarcelona.com\/ca\/trobada-de-puntaires-de-catalunya-una-tradicio-intergeneracional\/#primaryimage","url":"https:\/\/creativabarcelona.com\/wp-content\/uploads\/2024\/10\/noticias_encuentro_bolillos_creativa_2024.jpg","contentUrl":"https:\/\/creativabarcelona.com\/wp-content\/uploads\/2024\/10\/noticias_encuentro_bolillos_creativa_2024.jpg","width":750,"height":550},{"@type":"BreadcrumbList","@id":"https:\/\/creativabarcelona.com\/ca\/trobada-de-puntaires-de-catalunya-una-tradicio-intergeneracional\/#breadcrumb","itemListElement":[{"@type":"ListItem","position":1,"name":"Portada","item":"https:\/\/creativabarcelona.com\/ca\/"},{"@type":"ListItem","position":2,"name":"Trobada de puntaires de Catalunya, una tradici\u00f3 intergeneracional"}]},{"@type":"WebSite","@id":"https:\/\/creativabarcelona.com\/#website","url":"https:\/\/creativabarcelona.com\/","name":"Creativa Barcelona","description":"Sal\u00f3 de les Manualitats i Artesanies","publisher":{"@id":"https:\/\/creativabarcelona.com\/#organization"},"potentialAction":[{"@type":"SearchAction","target":{"@type":"EntryPoint","urlTemplate":"https:\/\/creativabarcelona.com\/?s={search_term_string}"},"query-input":{"@type":"PropertyValueSpecification","valueRequired":true,"valueName":"search_term_string"}}],"inLanguage":"ca"},{"@type":"Organization","@id":"https:\/\/creativabarcelona.com\/#organization","name":"Creativa Barcelona","url":"https:\/\/creativabarcelona.com\/","logo":{"@type":"ImageObject","inLanguage":"ca","@id":"https:\/\/creativabarcelona.com\/#\/schema\/logo\/image\/","url":"https:\/\/creativabarcelona.com\/wp-content\/uploads\/2025\/03\/logo_creativa_barcelona_Cast-1.png","contentUrl":"https:\/\/creativabarcelona.com\/wp-content\/uploads\/2025\/03\/logo_creativa_barcelona_Cast-1.png","width":777,"height":417,"caption":"Creativa Barcelona"},"image":{"@id":"https:\/\/creativabarcelona.com\/#\/schema\/logo\/image\/"}},{"@type":"Person","@id":"https:\/\/creativabarcelona.com\/#\/schema\/person\/88136af06c702fba6a4a56fccac027e3","name":"Creativa Barcelona","image":{"@type":"ImageObject","inLanguage":"ca","@id":"https:\/\/secure.gravatar.com\/avatar\/9751d88ddbee61c132bde30a2ddd40a6948919cbc65d9dc0baed64e15bd22aca?s=96&d=mm&r=g","url":"https:\/\/secure.gravatar.com\/avatar\/9751d88ddbee61c132bde30a2ddd40a6948919cbc65d9dc0baed64e15bd22aca?s=96&d=mm&r=g","contentUrl":"https:\/\/secure.gravatar.com\/avatar\/9751d88ddbee61c132bde30a2ddd40a6948919cbc65d9dc0baed64e15bd22aca?s=96&d=mm&r=g","caption":"Creativa Barcelona"},"sameAs":["https:\/\/creativabarcelona.com"],"url":"https:\/\/creativabarcelona.com\/ca\/author\/crea20tiv22bcn\/"}]}},"_links":{"self":[{"href":"https:\/\/creativabarcelona.com\/ca\/wp-json\/wp\/v2\/posts\/19242","targetHints":{"allow":["GET"]}}],"collection":[{"href":"https:\/\/creativabarcelona.com\/ca\/wp-json\/wp\/v2\/posts"}],"about":[{"href":"https:\/\/creativabarcelona.com\/ca\/wp-json\/wp\/v2\/types\/post"}],"author":[{"embeddable":true,"href":"https:\/\/creativabarcelona.com\/ca\/wp-json\/wp\/v2\/users\/1"}],"replies":[{"embeddable":true,"href":"https:\/\/creativabarcelona.com\/ca\/wp-json\/wp\/v2\/comments?post=19242"}],"version-history":[{"count":1,"href":"https:\/\/creativabarcelona.com\/ca\/wp-json\/wp\/v2\/posts\/19242\/revisions"}],"predecessor-version":[{"id":19243,"href":"https:\/\/creativabarcelona.com\/ca\/wp-json\/wp\/v2\/posts\/19242\/revisions\/19243"}],"wp:featuredmedia":[{"embeddable":true,"href":"https:\/\/creativabarcelona.com\/ca\/wp-json\/wp\/v2\/media\/19234"}],"wp:attachment":[{"href":"https:\/\/creativabarcelona.com\/ca\/wp-json\/wp\/v2\/media?parent=19242"}],"wp:term":[{"taxonomy":"category","embeddable":true,"href":"https:\/\/creativabarcelona.com\/ca\/wp-json\/wp\/v2\/categories?post=19242"},{"taxonomy":"post_tag","embeddable":true,"href":"https:\/\/creativabarcelona.com\/ca\/wp-json\/wp\/v2\/tags?post=19242"}],"curies":[{"name":"wp","href":"https:\/\/api.w.org\/{rel}","templated":true}]}}