{"id":19253,"date":"2024-10-23T19:55:51","date_gmt":"2024-10-23T17:55:51","guid":{"rendered":"https:\/\/creativabarcelona.com\/entrevista-itzi-dreams\/"},"modified":"2024-10-23T20:00:03","modified_gmt":"2024-10-23T18:00:03","slug":"entrevista-itzi-dreams","status":"publish","type":"post","link":"https:\/\/creativabarcelona.com\/ca\/entrevista-itzi-dreams\/","title":{"rendered":"Itzi Dreams &#8211; &#8220;En el m\u00f3n creatiu i art\u00edstic no existeix el que est\u00e0 b\u00e9 i el que est\u00e0 malament, tot est\u00e0 perfecte&#8221;"},"content":{"rendered":"<p><strong>Itziar Ferret, m\u00e9s coneguda com Itzi Dreams, \u00e9s molt m\u00e9s que una creadora de contingut. Amb el seu lema de &#8220;tallers per a enamorar, decorar i compartir en comunitat&#8221;, ha aconseguit inspirar a milers de persones a descobrir el poder de la creativitat. Des del DIY fins a la bijuteria brodada i l&#8217;aquarel\u00b7la bot\u00e0nica, Itzi ha convertit la seva passi\u00f3 en una filosofia de vida positiva que comparteix, a m\u00e9s, amb una comunitat de m\u00e9s de 65.000 seguidor@s en Instagram.<\/strong><\/p>\n<p>I \u00e9s que, Itzi ha aconseguit crear una comunitat vibrant d&#8217;amants de l&#8217;art fet a m\u00e0, compartint la seva passi\u00f3 per la creativitat a trav\u00e9s de tutorials, projectes inspiradors i tallers que enamoren.<\/p>\n<p>En aquesta edici\u00f3 de Creativa Barcelona 2024, Itzi Dreams torna a ser una de les protagonistes, en oferir una \u00e0mplia gamma de tallers presencials que van des de la bijuteria brodada i el macram\u00e9, fins a aquarel\u00b7la bot\u00e0nica i projectes de decoraci\u00f3 de Nadal. El seu enfocament \u00fanic, que combina bellesa i funcionalitat, promet inspirar a tots els assistents, independentment del seu nivell d&#8217;experi\u00e8ncia.<\/p>\n<h5 style=\"font-size: 20px; margin-top: 35px;\"><strong>Itzi, abans de comen\u00e7ar a embastar la teva traject\u00f2ria professional, ens agrada cosir una mica el teu vestit m\u00e9s personal, el d&#8217;Itziar Ferret. Explica&#8217;ns una mica sobre tu-<\/strong><\/h5>\n<p>Vaig n\u00e9ixer a Barcelona el 28 de mar\u00e7 de 1986. I pocs saben que tinc una bessona (jo vaig ser la primera a n\u00e9ixer). Des de petita tenia una feblesa per tot el relacionat al creatiu, em passava hores pintant, i amb els anys, vaig sentir que era la meva vocaci\u00f3. Vaig cursar el batxillerat art\u00edstic i, finalment, em vaig inclinar per l&#8217;arquitectura ef\u00edmera. Porto 8 anys gestionant el meu propi estudi creatiu i aix\u00f2 em fa molt feli\u00e7.<\/p>\n<p>Com a entreteniments per a desconnectar tinc varis, per\u00f2 el que m\u00e9s m&#8217;agrada \u00e9s sortir a caminar per la muntanya. Tamb\u00e9 m&#8217;encanta viatjar, anar de c\u00e0mping i el meu favorit i \u00e9s que s\u00f3c una apassionada del \u201cTrue Crime\u201d.<\/p>\n<h5 style=\"font-size: 20px; margin-top: 35px;\"><strong>Recordes quan i com va comen\u00e7ar el teu idil\u00b7li amb el m\u00f3n de la creativitat? Qui o qu\u00e8 et va introduir en ell?<\/strong><\/h5>\n<p>Crec que des que vaig n\u00e9ixer. Sempre he tingut inquietud pels colors, les t\u00e8cniques i les possibilitats de transformar qualsevol cosa amb la m\u00e0gia de la creativitat. Malgrat haver estudiat el batxillerat art\u00edstic, vaig acabar treballant com a administrativa, per\u00f2 un dia, per art de m\u00e0gia, vaig trobar un concurs art\u00edstic i vaig decidir participar. Aix\u00f2 va provocar que es despert\u00e9s de nou la meva vocaci\u00f3 i vaig comen\u00e7ar a pensar de quina forma podia transformar la meva passi\u00f3 en la meva forma de vida. I aix\u00ed va n\u00e9ixer Itzi Dreams, aquests somnis impossibles que no saps com es fan realitat.<\/p>\n<h5 style=\"font-size: 20px; margin-top: 35px;\"><strong>Qu\u00e8 significa per a tu viure de la creativitat?<\/strong><\/h5>\n<p>\u00c9s m\u00e9s que un somni complert, \u00e9s una necessitat vital. Els colors, la m\u00e0gia de crear amb les teves mans, l&#8217;art de transformar el que no serveix ja, en una cosa preciosa que tots volen, l&#8217;alegria que despr\u00e8n la gent quan est\u00e0 treballant amb les mans, la complicitat que es cregui en els tallers, la felicitat que asseguis quan veus felices als altres quan els despertes la creativitat amb les teves idees, \u00e9s el que em fa seguir amb el meu projecte.<\/p>\n<h5 style=\"font-size: 20px; margin-top: 35px;\"><strong>Com has aconseguit que el que va comen\u00e7ar com un hobby es convert\u00eds en una carrera professional?<\/strong><\/h5>\n<p>Aqu\u00ed ve la part menys bonica, per\u00f2 igual d&#8217;important que la resta: treballant molt dur, moltes hores, estudiant i fent formacions extres, sortint constantment de la zona de confort per a aconseguir que el meu projecte personal pugui ser realitat.<\/p>\n<h5 style=\"font-size: 20px; margin-top: 35px;\"><strong>En quin moment et vas adonar que les xarxes socials eren el canal perfecte per a compartir la teva passi\u00f3?<\/strong><\/h5>\n<p>Sempre ho vaig saber, per\u00f2 em va costar un temps aprendre a gestionar-les per a treure&#8217;ls el major partit. \u00c9s una eina molt \u00fatil per a arribar a m\u00e9s racons i que sigui viable el meu projecte.<\/p>\n<h5 style=\"font-size: 20px; margin-top: 35px;\"><strong>Com gestiones la connexi\u00f3 amb una comunitat tan gran de seguidor@s?<\/strong><\/h5>\n<p>La veritat \u00e9s que \u00e9s molt f\u00e0cil. S\u00f3n persones que els agrada el mateix que a tu, s\u00f3n creatives i els apassiona tot el que es pot fer amb les mans, aix\u00ed que \u00e9s super f\u00e0cil. \u00c9s com parlar amb les teves amigues.<\/p>\n<h5 style=\"font-size: 20px; margin-top: 35px;\"><strong>Malgrat l&#8217;\u00e8xit dels teus tallers online, mai has abandonat els presencials. Amb quin et quedes i per qu\u00e8?<\/strong><\/h5>\n<p>Sempre amb el presencial, \u00e9s m\u00e9s pr\u00f2xim i fa que puguem connectar-nos entre nosaltres.<\/p>\n<h5 style=\"font-size: 20px; margin-top: 35px;\"><strong>Qu\u00e8 sents en veure la interacci\u00f3 directa amb els participants en els tallers en persona?<\/strong><\/h5>\n<p>Sento molt amor i complicitat. \u00c9s genial poder trobar tanta gent bonica que et regala aquest moment de crear juntes.<\/p>\n<h5 style=\"font-size: 20px; margin-top: 35px;\"><strong>Sabem que t&#8217;apassiona la pintura, el brodat, el scrapbooking\u2026 Per\u00f2 si haguessis de triar una t\u00e8cnica creativa, quin seria i per qu\u00e8?<\/strong><\/h5>\n<p>UUUFFFFF!! Qu\u00e8 dif\u00edcil!! Perqu\u00e8 et diria que si nom\u00e9s puc una, em quedaria amb la pintura. Vaig cr\u00e9ixer en aquest m\u00f3n creatiu gr\u00e0cies a les mil hores que vaig dedicar de petita a pintar. En part, \u00e9s una connexi\u00f3 que tinc amb el meu avi, que ja no est\u00e0, per\u00f2 ell era el meu major fan i sempre va saber que havia de dedicar-me a pintar. Gr\u00e0cies a ell vaig poder fer la meva primera exposici\u00f3 de quadres quan tenia nom\u00e9s 17 anys.<\/p>\n<h5 style=\"font-size: 20px; margin-top: 35px;\"><strong>Amb la quantitat de projectes que realitzes cada any, hi ha algun que recordis amb especial afecte o que t&#8217;hagi marcat particularment? Hi ha algun del qual et sentis especialment orgullosa?<\/strong><\/h5>\n<p>Si, la meva bonica botiga. Vaig transformar un vell i pols\u00f3s local en un rac\u00f3 m\u00e0gic que t&#8217;inspira ja des de la porta. Va ser una \u00e8poca molt intensa i que em va fer cr\u00e9ixer molt\u00edssim. El que m\u00e9s orgullosa em fa i que em va salvar de tancar abans, va ser l\u2019arc de Sant Mart\u00ed de papallones per a adoptar, perqu\u00e8 aquest projecte em va fer veure que estic en el cam\u00ed que em toca.<\/p>\n<h5 style=\"font-size: 20px; margin-top: 35px;\"><strong>En qui o en qu\u00e8 t&#8217;inspires per a continuar creant i evolucionant com Itzi Dreams?<\/strong><\/h5>\n<p>M&#8217;inspira la muntanya, la naturalesa, els colors de les flors, \u00e9s la connexi\u00f3 que tinc amb el meu avi, aquestes hores i hores d&#8217;excursions per la muntanya.<\/p>\n<h5 style=\"font-size: 20px; margin-top: 35px;\"><strong>Com ajudaries a alg\u00fa a superar la por d&#8217;iniciar-se en el m\u00f3n de les manualitats?<\/strong><\/h5>\n<p>Simplement, cal entendre que en el m\u00f3n creatiu i art\u00edstic no existeix el que est\u00e0 b\u00e9 i el que est\u00e0 malament, tot est\u00e0 perfecte, perqu\u00e8 \u00e9s l&#8217;ess\u00e8ncia de cadascun plasmat en una manualitat i amb el temps aprens a donar-li el teu toc personal.<\/p>\n<h5 style=\"font-size: 20px; margin-top: 35px;\"><strong>Enguany, ofereixes una gran varietat de tallers en Creativa Barcelona, des de bijuteria brodada fins a aquarel\u00b7la bot\u00e0nica de Nadal. Qu\u00e8 fa que aquests tallers siguin especials i per qu\u00e8 no hem de perdre&#8217;ns cap?<\/strong><\/h5>\n<p>Tots els tallers estan pensats i dissenyats per a enamorar al participant, estan meticulosament pensats perqu\u00e8 tots surtin preciosos i perfectes. Amb molt d&#8217;amor, enguany he preparat uns tallers que despertaran aquesta part creativa i divertida que tenim tots.<\/p>\n","protected":false},"excerpt":{"rendered":"<p>Des del DIY fins a la bijuteria brodada i l&#8217;aquarel\u00b7la bot\u00e0nica, Itzi ha convertit la seva passi\u00f3 en una filosofia de vida positiva que comparteix, a m\u00e9s, amb una comunitat de m\u00e9s de 65.000 seguidor@s en Instagram.<\/p>\n","protected":false},"author":1,"featured_media":19236,"comment_status":"closed","ping_status":"open","sticky":false,"template":"","format":"standard","meta":{"footnotes":""},"categories":[211,54],"tags":[],"class_list":["post-19253","post","type-post","status-publish","format-standard","has-post-thumbnail","hentry","category-creativa-2024-ca","category-entrevistes"],"yoast_head":"<!-- This site is optimized with the Yoast SEO plugin v27.5 - https:\/\/yoast.com\/product\/yoast-seo-wordpress\/ -->\n<title>Itzi Dreams - &quot;En el m\u00f3n creatiu i art\u00edstic no existeix el que est\u00e0 b\u00e9 i el que est\u00e0 malament, tot est\u00e0 perfecte&quot; - Creativa Barcelona<\/title>\n<meta name=\"description\" content=\"Des del DIY fins a la bijuteria brodada i l&#039;aquarel\u00b7la bot\u00e0nica, Itzi ha convertit la seva passi\u00f3 en una filosofia de vida positiva que comparteix, a m\u00e9s, amb una comunitat de m\u00e9s de 65.000 seguidor@s en Instagram.\" \/>\n<meta name=\"robots\" content=\"index, follow, max-snippet:-1, max-image-preview:large, max-video-preview:-1\" \/>\n<link rel=\"canonical\" href=\"https:\/\/creativabarcelona.com\/ca\/entrevista-itzi-dreams\/\" \/>\n<meta property=\"og:locale\" content=\"ca_ES\" \/>\n<meta property=\"og:type\" content=\"article\" \/>\n<meta property=\"og:title\" content=\"Itzi Dreams - &quot;En el m\u00f3n creatiu i art\u00edstic no existeix el que est\u00e0 b\u00e9 i el que est\u00e0 malament, tot est\u00e0 perfecte&quot; - Creativa Barcelona\" \/>\n<meta property=\"og:description\" content=\"Des del DIY fins a la bijuteria brodada i l&#039;aquarel\u00b7la bot\u00e0nica, Itzi ha convertit la seva passi\u00f3 en una filosofia de vida positiva que comparteix, a m\u00e9s, amb una comunitat de m\u00e9s de 65.000 seguidor@s en Instagram.\" \/>\n<meta property=\"og:url\" content=\"https:\/\/creativabarcelona.com\/ca\/entrevista-itzi-dreams\/\" \/>\n<meta property=\"og:site_name\" content=\"Creativa Barcelona\" \/>\n<meta property=\"article:published_time\" content=\"2024-10-23T17:55:51+00:00\" \/>\n<meta property=\"article:modified_time\" content=\"2024-10-23T18:00:03+00:00\" \/>\n<meta property=\"og:image\" content=\"https:\/\/creativabarcelona.com\/wp-content\/uploads\/2024\/10\/noticias_entrevista_itzidreams_creativa_2024.jpg\" \/>\n\t<meta property=\"og:image:width\" content=\"750\" \/>\n\t<meta property=\"og:image:height\" content=\"550\" \/>\n\t<meta property=\"og:image:type\" content=\"image\/jpeg\" \/>\n<meta name=\"author\" content=\"Creativa Barcelona\" \/>\n<meta name=\"twitter:card\" content=\"summary_large_image\" \/>\n<meta name=\"twitter:label1\" content=\"Escrit per\" \/>\n\t<meta name=\"twitter:data1\" content=\"Creativa Barcelona\" \/>\n\t<meta name=\"twitter:label2\" content=\"Temps estimat de lectura\" \/>\n\t<meta name=\"twitter:data2\" content=\"6 minuts\" \/>\n<script type=\"application\/ld+json\" class=\"yoast-schema-graph\">{\"@context\":\"https:\\\/\\\/schema.org\",\"@graph\":[{\"@type\":\"Article\",\"@id\":\"https:\\\/\\\/creativabarcelona.com\\\/ca\\\/entrevista-itzi-dreams\\\/#article\",\"isPartOf\":{\"@id\":\"https:\\\/\\\/creativabarcelona.com\\\/ca\\\/entrevista-itzi-dreams\\\/\"},\"author\":{\"name\":\"Creativa Barcelona\",\"@id\":\"https:\\\/\\\/creativabarcelona.com\\\/#\\\/schema\\\/person\\\/88136af06c702fba6a4a56fccac027e3\"},\"headline\":\"Itzi Dreams &#8211; &#8220;En el m\u00f3n creatiu i art\u00edstic no existeix el que est\u00e0 b\u00e9 i el que est\u00e0 malament, tot est\u00e0 perfecte&#8221;\",\"datePublished\":\"2024-10-23T17:55:51+00:00\",\"dateModified\":\"2024-10-23T18:00:03+00:00\",\"mainEntityOfPage\":{\"@id\":\"https:\\\/\\\/creativabarcelona.com\\\/ca\\\/entrevista-itzi-dreams\\\/\"},\"wordCount\":1269,\"publisher\":{\"@id\":\"https:\\\/\\\/creativabarcelona.com\\\/#organization\"},\"image\":{\"@id\":\"https:\\\/\\\/creativabarcelona.com\\\/ca\\\/entrevista-itzi-dreams\\\/#primaryimage\"},\"thumbnailUrl\":\"https:\\\/\\\/creativabarcelona.com\\\/wp-content\\\/uploads\\\/2024\\\/10\\\/noticias_entrevista_itzidreams_creativa_2024.jpg\",\"articleSection\":[\"Creativa 2024\",\"Entrevistes\"],\"inLanguage\":\"ca\"},{\"@type\":\"WebPage\",\"@id\":\"https:\\\/\\\/creativabarcelona.com\\\/ca\\\/entrevista-itzi-dreams\\\/\",\"url\":\"https:\\\/\\\/creativabarcelona.com\\\/ca\\\/entrevista-itzi-dreams\\\/\",\"name\":\"Itzi Dreams - \\\"En el m\u00f3n creatiu i art\u00edstic no existeix el que est\u00e0 b\u00e9 i el que est\u00e0 malament, tot est\u00e0 perfecte\\\" - Creativa Barcelona\",\"isPartOf\":{\"@id\":\"https:\\\/\\\/creativabarcelona.com\\\/#website\"},\"primaryImageOfPage\":{\"@id\":\"https:\\\/\\\/creativabarcelona.com\\\/ca\\\/entrevista-itzi-dreams\\\/#primaryimage\"},\"image\":{\"@id\":\"https:\\\/\\\/creativabarcelona.com\\\/ca\\\/entrevista-itzi-dreams\\\/#primaryimage\"},\"thumbnailUrl\":\"https:\\\/\\\/creativabarcelona.com\\\/wp-content\\\/uploads\\\/2024\\\/10\\\/noticias_entrevista_itzidreams_creativa_2024.jpg\",\"datePublished\":\"2024-10-23T17:55:51+00:00\",\"dateModified\":\"2024-10-23T18:00:03+00:00\",\"description\":\"Des del DIY fins a la bijuteria brodada i l'aquarel\u00b7la bot\u00e0nica, Itzi ha convertit la seva passi\u00f3 en una filosofia de vida positiva que comparteix, a m\u00e9s, amb una comunitat de m\u00e9s de 65.000 seguidor@s en Instagram.\",\"breadcrumb\":{\"@id\":\"https:\\\/\\\/creativabarcelona.com\\\/ca\\\/entrevista-itzi-dreams\\\/#breadcrumb\"},\"inLanguage\":\"ca\",\"potentialAction\":[{\"@type\":\"ReadAction\",\"target\":[\"https:\\\/\\\/creativabarcelona.com\\\/ca\\\/entrevista-itzi-dreams\\\/\"]}]},{\"@type\":\"ImageObject\",\"inLanguage\":\"ca\",\"@id\":\"https:\\\/\\\/creativabarcelona.com\\\/ca\\\/entrevista-itzi-dreams\\\/#primaryimage\",\"url\":\"https:\\\/\\\/creativabarcelona.com\\\/wp-content\\\/uploads\\\/2024\\\/10\\\/noticias_entrevista_itzidreams_creativa_2024.jpg\",\"contentUrl\":\"https:\\\/\\\/creativabarcelona.com\\\/wp-content\\\/uploads\\\/2024\\\/10\\\/noticias_entrevista_itzidreams_creativa_2024.jpg\",\"width\":750,\"height\":550},{\"@type\":\"BreadcrumbList\",\"@id\":\"https:\\\/\\\/creativabarcelona.com\\\/ca\\\/entrevista-itzi-dreams\\\/#breadcrumb\",\"itemListElement\":[{\"@type\":\"ListItem\",\"position\":1,\"name\":\"Portada\",\"item\":\"https:\\\/\\\/creativabarcelona.com\\\/ca\\\/\"},{\"@type\":\"ListItem\",\"position\":2,\"name\":\"Itzi Dreams &#8211; \u00abEn el m\u00f3n creatiu i art\u00edstic no existeix el que est\u00e0 b\u00e9 i el que est\u00e0 malament, tot est\u00e0 perfecte\u00bb\"}]},{\"@type\":\"WebSite\",\"@id\":\"https:\\\/\\\/creativabarcelona.com\\\/#website\",\"url\":\"https:\\\/\\\/creativabarcelona.com\\\/\",\"name\":\"Creativa Barcelona\",\"description\":\"Sal\u00f3 de les Manualitats i Artesanies\",\"publisher\":{\"@id\":\"https:\\\/\\\/creativabarcelona.com\\\/#organization\"},\"potentialAction\":[{\"@type\":\"SearchAction\",\"target\":{\"@type\":\"EntryPoint\",\"urlTemplate\":\"https:\\\/\\\/creativabarcelona.com\\\/?s={search_term_string}\"},\"query-input\":{\"@type\":\"PropertyValueSpecification\",\"valueRequired\":true,\"valueName\":\"search_term_string\"}}],\"inLanguage\":\"ca\"},{\"@type\":\"Organization\",\"@id\":\"https:\\\/\\\/creativabarcelona.com\\\/#organization\",\"name\":\"Creativa Barcelona\",\"url\":\"https:\\\/\\\/creativabarcelona.com\\\/\",\"logo\":{\"@type\":\"ImageObject\",\"inLanguage\":\"ca\",\"@id\":\"https:\\\/\\\/creativabarcelona.com\\\/#\\\/schema\\\/logo\\\/image\\\/\",\"url\":\"https:\\\/\\\/creativabarcelona.com\\\/wp-content\\\/uploads\\\/2025\\\/03\\\/logo_creativa_barcelona_Cast-1.png\",\"contentUrl\":\"https:\\\/\\\/creativabarcelona.com\\\/wp-content\\\/uploads\\\/2025\\\/03\\\/logo_creativa_barcelona_Cast-1.png\",\"width\":777,\"height\":417,\"caption\":\"Creativa Barcelona\"},\"image\":{\"@id\":\"https:\\\/\\\/creativabarcelona.com\\\/#\\\/schema\\\/logo\\\/image\\\/\"}},{\"@type\":\"Person\",\"@id\":\"https:\\\/\\\/creativabarcelona.com\\\/#\\\/schema\\\/person\\\/88136af06c702fba6a4a56fccac027e3\",\"name\":\"Creativa Barcelona\",\"image\":{\"@type\":\"ImageObject\",\"inLanguage\":\"ca\",\"@id\":\"https:\\\/\\\/secure.gravatar.com\\\/avatar\\\/9751d88ddbee61c132bde30a2ddd40a6948919cbc65d9dc0baed64e15bd22aca?s=96&d=mm&r=g\",\"url\":\"https:\\\/\\\/secure.gravatar.com\\\/avatar\\\/9751d88ddbee61c132bde30a2ddd40a6948919cbc65d9dc0baed64e15bd22aca?s=96&d=mm&r=g\",\"contentUrl\":\"https:\\\/\\\/secure.gravatar.com\\\/avatar\\\/9751d88ddbee61c132bde30a2ddd40a6948919cbc65d9dc0baed64e15bd22aca?s=96&d=mm&r=g\",\"caption\":\"Creativa Barcelona\"},\"sameAs\":[\"https:\\\/\\\/creativabarcelona.com\"],\"url\":\"https:\\\/\\\/creativabarcelona.com\\\/ca\\\/author\\\/crea20tiv22bcn\\\/\"}]}<\/script>\n<!-- \/ Yoast SEO plugin. -->","yoast_head_json":{"title":"Itzi Dreams - \"En el m\u00f3n creatiu i art\u00edstic no existeix el que est\u00e0 b\u00e9 i el que est\u00e0 malament, tot est\u00e0 perfecte\" - Creativa Barcelona","description":"Des del DIY fins a la bijuteria brodada i l'aquarel\u00b7la bot\u00e0nica, Itzi ha convertit la seva passi\u00f3 en una filosofia de vida positiva que comparteix, a m\u00e9s, amb una comunitat de m\u00e9s de 65.000 seguidor@s en Instagram.","robots":{"index":"index","follow":"follow","max-snippet":"max-snippet:-1","max-image-preview":"max-image-preview:large","max-video-preview":"max-video-preview:-1"},"canonical":"https:\/\/creativabarcelona.com\/ca\/entrevista-itzi-dreams\/","og_locale":"ca_ES","og_type":"article","og_title":"Itzi Dreams - \"En el m\u00f3n creatiu i art\u00edstic no existeix el que est\u00e0 b\u00e9 i el que est\u00e0 malament, tot est\u00e0 perfecte\" - Creativa Barcelona","og_description":"Des del DIY fins a la bijuteria brodada i l'aquarel\u00b7la bot\u00e0nica, Itzi ha convertit la seva passi\u00f3 en una filosofia de vida positiva que comparteix, a m\u00e9s, amb una comunitat de m\u00e9s de 65.000 seguidor@s en Instagram.","og_url":"https:\/\/creativabarcelona.com\/ca\/entrevista-itzi-dreams\/","og_site_name":"Creativa Barcelona","article_published_time":"2024-10-23T17:55:51+00:00","article_modified_time":"2024-10-23T18:00:03+00:00","og_image":[{"width":750,"height":550,"url":"https:\/\/creativabarcelona.com\/wp-content\/uploads\/2024\/10\/noticias_entrevista_itzidreams_creativa_2024.jpg","type":"image\/jpeg"}],"author":"Creativa Barcelona","twitter_card":"summary_large_image","twitter_misc":{"Escrit per":"Creativa Barcelona","Temps estimat de lectura":"6 minuts"},"schema":{"@context":"https:\/\/schema.org","@graph":[{"@type":"Article","@id":"https:\/\/creativabarcelona.com\/ca\/entrevista-itzi-dreams\/#article","isPartOf":{"@id":"https:\/\/creativabarcelona.com\/ca\/entrevista-itzi-dreams\/"},"author":{"name":"Creativa Barcelona","@id":"https:\/\/creativabarcelona.com\/#\/schema\/person\/88136af06c702fba6a4a56fccac027e3"},"headline":"Itzi Dreams &#8211; &#8220;En el m\u00f3n creatiu i art\u00edstic no existeix el que est\u00e0 b\u00e9 i el que est\u00e0 malament, tot est\u00e0 perfecte&#8221;","datePublished":"2024-10-23T17:55:51+00:00","dateModified":"2024-10-23T18:00:03+00:00","mainEntityOfPage":{"@id":"https:\/\/creativabarcelona.com\/ca\/entrevista-itzi-dreams\/"},"wordCount":1269,"publisher":{"@id":"https:\/\/creativabarcelona.com\/#organization"},"image":{"@id":"https:\/\/creativabarcelona.com\/ca\/entrevista-itzi-dreams\/#primaryimage"},"thumbnailUrl":"https:\/\/creativabarcelona.com\/wp-content\/uploads\/2024\/10\/noticias_entrevista_itzidreams_creativa_2024.jpg","articleSection":["Creativa 2024","Entrevistes"],"inLanguage":"ca"},{"@type":"WebPage","@id":"https:\/\/creativabarcelona.com\/ca\/entrevista-itzi-dreams\/","url":"https:\/\/creativabarcelona.com\/ca\/entrevista-itzi-dreams\/","name":"Itzi Dreams - \"En el m\u00f3n creatiu i art\u00edstic no existeix el que est\u00e0 b\u00e9 i el que est\u00e0 malament, tot est\u00e0 perfecte\" - Creativa Barcelona","isPartOf":{"@id":"https:\/\/creativabarcelona.com\/#website"},"primaryImageOfPage":{"@id":"https:\/\/creativabarcelona.com\/ca\/entrevista-itzi-dreams\/#primaryimage"},"image":{"@id":"https:\/\/creativabarcelona.com\/ca\/entrevista-itzi-dreams\/#primaryimage"},"thumbnailUrl":"https:\/\/creativabarcelona.com\/wp-content\/uploads\/2024\/10\/noticias_entrevista_itzidreams_creativa_2024.jpg","datePublished":"2024-10-23T17:55:51+00:00","dateModified":"2024-10-23T18:00:03+00:00","description":"Des del DIY fins a la bijuteria brodada i l'aquarel\u00b7la bot\u00e0nica, Itzi ha convertit la seva passi\u00f3 en una filosofia de vida positiva que comparteix, a m\u00e9s, amb una comunitat de m\u00e9s de 65.000 seguidor@s en Instagram.","breadcrumb":{"@id":"https:\/\/creativabarcelona.com\/ca\/entrevista-itzi-dreams\/#breadcrumb"},"inLanguage":"ca","potentialAction":[{"@type":"ReadAction","target":["https:\/\/creativabarcelona.com\/ca\/entrevista-itzi-dreams\/"]}]},{"@type":"ImageObject","inLanguage":"ca","@id":"https:\/\/creativabarcelona.com\/ca\/entrevista-itzi-dreams\/#primaryimage","url":"https:\/\/creativabarcelona.com\/wp-content\/uploads\/2024\/10\/noticias_entrevista_itzidreams_creativa_2024.jpg","contentUrl":"https:\/\/creativabarcelona.com\/wp-content\/uploads\/2024\/10\/noticias_entrevista_itzidreams_creativa_2024.jpg","width":750,"height":550},{"@type":"BreadcrumbList","@id":"https:\/\/creativabarcelona.com\/ca\/entrevista-itzi-dreams\/#breadcrumb","itemListElement":[{"@type":"ListItem","position":1,"name":"Portada","item":"https:\/\/creativabarcelona.com\/ca\/"},{"@type":"ListItem","position":2,"name":"Itzi Dreams &#8211; \u00abEn el m\u00f3n creatiu i art\u00edstic no existeix el que est\u00e0 b\u00e9 i el que est\u00e0 malament, tot est\u00e0 perfecte\u00bb"}]},{"@type":"WebSite","@id":"https:\/\/creativabarcelona.com\/#website","url":"https:\/\/creativabarcelona.com\/","name":"Creativa Barcelona","description":"Sal\u00f3 de les Manualitats i Artesanies","publisher":{"@id":"https:\/\/creativabarcelona.com\/#organization"},"potentialAction":[{"@type":"SearchAction","target":{"@type":"EntryPoint","urlTemplate":"https:\/\/creativabarcelona.com\/?s={search_term_string}"},"query-input":{"@type":"PropertyValueSpecification","valueRequired":true,"valueName":"search_term_string"}}],"inLanguage":"ca"},{"@type":"Organization","@id":"https:\/\/creativabarcelona.com\/#organization","name":"Creativa Barcelona","url":"https:\/\/creativabarcelona.com\/","logo":{"@type":"ImageObject","inLanguage":"ca","@id":"https:\/\/creativabarcelona.com\/#\/schema\/logo\/image\/","url":"https:\/\/creativabarcelona.com\/wp-content\/uploads\/2025\/03\/logo_creativa_barcelona_Cast-1.png","contentUrl":"https:\/\/creativabarcelona.com\/wp-content\/uploads\/2025\/03\/logo_creativa_barcelona_Cast-1.png","width":777,"height":417,"caption":"Creativa Barcelona"},"image":{"@id":"https:\/\/creativabarcelona.com\/#\/schema\/logo\/image\/"}},{"@type":"Person","@id":"https:\/\/creativabarcelona.com\/#\/schema\/person\/88136af06c702fba6a4a56fccac027e3","name":"Creativa Barcelona","image":{"@type":"ImageObject","inLanguage":"ca","@id":"https:\/\/secure.gravatar.com\/avatar\/9751d88ddbee61c132bde30a2ddd40a6948919cbc65d9dc0baed64e15bd22aca?s=96&d=mm&r=g","url":"https:\/\/secure.gravatar.com\/avatar\/9751d88ddbee61c132bde30a2ddd40a6948919cbc65d9dc0baed64e15bd22aca?s=96&d=mm&r=g","contentUrl":"https:\/\/secure.gravatar.com\/avatar\/9751d88ddbee61c132bde30a2ddd40a6948919cbc65d9dc0baed64e15bd22aca?s=96&d=mm&r=g","caption":"Creativa Barcelona"},"sameAs":["https:\/\/creativabarcelona.com"],"url":"https:\/\/creativabarcelona.com\/ca\/author\/crea20tiv22bcn\/"}]}},"_links":{"self":[{"href":"https:\/\/creativabarcelona.com\/ca\/wp-json\/wp\/v2\/posts\/19253","targetHints":{"allow":["GET"]}}],"collection":[{"href":"https:\/\/creativabarcelona.com\/ca\/wp-json\/wp\/v2\/posts"}],"about":[{"href":"https:\/\/creativabarcelona.com\/ca\/wp-json\/wp\/v2\/types\/post"}],"author":[{"embeddable":true,"href":"https:\/\/creativabarcelona.com\/ca\/wp-json\/wp\/v2\/users\/1"}],"replies":[{"embeddable":true,"href":"https:\/\/creativabarcelona.com\/ca\/wp-json\/wp\/v2\/comments?post=19253"}],"version-history":[{"count":3,"href":"https:\/\/creativabarcelona.com\/ca\/wp-json\/wp\/v2\/posts\/19253\/revisions"}],"predecessor-version":[{"id":19256,"href":"https:\/\/creativabarcelona.com\/ca\/wp-json\/wp\/v2\/posts\/19253\/revisions\/19256"}],"wp:featuredmedia":[{"embeddable":true,"href":"https:\/\/creativabarcelona.com\/ca\/wp-json\/wp\/v2\/media\/19236"}],"wp:attachment":[{"href":"https:\/\/creativabarcelona.com\/ca\/wp-json\/wp\/v2\/media?parent=19253"}],"wp:term":[{"taxonomy":"category","embeddable":true,"href":"https:\/\/creativabarcelona.com\/ca\/wp-json\/wp\/v2\/categories?post=19253"},{"taxonomy":"post_tag","embeddable":true,"href":"https:\/\/creativabarcelona.com\/ca\/wp-json\/wp\/v2\/tags?post=19253"}],"curies":[{"name":"wp","href":"https:\/\/api.w.org\/{rel}","templated":true}]}}