{"id":26351,"date":"2025-10-30T09:58:07","date_gmt":"2025-10-30T08:58:07","guid":{"rendered":"https:\/\/creativabarcelona.com\/hablamos-con-estela-marti-de-atelier-meravelles\/"},"modified":"2025-10-30T10:01:09","modified_gmt":"2025-10-30T09:01:09","slug":"parlem-amb-estela-marti-datelier-meravelles","status":"publish","type":"post","link":"https:\/\/creativabarcelona.com\/ca\/parlem-amb-estela-marti-datelier-meravelles\/","title":{"rendered":"Parlem amb Estela Mart\u00ed d&#8217;Atelier Meravelles"},"content":{"rendered":"<h5><em>\u201cLes noves generacions estan molt interessades a crear la seva pr\u00f2pia roba i tamb\u00e9 a transformar-la\u201d<\/em><\/h5>\n<p>El m\u00f3n de la costura est\u00e0 conquerint nous p\u00fablics. L\u2019Atelier Meravelles \u00e9s una prova ben clara d\u2019aix\u00f2. Aquest taller barcelon\u00ed, que s\u2019autodefineix com \u201cLabortori del vestir\u201d, \u00e9s un local on es potencia l\u2019ofici de vestir i l\u2019art del t\u00e8xtil \u00fatil. Un lloc on les persones s\u00f3n el m\u00e9s important i on tothom es diverteix alhora que apr\u00e8n a cosir.\u00a0 L\u2019art\u00edfex d\u2019aquest taller de la creativitat \u00e9s l\u2019Estela Mart\u00ed, una dona reinventada que al 2005 va fundar aquest projecte on cada dia ensenya a persones de totes les edats, g\u00e8neres i professions l&#8217;art de vestir, desplegant la seva creativitat i la seva identitat, alhora que fomentes el reciclatge i l&#8217;\u00e8tica en la indument\u00e0ria.<\/p>\n<p>L\u2019Estela, per\u00f2, no sempre va estar lligada al m\u00f3n de les agulles i els patrons. Amb nom\u00e9s 17 anys va completar el grau en dansa en l\u2019Institut del Teatre, per\u00f2 una caiguda va canviar sobtadament el seu cam\u00ed. Llavors et vas endinsar en el m\u00f3n de la moda: vas estudiar Moda en BAU, Art T\u00e8xtil en la Llotja, Patronatge i Confecci\u00f3 en un taller de costura\u2026 Durant anys va rec\u00f3rrer Barcelona districte a districte, amb una cinta m\u00e8trica al coll i una m\u00e0quina de cosir sota el bra\u00e7, ensenyant el seu sistema per a construir una indument\u00e0ria pr\u00f2pia i transformar la que ja tenim.<\/p>\n<p>En aquesta edici\u00f3 de Creativa Barcelona, l\u2019Estela Mart\u00ed portar\u00e0 la teva proposta al Sal\u00f3 per a mostrar com la moda conscient, el disseny personal i la costura poden estar a l&#8217;abast de qualsevol.<\/p>\n<h5 style=\"font-size: 20px; margin-top: 35px;\"><strong>Estela, explica\u2019ns tu mateixa qu\u00e8 \u00e9s L\u2019Atelier Meravelles i com va n\u00e9ixer? Qu\u00e8 et va inspirar a crear aquest espai tan especial?<\/strong><\/h5>\n<p>L\u2019Atelier Meravelles \u00e9s un taller c\u00e0lid de creaci\u00f3 de l&#8217;ofici del vestir i de l&#8217;art t\u00e8xtil \u00fatil, on el m\u00e9s important s\u00f3n les persones, i on poder divertir-se sentint amb les pr\u00f2pies mans.<\/p>\n<p>Acompanyem a les persones a gaudir de la passi\u00f3, la identitat i la innovaci\u00f3, aprenent els recursos necessaris per a construir una pe\u00e7a de roba. Ensenyem tots els passos per a dominar el disseny de moda, el patronatge, l&#8217;aplicaci\u00f3 dels teixits, i la costura.<\/p>\n<p>Va n\u00e9ixer primer d\u2019una disconformitat amb el sistema de la moda, de l\u2019hiperconsumisme i l\u2019explotaci\u00f3 dels recursos naturals i humans. La voluntat de crear un context en qu\u00e8 la moda es doni de forma diferent, on mai es repeteixi cap pe\u00e7a i a on l\u2019experi\u00e8ncia amb cada persona sempre sigui \u00fanica. Entrar en di\u00e0leg i desenvolupar el seu propi discurs, la seva roba. Perqu\u00e8 aquesta moda serveix per al\u00e7ar la veu, i gaudir de ser tu mateix.<\/p>\n<h5 style=\"font-size: 20px; margin-top: 35px;\"><strong>En el teu taller es respira amor pel detall, per les textures i per l\u2019art de crear amb les mans. Com definiries la vostra manera de treballar i l\u2019ess\u00e8ncia del vostre projecte?<\/strong><\/h5>\n<p>Per a nosaltres, el m\u00e9s important s\u00f3n les persones, i per tant la prioritat sempre ser\u00e0 desplegar totes les potencialitats que tinguin, a trav\u00e9s d\u2019aprendre a fer la seva roba.<\/p>\n<p>L\u2019ess\u00e8ncia del nostre projecte \u00e9s aquesta, aconseguir que la gent s\u2019empoderi i gaudeixi de crear, i alhora que vesteixi acord amb la seva personalitat, i que la seva manera de ser quedi reflectida en cada pe\u00e7a.<\/p>\n<p>Construir una alternativa al fast fashion, fent que les persones s\u2019autoprodueixin la indument\u00e0ria d&#8217;una manera conscient, desafiant els c\u00e0nons de bellesa imperants.<\/p>\n<h5 style=\"font-size: 20px; margin-top: 35px;\"><strong>D\u2019on ve el nom \u201cMeravelles\u201d? T\u00e9 una hist\u00f2ria o significat especial per a tu? A m\u00e9s, \u201cLaboratori del vestir\u201d ja \u00e9s tota una declaraci\u00f3 d\u2019intencions\u2026 Explica\u2019ns per qu\u00e8?<\/strong><\/h5>\n<p>Doncs s\u00ed, \u00e9s tota una declaraci\u00f3 d&#8217;intencions! \u00c9s un homenatge als meravelladors i meravelladores del m\u00f3n, a les persones que d&#8217;alguna manera aconsegueixen, amb el seu art, fer que les coses siguin millor.<\/p>\n<p>Parla tamb\u00e9 de meravellar-nos cada dia amb la vida i amb les coses que fem i que creem! No \u00e9s el que un te, sin\u00f3 el que fa amb el que t\u00e9, aquesta \u00e9s l\u2019aut\u00e8ntica creativitat.<\/p>\n<p>\u201cLaboratori del vestir\u201d fa refer\u00e8ncia al treball que hem dut a terme aquests 20 anys. Pel taller han passat persones dels 4 als 99 anys, hem fet m\u00e9s de 70.000 peces de roba diferents.<\/p>\n<p>Aquesta experi\u00e8ncia ens ha fet experimentar i innovar, i crear un sistema de fabricaci\u00f3 de moda molt \u00e0gil, eficient i sostenible. Una f\u00f3rmula magistral que et permet vestir de tu mateix dia a dia!<\/p>\n<h5 style=\"font-size: 20px; margin-top: 35px;\"><strong>A l\u2019Atelier Meravelles feu molt m\u00e9s que cosir o crear peces: tamb\u00e9 compartiu coneixement i experi\u00e8ncia. Qu\u00e8 t\u2019aporta aquesta part m\u00e9s comunit\u00e0ria i formativa?<\/strong><\/h5>\n<p>A l&#8217;Atelier Meravelles venen alumnes de moltes edats i realitats diferents, aquest fet resulta molt interessant, perqu\u00e8 permet que entrin en un di\u00e0leg creatiu persones que dif\u00edcilment es trobarien, ja que la societat etiqueta i classifica.\u00a0 Aquesta mescla permet construir un gran col\u00b7lectiu, on la difer\u00e8ncia \u00e9s la part m\u00e9s brillant de cada un, generant una atmosfera plena de complicitat i passi\u00f3, una aut\u00e8ntica revoluci\u00f3!<\/p>\n<h5 style=\"font-size: 20px; margin-top: 35px;\"><strong>El m\u00f3n de la costura ja ha deixat un terreny \u00fanic per a dones. Ho confirmen aix\u00ed els vostres usuaris? (Explica\u2019ns quin tipus de clients teniu)<\/strong><\/h5>\n<p>S\u00ed, actualment tenim una gran diversitat de persones, de totes les edats i realitats&#8230; Vestir-se \u00e9s una necessitat b\u00e0sica, i la moda actualment ja no t\u00e9 g\u00e8nere. Ens imaginem una societat rica en difer\u00e8ncies a on cada persona desfila per la vida la seva personalitat a trav\u00e9s de la seva roba, explicant la seva hist\u00f2ria.<\/p>\n<h5 style=\"font-size: 20px; margin-top: 35px;\"><strong>A m\u00e9s dels alumnes\u00a0 m\u00e9s convencionals, els que volen aprendre, compartir\u2026 Tamb\u00e9 oferiu \u201cexperi\u00e8ncies\u201d. Quins tipus de grups us reserven m\u00e9s aquestes experi\u00e8ncies? <\/strong><\/h5>\n<p>S\u00f3n grups molt variats, des d&#8217;empreses, passant per escoles, grups d&#8217;amics, aniversaris, celebracions&#8230;<\/p>\n<p>Confeccionem moments a mida per a aconseguir experi\u00e8ncies \u00faniques, de les quals sempre creem un producte de disseny personalitzat, que expressa la relaci\u00f3 entre aquestes persones, en tres hores i moltes vegades sense d\u2019experi\u00e8ncia pr\u00e8via.<\/p>\n<h5 style=\"font-size: 20px; margin-top: 35px;\"><strong>Esteu notant que hi ha un relleu generacional en el m\u00f3n de la costura?<\/strong><\/h5>\n<p>Absolutament! La primera activitat la comencem amb 4 anys! Cada vegada tenim alumnes m\u00e9s joves. Les noves generacions estan molt interessades a crear la seva pr\u00f2pia roba, i tamb\u00e9 en transformar-la.<\/p>\n<p>La seva consci\u00e8ncia i responsabilitat amb el reciclatge \u00e9s molt gran, i a m\u00e9s a m\u00e9s tenen una gran necessitat d\u2019expressar la seva identitat, i amb la creaci\u00f3 de la moda troben un canal ideal per fer-ho.<\/p>\n<h5 style=\"font-size: 20px; margin-top: 35px;\"><strong>Com veus el moment actual de les arts t\u00e8xtils i de la costura creativa? Creus que cada vegada hi ha m\u00e9s inter\u00e8s per les coses fetes a m\u00e0, amb calma i amb \u00e0nima?<\/strong><\/h5>\n<p>Penso que s\u00ed, que patim un exc\u00e9s d&#8217;\u00fas de pantalles i tecnologies, i crear amb les mans ens permet descontaminar-nos i netejar la nostra ment.<\/p>\n<p>Dintre d&#8217;una societat tan r\u00e0pida i hiperactiva, desenvolupar aquestes capacitats ens permet trobar moments de serenor i d&#8217;autoconeixement.<\/p>\n<p>Pensar amb les mans, ens permet fabricar intensitat de temps, i posar el focus en l&#8217;ess\u00e8ncia del que som.<\/p>\n<h5 style=\"font-size: 20px; margin-top: 35px;\"><strong>Aquesta ser\u00e0 la teva participaci\u00f3 a Creativa Barcelona 2025. Qu\u00e8 hi portareu i qu\u00e8 podran descobrir els visitants al vostre espai?<\/strong><\/h5>\n<p>Esperem poder sorprendre a tots els assistents, amb la nostra manera de crear la roba i ensenyar a fer-la a trav\u00e9s dels nostres cursos i experi\u00e8ncies. Tamb\u00e9 ser\u00e0 una oportunitat de mostrar tots els projectes que hem realitzat fins ara, a m\u00e9s d\u2019altres sorpreses que descobrireu!<\/p>\n<h5 style=\"font-size: 20px; margin-top: 35px;\"><strong>Qu\u00e8 significa per a tu participar a Creativa? Qu\u00e8 t\u2019agrada d\u2019aquest esdeveniment i qu\u00e8 esperes que s\u2019endugui el p\u00fablic en con\u00e8ixer el vostre projecte?<\/strong><\/h5>\n<p>Poder compartir i innovar en un espai ple de creativitat, on les idees flueixen, demostrant que una altra manera d\u2019entendre la creativitat \u00e9s possible.<\/p>\n<p>Ens agrada que la gent pugui con\u00e8ixer una indument\u00e0ria m\u00e9s conscient, sostenible i respectuosa amb les persones i el planeta.\u00a0 Una roba que valora l\u2019artesania, la col\u00b7laboraci\u00f3 i la diversitat. Demostrar que fer la moda \u00e9s una expressi\u00f3 d\u2019identitat i de comprom\u00eds social, i que la bellesa i la sostenibilitat poden caminar de la m\u00e0.<\/p>\n<h5 style=\"font-size: 20px; margin-top: 35px;\"><strong>Si haguessis de definir el teu taller amb tres paraules, quines serien?<\/strong><\/h5>\n<p>Passi\u00f3, innovaci\u00f3, col\u00b7lectiu.<\/p>\n<h5 style=\"font-size: 20px; margin-top: 35px;\"><strong>I per acabar, un petit avan\u00e7: tens algun somni, projecte o \u201cmeravella\u201d que t\u2019agradaria fer realitat pr\u00f2ximament?<\/strong><\/h5>\n<p>Estem produint un documental que narra tota la nostra experi\u00e8ncia des dels inicis, i esperem poder acabar de rodar-lo i mostrar-lo a tothom. Seguir compartint dia a dia l\u2019art del vestir amb cada una de les persones que arriben per primer cop. Cada una t\u00e9 la seva pr\u00f2pia hist\u00f2ria i l&#8217;expliquem construint la seva pr\u00f2pia indument\u00e0ria.<\/p>\n","protected":false},"excerpt":{"rendered":"<p>\u201cLes noves generacions estan molt interessades a crear la seva pr\u00f2pia roba i tamb\u00e9 a transformar-la\u201d<\/p>\n","protected":false},"author":1,"featured_media":26346,"comment_status":"closed","ping_status":"closed","sticky":false,"template":"","format":"standard","meta":{"footnotes":""},"categories":[229,54],"tags":[],"class_list":["post-26351","post","type-post","status-publish","format-standard","has-post-thumbnail","hentry","category-creativa-2025-ca","category-entrevistes"],"yoast_head":"<!-- This site is optimized with the Yoast SEO plugin v27.5 - https:\/\/yoast.com\/product\/yoast-seo-wordpress\/ -->\n<title>Parlem amb Estela Mart\u00ed d&#039;Atelier Meravelles - Creativa Barcelona<\/title>\n<meta name=\"robots\" content=\"index, follow, max-snippet:-1, max-image-preview:large, max-video-preview:-1\" \/>\n<link rel=\"canonical\" href=\"https:\/\/creativabarcelona.com\/ca\/parlem-amb-estela-marti-datelier-meravelles\/\" \/>\n<meta property=\"og:locale\" content=\"ca_ES\" \/>\n<meta property=\"og:type\" content=\"article\" \/>\n<meta property=\"og:title\" content=\"Parlem amb Estela Mart\u00ed d&#039;Atelier Meravelles - Creativa Barcelona\" \/>\n<meta property=\"og:description\" content=\"\u201cLes noves generacions estan molt interessades a crear la seva pr\u00f2pia roba i tamb\u00e9 a transformar-la\u201d\" \/>\n<meta property=\"og:url\" content=\"https:\/\/creativabarcelona.com\/ca\/parlem-amb-estela-marti-datelier-meravelles\/\" \/>\n<meta property=\"og:site_name\" content=\"Creativa Barcelona\" \/>\n<meta property=\"article:published_time\" content=\"2025-10-30T08:58:07+00:00\" \/>\n<meta property=\"article:modified_time\" content=\"2025-10-30T09:01:09+00:00\" \/>\n<meta property=\"og:image\" content=\"https:\/\/creativabarcelona.com\/wp-content\/uploads\/2025\/10\/news_entrevista_atelier_maravelles_2025.jpg\" \/>\n\t<meta property=\"og:image:width\" content=\"750\" \/>\n\t<meta property=\"og:image:height\" content=\"550\" \/>\n\t<meta property=\"og:image:type\" content=\"image\/jpeg\" \/>\n<meta name=\"author\" content=\"Creativa Barcelona\" \/>\n<meta name=\"twitter:card\" content=\"summary_large_image\" \/>\n<meta name=\"twitter:label1\" content=\"Escrit per\" \/>\n\t<meta name=\"twitter:data1\" content=\"Creativa Barcelona\" \/>\n\t<meta name=\"twitter:label2\" content=\"Temps estimat de lectura\" \/>\n\t<meta name=\"twitter:data2\" content=\"7 minuts\" \/>\n<script type=\"application\/ld+json\" class=\"yoast-schema-graph\">{\"@context\":\"https:\\\/\\\/schema.org\",\"@graph\":[{\"@type\":\"Article\",\"@id\":\"https:\\\/\\\/creativabarcelona.com\\\/ca\\\/parlem-amb-estela-marti-datelier-meravelles\\\/#article\",\"isPartOf\":{\"@id\":\"https:\\\/\\\/creativabarcelona.com\\\/ca\\\/parlem-amb-estela-marti-datelier-meravelles\\\/\"},\"author\":{\"name\":\"Creativa Barcelona\",\"@id\":\"https:\\\/\\\/creativabarcelona.com\\\/#\\\/schema\\\/person\\\/88136af06c702fba6a4a56fccac027e3\"},\"headline\":\"Parlem amb Estela Mart\u00ed d&#8217;Atelier Meravelles\",\"datePublished\":\"2025-10-30T08:58:07+00:00\",\"dateModified\":\"2025-10-30T09:01:09+00:00\",\"mainEntityOfPage\":{\"@id\":\"https:\\\/\\\/creativabarcelona.com\\\/ca\\\/parlem-amb-estela-marti-datelier-meravelles\\\/\"},\"wordCount\":1561,\"publisher\":{\"@id\":\"https:\\\/\\\/creativabarcelona.com\\\/#organization\"},\"image\":{\"@id\":\"https:\\\/\\\/creativabarcelona.com\\\/ca\\\/parlem-amb-estela-marti-datelier-meravelles\\\/#primaryimage\"},\"thumbnailUrl\":\"https:\\\/\\\/creativabarcelona.com\\\/wp-content\\\/uploads\\\/2025\\\/10\\\/news_entrevista_atelier_maravelles_2025.jpg\",\"articleSection\":[\"Creativa 2025\",\"Entrevistes\"],\"inLanguage\":\"ca\"},{\"@type\":\"WebPage\",\"@id\":\"https:\\\/\\\/creativabarcelona.com\\\/ca\\\/parlem-amb-estela-marti-datelier-meravelles\\\/\",\"url\":\"https:\\\/\\\/creativabarcelona.com\\\/ca\\\/parlem-amb-estela-marti-datelier-meravelles\\\/\",\"name\":\"Parlem amb Estela Mart\u00ed d'Atelier Meravelles - Creativa Barcelona\",\"isPartOf\":{\"@id\":\"https:\\\/\\\/creativabarcelona.com\\\/#website\"},\"primaryImageOfPage\":{\"@id\":\"https:\\\/\\\/creativabarcelona.com\\\/ca\\\/parlem-amb-estela-marti-datelier-meravelles\\\/#primaryimage\"},\"image\":{\"@id\":\"https:\\\/\\\/creativabarcelona.com\\\/ca\\\/parlem-amb-estela-marti-datelier-meravelles\\\/#primaryimage\"},\"thumbnailUrl\":\"https:\\\/\\\/creativabarcelona.com\\\/wp-content\\\/uploads\\\/2025\\\/10\\\/news_entrevista_atelier_maravelles_2025.jpg\",\"datePublished\":\"2025-10-30T08:58:07+00:00\",\"dateModified\":\"2025-10-30T09:01:09+00:00\",\"breadcrumb\":{\"@id\":\"https:\\\/\\\/creativabarcelona.com\\\/ca\\\/parlem-amb-estela-marti-datelier-meravelles\\\/#breadcrumb\"},\"inLanguage\":\"ca\",\"potentialAction\":[{\"@type\":\"ReadAction\",\"target\":[\"https:\\\/\\\/creativabarcelona.com\\\/ca\\\/parlem-amb-estela-marti-datelier-meravelles\\\/\"]}]},{\"@type\":\"ImageObject\",\"inLanguage\":\"ca\",\"@id\":\"https:\\\/\\\/creativabarcelona.com\\\/ca\\\/parlem-amb-estela-marti-datelier-meravelles\\\/#primaryimage\",\"url\":\"https:\\\/\\\/creativabarcelona.com\\\/wp-content\\\/uploads\\\/2025\\\/10\\\/news_entrevista_atelier_maravelles_2025.jpg\",\"contentUrl\":\"https:\\\/\\\/creativabarcelona.com\\\/wp-content\\\/uploads\\\/2025\\\/10\\\/news_entrevista_atelier_maravelles_2025.jpg\",\"width\":750,\"height\":550},{\"@type\":\"BreadcrumbList\",\"@id\":\"https:\\\/\\\/creativabarcelona.com\\\/ca\\\/parlem-amb-estela-marti-datelier-meravelles\\\/#breadcrumb\",\"itemListElement\":[{\"@type\":\"ListItem\",\"position\":1,\"name\":\"Portada\",\"item\":\"https:\\\/\\\/creativabarcelona.com\\\/ca\\\/\"},{\"@type\":\"ListItem\",\"position\":2,\"name\":\"Parlem amb Estela Mart\u00ed d&#8217;Atelier Meravelles\"}]},{\"@type\":\"WebSite\",\"@id\":\"https:\\\/\\\/creativabarcelona.com\\\/#website\",\"url\":\"https:\\\/\\\/creativabarcelona.com\\\/\",\"name\":\"Creativa Barcelona\",\"description\":\"Sal\u00f3 de les Manualitats i Artesanies\",\"publisher\":{\"@id\":\"https:\\\/\\\/creativabarcelona.com\\\/#organization\"},\"potentialAction\":[{\"@type\":\"SearchAction\",\"target\":{\"@type\":\"EntryPoint\",\"urlTemplate\":\"https:\\\/\\\/creativabarcelona.com\\\/?s={search_term_string}\"},\"query-input\":{\"@type\":\"PropertyValueSpecification\",\"valueRequired\":true,\"valueName\":\"search_term_string\"}}],\"inLanguage\":\"ca\"},{\"@type\":\"Organization\",\"@id\":\"https:\\\/\\\/creativabarcelona.com\\\/#organization\",\"name\":\"Creativa Barcelona\",\"url\":\"https:\\\/\\\/creativabarcelona.com\\\/\",\"logo\":{\"@type\":\"ImageObject\",\"inLanguage\":\"ca\",\"@id\":\"https:\\\/\\\/creativabarcelona.com\\\/#\\\/schema\\\/logo\\\/image\\\/\",\"url\":\"https:\\\/\\\/creativabarcelona.com\\\/wp-content\\\/uploads\\\/2025\\\/03\\\/logo_creativa_barcelona_Cast-1.png\",\"contentUrl\":\"https:\\\/\\\/creativabarcelona.com\\\/wp-content\\\/uploads\\\/2025\\\/03\\\/logo_creativa_barcelona_Cast-1.png\",\"width\":777,\"height\":417,\"caption\":\"Creativa Barcelona\"},\"image\":{\"@id\":\"https:\\\/\\\/creativabarcelona.com\\\/#\\\/schema\\\/logo\\\/image\\\/\"}},{\"@type\":\"Person\",\"@id\":\"https:\\\/\\\/creativabarcelona.com\\\/#\\\/schema\\\/person\\\/88136af06c702fba6a4a56fccac027e3\",\"name\":\"Creativa Barcelona\",\"image\":{\"@type\":\"ImageObject\",\"inLanguage\":\"ca\",\"@id\":\"https:\\\/\\\/secure.gravatar.com\\\/avatar\\\/9751d88ddbee61c132bde30a2ddd40a6948919cbc65d9dc0baed64e15bd22aca?s=96&d=mm&r=g\",\"url\":\"https:\\\/\\\/secure.gravatar.com\\\/avatar\\\/9751d88ddbee61c132bde30a2ddd40a6948919cbc65d9dc0baed64e15bd22aca?s=96&d=mm&r=g\",\"contentUrl\":\"https:\\\/\\\/secure.gravatar.com\\\/avatar\\\/9751d88ddbee61c132bde30a2ddd40a6948919cbc65d9dc0baed64e15bd22aca?s=96&d=mm&r=g\",\"caption\":\"Creativa Barcelona\"},\"sameAs\":[\"https:\\\/\\\/creativabarcelona.com\"],\"url\":\"https:\\\/\\\/creativabarcelona.com\\\/ca\\\/author\\\/crea20tiv22bcn\\\/\"}]}<\/script>\n<!-- \/ Yoast SEO plugin. -->","yoast_head_json":{"title":"Parlem amb Estela Mart\u00ed d'Atelier Meravelles - Creativa Barcelona","robots":{"index":"index","follow":"follow","max-snippet":"max-snippet:-1","max-image-preview":"max-image-preview:large","max-video-preview":"max-video-preview:-1"},"canonical":"https:\/\/creativabarcelona.com\/ca\/parlem-amb-estela-marti-datelier-meravelles\/","og_locale":"ca_ES","og_type":"article","og_title":"Parlem amb Estela Mart\u00ed d'Atelier Meravelles - Creativa Barcelona","og_description":"\u201cLes noves generacions estan molt interessades a crear la seva pr\u00f2pia roba i tamb\u00e9 a transformar-la\u201d","og_url":"https:\/\/creativabarcelona.com\/ca\/parlem-amb-estela-marti-datelier-meravelles\/","og_site_name":"Creativa Barcelona","article_published_time":"2025-10-30T08:58:07+00:00","article_modified_time":"2025-10-30T09:01:09+00:00","og_image":[{"width":750,"height":550,"url":"https:\/\/creativabarcelona.com\/wp-content\/uploads\/2025\/10\/news_entrevista_atelier_maravelles_2025.jpg","type":"image\/jpeg"}],"author":"Creativa Barcelona","twitter_card":"summary_large_image","twitter_misc":{"Escrit per":"Creativa Barcelona","Temps estimat de lectura":"7 minuts"},"schema":{"@context":"https:\/\/schema.org","@graph":[{"@type":"Article","@id":"https:\/\/creativabarcelona.com\/ca\/parlem-amb-estela-marti-datelier-meravelles\/#article","isPartOf":{"@id":"https:\/\/creativabarcelona.com\/ca\/parlem-amb-estela-marti-datelier-meravelles\/"},"author":{"name":"Creativa Barcelona","@id":"https:\/\/creativabarcelona.com\/#\/schema\/person\/88136af06c702fba6a4a56fccac027e3"},"headline":"Parlem amb Estela Mart\u00ed d&#8217;Atelier Meravelles","datePublished":"2025-10-30T08:58:07+00:00","dateModified":"2025-10-30T09:01:09+00:00","mainEntityOfPage":{"@id":"https:\/\/creativabarcelona.com\/ca\/parlem-amb-estela-marti-datelier-meravelles\/"},"wordCount":1561,"publisher":{"@id":"https:\/\/creativabarcelona.com\/#organization"},"image":{"@id":"https:\/\/creativabarcelona.com\/ca\/parlem-amb-estela-marti-datelier-meravelles\/#primaryimage"},"thumbnailUrl":"https:\/\/creativabarcelona.com\/wp-content\/uploads\/2025\/10\/news_entrevista_atelier_maravelles_2025.jpg","articleSection":["Creativa 2025","Entrevistes"],"inLanguage":"ca"},{"@type":"WebPage","@id":"https:\/\/creativabarcelona.com\/ca\/parlem-amb-estela-marti-datelier-meravelles\/","url":"https:\/\/creativabarcelona.com\/ca\/parlem-amb-estela-marti-datelier-meravelles\/","name":"Parlem amb Estela Mart\u00ed d'Atelier Meravelles - Creativa Barcelona","isPartOf":{"@id":"https:\/\/creativabarcelona.com\/#website"},"primaryImageOfPage":{"@id":"https:\/\/creativabarcelona.com\/ca\/parlem-amb-estela-marti-datelier-meravelles\/#primaryimage"},"image":{"@id":"https:\/\/creativabarcelona.com\/ca\/parlem-amb-estela-marti-datelier-meravelles\/#primaryimage"},"thumbnailUrl":"https:\/\/creativabarcelona.com\/wp-content\/uploads\/2025\/10\/news_entrevista_atelier_maravelles_2025.jpg","datePublished":"2025-10-30T08:58:07+00:00","dateModified":"2025-10-30T09:01:09+00:00","breadcrumb":{"@id":"https:\/\/creativabarcelona.com\/ca\/parlem-amb-estela-marti-datelier-meravelles\/#breadcrumb"},"inLanguage":"ca","potentialAction":[{"@type":"ReadAction","target":["https:\/\/creativabarcelona.com\/ca\/parlem-amb-estela-marti-datelier-meravelles\/"]}]},{"@type":"ImageObject","inLanguage":"ca","@id":"https:\/\/creativabarcelona.com\/ca\/parlem-amb-estela-marti-datelier-meravelles\/#primaryimage","url":"https:\/\/creativabarcelona.com\/wp-content\/uploads\/2025\/10\/news_entrevista_atelier_maravelles_2025.jpg","contentUrl":"https:\/\/creativabarcelona.com\/wp-content\/uploads\/2025\/10\/news_entrevista_atelier_maravelles_2025.jpg","width":750,"height":550},{"@type":"BreadcrumbList","@id":"https:\/\/creativabarcelona.com\/ca\/parlem-amb-estela-marti-datelier-meravelles\/#breadcrumb","itemListElement":[{"@type":"ListItem","position":1,"name":"Portada","item":"https:\/\/creativabarcelona.com\/ca\/"},{"@type":"ListItem","position":2,"name":"Parlem amb Estela Mart\u00ed d&#8217;Atelier Meravelles"}]},{"@type":"WebSite","@id":"https:\/\/creativabarcelona.com\/#website","url":"https:\/\/creativabarcelona.com\/","name":"Creativa Barcelona","description":"Sal\u00f3 de les Manualitats i Artesanies","publisher":{"@id":"https:\/\/creativabarcelona.com\/#organization"},"potentialAction":[{"@type":"SearchAction","target":{"@type":"EntryPoint","urlTemplate":"https:\/\/creativabarcelona.com\/?s={search_term_string}"},"query-input":{"@type":"PropertyValueSpecification","valueRequired":true,"valueName":"search_term_string"}}],"inLanguage":"ca"},{"@type":"Organization","@id":"https:\/\/creativabarcelona.com\/#organization","name":"Creativa Barcelona","url":"https:\/\/creativabarcelona.com\/","logo":{"@type":"ImageObject","inLanguage":"ca","@id":"https:\/\/creativabarcelona.com\/#\/schema\/logo\/image\/","url":"https:\/\/creativabarcelona.com\/wp-content\/uploads\/2025\/03\/logo_creativa_barcelona_Cast-1.png","contentUrl":"https:\/\/creativabarcelona.com\/wp-content\/uploads\/2025\/03\/logo_creativa_barcelona_Cast-1.png","width":777,"height":417,"caption":"Creativa Barcelona"},"image":{"@id":"https:\/\/creativabarcelona.com\/#\/schema\/logo\/image\/"}},{"@type":"Person","@id":"https:\/\/creativabarcelona.com\/#\/schema\/person\/88136af06c702fba6a4a56fccac027e3","name":"Creativa Barcelona","image":{"@type":"ImageObject","inLanguage":"ca","@id":"https:\/\/secure.gravatar.com\/avatar\/9751d88ddbee61c132bde30a2ddd40a6948919cbc65d9dc0baed64e15bd22aca?s=96&d=mm&r=g","url":"https:\/\/secure.gravatar.com\/avatar\/9751d88ddbee61c132bde30a2ddd40a6948919cbc65d9dc0baed64e15bd22aca?s=96&d=mm&r=g","contentUrl":"https:\/\/secure.gravatar.com\/avatar\/9751d88ddbee61c132bde30a2ddd40a6948919cbc65d9dc0baed64e15bd22aca?s=96&d=mm&r=g","caption":"Creativa Barcelona"},"sameAs":["https:\/\/creativabarcelona.com"],"url":"https:\/\/creativabarcelona.com\/ca\/author\/crea20tiv22bcn\/"}]}},"_links":{"self":[{"href":"https:\/\/creativabarcelona.com\/ca\/wp-json\/wp\/v2\/posts\/26351","targetHints":{"allow":["GET"]}}],"collection":[{"href":"https:\/\/creativabarcelona.com\/ca\/wp-json\/wp\/v2\/posts"}],"about":[{"href":"https:\/\/creativabarcelona.com\/ca\/wp-json\/wp\/v2\/types\/post"}],"author":[{"embeddable":true,"href":"https:\/\/creativabarcelona.com\/ca\/wp-json\/wp\/v2\/users\/1"}],"replies":[{"embeddable":true,"href":"https:\/\/creativabarcelona.com\/ca\/wp-json\/wp\/v2\/comments?post=26351"}],"version-history":[{"count":2,"href":"https:\/\/creativabarcelona.com\/ca\/wp-json\/wp\/v2\/posts\/26351\/revisions"}],"predecessor-version":[{"id":26356,"href":"https:\/\/creativabarcelona.com\/ca\/wp-json\/wp\/v2\/posts\/26351\/revisions\/26356"}],"wp:featuredmedia":[{"embeddable":true,"href":"https:\/\/creativabarcelona.com\/ca\/wp-json\/wp\/v2\/media\/26346"}],"wp:attachment":[{"href":"https:\/\/creativabarcelona.com\/ca\/wp-json\/wp\/v2\/media?parent=26351"}],"wp:term":[{"taxonomy":"category","embeddable":true,"href":"https:\/\/creativabarcelona.com\/ca\/wp-json\/wp\/v2\/categories?post=26351"},{"taxonomy":"post_tag","embeddable":true,"href":"https:\/\/creativabarcelona.com\/ca\/wp-json\/wp\/v2\/tags?post=26351"}],"curies":[{"name":"wp","href":"https:\/\/api.w.org\/{rel}","templated":true}]}}