{"id":26358,"date":"2025-10-30T10:05:43","date_gmt":"2025-10-30T09:05:43","guid":{"rendered":"https:\/\/creativabarcelona.com\/entrevistamos-a-isabel-roca-menchon-y-mireia-catasus-tecnicas-del-proyecto-fem-filigranes\/"},"modified":"2025-10-30T10:08:41","modified_gmt":"2025-10-30T09:08:41","slug":"entrevistem-a-isabel-roca-i-mireia-catasus-tecniques-del-projecte-fem-filigranes","status":"publish","type":"post","link":"https:\/\/creativabarcelona.com\/ca\/entrevistem-a-isabel-roca-i-mireia-catasus-tecniques-del-projecte-fem-filigranes\/","title":{"rendered":"Entrevistem a Isabel Roca i Mireia Catas\u00fas, t\u00e8cniques del projecte Fem Filigranes"},"content":{"rendered":"<h5><em>\u201cEls espais de costura comunit\u00e0ria suposen una oportunitat d&#8217;ajuntar-se gent amb moltes realitats i or\u00edgens, que enriqueixen el projecte\u201d<\/em><\/h5>\n<p>A Barcelona, la costura \u00e9s molt m\u00e9s que una activitat creativa: \u00e9s una eina de cohesi\u00f3 social i empoderament femen\u00ed. Aix\u00ed ho demostra <strong>Fem Filigranes<\/strong>, un projecte impulsat per la Direcci\u00f3 de Serveis d\u2019Acci\u00f3 Comunit\u00e0ria de l\u2019Ajuntament de Barcelona, que des del 2023 dona suport als grups de costura comunit\u00e0ria de la ciutat. L\u2019objectiu? Enfortir xarxes, generar oportunitats socials i laborals per a les dones i visibilitzar la seva creativitat, saviesa i for\u00e7a col\u00b7lectiva.<\/p>\n<p>Aquest any, <strong>Fem Filigranes<\/strong> participa per primera vegada a <strong>Creativa Barcelona<\/strong>, on presentar\u00e0 una pe\u00e7a col\u00b7lectiva creada pels grups de costura i donar\u00e0 a con\u00e8ixer la <strong>Guia de Costura Comunit\u00e0ria<\/strong>, una eina que mapeja i connecta els m\u00e9s de 70 grups actius a la ciutat.<\/p>\n<p>Dies abans de la celebraci\u00f3 del Sal\u00f3, hem parlat amb Isabel Roca i Mireia Catas\u00fas, t\u00e8cniques del Servei d\u2019Acci\u00f3 Comunit\u00e0ria de l\u2019Ajuntament de Barcelona, i coordinadores del projecte, que ens han explicat qu\u00e8 \u00e9s Fem Filigranes i qu\u00e8 portaran enguany a Creativa Barcelona.<\/p>\n<h5 style=\"font-size: 20px; margin-top: 35px;\"><strong>Per qui encara no coneix <em>Fem Filigranes<\/em>. Com va n\u00e9ixer aquest projecte i quina \u00e9s la seva filosofia?<\/strong><\/h5>\n<p>El projecte\u00a0<strong><a href=\"https:\/\/ajuntament.barcelona.cat\/acciocomunitaria\/sites\/default\/files\/240311_projecte_femfiligranes_cat_0.pdf\" target=\"_blank\" rel=\"noopener\">Fem Filigranes<\/a><\/strong>, impulsat des de la Direcci\u00f3 de Serveis d\u2019Acci\u00f3 Comunit\u00e0ria de l\u2019Ajuntament de Barcelona, neix l\u2019any 2023, i t\u00e9 l\u2019objectiu d\u2019impulsar i donar suport als grups de costura de la ciutat, ajudar a generar noves oportunitats socials i laborals de les dones, i a construir i enxarxar espais on es treballa des de l\u2019empoderament, per incidir especialment en les situacions i traject\u00f2ries m\u00e9s vulnerables.<\/p>\n<h5 style=\"font-size: 20px; margin-top: 35px;\"><strong>El projecte dona suport a grups de costura comunit\u00e0ria d\u2019arreu de Barcelona. Com treballeu amb aquests grups i quin paper tenen dins del projecte?<\/strong><\/h5>\n<p>Fem Filigranes s\u2019enfoca en la relaci\u00f3 amb els grups, espais i projectes de costura de la ciutat de Barcelona, a partir de l\u2019escolta activa de les necessitats expressades pels grups i les propostes que treballem conjuntament amb ells per donar-hi resposta.<\/p>\n<p>Com a exemple d\u2019aquest treball conjunt seria l\u2019organitzaci\u00f3 i facilitaci\u00f3 d\u2019espais de trobada peri\u00f2dics per fomentar l\u2019intercanvi de coneixements, de t\u00e8cniques t\u00e8xtils, recursos, materials, i necessitats compartides.<\/p>\n<p>Una altra branca d\u2019aquest projecte se sustenta en poder oferir suport formatiu i\/o de complementaci\u00f3 cap a recursos d\u2019inserci\u00f3 laboral i\/o d\u2019emprenedoria en el sector t\u00e8xtil, amb aliances amb altres \u00e0rees de l\u2019ajuntament.<\/p>\n<p>En aquests grups hi conflueix la conviv\u00e8ncia de diferents or\u00edgens, lleng\u00fces, edats i realitats, creant vincles entre les participants, esdevenint veritables espais d\u2019acollida<\/p>\n<p>Molts d\u2019aquests grups s\u2019ubiquen als equipaments p\u00fablics de la ciutat, com ara els casals de barri, o d\u2019altres, i tenen un paper cabdal donant-los suport.<\/p>\n<p>Per tant, el rol dels grups i espais de costura \u00e9s central, s\u00f3n ells qui tenen la for\u00e7a i s\u00f3n el\u00a0 motor, i\u00a0 des del projecte Fem Filigranes fem l\u2019acompanyament i facilitaci\u00f3 de les accions i recursos que podem desplegar des de l\u2019organitzaci\u00f3 municipal.<\/p>\n<p>Com a exemple, vam celebrar el Festival Mon Filigranes el 5 d\u2019octubre del 2024, a la Fabra i Coats, que va ser una trobada molt rica i concorreguda fru\u00eft d\u2019un proc\u00e9s de treball conjunt durant mesos, i a tota la ciutat i de la ma dels grups de costura, amb qui vam pensar, crear, construir i\u00a0 desplegar el\u00a0 contingut i el balan\u00e7 posterior de l\u2019esdeveniment, que per cert, vam gaudir molt!<\/p>\n<p>A m\u00e9s, a\u00a0 banda de la costura com a marc de creaci\u00f3 art\u00edstica, \u00e9s al voltant de la costura i altres t\u00e8cniques t\u00e8xtils que suposen un centre al voltant del qual es creen espais de cohesi\u00f3 ve\u00efnal i enfortiment de la vida als barris. Hi ha barris on els espais de costura comunit\u00e0ria suposen una oportunitat d&#8217;ajuntar-se gent amb moltes identitats, realitats, or\u00edgens diferents amb bagatges diversos i que enriqueixen el projecte.<\/p>\n<h5 style=\"font-size: 20px; margin-top: 35px;\"><strong>Quin paper tenen les dones dins del projecte?<\/strong><\/h5>\n<p>El paper de les dones participants dels grups \u00e9s primordial, pr\u00e0cticament la totalitat dels grups estan formats per dones i s\u00f3n elles qui decideixen qu\u00e8 necessiten col\u00b7lectivament, les seves necessitats en el si dels seus espais, i com volen tenir vincles amb les ve\u00efnes i entitats o projectes als barris, a partir d\u2019accions col\u00b7lectives.<\/p>\n<p>I com hem dit, la for\u00e7a de les dones en la construcci\u00f3 de les activitats, i la creaci\u00f3 de canals de comunicaci\u00f3 entre elles per tal d\u2019enfortir la xarxa, \u00e9s la base del projecte.<\/p>\n<h5 style=\"font-size: 20px; margin-top: 35px;\"><strong>Dir\u00edeu que <em>Fem Filigranes<\/em> \u00e9s tamb\u00e9 una manera de reivindicar la saviesa, la creativitat i la for\u00e7a de les dones?<\/strong><\/h5>\n<p>Les dones tenen una capacitat d\u2019organitzaci\u00f3 i de presa de decisi\u00f3 que moltes vegades han estat poc escoltades o han estat als marges dels espais considerats m\u00e9s formals i\/o importants.<\/p>\n<p>Des d\u2019aquests espais de costura i el projecte Fem Filigranes es vol visibilitzar i legitimar la capacitat de les dones a partir de la seva fortalesa comunit\u00e0ria.<\/p>\n<p>Efectivament, Fem Filigranes legitima la creativitat i les peces art\u00edstiques que les dones creen, moltes vegades, amb un missatge clar i de reivindicaci\u00f3, com en el 8 de mar\u00e7, el 25 de novembre, de lluita contra les viol\u00e8ncies masclistes, o en un context de lluita ve\u00efnal, com passa en els barris m\u00e9s desfavorits.<\/p>\n<h5 style=\"font-size: 20px; margin-top: 35px;\"><strong>La costura \u00e9s una pr\u00e0ctica molt arrelada i alhora molt actual. Creieu que viu una nova etapa com a espai de trobada, sostenibilitat i empoderament?<\/strong><\/h5>\n<p>Des del projecte observem que hi ha un inter\u00e8s que va en augment cap a organitzar espais de costura des dels equipaments p\u00fablics de la ciutat, on es trobi el ve\u00efnat i organitzi activitats al voltant de la reutilitzaci\u00f3 de la roba, d\u2019intercanvi de roba, de reaprofitament.<\/p>\n<p>En aquests espais s\u00f3n les ve\u00efnes les que s\u2019organitzen als barris i decideixen amb el suport dels equipaments en pro de la sensibilitzaci\u00f3 en temes de projecte de la costura sostenible, que tenen un abast important all\u00e0 on viuen.<\/p>\n<h5 style=\"font-size: 20px; margin-top: 35px;\"><strong>A <em>Fem Filigranes<\/em> hi ha molt de treball col\u00b7lectiu i de xarxa. Quines hist\u00f2ries o experi\u00e8ncies us han emocionat m\u00e9s durant aquests anys de treball amb els grups?<\/strong><\/h5>\n<p>En les trobades que fem en els espais de costura i en els contactes directes amb les dones, es traven relacions i vincles molt estrets, on es comparteixen viv\u00e8ncies que ja s\u00f3n una mica de totes. Destacaria com arriben algunes dones als espais, on han trobat un espai de cura i de suport en moments de dol, com perdre la mare, o la parella, i sentir-se acompanyada i sostinguda per les companyes del grup.<\/p>\n<p>Tamb\u00e9 va ser molt bonic el proc\u00e9s que vam treballar amb la poeta i artista t\u00e8xtil Tatiana Donoso de les M\u00e8mories T\u00e8xtils, al Festival Mon Filigranes, on es convocava a grups de dones als barris, algunes d\u2019elles jubilades, altres no, on relataven a partir de les paraules i els objectes significatius en la seva vida laboral a partir del t\u00e8xtil; els records, els vincles familiars, les desigualtats en les condicions laborals respecte als homes&#8230; va ser molt ric, preci\u00f3s.<\/p>\n<p>Les activitats programades al cicle Geografies T\u00e8xtils, durant el 2024, i el 2025, coprodu\u00efda des de Fem Filigranes amb\u00a0 el departament d\u2019Interculturalitat de l\u2019Ajuntament, tamb\u00e9 han estat molt recordades amb emoci\u00f3 per part de totes, per posar focus en el xup-xup del qu\u00e8 es cou als barris.<\/p>\n<h5 style=\"font-size: 20px; margin-top: 35px;\"><strong>Aquest any us presenteu a Creativa Barcelona.\u00a0 Qu\u00e8 hi podran veure les persones que s\u2019hi acostin?<\/strong><\/h5>\n<p>Tindrem a Creativa Barcelona una pe\u00e7a col\u00b7lectiva dels grups vinculats al Fem Filigranes, i sobretot poder compartir xerrant amb nosaltres sobre el projecte, i amb les dones dels grups que puguin acompanyar-nos, per poder convidar a qui vulgui a sumar-se en aquest espais i formar part d\u2019aquesta gran comunitat.<\/p>\n<h5 style=\"font-size: 20px; margin-top: 35px;\"><strong>Tamb\u00e9 donareu a con\u00e8ixer la <em>Guia de costura comunit\u00e0ria<\/em>. Qu\u00e8 \u00e9s exactament aquesta guia i com pot ajudar altres col\u00b7lectius o persones que vulguin iniciar projectes similars?<\/strong><\/h5>\n<p>La Guia de la Costura Comunit\u00e0ria\u00a0 a Barcelona, i tamb\u00e9 el Mapa de Costura Comunit\u00e0ria, els\u00a0 vam publicar fa tot just un any, per explicar que hi ha grups i espais de costura comunit\u00e0ria a tota la ciutat, on hi ha vincles, acollida, cohesi\u00f3 ve\u00efnal;\u00a0 \u00e9s un petit llibret que vam fer amb molta il\u00b7lusi\u00f3 des del nostre equip, que va ser el primer pas per reunir els m\u00e9s de 50 grups detectats en aquell moment.\u00a0 La idea era fer gran i forta la xarxa comunit\u00e0ria, i convidar a qui vulgui a que s\u2019hi sumi.<\/p>\n<p>S\u2019explica cada grup amb les dades de contacte, el seu funcionament, valors, t\u00e8cniques t\u00e8xtils, organitzaci\u00f3, i s\u2019eixamplen lla\u00e7os per animar als grups\u00a0 que s\u2019hi vulguin incorporar a la Guia, a m\u00e9s d\u2019oferir a les persones la informaci\u00f3 dels grups on poden participar als seus barris.<\/p>\n<p>\u00c9s cert que tamb\u00e9 hi ha dones que cusen a casa seva, o amb amigues en altres espais, i poden inspirar-se a poder anar a organitzar algun grup a equipaments p\u00fablics, o poder fer aliances amb altres ve\u00efnes per sumar energies als projectes que fan, com per exemple, projectes solidaris.<\/p>\n<p>Hem de dir que abans que acabi aquest any 2025, llen\u00e7arem la campanya d\u2019ampliaci\u00f3 de la Guia, ja que hem recollit uns 20 grups m\u00e9s, amb molta for\u00e7a, que volen fer-se m\u00e9s visibles i fer m\u00e9s xarxa, all\u00e0 serem!<\/p>\n<h5 style=\"font-size: 20px; margin-top: 35px;\"><strong>Qu\u00e8 espereu de la vostra participaci\u00f3 a Creativa Barcelona? Qu\u00e8 us agradaria que el p\u00fablic s\u2019endugu\u00e9s despr\u00e9s de con\u00e8ixer <em>Fem Filigranes<\/em>?<\/strong><\/h5>\n<p>Aquest \u00e9s el primer any qu\u00e8 hi participem, i \u00e9s una experi\u00e8ncia nova per l\u2019equip del Fem Filigranes; que ens convidin a aquest gran esdeveniment suposa un repte important per donar a con\u00e8ixer el projecte, la Guia de Costura Comunit\u00e0ria, que la gent que ens conegui s\u2019emporti l\u2019ADN del projecte.<\/p>\n<p>Venir i explicar el projecte m\u00e9s enll\u00e0 de la Guia, i que tinguin ganes de participar del Festival M\u00f3n Filigranes, que farem la 2a edici\u00f3 el novembre del 2026, que ens facin propostes, que el p\u00fablic vegi que pot anar al seu barri a cosir, brodar, teixir, en espais d\u2019acollida a prop de casa seva.<\/p>\n<h5 style=\"font-size: 20px; margin-top: 35px;\"><strong>I per acabar, si hagu\u00e9ssiu de descriure <em>Fem Filigranes<\/em> en tres paraules\u2026 quines serien?<\/strong><\/h5>\n<p>Costa escollir nom\u00e9s 3 paraules; aix\u00ed i tot, diria XARXA, IL\u00b7LUSI\u00d3, BARRI<\/p>\n","protected":false},"excerpt":{"rendered":"<p>\u201cEls espais de costura comunit\u00e0ria suposen una oportunitat d&#8217;ajuntar-se gent amb moltes realitats i or\u00edgens, que enriqueixen el projecte\u201d<\/p>\n","protected":false},"author":1,"featured_media":26348,"comment_status":"closed","ping_status":"closed","sticky":false,"template":"","format":"standard","meta":{"footnotes":""},"categories":[229,54],"tags":[],"class_list":["post-26358","post","type-post","status-publish","format-standard","has-post-thumbnail","hentry","category-creativa-2025-ca","category-entrevistes"],"yoast_head":"<!-- This site is optimized with the Yoast SEO plugin v27.5 - https:\/\/yoast.com\/product\/yoast-seo-wordpress\/ -->\n<title>Entrevistem a Isabel Roca i Mireia Catas\u00fas, t\u00e8cniques del projecte Fem Filigranes - Creativa Barcelona<\/title>\n<meta name=\"robots\" content=\"index, follow, max-snippet:-1, max-image-preview:large, max-video-preview:-1\" \/>\n<link rel=\"canonical\" href=\"https:\/\/creativabarcelona.com\/ca\/entrevistem-a-isabel-roca-i-mireia-catasus-tecniques-del-projecte-fem-filigranes\/\" \/>\n<meta property=\"og:locale\" content=\"ca_ES\" \/>\n<meta property=\"og:type\" content=\"article\" \/>\n<meta property=\"og:title\" content=\"Entrevistem a Isabel Roca i Mireia Catas\u00fas, t\u00e8cniques del projecte Fem Filigranes - Creativa Barcelona\" \/>\n<meta property=\"og:description\" content=\"\u201cEls espais de costura comunit\u00e0ria suposen una oportunitat d&#039;ajuntar-se gent amb moltes realitats i or\u00edgens, que enriqueixen el projecte\u201d\" \/>\n<meta property=\"og:url\" content=\"https:\/\/creativabarcelona.com\/ca\/entrevistem-a-isabel-roca-i-mireia-catasus-tecniques-del-projecte-fem-filigranes\/\" \/>\n<meta property=\"og:site_name\" content=\"Creativa Barcelona\" \/>\n<meta property=\"article:published_time\" content=\"2025-10-30T09:05:43+00:00\" \/>\n<meta property=\"article:modified_time\" content=\"2025-10-30T09:08:41+00:00\" \/>\n<meta property=\"og:image\" content=\"https:\/\/creativabarcelona.com\/wp-content\/uploads\/2025\/10\/news_entrevista_fem_filigranes_2025.jpg\" \/>\n\t<meta property=\"og:image:width\" content=\"750\" \/>\n\t<meta property=\"og:image:height\" content=\"550\" \/>\n\t<meta property=\"og:image:type\" content=\"image\/jpeg\" \/>\n<meta name=\"author\" content=\"Creativa Barcelona\" \/>\n<meta name=\"twitter:card\" content=\"summary_large_image\" \/>\n<meta name=\"twitter:label1\" content=\"Escrit per\" \/>\n\t<meta name=\"twitter:data1\" content=\"Creativa Barcelona\" \/>\n\t<meta name=\"twitter:label2\" content=\"Temps estimat de lectura\" \/>\n\t<meta name=\"twitter:data2\" content=\"8 minuts\" \/>\n<script type=\"application\/ld+json\" class=\"yoast-schema-graph\">{\"@context\":\"https:\\\/\\\/schema.org\",\"@graph\":[{\"@type\":\"Article\",\"@id\":\"https:\\\/\\\/creativabarcelona.com\\\/ca\\\/entrevistem-a-isabel-roca-i-mireia-catasus-tecniques-del-projecte-fem-filigranes\\\/#article\",\"isPartOf\":{\"@id\":\"https:\\\/\\\/creativabarcelona.com\\\/ca\\\/entrevistem-a-isabel-roca-i-mireia-catasus-tecniques-del-projecte-fem-filigranes\\\/\"},\"author\":{\"name\":\"Creativa Barcelona\",\"@id\":\"https:\\\/\\\/creativabarcelona.com\\\/#\\\/schema\\\/person\\\/88136af06c702fba6a4a56fccac027e3\"},\"headline\":\"Entrevistem a Isabel Roca i Mireia Catas\u00fas, t\u00e8cniques del projecte Fem Filigranes\",\"datePublished\":\"2025-10-30T09:05:43+00:00\",\"dateModified\":\"2025-10-30T09:08:41+00:00\",\"mainEntityOfPage\":{\"@id\":\"https:\\\/\\\/creativabarcelona.com\\\/ca\\\/entrevistem-a-isabel-roca-i-mireia-catasus-tecniques-del-projecte-fem-filigranes\\\/\"},\"wordCount\":1832,\"publisher\":{\"@id\":\"https:\\\/\\\/creativabarcelona.com\\\/#organization\"},\"image\":{\"@id\":\"https:\\\/\\\/creativabarcelona.com\\\/ca\\\/entrevistem-a-isabel-roca-i-mireia-catasus-tecniques-del-projecte-fem-filigranes\\\/#primaryimage\"},\"thumbnailUrl\":\"https:\\\/\\\/creativabarcelona.com\\\/wp-content\\\/uploads\\\/2025\\\/10\\\/news_entrevista_fem_filigranes_2025.jpg\",\"articleSection\":[\"Creativa 2025\",\"Entrevistes\"],\"inLanguage\":\"ca\"},{\"@type\":\"WebPage\",\"@id\":\"https:\\\/\\\/creativabarcelona.com\\\/ca\\\/entrevistem-a-isabel-roca-i-mireia-catasus-tecniques-del-projecte-fem-filigranes\\\/\",\"url\":\"https:\\\/\\\/creativabarcelona.com\\\/ca\\\/entrevistem-a-isabel-roca-i-mireia-catasus-tecniques-del-projecte-fem-filigranes\\\/\",\"name\":\"Entrevistem a Isabel Roca i Mireia Catas\u00fas, t\u00e8cniques del projecte Fem Filigranes - Creativa Barcelona\",\"isPartOf\":{\"@id\":\"https:\\\/\\\/creativabarcelona.com\\\/#website\"},\"primaryImageOfPage\":{\"@id\":\"https:\\\/\\\/creativabarcelona.com\\\/ca\\\/entrevistem-a-isabel-roca-i-mireia-catasus-tecniques-del-projecte-fem-filigranes\\\/#primaryimage\"},\"image\":{\"@id\":\"https:\\\/\\\/creativabarcelona.com\\\/ca\\\/entrevistem-a-isabel-roca-i-mireia-catasus-tecniques-del-projecte-fem-filigranes\\\/#primaryimage\"},\"thumbnailUrl\":\"https:\\\/\\\/creativabarcelona.com\\\/wp-content\\\/uploads\\\/2025\\\/10\\\/news_entrevista_fem_filigranes_2025.jpg\",\"datePublished\":\"2025-10-30T09:05:43+00:00\",\"dateModified\":\"2025-10-30T09:08:41+00:00\",\"breadcrumb\":{\"@id\":\"https:\\\/\\\/creativabarcelona.com\\\/ca\\\/entrevistem-a-isabel-roca-i-mireia-catasus-tecniques-del-projecte-fem-filigranes\\\/#breadcrumb\"},\"inLanguage\":\"ca\",\"potentialAction\":[{\"@type\":\"ReadAction\",\"target\":[\"https:\\\/\\\/creativabarcelona.com\\\/ca\\\/entrevistem-a-isabel-roca-i-mireia-catasus-tecniques-del-projecte-fem-filigranes\\\/\"]}]},{\"@type\":\"ImageObject\",\"inLanguage\":\"ca\",\"@id\":\"https:\\\/\\\/creativabarcelona.com\\\/ca\\\/entrevistem-a-isabel-roca-i-mireia-catasus-tecniques-del-projecte-fem-filigranes\\\/#primaryimage\",\"url\":\"https:\\\/\\\/creativabarcelona.com\\\/wp-content\\\/uploads\\\/2025\\\/10\\\/news_entrevista_fem_filigranes_2025.jpg\",\"contentUrl\":\"https:\\\/\\\/creativabarcelona.com\\\/wp-content\\\/uploads\\\/2025\\\/10\\\/news_entrevista_fem_filigranes_2025.jpg\",\"width\":750,\"height\":550},{\"@type\":\"BreadcrumbList\",\"@id\":\"https:\\\/\\\/creativabarcelona.com\\\/ca\\\/entrevistem-a-isabel-roca-i-mireia-catasus-tecniques-del-projecte-fem-filigranes\\\/#breadcrumb\",\"itemListElement\":[{\"@type\":\"ListItem\",\"position\":1,\"name\":\"Portada\",\"item\":\"https:\\\/\\\/creativabarcelona.com\\\/ca\\\/\"},{\"@type\":\"ListItem\",\"position\":2,\"name\":\"Entrevistem a Isabel Roca i Mireia Catas\u00fas, t\u00e8cniques del projecte Fem Filigranes\"}]},{\"@type\":\"WebSite\",\"@id\":\"https:\\\/\\\/creativabarcelona.com\\\/#website\",\"url\":\"https:\\\/\\\/creativabarcelona.com\\\/\",\"name\":\"Creativa Barcelona\",\"description\":\"Sal\u00f3 de les Manualitats i Artesanies\",\"publisher\":{\"@id\":\"https:\\\/\\\/creativabarcelona.com\\\/#organization\"},\"potentialAction\":[{\"@type\":\"SearchAction\",\"target\":{\"@type\":\"EntryPoint\",\"urlTemplate\":\"https:\\\/\\\/creativabarcelona.com\\\/?s={search_term_string}\"},\"query-input\":{\"@type\":\"PropertyValueSpecification\",\"valueRequired\":true,\"valueName\":\"search_term_string\"}}],\"inLanguage\":\"ca\"},{\"@type\":\"Organization\",\"@id\":\"https:\\\/\\\/creativabarcelona.com\\\/#organization\",\"name\":\"Creativa Barcelona\",\"url\":\"https:\\\/\\\/creativabarcelona.com\\\/\",\"logo\":{\"@type\":\"ImageObject\",\"inLanguage\":\"ca\",\"@id\":\"https:\\\/\\\/creativabarcelona.com\\\/#\\\/schema\\\/logo\\\/image\\\/\",\"url\":\"https:\\\/\\\/creativabarcelona.com\\\/wp-content\\\/uploads\\\/2025\\\/03\\\/logo_creativa_barcelona_Cast-1.png\",\"contentUrl\":\"https:\\\/\\\/creativabarcelona.com\\\/wp-content\\\/uploads\\\/2025\\\/03\\\/logo_creativa_barcelona_Cast-1.png\",\"width\":777,\"height\":417,\"caption\":\"Creativa Barcelona\"},\"image\":{\"@id\":\"https:\\\/\\\/creativabarcelona.com\\\/#\\\/schema\\\/logo\\\/image\\\/\"}},{\"@type\":\"Person\",\"@id\":\"https:\\\/\\\/creativabarcelona.com\\\/#\\\/schema\\\/person\\\/88136af06c702fba6a4a56fccac027e3\",\"name\":\"Creativa Barcelona\",\"image\":{\"@type\":\"ImageObject\",\"inLanguage\":\"ca\",\"@id\":\"https:\\\/\\\/secure.gravatar.com\\\/avatar\\\/9751d88ddbee61c132bde30a2ddd40a6948919cbc65d9dc0baed64e15bd22aca?s=96&d=mm&r=g\",\"url\":\"https:\\\/\\\/secure.gravatar.com\\\/avatar\\\/9751d88ddbee61c132bde30a2ddd40a6948919cbc65d9dc0baed64e15bd22aca?s=96&d=mm&r=g\",\"contentUrl\":\"https:\\\/\\\/secure.gravatar.com\\\/avatar\\\/9751d88ddbee61c132bde30a2ddd40a6948919cbc65d9dc0baed64e15bd22aca?s=96&d=mm&r=g\",\"caption\":\"Creativa Barcelona\"},\"sameAs\":[\"https:\\\/\\\/creativabarcelona.com\"],\"url\":\"https:\\\/\\\/creativabarcelona.com\\\/ca\\\/author\\\/crea20tiv22bcn\\\/\"}]}<\/script>\n<!-- \/ Yoast SEO plugin. -->","yoast_head_json":{"title":"Entrevistem a Isabel Roca i Mireia Catas\u00fas, t\u00e8cniques del projecte Fem Filigranes - Creativa Barcelona","robots":{"index":"index","follow":"follow","max-snippet":"max-snippet:-1","max-image-preview":"max-image-preview:large","max-video-preview":"max-video-preview:-1"},"canonical":"https:\/\/creativabarcelona.com\/ca\/entrevistem-a-isabel-roca-i-mireia-catasus-tecniques-del-projecte-fem-filigranes\/","og_locale":"ca_ES","og_type":"article","og_title":"Entrevistem a Isabel Roca i Mireia Catas\u00fas, t\u00e8cniques del projecte Fem Filigranes - Creativa Barcelona","og_description":"\u201cEls espais de costura comunit\u00e0ria suposen una oportunitat d'ajuntar-se gent amb moltes realitats i or\u00edgens, que enriqueixen el projecte\u201d","og_url":"https:\/\/creativabarcelona.com\/ca\/entrevistem-a-isabel-roca-i-mireia-catasus-tecniques-del-projecte-fem-filigranes\/","og_site_name":"Creativa Barcelona","article_published_time":"2025-10-30T09:05:43+00:00","article_modified_time":"2025-10-30T09:08:41+00:00","og_image":[{"width":750,"height":550,"url":"https:\/\/creativabarcelona.com\/wp-content\/uploads\/2025\/10\/news_entrevista_fem_filigranes_2025.jpg","type":"image\/jpeg"}],"author":"Creativa Barcelona","twitter_card":"summary_large_image","twitter_misc":{"Escrit per":"Creativa Barcelona","Temps estimat de lectura":"8 minuts"},"schema":{"@context":"https:\/\/schema.org","@graph":[{"@type":"Article","@id":"https:\/\/creativabarcelona.com\/ca\/entrevistem-a-isabel-roca-i-mireia-catasus-tecniques-del-projecte-fem-filigranes\/#article","isPartOf":{"@id":"https:\/\/creativabarcelona.com\/ca\/entrevistem-a-isabel-roca-i-mireia-catasus-tecniques-del-projecte-fem-filigranes\/"},"author":{"name":"Creativa Barcelona","@id":"https:\/\/creativabarcelona.com\/#\/schema\/person\/88136af06c702fba6a4a56fccac027e3"},"headline":"Entrevistem a Isabel Roca i Mireia Catas\u00fas, t\u00e8cniques del projecte Fem Filigranes","datePublished":"2025-10-30T09:05:43+00:00","dateModified":"2025-10-30T09:08:41+00:00","mainEntityOfPage":{"@id":"https:\/\/creativabarcelona.com\/ca\/entrevistem-a-isabel-roca-i-mireia-catasus-tecniques-del-projecte-fem-filigranes\/"},"wordCount":1832,"publisher":{"@id":"https:\/\/creativabarcelona.com\/#organization"},"image":{"@id":"https:\/\/creativabarcelona.com\/ca\/entrevistem-a-isabel-roca-i-mireia-catasus-tecniques-del-projecte-fem-filigranes\/#primaryimage"},"thumbnailUrl":"https:\/\/creativabarcelona.com\/wp-content\/uploads\/2025\/10\/news_entrevista_fem_filigranes_2025.jpg","articleSection":["Creativa 2025","Entrevistes"],"inLanguage":"ca"},{"@type":"WebPage","@id":"https:\/\/creativabarcelona.com\/ca\/entrevistem-a-isabel-roca-i-mireia-catasus-tecniques-del-projecte-fem-filigranes\/","url":"https:\/\/creativabarcelona.com\/ca\/entrevistem-a-isabel-roca-i-mireia-catasus-tecniques-del-projecte-fem-filigranes\/","name":"Entrevistem a Isabel Roca i Mireia Catas\u00fas, t\u00e8cniques del projecte Fem Filigranes - Creativa Barcelona","isPartOf":{"@id":"https:\/\/creativabarcelona.com\/#website"},"primaryImageOfPage":{"@id":"https:\/\/creativabarcelona.com\/ca\/entrevistem-a-isabel-roca-i-mireia-catasus-tecniques-del-projecte-fem-filigranes\/#primaryimage"},"image":{"@id":"https:\/\/creativabarcelona.com\/ca\/entrevistem-a-isabel-roca-i-mireia-catasus-tecniques-del-projecte-fem-filigranes\/#primaryimage"},"thumbnailUrl":"https:\/\/creativabarcelona.com\/wp-content\/uploads\/2025\/10\/news_entrevista_fem_filigranes_2025.jpg","datePublished":"2025-10-30T09:05:43+00:00","dateModified":"2025-10-30T09:08:41+00:00","breadcrumb":{"@id":"https:\/\/creativabarcelona.com\/ca\/entrevistem-a-isabel-roca-i-mireia-catasus-tecniques-del-projecte-fem-filigranes\/#breadcrumb"},"inLanguage":"ca","potentialAction":[{"@type":"ReadAction","target":["https:\/\/creativabarcelona.com\/ca\/entrevistem-a-isabel-roca-i-mireia-catasus-tecniques-del-projecte-fem-filigranes\/"]}]},{"@type":"ImageObject","inLanguage":"ca","@id":"https:\/\/creativabarcelona.com\/ca\/entrevistem-a-isabel-roca-i-mireia-catasus-tecniques-del-projecte-fem-filigranes\/#primaryimage","url":"https:\/\/creativabarcelona.com\/wp-content\/uploads\/2025\/10\/news_entrevista_fem_filigranes_2025.jpg","contentUrl":"https:\/\/creativabarcelona.com\/wp-content\/uploads\/2025\/10\/news_entrevista_fem_filigranes_2025.jpg","width":750,"height":550},{"@type":"BreadcrumbList","@id":"https:\/\/creativabarcelona.com\/ca\/entrevistem-a-isabel-roca-i-mireia-catasus-tecniques-del-projecte-fem-filigranes\/#breadcrumb","itemListElement":[{"@type":"ListItem","position":1,"name":"Portada","item":"https:\/\/creativabarcelona.com\/ca\/"},{"@type":"ListItem","position":2,"name":"Entrevistem a Isabel Roca i Mireia Catas\u00fas, t\u00e8cniques del projecte Fem Filigranes"}]},{"@type":"WebSite","@id":"https:\/\/creativabarcelona.com\/#website","url":"https:\/\/creativabarcelona.com\/","name":"Creativa Barcelona","description":"Sal\u00f3 de les Manualitats i Artesanies","publisher":{"@id":"https:\/\/creativabarcelona.com\/#organization"},"potentialAction":[{"@type":"SearchAction","target":{"@type":"EntryPoint","urlTemplate":"https:\/\/creativabarcelona.com\/?s={search_term_string}"},"query-input":{"@type":"PropertyValueSpecification","valueRequired":true,"valueName":"search_term_string"}}],"inLanguage":"ca"},{"@type":"Organization","@id":"https:\/\/creativabarcelona.com\/#organization","name":"Creativa Barcelona","url":"https:\/\/creativabarcelona.com\/","logo":{"@type":"ImageObject","inLanguage":"ca","@id":"https:\/\/creativabarcelona.com\/#\/schema\/logo\/image\/","url":"https:\/\/creativabarcelona.com\/wp-content\/uploads\/2025\/03\/logo_creativa_barcelona_Cast-1.png","contentUrl":"https:\/\/creativabarcelona.com\/wp-content\/uploads\/2025\/03\/logo_creativa_barcelona_Cast-1.png","width":777,"height":417,"caption":"Creativa Barcelona"},"image":{"@id":"https:\/\/creativabarcelona.com\/#\/schema\/logo\/image\/"}},{"@type":"Person","@id":"https:\/\/creativabarcelona.com\/#\/schema\/person\/88136af06c702fba6a4a56fccac027e3","name":"Creativa Barcelona","image":{"@type":"ImageObject","inLanguage":"ca","@id":"https:\/\/secure.gravatar.com\/avatar\/9751d88ddbee61c132bde30a2ddd40a6948919cbc65d9dc0baed64e15bd22aca?s=96&d=mm&r=g","url":"https:\/\/secure.gravatar.com\/avatar\/9751d88ddbee61c132bde30a2ddd40a6948919cbc65d9dc0baed64e15bd22aca?s=96&d=mm&r=g","contentUrl":"https:\/\/secure.gravatar.com\/avatar\/9751d88ddbee61c132bde30a2ddd40a6948919cbc65d9dc0baed64e15bd22aca?s=96&d=mm&r=g","caption":"Creativa Barcelona"},"sameAs":["https:\/\/creativabarcelona.com"],"url":"https:\/\/creativabarcelona.com\/ca\/author\/crea20tiv22bcn\/"}]}},"_links":{"self":[{"href":"https:\/\/creativabarcelona.com\/ca\/wp-json\/wp\/v2\/posts\/26358","targetHints":{"allow":["GET"]}}],"collection":[{"href":"https:\/\/creativabarcelona.com\/ca\/wp-json\/wp\/v2\/posts"}],"about":[{"href":"https:\/\/creativabarcelona.com\/ca\/wp-json\/wp\/v2\/types\/post"}],"author":[{"embeddable":true,"href":"https:\/\/creativabarcelona.com\/ca\/wp-json\/wp\/v2\/users\/1"}],"replies":[{"embeddable":true,"href":"https:\/\/creativabarcelona.com\/ca\/wp-json\/wp\/v2\/comments?post=26358"}],"version-history":[{"count":2,"href":"https:\/\/creativabarcelona.com\/ca\/wp-json\/wp\/v2\/posts\/26358\/revisions"}],"predecessor-version":[{"id":26361,"href":"https:\/\/creativabarcelona.com\/ca\/wp-json\/wp\/v2\/posts\/26358\/revisions\/26361"}],"wp:featuredmedia":[{"embeddable":true,"href":"https:\/\/creativabarcelona.com\/ca\/wp-json\/wp\/v2\/media\/26348"}],"wp:attachment":[{"href":"https:\/\/creativabarcelona.com\/ca\/wp-json\/wp\/v2\/media?parent=26358"}],"wp:term":[{"taxonomy":"category","embeddable":true,"href":"https:\/\/creativabarcelona.com\/ca\/wp-json\/wp\/v2\/categories?post=26358"},{"taxonomy":"post_tag","embeddable":true,"href":"https:\/\/creativabarcelona.com\/ca\/wp-json\/wp\/v2\/tags?post=26358"}],"curies":[{"name":"wp","href":"https:\/\/api.w.org\/{rel}","templated":true}]}}