{"id":26364,"date":"2025-10-30T10:12:30","date_gmt":"2025-10-30T09:12:30","guid":{"rendered":"https:\/\/creativabarcelona.com\/creativa-barcelona-recibira-la-exposicion-itinerante-nuestros-quilts-cuentan-historias\/"},"modified":"2025-10-30T10:13:29","modified_gmt":"2025-10-30T09:13:29","slug":"creativa-barcelona-rebra-lexposicio-itinerant-els-nostres-quilts-conten-histories","status":"publish","type":"post","link":"https:\/\/creativabarcelona.com\/ca\/creativa-barcelona-rebra-lexposicio-itinerant-els-nostres-quilts-conten-histories\/","title":{"rendered":"Creativa Barcelona rebr\u00e0 l\u2019exposici\u00f3 itinerant \u201cEls nostres quilts conten hist\u00f2ries\u201d"},"content":{"rendered":"<p>Ja ho vam anunciar fa unes setmanes: el patchwork ser\u00e0 el gran protagonista de Creativa Barcelona 2025. Una disciplina que no deixa de sumar adeptes i que, en aquesta edici\u00f3, desplegar\u00e0 tot el seu encant al Sal\u00f3 de les Manualitats i Creativitats.<\/p>\n<p>I \u00e9s que el patchwork omplir\u00e0 de color i textures nombrosos expositors del Sal\u00f3, que oferiran materials per crear quilts \u00fanics. Tamb\u00e9 protagonitzar\u00e0 nombrosos tallers pensats per aprendre o perfeccionar la t\u00e8cnica. Per\u00f2 la veritable joia d\u2019aquesta edici\u00f3 ser\u00e0 l\u2019exposici\u00f3 <strong>\u201cEls nostres quilts conten hist\u00f2ries\u201d<\/strong>, organitzada per <strong>l\u2019Associaci\u00f3 Espanyola de Patchwork (AEP)<\/strong>, un espai molt especial on cada puntada revela una emoci\u00f3 i cada quilt narra una hist\u00f2ria pr\u00f2pia.<\/p>\n<p>Aquesta mostra itinerant arriba a Creativa Barcelona per mostrar aut\u00e8ntiques obres d\u2019art que s\u2019han anat seleccionant a poc a poc. De fet, l\u2019exposici\u00f3 va n\u00e9ixer al grup de Facebook de l\u2019AEP \u201cPunto de Encuentro\u201d com una iniciativa per donar visibilitat a aquesta forma d\u2019expressi\u00f3 art\u00edstica que transforma teles i fils en peces \u00faniques. Per\u00f2 all\u00f2 que la fa realment especial \u00e9s, tal com expliquen des de l\u2019Associaci\u00f3, \u201cque cada quilt ve acompanyat d\u2019una hist\u00f2ria que revela les viv\u00e8ncies i emocions dels seus creadors. D\u2019aquesta manera, s\u2019ha aconseguit fusionar el patchwork i l\u2019escriptura transmetent les hist\u00f2ries que s\u2019entrellacen en cada pe\u00e7a a mesura que es van ideant i cosint. Cada puntada filtra sentiments i il\u00b7lusions creant un tap\u00eds d\u2019hist\u00f2ries \u00fanic\u201d.<\/p>\n<p>I \u00e9s que la mostra \u00e9s, en el fons, una invitaci\u00f3 a mirar m\u00e9s enll\u00e0 de la t\u00e8cnica, a descobrir les emocions que s\u2019amaguen darrere de cada obra i a celebrar la creativitat d\u2019una comunitat que comparteix la passi\u00f3 de cosir i d\u2019imaginar.<\/p>\n","protected":false},"excerpt":{"rendered":"<p>Organitzada per l\u2019Associaci\u00f3 Espanyola de Patchwork (AEP), aquesta mostra itinerant arriba a Creativa Barcelona per mostrar aut\u00e8ntiques obres d\u2019art que s\u2019han anat seleccionant a poc a poc.<\/p>\n","protected":false},"author":1,"featured_media":26350,"comment_status":"closed","ping_status":"closed","sticky":false,"template":"","format":"standard","meta":{"footnotes":""},"categories":[229,64],"tags":[],"class_list":["post-26364","post","type-post","status-publish","format-standard","has-post-thumbnail","hentry","category-creativa-2025-ca","category-patchwork-ca"],"yoast_head":"<!-- This site is optimized with the Yoast SEO plugin v27.5 - https:\/\/yoast.com\/product\/yoast-seo-wordpress\/ -->\n<title>Creativa Barcelona rebr\u00e0 l\u2019exposici\u00f3 itinerant \u201cEls nostres quilts conten hist\u00f2ries\u201d - Creativa Barcelona<\/title>\n<meta name=\"robots\" content=\"index, follow, max-snippet:-1, max-image-preview:large, max-video-preview:-1\" \/>\n<link rel=\"canonical\" href=\"https:\/\/creativabarcelona.com\/ca\/creativa-barcelona-rebra-lexposicio-itinerant-els-nostres-quilts-conten-histories\/\" \/>\n<meta property=\"og:locale\" content=\"ca_ES\" \/>\n<meta property=\"og:type\" content=\"article\" \/>\n<meta property=\"og:title\" content=\"Creativa Barcelona rebr\u00e0 l\u2019exposici\u00f3 itinerant \u201cEls nostres quilts conten hist\u00f2ries\u201d - Creativa Barcelona\" \/>\n<meta property=\"og:description\" content=\"Organitzada per l\u2019Associaci\u00f3 Espanyola de Patchwork (AEP), aquesta mostra itinerant arriba a Creativa Barcelona per mostrar aut\u00e8ntiques obres d\u2019art que s\u2019han anat seleccionant a poc a poc.\" \/>\n<meta property=\"og:url\" content=\"https:\/\/creativabarcelona.com\/ca\/creativa-barcelona-rebra-lexposicio-itinerant-els-nostres-quilts-conten-histories\/\" \/>\n<meta property=\"og:site_name\" content=\"Creativa Barcelona\" \/>\n<meta property=\"article:published_time\" content=\"2025-10-30T09:12:30+00:00\" \/>\n<meta property=\"article:modified_time\" content=\"2025-10-30T09:13:29+00:00\" \/>\n<meta property=\"og:image\" content=\"https:\/\/creativabarcelona.com\/wp-content\/uploads\/2025\/10\/news_expo_aep_2025.jpg\" \/>\n\t<meta property=\"og:image:width\" content=\"750\" \/>\n\t<meta property=\"og:image:height\" content=\"550\" \/>\n\t<meta property=\"og:image:type\" content=\"image\/jpeg\" \/>\n<meta name=\"author\" content=\"Creativa Barcelona\" \/>\n<meta name=\"twitter:card\" content=\"summary_large_image\" \/>\n<meta name=\"twitter:label1\" content=\"Escrit per\" \/>\n\t<meta name=\"twitter:data1\" content=\"Creativa Barcelona\" \/>\n\t<meta name=\"twitter:label2\" content=\"Temps estimat de lectura\" \/>\n\t<meta name=\"twitter:data2\" content=\"2 minuts\" \/>\n<script type=\"application\/ld+json\" class=\"yoast-schema-graph\">{\"@context\":\"https:\\\/\\\/schema.org\",\"@graph\":[{\"@type\":\"Article\",\"@id\":\"https:\\\/\\\/creativabarcelona.com\\\/ca\\\/creativa-barcelona-rebra-lexposicio-itinerant-els-nostres-quilts-conten-histories\\\/#article\",\"isPartOf\":{\"@id\":\"https:\\\/\\\/creativabarcelona.com\\\/ca\\\/creativa-barcelona-rebra-lexposicio-itinerant-els-nostres-quilts-conten-histories\\\/\"},\"author\":{\"name\":\"Creativa Barcelona\",\"@id\":\"https:\\\/\\\/creativabarcelona.com\\\/#\\\/schema\\\/person\\\/88136af06c702fba6a4a56fccac027e3\"},\"headline\":\"Creativa Barcelona rebr\u00e0 l\u2019exposici\u00f3 itinerant \u201cEls nostres quilts conten hist\u00f2ries\u201d\",\"datePublished\":\"2025-10-30T09:12:30+00:00\",\"dateModified\":\"2025-10-30T09:13:29+00:00\",\"mainEntityOfPage\":{\"@id\":\"https:\\\/\\\/creativabarcelona.com\\\/ca\\\/creativa-barcelona-rebra-lexposicio-itinerant-els-nostres-quilts-conten-histories\\\/\"},\"wordCount\":318,\"publisher\":{\"@id\":\"https:\\\/\\\/creativabarcelona.com\\\/#organization\"},\"image\":{\"@id\":\"https:\\\/\\\/creativabarcelona.com\\\/ca\\\/creativa-barcelona-rebra-lexposicio-itinerant-els-nostres-quilts-conten-histories\\\/#primaryimage\"},\"thumbnailUrl\":\"https:\\\/\\\/creativabarcelona.com\\\/wp-content\\\/uploads\\\/2025\\\/10\\\/news_expo_aep_2025.jpg\",\"articleSection\":[\"Creativa 2025\",\"Patchwork\"],\"inLanguage\":\"ca\"},{\"@type\":\"WebPage\",\"@id\":\"https:\\\/\\\/creativabarcelona.com\\\/ca\\\/creativa-barcelona-rebra-lexposicio-itinerant-els-nostres-quilts-conten-histories\\\/\",\"url\":\"https:\\\/\\\/creativabarcelona.com\\\/ca\\\/creativa-barcelona-rebra-lexposicio-itinerant-els-nostres-quilts-conten-histories\\\/\",\"name\":\"Creativa Barcelona rebr\u00e0 l\u2019exposici\u00f3 itinerant \u201cEls nostres quilts conten hist\u00f2ries\u201d - Creativa Barcelona\",\"isPartOf\":{\"@id\":\"https:\\\/\\\/creativabarcelona.com\\\/#website\"},\"primaryImageOfPage\":{\"@id\":\"https:\\\/\\\/creativabarcelona.com\\\/ca\\\/creativa-barcelona-rebra-lexposicio-itinerant-els-nostres-quilts-conten-histories\\\/#primaryimage\"},\"image\":{\"@id\":\"https:\\\/\\\/creativabarcelona.com\\\/ca\\\/creativa-barcelona-rebra-lexposicio-itinerant-els-nostres-quilts-conten-histories\\\/#primaryimage\"},\"thumbnailUrl\":\"https:\\\/\\\/creativabarcelona.com\\\/wp-content\\\/uploads\\\/2025\\\/10\\\/news_expo_aep_2025.jpg\",\"datePublished\":\"2025-10-30T09:12:30+00:00\",\"dateModified\":\"2025-10-30T09:13:29+00:00\",\"breadcrumb\":{\"@id\":\"https:\\\/\\\/creativabarcelona.com\\\/ca\\\/creativa-barcelona-rebra-lexposicio-itinerant-els-nostres-quilts-conten-histories\\\/#breadcrumb\"},\"inLanguage\":\"ca\",\"potentialAction\":[{\"@type\":\"ReadAction\",\"target\":[\"https:\\\/\\\/creativabarcelona.com\\\/ca\\\/creativa-barcelona-rebra-lexposicio-itinerant-els-nostres-quilts-conten-histories\\\/\"]}]},{\"@type\":\"ImageObject\",\"inLanguage\":\"ca\",\"@id\":\"https:\\\/\\\/creativabarcelona.com\\\/ca\\\/creativa-barcelona-rebra-lexposicio-itinerant-els-nostres-quilts-conten-histories\\\/#primaryimage\",\"url\":\"https:\\\/\\\/creativabarcelona.com\\\/wp-content\\\/uploads\\\/2025\\\/10\\\/news_expo_aep_2025.jpg\",\"contentUrl\":\"https:\\\/\\\/creativabarcelona.com\\\/wp-content\\\/uploads\\\/2025\\\/10\\\/news_expo_aep_2025.jpg\",\"width\":750,\"height\":550},{\"@type\":\"BreadcrumbList\",\"@id\":\"https:\\\/\\\/creativabarcelona.com\\\/ca\\\/creativa-barcelona-rebra-lexposicio-itinerant-els-nostres-quilts-conten-histories\\\/#breadcrumb\",\"itemListElement\":[{\"@type\":\"ListItem\",\"position\":1,\"name\":\"Portada\",\"item\":\"https:\\\/\\\/creativabarcelona.com\\\/ca\\\/\"},{\"@type\":\"ListItem\",\"position\":2,\"name\":\"Creativa Barcelona rebr\u00e0 l\u2019exposici\u00f3 itinerant \u201cEls nostres quilts conten hist\u00f2ries\u201d\"}]},{\"@type\":\"WebSite\",\"@id\":\"https:\\\/\\\/creativabarcelona.com\\\/#website\",\"url\":\"https:\\\/\\\/creativabarcelona.com\\\/\",\"name\":\"Creativa Barcelona\",\"description\":\"Sal\u00f3 de les Manualitats i Artesanies\",\"publisher\":{\"@id\":\"https:\\\/\\\/creativabarcelona.com\\\/#organization\"},\"potentialAction\":[{\"@type\":\"SearchAction\",\"target\":{\"@type\":\"EntryPoint\",\"urlTemplate\":\"https:\\\/\\\/creativabarcelona.com\\\/?s={search_term_string}\"},\"query-input\":{\"@type\":\"PropertyValueSpecification\",\"valueRequired\":true,\"valueName\":\"search_term_string\"}}],\"inLanguage\":\"ca\"},{\"@type\":\"Organization\",\"@id\":\"https:\\\/\\\/creativabarcelona.com\\\/#organization\",\"name\":\"Creativa Barcelona\",\"url\":\"https:\\\/\\\/creativabarcelona.com\\\/\",\"logo\":{\"@type\":\"ImageObject\",\"inLanguage\":\"ca\",\"@id\":\"https:\\\/\\\/creativabarcelona.com\\\/#\\\/schema\\\/logo\\\/image\\\/\",\"url\":\"https:\\\/\\\/creativabarcelona.com\\\/wp-content\\\/uploads\\\/2025\\\/03\\\/logo_creativa_barcelona_Cast-1.png\",\"contentUrl\":\"https:\\\/\\\/creativabarcelona.com\\\/wp-content\\\/uploads\\\/2025\\\/03\\\/logo_creativa_barcelona_Cast-1.png\",\"width\":777,\"height\":417,\"caption\":\"Creativa Barcelona\"},\"image\":{\"@id\":\"https:\\\/\\\/creativabarcelona.com\\\/#\\\/schema\\\/logo\\\/image\\\/\"}},{\"@type\":\"Person\",\"@id\":\"https:\\\/\\\/creativabarcelona.com\\\/#\\\/schema\\\/person\\\/88136af06c702fba6a4a56fccac027e3\",\"name\":\"Creativa Barcelona\",\"image\":{\"@type\":\"ImageObject\",\"inLanguage\":\"ca\",\"@id\":\"https:\\\/\\\/secure.gravatar.com\\\/avatar\\\/9751d88ddbee61c132bde30a2ddd40a6948919cbc65d9dc0baed64e15bd22aca?s=96&d=mm&r=g\",\"url\":\"https:\\\/\\\/secure.gravatar.com\\\/avatar\\\/9751d88ddbee61c132bde30a2ddd40a6948919cbc65d9dc0baed64e15bd22aca?s=96&d=mm&r=g\",\"contentUrl\":\"https:\\\/\\\/secure.gravatar.com\\\/avatar\\\/9751d88ddbee61c132bde30a2ddd40a6948919cbc65d9dc0baed64e15bd22aca?s=96&d=mm&r=g\",\"caption\":\"Creativa Barcelona\"},\"sameAs\":[\"https:\\\/\\\/creativabarcelona.com\"],\"url\":\"https:\\\/\\\/creativabarcelona.com\\\/ca\\\/author\\\/crea20tiv22bcn\\\/\"}]}<\/script>\n<!-- \/ Yoast SEO plugin. -->","yoast_head_json":{"title":"Creativa Barcelona rebr\u00e0 l\u2019exposici\u00f3 itinerant \u201cEls nostres quilts conten hist\u00f2ries\u201d - Creativa Barcelona","robots":{"index":"index","follow":"follow","max-snippet":"max-snippet:-1","max-image-preview":"max-image-preview:large","max-video-preview":"max-video-preview:-1"},"canonical":"https:\/\/creativabarcelona.com\/ca\/creativa-barcelona-rebra-lexposicio-itinerant-els-nostres-quilts-conten-histories\/","og_locale":"ca_ES","og_type":"article","og_title":"Creativa Barcelona rebr\u00e0 l\u2019exposici\u00f3 itinerant \u201cEls nostres quilts conten hist\u00f2ries\u201d - Creativa Barcelona","og_description":"Organitzada per l\u2019Associaci\u00f3 Espanyola de Patchwork (AEP), aquesta mostra itinerant arriba a Creativa Barcelona per mostrar aut\u00e8ntiques obres d\u2019art que s\u2019han anat seleccionant a poc a poc.","og_url":"https:\/\/creativabarcelona.com\/ca\/creativa-barcelona-rebra-lexposicio-itinerant-els-nostres-quilts-conten-histories\/","og_site_name":"Creativa Barcelona","article_published_time":"2025-10-30T09:12:30+00:00","article_modified_time":"2025-10-30T09:13:29+00:00","og_image":[{"width":750,"height":550,"url":"https:\/\/creativabarcelona.com\/wp-content\/uploads\/2025\/10\/news_expo_aep_2025.jpg","type":"image\/jpeg"}],"author":"Creativa Barcelona","twitter_card":"summary_large_image","twitter_misc":{"Escrit per":"Creativa Barcelona","Temps estimat de lectura":"2 minuts"},"schema":{"@context":"https:\/\/schema.org","@graph":[{"@type":"Article","@id":"https:\/\/creativabarcelona.com\/ca\/creativa-barcelona-rebra-lexposicio-itinerant-els-nostres-quilts-conten-histories\/#article","isPartOf":{"@id":"https:\/\/creativabarcelona.com\/ca\/creativa-barcelona-rebra-lexposicio-itinerant-els-nostres-quilts-conten-histories\/"},"author":{"name":"Creativa Barcelona","@id":"https:\/\/creativabarcelona.com\/#\/schema\/person\/88136af06c702fba6a4a56fccac027e3"},"headline":"Creativa Barcelona rebr\u00e0 l\u2019exposici\u00f3 itinerant \u201cEls nostres quilts conten hist\u00f2ries\u201d","datePublished":"2025-10-30T09:12:30+00:00","dateModified":"2025-10-30T09:13:29+00:00","mainEntityOfPage":{"@id":"https:\/\/creativabarcelona.com\/ca\/creativa-barcelona-rebra-lexposicio-itinerant-els-nostres-quilts-conten-histories\/"},"wordCount":318,"publisher":{"@id":"https:\/\/creativabarcelona.com\/#organization"},"image":{"@id":"https:\/\/creativabarcelona.com\/ca\/creativa-barcelona-rebra-lexposicio-itinerant-els-nostres-quilts-conten-histories\/#primaryimage"},"thumbnailUrl":"https:\/\/creativabarcelona.com\/wp-content\/uploads\/2025\/10\/news_expo_aep_2025.jpg","articleSection":["Creativa 2025","Patchwork"],"inLanguage":"ca"},{"@type":"WebPage","@id":"https:\/\/creativabarcelona.com\/ca\/creativa-barcelona-rebra-lexposicio-itinerant-els-nostres-quilts-conten-histories\/","url":"https:\/\/creativabarcelona.com\/ca\/creativa-barcelona-rebra-lexposicio-itinerant-els-nostres-quilts-conten-histories\/","name":"Creativa Barcelona rebr\u00e0 l\u2019exposici\u00f3 itinerant \u201cEls nostres quilts conten hist\u00f2ries\u201d - Creativa Barcelona","isPartOf":{"@id":"https:\/\/creativabarcelona.com\/#website"},"primaryImageOfPage":{"@id":"https:\/\/creativabarcelona.com\/ca\/creativa-barcelona-rebra-lexposicio-itinerant-els-nostres-quilts-conten-histories\/#primaryimage"},"image":{"@id":"https:\/\/creativabarcelona.com\/ca\/creativa-barcelona-rebra-lexposicio-itinerant-els-nostres-quilts-conten-histories\/#primaryimage"},"thumbnailUrl":"https:\/\/creativabarcelona.com\/wp-content\/uploads\/2025\/10\/news_expo_aep_2025.jpg","datePublished":"2025-10-30T09:12:30+00:00","dateModified":"2025-10-30T09:13:29+00:00","breadcrumb":{"@id":"https:\/\/creativabarcelona.com\/ca\/creativa-barcelona-rebra-lexposicio-itinerant-els-nostres-quilts-conten-histories\/#breadcrumb"},"inLanguage":"ca","potentialAction":[{"@type":"ReadAction","target":["https:\/\/creativabarcelona.com\/ca\/creativa-barcelona-rebra-lexposicio-itinerant-els-nostres-quilts-conten-histories\/"]}]},{"@type":"ImageObject","inLanguage":"ca","@id":"https:\/\/creativabarcelona.com\/ca\/creativa-barcelona-rebra-lexposicio-itinerant-els-nostres-quilts-conten-histories\/#primaryimage","url":"https:\/\/creativabarcelona.com\/wp-content\/uploads\/2025\/10\/news_expo_aep_2025.jpg","contentUrl":"https:\/\/creativabarcelona.com\/wp-content\/uploads\/2025\/10\/news_expo_aep_2025.jpg","width":750,"height":550},{"@type":"BreadcrumbList","@id":"https:\/\/creativabarcelona.com\/ca\/creativa-barcelona-rebra-lexposicio-itinerant-els-nostres-quilts-conten-histories\/#breadcrumb","itemListElement":[{"@type":"ListItem","position":1,"name":"Portada","item":"https:\/\/creativabarcelona.com\/ca\/"},{"@type":"ListItem","position":2,"name":"Creativa Barcelona rebr\u00e0 l\u2019exposici\u00f3 itinerant \u201cEls nostres quilts conten hist\u00f2ries\u201d"}]},{"@type":"WebSite","@id":"https:\/\/creativabarcelona.com\/#website","url":"https:\/\/creativabarcelona.com\/","name":"Creativa Barcelona","description":"Sal\u00f3 de les Manualitats i Artesanies","publisher":{"@id":"https:\/\/creativabarcelona.com\/#organization"},"potentialAction":[{"@type":"SearchAction","target":{"@type":"EntryPoint","urlTemplate":"https:\/\/creativabarcelona.com\/?s={search_term_string}"},"query-input":{"@type":"PropertyValueSpecification","valueRequired":true,"valueName":"search_term_string"}}],"inLanguage":"ca"},{"@type":"Organization","@id":"https:\/\/creativabarcelona.com\/#organization","name":"Creativa Barcelona","url":"https:\/\/creativabarcelona.com\/","logo":{"@type":"ImageObject","inLanguage":"ca","@id":"https:\/\/creativabarcelona.com\/#\/schema\/logo\/image\/","url":"https:\/\/creativabarcelona.com\/wp-content\/uploads\/2025\/03\/logo_creativa_barcelona_Cast-1.png","contentUrl":"https:\/\/creativabarcelona.com\/wp-content\/uploads\/2025\/03\/logo_creativa_barcelona_Cast-1.png","width":777,"height":417,"caption":"Creativa Barcelona"},"image":{"@id":"https:\/\/creativabarcelona.com\/#\/schema\/logo\/image\/"}},{"@type":"Person","@id":"https:\/\/creativabarcelona.com\/#\/schema\/person\/88136af06c702fba6a4a56fccac027e3","name":"Creativa Barcelona","image":{"@type":"ImageObject","inLanguage":"ca","@id":"https:\/\/secure.gravatar.com\/avatar\/9751d88ddbee61c132bde30a2ddd40a6948919cbc65d9dc0baed64e15bd22aca?s=96&d=mm&r=g","url":"https:\/\/secure.gravatar.com\/avatar\/9751d88ddbee61c132bde30a2ddd40a6948919cbc65d9dc0baed64e15bd22aca?s=96&d=mm&r=g","contentUrl":"https:\/\/secure.gravatar.com\/avatar\/9751d88ddbee61c132bde30a2ddd40a6948919cbc65d9dc0baed64e15bd22aca?s=96&d=mm&r=g","caption":"Creativa Barcelona"},"sameAs":["https:\/\/creativabarcelona.com"],"url":"https:\/\/creativabarcelona.com\/ca\/author\/crea20tiv22bcn\/"}]}},"_links":{"self":[{"href":"https:\/\/creativabarcelona.com\/ca\/wp-json\/wp\/v2\/posts\/26364","targetHints":{"allow":["GET"]}}],"collection":[{"href":"https:\/\/creativabarcelona.com\/ca\/wp-json\/wp\/v2\/posts"}],"about":[{"href":"https:\/\/creativabarcelona.com\/ca\/wp-json\/wp\/v2\/types\/post"}],"author":[{"embeddable":true,"href":"https:\/\/creativabarcelona.com\/ca\/wp-json\/wp\/v2\/users\/1"}],"replies":[{"embeddable":true,"href":"https:\/\/creativabarcelona.com\/ca\/wp-json\/wp\/v2\/comments?post=26364"}],"version-history":[{"count":1,"href":"https:\/\/creativabarcelona.com\/ca\/wp-json\/wp\/v2\/posts\/26364\/revisions"}],"predecessor-version":[{"id":26366,"href":"https:\/\/creativabarcelona.com\/ca\/wp-json\/wp\/v2\/posts\/26364\/revisions\/26366"}],"wp:featuredmedia":[{"embeddable":true,"href":"https:\/\/creativabarcelona.com\/ca\/wp-json\/wp\/v2\/media\/26350"}],"wp:attachment":[{"href":"https:\/\/creativabarcelona.com\/ca\/wp-json\/wp\/v2\/media?parent=26364"}],"wp:term":[{"taxonomy":"category","embeddable":true,"href":"https:\/\/creativabarcelona.com\/ca\/wp-json\/wp\/v2\/categories?post=26364"},{"taxonomy":"post_tag","embeddable":true,"href":"https:\/\/creativabarcelona.com\/ca\/wp-json\/wp\/v2\/tags?post=26364"}],"curies":[{"name":"wp","href":"https:\/\/api.w.org\/{rel}","templated":true}]}}