{"id":26375,"date":"2025-10-30T10:20:15","date_gmt":"2025-10-30T09:20:15","guid":{"rendered":"https:\/\/creativabarcelona.com\/viaja-a-paris-con-la-magia-y-el-colorido-de-okto-que-daran-forma-al-photocall-de-creativa-barcelona\/"},"modified":"2025-10-30T10:21:11","modified_gmt":"2025-10-30T09:21:11","slug":"photocall-de-creativa-barcelona-2025","status":"publish","type":"post","link":"https:\/\/creativabarcelona.com\/ca\/photocall-de-creativa-barcelona-2025\/","title":{"rendered":"Viatja a Par\u00eds amb la m\u00e0gia i els colors d\u2019OKTO, que donaran forma al Photocall de Creativa Barcelona"},"content":{"rendered":"<p>Enguany, un dels millors records del teu pas per <strong>Creativa Barcelona<\/strong> ser\u00e0, sens dubte, la teva foto (o v\u00eddeo) al <strong>Photocall<\/strong>. En les darreres edicions, hem convidat els nostres creadors a donar via lliure a la imaginaci\u00f3 per donar-te la benvinguda al Sal\u00f3 amb la creaci\u00f3 d\u2019aquest espai ef\u00edmer on immortalitzar la teva visita. Aquest 2025 ho tornem a fer i, sens dubte, ser\u00e0 un <strong>Photocall <\/strong>inoblidable, una creaci\u00f3 que s\u2019anir\u00e0 construint dia a dia de la m\u00e0 de les talentoses artistes d\u2019<strong>OKTO<\/strong>, <strong>Tania Volynets<\/strong> i <strong>Yuliia Motok<\/strong>.<\/p>\n<p>Aprofitant que el pa\u00eds convidat d\u2019aquesta edici\u00f3 \u00e9s Fran\u00e7a, les artistes ucra\u00efnes prometen crear una obra que \u201cens transporti directament al cor de Par\u00eds, amb la paleta de colors vibrant de Creativa i l\u2019estil inconfusible d\u2019OKTO\u201d. Comen\u00e7aran des de zero el dimecres, amb l\u2019obertura de les portes del certamen, i durant tots els dies del Sal\u00f3 es podr\u00e0 veure com la seva m\u00e0gia va donant forma a un rac\u00f3 que ens transportar\u00e0 directament a la creativitat parisenca.<\/p>\n<p>Aix\u00ed que no t\u2019ho oblidis: passa pel photocall, treu el teu millor somriure i captura l\u2019instant! Ser\u00e0 el marc perfecte per compartir la teva experi\u00e8ncia a les xarxes socials o simplement guardar un record inesborrable de la teva visita a <strong>Creativa Barcelona<\/strong>.<\/p>\n<p>Per\u00f2, a m\u00e9s, si et quedes amb ganes de veure m\u00e9s creacions d\u2019<strong>OKTO<\/strong>, tamb\u00e9 pots passar pel seu estand i submergir-te en el m\u00f3n de la <strong>OKTO Air Clay<\/strong>. Podr\u00e0s participar en tallers per a totes les edats de la m\u00e0 de les seves artistes i descobrir per qu\u00e8 aquest material \u00e9s tan especial, un material que no \u00e9s argila polim\u00e8rica ni plastilina, per\u00f2 que es modela amb la mateixa facilitat. <strong>OKTO Air Clay<\/strong> \u00e9s una categoria per si mateixa, feta al 100% a Ucra\u00efna per aquesta empresa formada \u00edntegrament per dones. Un material que omplir\u00e0 <strong>Creativa Barcelona<\/strong> de color.<\/p>\n","protected":false},"excerpt":{"rendered":"<p>Aquest 2025 ser\u00e0 un Photocall inoblidable, una creaci\u00f3 que s\u2019anir\u00e0 construint dia a dia de la m\u00e0 de les talentoses artistes d\u2019OKTO, Tania Volynets i Yuliia Motok.<\/p>\n","protected":false},"author":1,"featured_media":26374,"comment_status":"closed","ping_status":"closed","sticky":false,"template":"","format":"standard","meta":{"footnotes":""},"categories":[229],"tags":[],"class_list":["post-26375","post","type-post","status-publish","format-standard","has-post-thumbnail","hentry","category-creativa-2025-ca"],"yoast_head":"<!-- This site is optimized with the Yoast SEO plugin v27.5 - https:\/\/yoast.com\/product\/yoast-seo-wordpress\/ -->\n<title>Viatja a Par\u00eds amb la m\u00e0gia i els colors d\u2019OKTO, que donaran forma al Photocall de Creativa Barcelona - Creativa Barcelona<\/title>\n<meta name=\"robots\" content=\"index, follow, max-snippet:-1, max-image-preview:large, max-video-preview:-1\" \/>\n<link rel=\"canonical\" href=\"https:\/\/creativabarcelona.com\/ca\/photocall-de-creativa-barcelona-2025\/\" \/>\n<meta property=\"og:locale\" content=\"ca_ES\" \/>\n<meta property=\"og:type\" content=\"article\" \/>\n<meta property=\"og:title\" content=\"Viatja a Par\u00eds amb la m\u00e0gia i els colors d\u2019OKTO, que donaran forma al Photocall de Creativa Barcelona - Creativa Barcelona\" \/>\n<meta property=\"og:description\" content=\"Aquest 2025 ser\u00e0 un Photocall inoblidable, una creaci\u00f3 que s\u2019anir\u00e0 construint dia a dia de la m\u00e0 de les talentoses artistes d\u2019OKTO, Tania Volynets i Yuliia Motok.\" \/>\n<meta property=\"og:url\" content=\"https:\/\/creativabarcelona.com\/ca\/photocall-de-creativa-barcelona-2025\/\" \/>\n<meta property=\"og:site_name\" content=\"Creativa Barcelona\" \/>\n<meta property=\"article:published_time\" content=\"2025-10-30T09:20:15+00:00\" \/>\n<meta property=\"article:modified_time\" content=\"2025-10-30T09:21:11+00:00\" \/>\n<meta property=\"og:image\" content=\"https:\/\/creativabarcelona.com\/wp-content\/uploads\/2025\/10\/news_photocall_okto_2025.jpg\" \/>\n\t<meta property=\"og:image:width\" content=\"750\" \/>\n\t<meta property=\"og:image:height\" content=\"550\" \/>\n\t<meta property=\"og:image:type\" content=\"image\/jpeg\" \/>\n<meta name=\"author\" content=\"Creativa Barcelona\" \/>\n<meta name=\"twitter:card\" content=\"summary_large_image\" \/>\n<meta name=\"twitter:label1\" content=\"Escrit per\" \/>\n\t<meta name=\"twitter:data1\" content=\"Creativa Barcelona\" \/>\n\t<meta name=\"twitter:label2\" content=\"Temps estimat de lectura\" \/>\n\t<meta name=\"twitter:data2\" content=\"2 minuts\" \/>\n<script type=\"application\/ld+json\" class=\"yoast-schema-graph\">{\"@context\":\"https:\\\/\\\/schema.org\",\"@graph\":[{\"@type\":\"Article\",\"@id\":\"https:\\\/\\\/creativabarcelona.com\\\/ca\\\/photocall-de-creativa-barcelona-2025\\\/#article\",\"isPartOf\":{\"@id\":\"https:\\\/\\\/creativabarcelona.com\\\/ca\\\/photocall-de-creativa-barcelona-2025\\\/\"},\"author\":{\"name\":\"Creativa Barcelona\",\"@id\":\"https:\\\/\\\/creativabarcelona.com\\\/#\\\/schema\\\/person\\\/88136af06c702fba6a4a56fccac027e3\"},\"headline\":\"Viatja a Par\u00eds amb la m\u00e0gia i els colors d\u2019OKTO, que donaran forma al Photocall de Creativa Barcelona\",\"datePublished\":\"2025-10-30T09:20:15+00:00\",\"dateModified\":\"2025-10-30T09:21:11+00:00\",\"mainEntityOfPage\":{\"@id\":\"https:\\\/\\\/creativabarcelona.com\\\/ca\\\/photocall-de-creativa-barcelona-2025\\\/\"},\"wordCount\":351,\"publisher\":{\"@id\":\"https:\\\/\\\/creativabarcelona.com\\\/#organization\"},\"image\":{\"@id\":\"https:\\\/\\\/creativabarcelona.com\\\/ca\\\/photocall-de-creativa-barcelona-2025\\\/#primaryimage\"},\"thumbnailUrl\":\"https:\\\/\\\/creativabarcelona.com\\\/wp-content\\\/uploads\\\/2025\\\/10\\\/news_photocall_okto_2025.jpg\",\"articleSection\":[\"Creativa 2025\"],\"inLanguage\":\"ca\"},{\"@type\":\"WebPage\",\"@id\":\"https:\\\/\\\/creativabarcelona.com\\\/ca\\\/photocall-de-creativa-barcelona-2025\\\/\",\"url\":\"https:\\\/\\\/creativabarcelona.com\\\/ca\\\/photocall-de-creativa-barcelona-2025\\\/\",\"name\":\"Viatja a Par\u00eds amb la m\u00e0gia i els colors d\u2019OKTO, que donaran forma al Photocall de Creativa Barcelona - Creativa Barcelona\",\"isPartOf\":{\"@id\":\"https:\\\/\\\/creativabarcelona.com\\\/#website\"},\"primaryImageOfPage\":{\"@id\":\"https:\\\/\\\/creativabarcelona.com\\\/ca\\\/photocall-de-creativa-barcelona-2025\\\/#primaryimage\"},\"image\":{\"@id\":\"https:\\\/\\\/creativabarcelona.com\\\/ca\\\/photocall-de-creativa-barcelona-2025\\\/#primaryimage\"},\"thumbnailUrl\":\"https:\\\/\\\/creativabarcelona.com\\\/wp-content\\\/uploads\\\/2025\\\/10\\\/news_photocall_okto_2025.jpg\",\"datePublished\":\"2025-10-30T09:20:15+00:00\",\"dateModified\":\"2025-10-30T09:21:11+00:00\",\"breadcrumb\":{\"@id\":\"https:\\\/\\\/creativabarcelona.com\\\/ca\\\/photocall-de-creativa-barcelona-2025\\\/#breadcrumb\"},\"inLanguage\":\"ca\",\"potentialAction\":[{\"@type\":\"ReadAction\",\"target\":[\"https:\\\/\\\/creativabarcelona.com\\\/ca\\\/photocall-de-creativa-barcelona-2025\\\/\"]}]},{\"@type\":\"ImageObject\",\"inLanguage\":\"ca\",\"@id\":\"https:\\\/\\\/creativabarcelona.com\\\/ca\\\/photocall-de-creativa-barcelona-2025\\\/#primaryimage\",\"url\":\"https:\\\/\\\/creativabarcelona.com\\\/wp-content\\\/uploads\\\/2025\\\/10\\\/news_photocall_okto_2025.jpg\",\"contentUrl\":\"https:\\\/\\\/creativabarcelona.com\\\/wp-content\\\/uploads\\\/2025\\\/10\\\/news_photocall_okto_2025.jpg\",\"width\":750,\"height\":550},{\"@type\":\"BreadcrumbList\",\"@id\":\"https:\\\/\\\/creativabarcelona.com\\\/ca\\\/photocall-de-creativa-barcelona-2025\\\/#breadcrumb\",\"itemListElement\":[{\"@type\":\"ListItem\",\"position\":1,\"name\":\"Portada\",\"item\":\"https:\\\/\\\/creativabarcelona.com\\\/ca\\\/\"},{\"@type\":\"ListItem\",\"position\":2,\"name\":\"Viatja a Par\u00eds amb la m\u00e0gia i els colors d\u2019OKTO, que donaran forma al Photocall de Creativa Barcelona\"}]},{\"@type\":\"WebSite\",\"@id\":\"https:\\\/\\\/creativabarcelona.com\\\/#website\",\"url\":\"https:\\\/\\\/creativabarcelona.com\\\/\",\"name\":\"Creativa Barcelona\",\"description\":\"Sal\u00f3 de les Manualitats i Artesanies\",\"publisher\":{\"@id\":\"https:\\\/\\\/creativabarcelona.com\\\/#organization\"},\"potentialAction\":[{\"@type\":\"SearchAction\",\"target\":{\"@type\":\"EntryPoint\",\"urlTemplate\":\"https:\\\/\\\/creativabarcelona.com\\\/?s={search_term_string}\"},\"query-input\":{\"@type\":\"PropertyValueSpecification\",\"valueRequired\":true,\"valueName\":\"search_term_string\"}}],\"inLanguage\":\"ca\"},{\"@type\":\"Organization\",\"@id\":\"https:\\\/\\\/creativabarcelona.com\\\/#organization\",\"name\":\"Creativa Barcelona\",\"url\":\"https:\\\/\\\/creativabarcelona.com\\\/\",\"logo\":{\"@type\":\"ImageObject\",\"inLanguage\":\"ca\",\"@id\":\"https:\\\/\\\/creativabarcelona.com\\\/#\\\/schema\\\/logo\\\/image\\\/\",\"url\":\"https:\\\/\\\/creativabarcelona.com\\\/wp-content\\\/uploads\\\/2025\\\/03\\\/logo_creativa_barcelona_Cast-1.png\",\"contentUrl\":\"https:\\\/\\\/creativabarcelona.com\\\/wp-content\\\/uploads\\\/2025\\\/03\\\/logo_creativa_barcelona_Cast-1.png\",\"width\":777,\"height\":417,\"caption\":\"Creativa Barcelona\"},\"image\":{\"@id\":\"https:\\\/\\\/creativabarcelona.com\\\/#\\\/schema\\\/logo\\\/image\\\/\"}},{\"@type\":\"Person\",\"@id\":\"https:\\\/\\\/creativabarcelona.com\\\/#\\\/schema\\\/person\\\/88136af06c702fba6a4a56fccac027e3\",\"name\":\"Creativa Barcelona\",\"image\":{\"@type\":\"ImageObject\",\"inLanguage\":\"ca\",\"@id\":\"https:\\\/\\\/secure.gravatar.com\\\/avatar\\\/9751d88ddbee61c132bde30a2ddd40a6948919cbc65d9dc0baed64e15bd22aca?s=96&d=mm&r=g\",\"url\":\"https:\\\/\\\/secure.gravatar.com\\\/avatar\\\/9751d88ddbee61c132bde30a2ddd40a6948919cbc65d9dc0baed64e15bd22aca?s=96&d=mm&r=g\",\"contentUrl\":\"https:\\\/\\\/secure.gravatar.com\\\/avatar\\\/9751d88ddbee61c132bde30a2ddd40a6948919cbc65d9dc0baed64e15bd22aca?s=96&d=mm&r=g\",\"caption\":\"Creativa Barcelona\"},\"sameAs\":[\"https:\\\/\\\/creativabarcelona.com\"],\"url\":\"https:\\\/\\\/creativabarcelona.com\\\/ca\\\/author\\\/crea20tiv22bcn\\\/\"}]}<\/script>\n<!-- \/ Yoast SEO plugin. -->","yoast_head_json":{"title":"Viatja a Par\u00eds amb la m\u00e0gia i els colors d\u2019OKTO, que donaran forma al Photocall de Creativa Barcelona - Creativa Barcelona","robots":{"index":"index","follow":"follow","max-snippet":"max-snippet:-1","max-image-preview":"max-image-preview:large","max-video-preview":"max-video-preview:-1"},"canonical":"https:\/\/creativabarcelona.com\/ca\/photocall-de-creativa-barcelona-2025\/","og_locale":"ca_ES","og_type":"article","og_title":"Viatja a Par\u00eds amb la m\u00e0gia i els colors d\u2019OKTO, que donaran forma al Photocall de Creativa Barcelona - Creativa Barcelona","og_description":"Aquest 2025 ser\u00e0 un Photocall inoblidable, una creaci\u00f3 que s\u2019anir\u00e0 construint dia a dia de la m\u00e0 de les talentoses artistes d\u2019OKTO, Tania Volynets i Yuliia Motok.","og_url":"https:\/\/creativabarcelona.com\/ca\/photocall-de-creativa-barcelona-2025\/","og_site_name":"Creativa Barcelona","article_published_time":"2025-10-30T09:20:15+00:00","article_modified_time":"2025-10-30T09:21:11+00:00","og_image":[{"width":750,"height":550,"url":"https:\/\/creativabarcelona.com\/wp-content\/uploads\/2025\/10\/news_photocall_okto_2025.jpg","type":"image\/jpeg"}],"author":"Creativa Barcelona","twitter_card":"summary_large_image","twitter_misc":{"Escrit per":"Creativa Barcelona","Temps estimat de lectura":"2 minuts"},"schema":{"@context":"https:\/\/schema.org","@graph":[{"@type":"Article","@id":"https:\/\/creativabarcelona.com\/ca\/photocall-de-creativa-barcelona-2025\/#article","isPartOf":{"@id":"https:\/\/creativabarcelona.com\/ca\/photocall-de-creativa-barcelona-2025\/"},"author":{"name":"Creativa Barcelona","@id":"https:\/\/creativabarcelona.com\/#\/schema\/person\/88136af06c702fba6a4a56fccac027e3"},"headline":"Viatja a Par\u00eds amb la m\u00e0gia i els colors d\u2019OKTO, que donaran forma al Photocall de Creativa Barcelona","datePublished":"2025-10-30T09:20:15+00:00","dateModified":"2025-10-30T09:21:11+00:00","mainEntityOfPage":{"@id":"https:\/\/creativabarcelona.com\/ca\/photocall-de-creativa-barcelona-2025\/"},"wordCount":351,"publisher":{"@id":"https:\/\/creativabarcelona.com\/#organization"},"image":{"@id":"https:\/\/creativabarcelona.com\/ca\/photocall-de-creativa-barcelona-2025\/#primaryimage"},"thumbnailUrl":"https:\/\/creativabarcelona.com\/wp-content\/uploads\/2025\/10\/news_photocall_okto_2025.jpg","articleSection":["Creativa 2025"],"inLanguage":"ca"},{"@type":"WebPage","@id":"https:\/\/creativabarcelona.com\/ca\/photocall-de-creativa-barcelona-2025\/","url":"https:\/\/creativabarcelona.com\/ca\/photocall-de-creativa-barcelona-2025\/","name":"Viatja a Par\u00eds amb la m\u00e0gia i els colors d\u2019OKTO, que donaran forma al Photocall de Creativa Barcelona - Creativa Barcelona","isPartOf":{"@id":"https:\/\/creativabarcelona.com\/#website"},"primaryImageOfPage":{"@id":"https:\/\/creativabarcelona.com\/ca\/photocall-de-creativa-barcelona-2025\/#primaryimage"},"image":{"@id":"https:\/\/creativabarcelona.com\/ca\/photocall-de-creativa-barcelona-2025\/#primaryimage"},"thumbnailUrl":"https:\/\/creativabarcelona.com\/wp-content\/uploads\/2025\/10\/news_photocall_okto_2025.jpg","datePublished":"2025-10-30T09:20:15+00:00","dateModified":"2025-10-30T09:21:11+00:00","breadcrumb":{"@id":"https:\/\/creativabarcelona.com\/ca\/photocall-de-creativa-barcelona-2025\/#breadcrumb"},"inLanguage":"ca","potentialAction":[{"@type":"ReadAction","target":["https:\/\/creativabarcelona.com\/ca\/photocall-de-creativa-barcelona-2025\/"]}]},{"@type":"ImageObject","inLanguage":"ca","@id":"https:\/\/creativabarcelona.com\/ca\/photocall-de-creativa-barcelona-2025\/#primaryimage","url":"https:\/\/creativabarcelona.com\/wp-content\/uploads\/2025\/10\/news_photocall_okto_2025.jpg","contentUrl":"https:\/\/creativabarcelona.com\/wp-content\/uploads\/2025\/10\/news_photocall_okto_2025.jpg","width":750,"height":550},{"@type":"BreadcrumbList","@id":"https:\/\/creativabarcelona.com\/ca\/photocall-de-creativa-barcelona-2025\/#breadcrumb","itemListElement":[{"@type":"ListItem","position":1,"name":"Portada","item":"https:\/\/creativabarcelona.com\/ca\/"},{"@type":"ListItem","position":2,"name":"Viatja a Par\u00eds amb la m\u00e0gia i els colors d\u2019OKTO, que donaran forma al Photocall de Creativa Barcelona"}]},{"@type":"WebSite","@id":"https:\/\/creativabarcelona.com\/#website","url":"https:\/\/creativabarcelona.com\/","name":"Creativa Barcelona","description":"Sal\u00f3 de les Manualitats i Artesanies","publisher":{"@id":"https:\/\/creativabarcelona.com\/#organization"},"potentialAction":[{"@type":"SearchAction","target":{"@type":"EntryPoint","urlTemplate":"https:\/\/creativabarcelona.com\/?s={search_term_string}"},"query-input":{"@type":"PropertyValueSpecification","valueRequired":true,"valueName":"search_term_string"}}],"inLanguage":"ca"},{"@type":"Organization","@id":"https:\/\/creativabarcelona.com\/#organization","name":"Creativa Barcelona","url":"https:\/\/creativabarcelona.com\/","logo":{"@type":"ImageObject","inLanguage":"ca","@id":"https:\/\/creativabarcelona.com\/#\/schema\/logo\/image\/","url":"https:\/\/creativabarcelona.com\/wp-content\/uploads\/2025\/03\/logo_creativa_barcelona_Cast-1.png","contentUrl":"https:\/\/creativabarcelona.com\/wp-content\/uploads\/2025\/03\/logo_creativa_barcelona_Cast-1.png","width":777,"height":417,"caption":"Creativa Barcelona"},"image":{"@id":"https:\/\/creativabarcelona.com\/#\/schema\/logo\/image\/"}},{"@type":"Person","@id":"https:\/\/creativabarcelona.com\/#\/schema\/person\/88136af06c702fba6a4a56fccac027e3","name":"Creativa Barcelona","image":{"@type":"ImageObject","inLanguage":"ca","@id":"https:\/\/secure.gravatar.com\/avatar\/9751d88ddbee61c132bde30a2ddd40a6948919cbc65d9dc0baed64e15bd22aca?s=96&d=mm&r=g","url":"https:\/\/secure.gravatar.com\/avatar\/9751d88ddbee61c132bde30a2ddd40a6948919cbc65d9dc0baed64e15bd22aca?s=96&d=mm&r=g","contentUrl":"https:\/\/secure.gravatar.com\/avatar\/9751d88ddbee61c132bde30a2ddd40a6948919cbc65d9dc0baed64e15bd22aca?s=96&d=mm&r=g","caption":"Creativa Barcelona"},"sameAs":["https:\/\/creativabarcelona.com"],"url":"https:\/\/creativabarcelona.com\/ca\/author\/crea20tiv22bcn\/"}]}},"_links":{"self":[{"href":"https:\/\/creativabarcelona.com\/ca\/wp-json\/wp\/v2\/posts\/26375","targetHints":{"allow":["GET"]}}],"collection":[{"href":"https:\/\/creativabarcelona.com\/ca\/wp-json\/wp\/v2\/posts"}],"about":[{"href":"https:\/\/creativabarcelona.com\/ca\/wp-json\/wp\/v2\/types\/post"}],"author":[{"embeddable":true,"href":"https:\/\/creativabarcelona.com\/ca\/wp-json\/wp\/v2\/users\/1"}],"replies":[{"embeddable":true,"href":"https:\/\/creativabarcelona.com\/ca\/wp-json\/wp\/v2\/comments?post=26375"}],"version-history":[{"count":1,"href":"https:\/\/creativabarcelona.com\/ca\/wp-json\/wp\/v2\/posts\/26375\/revisions"}],"predecessor-version":[{"id":26377,"href":"https:\/\/creativabarcelona.com\/ca\/wp-json\/wp\/v2\/posts\/26375\/revisions\/26377"}],"wp:featuredmedia":[{"embeddable":true,"href":"https:\/\/creativabarcelona.com\/ca\/wp-json\/wp\/v2\/media\/26374"}],"wp:attachment":[{"href":"https:\/\/creativabarcelona.com\/ca\/wp-json\/wp\/v2\/media?parent=26375"}],"wp:term":[{"taxonomy":"category","embeddable":true,"href":"https:\/\/creativabarcelona.com\/ca\/wp-json\/wp\/v2\/categories?post=26375"},{"taxonomy":"post_tag","embeddable":true,"href":"https:\/\/creativabarcelona.com\/ca\/wp-json\/wp\/v2\/tags?post=26375"}],"curies":[{"name":"wp","href":"https:\/\/api.w.org\/{rel}","templated":true}]}}