{"id":28574,"date":"2026-09-04T13:42:24","date_gmt":"2026-09-04T11:42:24","guid":{"rendered":"https:\/\/creativabarcelona.com\/de-la-costura-al-scrapbooking-descubre-todo-lo-que-cabe-en-creativa-barcelona-2026\/"},"modified":"2026-09-04T13:44:34","modified_gmt":"2026-09-04T11:44:34","slug":"de-la-costura-al-scrapbooking-descobreix-tot-el-que-cap-a-creativa-barcelona-2026","status":"publish","type":"post","link":"https:\/\/creativabarcelona.com\/ca\/de-la-costura-al-scrapbooking-descobreix-tot-el-que-cap-a-creativa-barcelona-2026\/","title":{"rendered":"De la costura al scrapbooking: descobreix tot el que cap a Creativa Barcelona 2026"},"content":{"rendered":"\n<p class=\"wp-block-paragraph\">Ets de les que veu un retall i ja est\u00e0 imaginant qu\u00e8 cosir? Prefereixes reciclar envasos per fer canelobres o testos? Sigui quina sigui la teva passi\u00f3 \u2014fins i tot si encara no la tens clara\u2014, <strong>Creativa Barcelona 2026<\/strong> \u00e9s el teu lloc.<\/p>\n\n\n\n<p class=\"wp-block-paragraph\"><strong>Del 5 al 8 de novembre, La Farga de l\u2019Hospitalet<\/strong> tornar\u00e0 a omplir-se de materials, eines, idees i moltes ganes de crear. Perqu\u00e8 a Creativa Barcelona hi caben molt\u00edssimes maneres d\u2019entendre la creativitat i les manualitats.<\/p>\n\n\n\n<p class=\"wp-block-paragraph\">Si t\u2019atrauen les labors t\u00e8xtils, trobar\u00e0s teles, fils, agulles i patrons per descobrir la costura creativa, el brodat, el patchwork, el punt de creu, el crochet, el ganxet, el macram\u00e9 o les puntes de coix\u00ed. I si prefereixes els petits detalls, tamb\u00e9 trobar\u00e0s abaloris i materials per crear peces de quilling, filigrana o bijuteria.<\/p>\n\n\n\n<p class=\"wp-block-paragraph\">El paper ser\u00e0 protagonista amb disciplines com l\u2019scrapbooking, l\u2019enquadernaci\u00f3, la papirofl\u00e8xia i el papercraft, juntament amb el lettering, la il\u00b7lustraci\u00f3, l\u2019aquarel\u00b7la, la pintura, l\u2019estampaci\u00f3, el d\u00e9coupage i el dibuix.<\/p>\n\n\n\n<p class=\"wp-block-paragraph\">Per a qui gaudeix creant i modelant amb les mans, hi haur\u00e0 propostes de cer\u00e0mica i escultura, a m\u00e9s de mosaic, cianot\u00edpia, mix media, string art i t\u00e8cniques d\u2019impressi\u00f3 experimentals com el quimigrama, que combina fotografia, pintura i processos qu\u00edmics per crear imatges abstractes sense necessitat de c\u00e0mera.<\/p>\n\n\n\n<p class=\"wp-block-paragraph\">I n\u2019hi ha m\u00e9s: Creativa Barcelona amplia enguany el seu univers creatiu amb propostes de bricolatge i DIY, home decor, flors i manualitats decoratives. Tamb\u00e9 tindran el seu espai la cosm\u00e8tica natural, la cuina creativa, la fotografia, el benestar i l\u2019artter\u00e0pia.<\/p>\n\n\n\n<p class=\"wp-block-paragraph\">Perqu\u00e8 la creativitat no ent\u00e9n d\u2019edats ni de nivells, i tampoc t\u00e9 una \u00fanica manera d\u2019expressar-se. Del 5 al 8 de novembre, vine a descobrir tot el que cap a Creativa Barcelona 2026.<\/p>\n","protected":false},"excerpt":{"rendered":"<p>Ets de les que veu un retall i ja est\u00e0 imaginant qu\u00e8 cosir? Prefereixes reciclar envasos per fer canelobres o testos? Sigui quina sigui la teva passi\u00f3 \u2014fins i tot si encara no la tens clara\u2014, Creativa Barcelona 2026 \u00e9s el teu lloc.<\/p>\n","protected":false},"author":1,"featured_media":28563,"comment_status":"closed","ping_status":"closed","sticky":false,"template":"","format":"standard","meta":{"footnotes":""},"categories":[749,40],"tags":[],"class_list":["post-28574","post","type-post","status-publish","format-standard","has-post-thumbnail","hentry","category-creativa-2026","category-general-ca"],"yoast_head":"<!-- This site is optimized with the Yoast SEO plugin v28.4 - https:\/\/yoast.com\/product\/yoast-seo-wordpress\/ -->\n<title>De la costura al scrapbooking: descobreix tot el que cap a Creativa Barcelona 2026 - Creativa Barcelona<\/title>\n<meta name=\"robots\" content=\"index, follow, max-snippet:-1, max-image-preview:large, max-video-preview:-1\" \/>\n<link rel=\"canonical\" href=\"https:\/\/creativabarcelona.com\/ca\/de-la-costura-al-scrapbooking-descobreix-tot-el-que-cap-a-creativa-barcelona-2026\/\" \/>\n<meta property=\"og:locale\" content=\"ca_ES\" \/>\n<meta property=\"og:type\" content=\"article\" \/>\n<meta property=\"og:title\" content=\"De la costura al scrapbooking: descobreix tot el que cap a Creativa Barcelona 2026 - Creativa Barcelona\" \/>\n<meta property=\"og:description\" content=\"Ets de les que veu un retall i ja est\u00e0 imaginant qu\u00e8 cosir? Prefereixes reciclar envasos per fer canelobres o testos? Sigui quina sigui la teva passi\u00f3 \u2014fins i tot si encara no la tens clara\u2014, Creativa Barcelona 2026 \u00e9s el teu lloc.\" \/>\n<meta property=\"og:url\" content=\"https:\/\/creativabarcelona.com\/ca\/de-la-costura-al-scrapbooking-descobreix-tot-el-que-cap-a-creativa-barcelona-2026\/\" \/>\n<meta property=\"og:site_name\" content=\"Creativa Barcelona\" \/>\n<meta property=\"article:published_time\" content=\"2026-09-04T11:42:24+00:00\" \/>\n<meta property=\"article:modified_time\" content=\"2026-09-04T11:44:34+00:00\" \/>\n<meta property=\"og:image\" content=\"https:\/\/creativabarcelona.com\/wp-content\/uploads\/2026\/09\/news26_lo_que_cabe_en_creativa_2026.jpg\" \/>\n\t<meta property=\"og:image:width\" content=\"750\" \/>\n\t<meta property=\"og:image:height\" content=\"550\" \/>\n\t<meta property=\"og:image:type\" content=\"image\/jpeg\" \/>\n<meta name=\"author\" content=\"Creativa Barcelona\" \/>\n<meta name=\"twitter:card\" content=\"summary_large_image\" \/>\n<meta name=\"twitter:label1\" content=\"Escrit per\" \/>\n\t<meta name=\"twitter:data1\" content=\"Creativa Barcelona\" \/>\n\t<meta name=\"twitter:label2\" content=\"Temps estimat de lectura\" \/>\n\t<meta name=\"twitter:data2\" content=\"2 minuts\" \/>\n<script type=\"application\/ld+json\" class=\"yoast-schema-graph\">{\"@context\":\"https:\\\/\\\/schema.org\",\"@graph\":[{\"@type\":\"Article\",\"@id\":\"https:\\\/\\\/creativabarcelona.com\\\/ca\\\/de-la-costura-al-scrapbooking-descobreix-tot-el-que-cap-a-creativa-barcelona-2026\\\/#article\",\"isPartOf\":{\"@id\":\"https:\\\/\\\/creativabarcelona.com\\\/ca\\\/de-la-costura-al-scrapbooking-descobreix-tot-el-que-cap-a-creativa-barcelona-2026\\\/\"},\"author\":{\"name\":\"Creativa Barcelona\",\"@id\":\"https:\\\/\\\/creativabarcelona.com\\\/#\\\/schema\\\/person\\\/88136af06c702fba6a4a56fccac027e3\"},\"headline\":\"De la costura al scrapbooking: descobreix tot el que cap a Creativa Barcelona 2026\",\"datePublished\":\"2026-09-04T11:42:24+00:00\",\"dateModified\":\"2026-09-04T11:44:34+00:00\",\"mainEntityOfPage\":{\"@id\":\"https:\\\/\\\/creativabarcelona.com\\\/ca\\\/de-la-costura-al-scrapbooking-descobreix-tot-el-que-cap-a-creativa-barcelona-2026\\\/\"},\"wordCount\":321,\"publisher\":{\"@id\":\"https:\\\/\\\/creativabarcelona.com\\\/#organization\"},\"image\":{\"@id\":\"https:\\\/\\\/creativabarcelona.com\\\/ca\\\/de-la-costura-al-scrapbooking-descobreix-tot-el-que-cap-a-creativa-barcelona-2026\\\/#primaryimage\"},\"thumbnailUrl\":\"https:\\\/\\\/creativabarcelona.com\\\/wp-content\\\/uploads\\\/2026\\\/09\\\/news26_lo_que_cabe_en_creativa_2026.jpg\",\"articleSection\":[\"Creativa 2026\",\"General\"],\"inLanguage\":\"ca\"},{\"@type\":\"WebPage\",\"@id\":\"https:\\\/\\\/creativabarcelona.com\\\/ca\\\/de-la-costura-al-scrapbooking-descobreix-tot-el-que-cap-a-creativa-barcelona-2026\\\/\",\"url\":\"https:\\\/\\\/creativabarcelona.com\\\/ca\\\/de-la-costura-al-scrapbooking-descobreix-tot-el-que-cap-a-creativa-barcelona-2026\\\/\",\"name\":\"De la costura al scrapbooking: descobreix tot el que cap a Creativa Barcelona 2026 - Creativa Barcelona\",\"isPartOf\":{\"@id\":\"https:\\\/\\\/creativabarcelona.com\\\/#website\"},\"primaryImageOfPage\":{\"@id\":\"https:\\\/\\\/creativabarcelona.com\\\/ca\\\/de-la-costura-al-scrapbooking-descobreix-tot-el-que-cap-a-creativa-barcelona-2026\\\/#primaryimage\"},\"image\":{\"@id\":\"https:\\\/\\\/creativabarcelona.com\\\/ca\\\/de-la-costura-al-scrapbooking-descobreix-tot-el-que-cap-a-creativa-barcelona-2026\\\/#primaryimage\"},\"thumbnailUrl\":\"https:\\\/\\\/creativabarcelona.com\\\/wp-content\\\/uploads\\\/2026\\\/09\\\/news26_lo_que_cabe_en_creativa_2026.jpg\",\"datePublished\":\"2026-09-04T11:42:24+00:00\",\"dateModified\":\"2026-09-04T11:44:34+00:00\",\"breadcrumb\":{\"@id\":\"https:\\\/\\\/creativabarcelona.com\\\/ca\\\/de-la-costura-al-scrapbooking-descobreix-tot-el-que-cap-a-creativa-barcelona-2026\\\/#breadcrumb\"},\"inLanguage\":\"ca\",\"potentialAction\":[{\"@type\":\"ReadAction\",\"target\":[\"https:\\\/\\\/creativabarcelona.com\\\/ca\\\/de-la-costura-al-scrapbooking-descobreix-tot-el-que-cap-a-creativa-barcelona-2026\\\/\"]}]},{\"@type\":\"ImageObject\",\"inLanguage\":\"ca\",\"@id\":\"https:\\\/\\\/creativabarcelona.com\\\/ca\\\/de-la-costura-al-scrapbooking-descobreix-tot-el-que-cap-a-creativa-barcelona-2026\\\/#primaryimage\",\"url\":\"https:\\\/\\\/creativabarcelona.com\\\/wp-content\\\/uploads\\\/2026\\\/09\\\/news26_lo_que_cabe_en_creativa_2026.jpg\",\"contentUrl\":\"https:\\\/\\\/creativabarcelona.com\\\/wp-content\\\/uploads\\\/2026\\\/09\\\/news26_lo_que_cabe_en_creativa_2026.jpg\",\"width\":750,\"height\":550},{\"@type\":\"BreadcrumbList\",\"@id\":\"https:\\\/\\\/creativabarcelona.com\\\/ca\\\/de-la-costura-al-scrapbooking-descobreix-tot-el-que-cap-a-creativa-barcelona-2026\\\/#breadcrumb\",\"itemListElement\":[{\"@type\":\"ListItem\",\"position\":1,\"name\":\"Portada\",\"item\":\"https:\\\/\\\/creativabarcelona.com\\\/ca\\\/\"},{\"@type\":\"ListItem\",\"position\":2,\"name\":\"De la costura al scrapbooking: descobreix tot el que cap a Creativa Barcelona 2026\"}]},{\"@type\":\"WebSite\",\"@id\":\"https:\\\/\\\/creativabarcelona.com\\\/#website\",\"url\":\"https:\\\/\\\/creativabarcelona.com\\\/\",\"name\":\"Creativa Barcelona\",\"description\":\"Sal\u00f3 de les Manualitats i Artesanies\",\"publisher\":{\"@id\":\"https:\\\/\\\/creativabarcelona.com\\\/#organization\"},\"potentialAction\":[{\"@type\":\"SearchAction\",\"target\":{\"@type\":\"EntryPoint\",\"urlTemplate\":\"https:\\\/\\\/creativabarcelona.com\\\/?s={search_term_string}\"},\"query-input\":{\"@type\":\"PropertyValueSpecification\",\"valueRequired\":true,\"valueName\":\"search_term_string\"}}],\"inLanguage\":\"ca\"},{\"@type\":\"Organization\",\"@id\":\"https:\\\/\\\/creativabarcelona.com\\\/#organization\",\"name\":\"Creativa Barcelona\",\"url\":\"https:\\\/\\\/creativabarcelona.com\\\/\",\"logo\":{\"@type\":\"ImageObject\",\"inLanguage\":\"ca\",\"@id\":\"https:\\\/\\\/creativabarcelona.com\\\/#\\\/schema\\\/logo\\\/image\\\/\",\"url\":\"https:\\\/\\\/creativabarcelona.com\\\/wp-content\\\/uploads\\\/2022\\\/02\\\/logo_creativa_barcelona26_esp.png\",\"contentUrl\":\"https:\\\/\\\/creativabarcelona.com\\\/wp-content\\\/uploads\\\/2022\\\/02\\\/logo_creativa_barcelona26_esp.png\",\"width\":777,\"height\":417,\"caption\":\"Creativa Barcelona\"},\"image\":{\"@id\":\"https:\\\/\\\/creativabarcelona.com\\\/#\\\/schema\\\/logo\\\/image\\\/\"}},{\"@type\":\"Person\",\"@id\":\"https:\\\/\\\/creativabarcelona.com\\\/#\\\/schema\\\/person\\\/88136af06c702fba6a4a56fccac027e3\",\"name\":\"Creativa Barcelona\",\"image\":{\"@type\":\"ImageObject\",\"inLanguage\":\"ca\",\"@id\":\"https:\\\/\\\/secure.gravatar.com\\\/avatar\\\/9751d88ddbee61c132bde30a2ddd40a6948919cbc65d9dc0baed64e15bd22aca?s=96&d=mm&r=g\",\"url\":\"https:\\\/\\\/secure.gravatar.com\\\/avatar\\\/9751d88ddbee61c132bde30a2ddd40a6948919cbc65d9dc0baed64e15bd22aca?s=96&d=mm&r=g\",\"contentUrl\":\"https:\\\/\\\/secure.gravatar.com\\\/avatar\\\/9751d88ddbee61c132bde30a2ddd40a6948919cbc65d9dc0baed64e15bd22aca?s=96&d=mm&r=g\",\"caption\":\"Creativa Barcelona\"},\"sameAs\":[\"https:\\\/\\\/creativabarcelona.com\"],\"url\":\"https:\\\/\\\/creativabarcelona.com\\\/ca\\\/author\\\/crea20tiv22bcn\\\/\"}]}<\/script>\n<!-- \/ Yoast SEO plugin. -->","yoast_head_json":{"title":"De la costura al scrapbooking: descobreix tot el que cap a Creativa Barcelona 2026 - Creativa Barcelona","robots":{"index":"index","follow":"follow","max-snippet":"max-snippet:-1","max-image-preview":"max-image-preview:large","max-video-preview":"max-video-preview:-1"},"canonical":"https:\/\/creativabarcelona.com\/ca\/de-la-costura-al-scrapbooking-descobreix-tot-el-que-cap-a-creativa-barcelona-2026\/","og_locale":"ca_ES","og_type":"article","og_title":"De la costura al scrapbooking: descobreix tot el que cap a Creativa Barcelona 2026 - Creativa Barcelona","og_description":"Ets de les que veu un retall i ja est\u00e0 imaginant qu\u00e8 cosir? Prefereixes reciclar envasos per fer canelobres o testos? Sigui quina sigui la teva passi\u00f3 \u2014fins i tot si encara no la tens clara\u2014, Creativa Barcelona 2026 \u00e9s el teu lloc.","og_url":"https:\/\/creativabarcelona.com\/ca\/de-la-costura-al-scrapbooking-descobreix-tot-el-que-cap-a-creativa-barcelona-2026\/","og_site_name":"Creativa Barcelona","article_published_time":"2026-09-04T11:42:24+00:00","article_modified_time":"2026-09-04T11:44:34+00:00","og_image":[{"width":750,"height":550,"url":"https:\/\/creativabarcelona.com\/wp-content\/uploads\/2026\/09\/news26_lo_que_cabe_en_creativa_2026.jpg","type":"image\/jpeg"}],"author":"Creativa Barcelona","twitter_card":"summary_large_image","twitter_misc":{"Escrit per":"Creativa Barcelona","Temps estimat de lectura":"2 minuts"},"schema":{"@context":"https:\/\/schema.org","@graph":[{"@type":"Article","@id":"https:\/\/creativabarcelona.com\/ca\/de-la-costura-al-scrapbooking-descobreix-tot-el-que-cap-a-creativa-barcelona-2026\/#article","isPartOf":{"@id":"https:\/\/creativabarcelona.com\/ca\/de-la-costura-al-scrapbooking-descobreix-tot-el-que-cap-a-creativa-barcelona-2026\/"},"author":{"name":"Creativa Barcelona","@id":"https:\/\/creativabarcelona.com\/#\/schema\/person\/88136af06c702fba6a4a56fccac027e3"},"headline":"De la costura al scrapbooking: descobreix tot el que cap a Creativa Barcelona 2026","datePublished":"2026-09-04T11:42:24+00:00","dateModified":"2026-09-04T11:44:34+00:00","mainEntityOfPage":{"@id":"https:\/\/creativabarcelona.com\/ca\/de-la-costura-al-scrapbooking-descobreix-tot-el-que-cap-a-creativa-barcelona-2026\/"},"wordCount":321,"publisher":{"@id":"https:\/\/creativabarcelona.com\/#organization"},"image":{"@id":"https:\/\/creativabarcelona.com\/ca\/de-la-costura-al-scrapbooking-descobreix-tot-el-que-cap-a-creativa-barcelona-2026\/#primaryimage"},"thumbnailUrl":"https:\/\/creativabarcelona.com\/wp-content\/uploads\/2026\/09\/news26_lo_que_cabe_en_creativa_2026.jpg","articleSection":["Creativa 2026","General"],"inLanguage":"ca"},{"@type":"WebPage","@id":"https:\/\/creativabarcelona.com\/ca\/de-la-costura-al-scrapbooking-descobreix-tot-el-que-cap-a-creativa-barcelona-2026\/","url":"https:\/\/creativabarcelona.com\/ca\/de-la-costura-al-scrapbooking-descobreix-tot-el-que-cap-a-creativa-barcelona-2026\/","name":"De la costura al scrapbooking: descobreix tot el que cap a Creativa Barcelona 2026 - Creativa Barcelona","isPartOf":{"@id":"https:\/\/creativabarcelona.com\/#website"},"primaryImageOfPage":{"@id":"https:\/\/creativabarcelona.com\/ca\/de-la-costura-al-scrapbooking-descobreix-tot-el-que-cap-a-creativa-barcelona-2026\/#primaryimage"},"image":{"@id":"https:\/\/creativabarcelona.com\/ca\/de-la-costura-al-scrapbooking-descobreix-tot-el-que-cap-a-creativa-barcelona-2026\/#primaryimage"},"thumbnailUrl":"https:\/\/creativabarcelona.com\/wp-content\/uploads\/2026\/09\/news26_lo_que_cabe_en_creativa_2026.jpg","datePublished":"2026-09-04T11:42:24+00:00","dateModified":"2026-09-04T11:44:34+00:00","breadcrumb":{"@id":"https:\/\/creativabarcelona.com\/ca\/de-la-costura-al-scrapbooking-descobreix-tot-el-que-cap-a-creativa-barcelona-2026\/#breadcrumb"},"inLanguage":"ca","potentialAction":[{"@type":"ReadAction","target":["https:\/\/creativabarcelona.com\/ca\/de-la-costura-al-scrapbooking-descobreix-tot-el-que-cap-a-creativa-barcelona-2026\/"]}]},{"@type":"ImageObject","inLanguage":"ca","@id":"https:\/\/creativabarcelona.com\/ca\/de-la-costura-al-scrapbooking-descobreix-tot-el-que-cap-a-creativa-barcelona-2026\/#primaryimage","url":"https:\/\/creativabarcelona.com\/wp-content\/uploads\/2026\/09\/news26_lo_que_cabe_en_creativa_2026.jpg","contentUrl":"https:\/\/creativabarcelona.com\/wp-content\/uploads\/2026\/09\/news26_lo_que_cabe_en_creativa_2026.jpg","width":750,"height":550},{"@type":"BreadcrumbList","@id":"https:\/\/creativabarcelona.com\/ca\/de-la-costura-al-scrapbooking-descobreix-tot-el-que-cap-a-creativa-barcelona-2026\/#breadcrumb","itemListElement":[{"@type":"ListItem","position":1,"name":"Portada","item":"https:\/\/creativabarcelona.com\/ca\/"},{"@type":"ListItem","position":2,"name":"De la costura al scrapbooking: descobreix tot el que cap a Creativa Barcelona 2026"}]},{"@type":"WebSite","@id":"https:\/\/creativabarcelona.com\/#website","url":"https:\/\/creativabarcelona.com\/","name":"Creativa Barcelona","description":"Sal\u00f3 de les Manualitats i Artesanies","publisher":{"@id":"https:\/\/creativabarcelona.com\/#organization"},"potentialAction":[{"@type":"SearchAction","target":{"@type":"EntryPoint","urlTemplate":"https:\/\/creativabarcelona.com\/?s={search_term_string}"},"query-input":{"@type":"PropertyValueSpecification","valueRequired":true,"valueName":"search_term_string"}}],"inLanguage":"ca"},{"@type":"Organization","@id":"https:\/\/creativabarcelona.com\/#organization","name":"Creativa Barcelona","url":"https:\/\/creativabarcelona.com\/","logo":{"@type":"ImageObject","inLanguage":"ca","@id":"https:\/\/creativabarcelona.com\/#\/schema\/logo\/image\/","url":"https:\/\/creativabarcelona.com\/wp-content\/uploads\/2022\/02\/logo_creativa_barcelona26_esp.png","contentUrl":"https:\/\/creativabarcelona.com\/wp-content\/uploads\/2022\/02\/logo_creativa_barcelona26_esp.png","width":777,"height":417,"caption":"Creativa Barcelona"},"image":{"@id":"https:\/\/creativabarcelona.com\/#\/schema\/logo\/image\/"}},{"@type":"Person","@id":"https:\/\/creativabarcelona.com\/#\/schema\/person\/88136af06c702fba6a4a56fccac027e3","name":"Creativa Barcelona","image":{"@type":"ImageObject","inLanguage":"ca","@id":"https:\/\/secure.gravatar.com\/avatar\/9751d88ddbee61c132bde30a2ddd40a6948919cbc65d9dc0baed64e15bd22aca?s=96&d=mm&r=g","url":"https:\/\/secure.gravatar.com\/avatar\/9751d88ddbee61c132bde30a2ddd40a6948919cbc65d9dc0baed64e15bd22aca?s=96&d=mm&r=g","contentUrl":"https:\/\/secure.gravatar.com\/avatar\/9751d88ddbee61c132bde30a2ddd40a6948919cbc65d9dc0baed64e15bd22aca?s=96&d=mm&r=g","caption":"Creativa Barcelona"},"sameAs":["https:\/\/creativabarcelona.com"],"url":"https:\/\/creativabarcelona.com\/ca\/author\/crea20tiv22bcn\/"}]}},"_links":{"self":[{"href":"https:\/\/creativabarcelona.com\/ca\/wp-json\/wp\/v2\/posts\/28574","targetHints":{"allow":["GET"]}}],"collection":[{"href":"https:\/\/creativabarcelona.com\/ca\/wp-json\/wp\/v2\/posts"}],"about":[{"href":"https:\/\/creativabarcelona.com\/ca\/wp-json\/wp\/v2\/types\/post"}],"author":[{"embeddable":true,"href":"https:\/\/creativabarcelona.com\/ca\/wp-json\/wp\/v2\/users\/1"}],"replies":[{"embeddable":true,"href":"https:\/\/creativabarcelona.com\/ca\/wp-json\/wp\/v2\/comments?post=28574"}],"version-history":[{"count":2,"href":"https:\/\/creativabarcelona.com\/ca\/wp-json\/wp\/v2\/posts\/28574\/revisions"}],"predecessor-version":[{"id":28576,"href":"https:\/\/creativabarcelona.com\/ca\/wp-json\/wp\/v2\/posts\/28574\/revisions\/28576"}],"wp:featuredmedia":[{"embeddable":true,"href":"https:\/\/creativabarcelona.com\/ca\/wp-json\/wp\/v2\/media\/28563"}],"wp:attachment":[{"href":"https:\/\/creativabarcelona.com\/ca\/wp-json\/wp\/v2\/media?parent=28574"}],"wp:term":[{"taxonomy":"category","embeddable":true,"href":"https:\/\/creativabarcelona.com\/ca\/wp-json\/wp\/v2\/categories?post=28574"},{"taxonomy":"post_tag","embeddable":true,"href":"https:\/\/creativabarcelona.com\/ca\/wp-json\/wp\/v2\/tags?post=28574"}],"curies":[{"name":"wp","href":"https:\/\/api.w.org\/{rel}","templated":true}]}}