{"id":28579,"date":"2026-09-04T13:50:27","date_gmt":"2026-09-04T11:50:27","guid":{"rendered":"https:\/\/creativabarcelona.com\/entrevista-nati-caliri-ceramista\/"},"modified":"2026-09-04T13:56:16","modified_gmt":"2026-09-04T11:56:16","slug":"entrevista-nati-caliri-ceramista","status":"publish","type":"post","link":"https:\/\/creativabarcelona.com\/ca\/entrevista-nati-caliri-ceramista\/","title":{"rendered":"Nati Caliri. Ceramista"},"content":{"rendered":"\n<h5 class=\"wp-block-heading\"><em>\u201cEl fang \u00e9s un material tan vers\u00e0til que les seves possibilitats s\u00f3n tan infinites com la imaginaci\u00f3\u201d<\/em><\/h5>\n\n\n\n<p class=\"wp-block-paragraph\">La cer\u00e0mica \u00e9s una forma d\u2019artesania que guarda una hist\u00f2ria de m\u00e9s de 6.000 anys d\u2019antiguitat al nostre pa\u00eds. Tanmateix, \u00e9s una de les disciplines art\u00edstiques m\u00e9s actuals. \u00c9s per aix\u00f2 que aquest any, a Creativa Barcelona, ser\u00e0 la disciplina reina. Per aix\u00f2, entre les moltes propostes al voltant de la cer\u00e0mica, tindrem el luxe de comptar amb una de les artistes ceramistes m\u00e9s destacades del panorama actual: <a href=\"https:\/\/www.ceramicaconnati.com\/quien-soy\"><\/a><a href=\"https:\/\/www.ceramicaconnati.com\/quien-soy\" target=\"_blank\" rel=\"noreferrer noopener\"><strong>Nati Caliri.<\/strong><\/a><\/p>\n\n\n\n<p class=\"wp-block-paragraph\">Argentina de naixement, barcelonina d\u2019adopci\u00f3 i enginyera industrial de formaci\u00f3, Nati Caliri va comen\u00e7ar a explorar la cer\u00e0mica gaireb\u00e9 per casualitat, all\u00e0 pel 2019. Va trobar alguna cosa que feia temps que buscava: una manera d\u2019emprendre i de crear. El que va venir despr\u00e9s va ser un canvi de rumb professional que l\u2019ha portat a regentar un taller de gaireb\u00e9 300 m\u00b2, a L\u2019Hospitalet de Llobregat, amb m\u00e9s de 300 enceses de forn. Centenars d\u2019alumnes ja han apr\u00e8s cer\u00e0mica al seu costat, un nombre que creixer\u00e0 aquest novembre despr\u00e9s del seu pas per Creativa Barcelona, on impartir\u00e0 diversos tallers.<\/p>\n\n\n\n<h5 class=\"wp-block-heading\" style=\"margin-top:35px\">Nati, vas estudiar Enginyeria Industrial i avui treballes amb fang. Si el teu \u201cjo\u201d del 2012 pogu\u00e9s entrar ara mateix al teu taller de L\u2019Hospitalet, qu\u00e8 creus que li sorprendria m\u00e9s?<\/h5>\n\n\n\n<p class=\"wp-block-paragraph\">Quina gran pregunta! Crec que una mica s\u2019ho imaginaria pel que fa a l\u2019emprenedoria, per\u00f2 haver fet cer\u00e0mica hauria estat l\u2019aut\u00e8ntica sorpresa. Sempre vaig voler emprendre, per\u00f2 no sabia en qu\u00e8, i aquella va ser la meva gran crisi postuniversit\u00e0ria: hi havia les ganes, per\u00f2 faltava la passi\u00f3. Quan vaig comen\u00e7ar a fer cer\u00e0mica va ser un \u201cs\u00ed\u201d immediat i rotund. \u00c9s per aqu\u00ed per on vull anar!<\/p>\n\n\n\n<h5 class=\"wp-block-heading\" style=\"margin-top:35px\">El 2019 vas comen\u00e7ar a explorar el m\u00f3n de la cer\u00e0mica i vas acabar deixant una feina estable per dedicar-t\u2019hi. Hi va haver algun moment en qu\u00e8 vas pensar \u201cm\u2019he equivocat\u201d? I, si n\u2019hi va haver, qu\u00e8 va passar despr\u00e9s?<\/h5>\n\n\n\n<p class=\"wp-block-paragraph\">Mai vaig sentir que m\u2019hagu\u00e9s equivocat, per\u00f2 s\u00ed que vaig tenir moments en qu\u00e8 vaig trobar a faltar l\u2019estabilitat econ\u00f2mica que tenia abans. Per\u00f2, realment, des del 2019, mai m\u00e9s em vaig plantejar tornar a l\u2019oficina. Emprendre em dona una llibertat que mai havia tingut abans, i no nom\u00e9s d\u2019horaris, tamb\u00e9 creativament. Confesso que treballo m\u00e9s que abans, per\u00f2 la satisfacci\u00f3 que em genera fer el que faig fa que valgui la pena.<\/p>\n\n\n\n<h5 class=\"wp-block-heading\" style=\"margin-top:35px\">Hi ha una frase teva que em sembla molt reveladora: \u201csento que tot \u00e9s possible\u201d quan parles de la cer\u00e0mica. Qu\u00e8 t\u00e9 el fang per provocar aquesta sensaci\u00f3?<\/h5>\n\n\n\n<p class=\"wp-block-paragraph\">El fang \u00e9s un material summament complet per explorar art\u00edsticament. Realment ho permet tot. Podem modelar-lo per crear des de peces utilit\u00e0ries fins a objectes decoratius, afegir-hi altres materials, transformar-lo i, despr\u00e9s, pintar-lo, dibuixar-lo, esmaltar-lo\u2026 Hi ha un sens fi de possibilitats. Fa set anys que faig cer\u00e0mica i encara em continuo sorprenent del que s\u00f3n capaces de fer altres ceramistes amb el fang. \u00c9s un material tan vers\u00e0til que les seves possibilitats s\u00f3n tan infinites com la imaginaci\u00f3.<\/p>\n\n\n\n<h5 class=\"wp-block-heading\" style=\"margin-top:35px\">La teva hist\u00f2ria demostra que un projecte creatiu no sempre comen\u00e7a amb un gran estudi, una marca o un pla de negoci. El teu va comen\u00e7ar en un petit taller muntat a casa i avui ocupa una nau de gaireb\u00e9 300 m\u00b2. En quin moment vas sentir que all\u00f2 havia deixat de ser una aventura per convertir-se en la teva professi\u00f3?<\/h5>\n\n\n\n<p class=\"wp-block-paragraph\">El cam\u00ed va ser incre\u00efble, per\u00f2 diria que des del principi, des de la primera classe que vaig fer de cer\u00e0mica, sabia i tenia la convicci\u00f3 que volia viure de la cer\u00e0mica. Vaig comen\u00e7ar primer venent les meves peces i, gaireb\u00e9 simult\u00e0niament, vaig comen\u00e7ar amb workshops al living de casa meva. Vaig veure molt\u00edssim creixement en poc temps, per\u00f2 sento que sempre vaig estar molt present, i pensant on era i quin era el seg\u00fcent pas.<\/p>\n\n\n\n<h5 class=\"wp-block-heading\" style=\"margin-top:35px\">L\u2019enginyeria busca calcular, preveure i controlar, mentre que treballar amb fang implica moltes vegades acceptar que el material t\u00e9 les seves pr\u00f2pies regles. Creus que la cer\u00e0mica tamb\u00e9 t\u2019ha ensenyat a deixar anar una mica el control?<\/h5>\n\n\n\n<p class=\"wp-block-paragraph\">B\u00e9, he de dir que, en molts aspectes, l\u2019enginyeria et forma en algunes l\u00ednies de pensament o estructures, per\u00f2 tamb\u00e9 t\u2019ensenya, o almenys jo ho vaig aprendre, que tot requereix un proc\u00e9s i una l\u00ednia d\u2019aprenentatge, propi de tots els processos productius. Per aix\u00f2, comen\u00e7ar a treballar amb fang va ser simplement entendre que, com tot a la vida, \u00e9s una l\u00ednia d\u2019aprenentatge.<\/p>\n\n\n\n<p class=\"wp-block-paragraph\">Tamb\u00e9 afegir\u00e9 que jo soc molt pacient i, justament amb el fang, em toca un lloc de gaudi i joc que no s\u2019\u201cenvicia\u201d de mals h\u00e0bits, per dir-ho d\u2019alguna manera. Una cosa que els dic a les meves alumnes noves \u00e9s que pretendre tenir una t\u00e8cnica o aconseguir un resultat tipus Pinterest a la primera classe \u00e9s com esperar sortir tocant una pe\u00e7a amb la guitarra despr\u00e9s d\u2019una sola classe.<\/p>\n\n\n\n<h5 class=\"wp-block-heading\" style=\"margin-top:35px\">Aquest any la cer\u00e0mica tindr\u00e0 un protagonisme especial a Creativa Barcelona. Per qu\u00e8 creus que aquest material connecta tant amb les persones que busquen tornar a fer coses amb les mans?<\/h5>\n\n\n\n<p class=\"wp-block-paragraph\">Crec que la cer\u00e0mica ens porta a un lloc m\u00e9s senzill, ens permet jugar i experimentar. Una cosa que de petits f\u00e8iem i que en la vida adulta es perd una mica. Tamb\u00e9 crec que, com que \u00e9s un material tan vers\u00e0til i noble, ens permet portar les nostres idees a una pe\u00e7a real, una cosa que podem utilitzar en el dia a dia. A m\u00e9s, \u00e9s un gran espai per treballar la paci\u00e8ncia i la frustraci\u00f3, encara que no sembli atractiu a primera vista, per\u00f2 aprendre o entendre que no tot \u00e9s immediat \u00e9s molt important.<\/p>\n\n\n\n<h5 class=\"wp-block-heading\" style=\"margin-top:35px\">De fet, en un m\u00f3n en qu\u00e8 cada vegada fem m\u00e9s coses amb pantalles i menys amb les mans, qu\u00e8 creus que busquem realment quan ens asseiem davant d\u2019un tros de fang?<\/h5>\n\n\n\n<p class=\"wp-block-paragraph\">Desconnexi\u00f3, joc i gaudi. Entenc com a desconnexi\u00f3 deixar de pensar en l\u2019exterior i posar atenci\u00f3 en el que estem fent. Sempre dic que quan ens posem a crear amb fang entrem en mode avi\u00f3\u2026 jejeje. Crear i, d\u2019alguna manera, construir peces tamb\u00e9 \u00e9s un punt superimportant. Avui, amb les pantalles, sembla que res en surt, per\u00f2 quan vens a classe i veus la pe\u00e7a acabada, la satisfacci\u00f3 \u00e9s total. A m\u00e9s del que comentava abans, que tamb\u00e9 es treballa la paci\u00e8ncia, l\u2019ansietat i la frustraci\u00f3.<\/p>\n\n\n\n<h5 class=\"wp-block-heading\" style=\"margin-top:35px\">Si haguessis de conv\u00e8ncer alg\u00fa que mai ha tocat fang perqu\u00e8 s\u2019apunt\u00e9s a un taller de cer\u00e0mica a Creativa, per\u00f2 nom\u00e9s poguessis utilitzar una frase, qu\u00e8 li diries?<\/h5>\n\n\n\n<p class=\"wp-block-paragraph\">Que el fang et desconnecta, per connectar.<\/p>\n\n\n\n<h5 class=\"wp-block-heading\" style=\"margin-top:35px\">Has enc\u00e8s el forn m\u00e9s de 300 vegades i m\u00e9s de 500 alumnes han passat per les teves classes. Qu\u00e8 creus que t\u2019han ensenyat totes aquestes peces i totes aquestes persones que cap llibre de cer\u00e0mica podria haver-te ensenyat?<\/h5>\n\n\n\n<p class=\"wp-block-paragraph\">M\u00e9s enll\u00e0 de les t\u00e8cniques, i de tot el que un apr\u00e8n ensenyant, diria que el cam\u00ed personal de cada alumna \u00e9s diferent i he apr\u00e8s, amb la pr\u00e0ctica, a acompanyar cada proc\u00e9s. Cada persona t\u00e9 el seu propi estil i, d\u2019alguna manera, aboca qui \u00e9s en les seves creacions. Tamb\u00e9 he apr\u00e8s a ser-hi de la manera que cada alumna necessita.<\/p>\n\n\n\n<h5 class=\"wp-block-heading\" style=\"margin-top:35px\">El teu projecte ha evolucionat de crear cer\u00e0mica a ensenyar tot el que has apr\u00e8s. En quin moment vas descobrir que compartir els teus coneixements et feia tanta il\u00b7lusi\u00f3 com crear les teves pr\u00f2pies peces?<\/h5>\n\n\n\n<p class=\"wp-block-paragraph\">Doncs quan vaig comen\u00e7ar amb classes regulars, em vaig adonar que em donava molta m\u00e9s satisfacci\u00f3 acompanyar les meves alumnes que crear les meves pr\u00f2pies peces. Hi ha alguna cosa molt creativa en ser profe i acompanyar, mil projectes diferents, idees noves i reptes, a m\u00e9s de la connexi\u00f3 i el vincle que genero amb cadascuna d\u2019elles. Aix\u00ed que, quan vaig comen\u00e7ar a fer classes, al cap d\u2019uns mesos vaig deixar de fer les meves peces per dedicar-me al 100 % a l\u2019ensenyament.<\/p>\n\n\n\n<h5 class=\"wp-block-heading\" style=\"margin-top:35px\">Qu\u00e8 t\u2019agradaria que alg\u00fa s\u2019emport\u00e9s del teu taller de Creativa, a m\u00e9s d\u2019una pe\u00e7a feta amb les seves pr\u00f2pies mans?<\/h5>\n\n\n\n<p class=\"wp-block-paragraph\">Sens dubte, les ganes de tornar o, m\u00e9s ben dit, de continuar creant cer\u00e0mica amb mi o all\u00e0 on se senti m\u00e9s a gust, per\u00f2, definitivament, haver obert una porta a aquest m\u00f3n incre\u00efble que \u00e9s el de la cer\u00e0mica.<\/p>\n\n\n\n<h5 class=\"wp-block-heading\" style=\"margin-top:35px\">I per acabar, si la teva vida des del 2019 fos una pe\u00e7a de cer\u00e0mica, com seria?<\/h5>\n\n\n\n<p class=\"wp-block-paragraph\">M\u2019encanta aquesta pregunta\u2026 Doncs, sento que seria un mate de cer\u00e0mica, jejeje. Una pe\u00e7a que cuidem i fem servir cada dia, que es comparteix i que porta hist\u00f2ria amb cada \u00fas.<\/p>\n\n\n\n<p class=\"wp-block-paragraph\">Diria que encara no t\u00e9 un color definitiu i aix\u00f2 \u00e9s perqu\u00e8 est\u00e0 en proc\u00e9s. Sens dubte, tinc clar com vaig comen\u00e7ar a fer cer\u00e0mica, per\u00f2 m\u2019ha portat per camins que mai hauria pensat rec\u00f3rrer i estic segura que aix\u00ed continuar\u00e0 sent.<\/p>\n","protected":false},"excerpt":{"rendered":"<p>\u201cEl fang \u00e9s un material tan vers\u00e0til que les seves possibilitats s\u00f3n tan infinites com la imaginaci\u00f3\u201d<\/p>\n","protected":false},"author":1,"featured_media":28559,"comment_status":"closed","ping_status":"closed","sticky":false,"template":"","format":"standard","meta":{"footnotes":""},"categories":[749,54],"tags":[],"class_list":["post-28579","post","type-post","status-publish","format-standard","has-post-thumbnail","hentry","category-creativa-2026","category-entrevistes"],"yoast_head":"<!-- This site is optimized with the Yoast SEO plugin v28.4 - https:\/\/yoast.com\/product\/yoast-seo-wordpress\/ -->\n<title>Nati Caliri. Ceramista - Creativa Barcelona<\/title>\n<meta name=\"robots\" content=\"index, follow, max-snippet:-1, max-image-preview:large, max-video-preview:-1\" \/>\n<link rel=\"canonical\" href=\"https:\/\/creativabarcelona.com\/ca\/entrevista-nati-caliri-ceramista\/\" \/>\n<meta property=\"og:locale\" content=\"ca_ES\" \/>\n<meta property=\"og:type\" content=\"article\" \/>\n<meta property=\"og:title\" content=\"Nati Caliri. Ceramista - Creativa Barcelona\" \/>\n<meta property=\"og:description\" content=\"\u201cEl fang \u00e9s un material tan vers\u00e0til que les seves possibilitats s\u00f3n tan infinites com la imaginaci\u00f3\u201d\" \/>\n<meta property=\"og:url\" content=\"https:\/\/creativabarcelona.com\/ca\/entrevista-nati-caliri-ceramista\/\" \/>\n<meta property=\"og:site_name\" content=\"Creativa Barcelona\" \/>\n<meta property=\"article:published_time\" content=\"2026-09-04T11:50:27+00:00\" \/>\n<meta property=\"article:modified_time\" content=\"2026-09-04T11:56:16+00:00\" \/>\n<meta property=\"og:image\" content=\"https:\/\/creativabarcelona.com\/wp-content\/uploads\/2026\/09\/news26_creativa_nati_caliri.jpg\" \/>\n\t<meta property=\"og:image:width\" content=\"750\" \/>\n\t<meta property=\"og:image:height\" content=\"550\" \/>\n\t<meta property=\"og:image:type\" content=\"image\/jpeg\" \/>\n<meta name=\"author\" content=\"Creativa Barcelona\" \/>\n<meta name=\"twitter:card\" content=\"summary_large_image\" \/>\n<meta name=\"twitter:label1\" content=\"Escrit per\" \/>\n\t<meta name=\"twitter:data1\" content=\"Creativa Barcelona\" \/>\n\t<meta name=\"twitter:label2\" content=\"Temps estimat de lectura\" \/>\n\t<meta name=\"twitter:data2\" content=\"7 minuts\" \/>\n<script type=\"application\/ld+json\" class=\"yoast-schema-graph\">{\"@context\":\"https:\\\/\\\/schema.org\",\"@graph\":[{\"@type\":\"Article\",\"@id\":\"https:\\\/\\\/creativabarcelona.com\\\/ca\\\/entrevista-nati-caliri-ceramista\\\/#article\",\"isPartOf\":{\"@id\":\"https:\\\/\\\/creativabarcelona.com\\\/ca\\\/entrevista-nati-caliri-ceramista\\\/\"},\"author\":{\"name\":\"Creativa Barcelona\",\"@id\":\"https:\\\/\\\/creativabarcelona.com\\\/#\\\/schema\\\/person\\\/88136af06c702fba6a4a56fccac027e3\"},\"headline\":\"Nati Caliri. Ceramista\",\"datePublished\":\"2026-09-04T11:50:27+00:00\",\"dateModified\":\"2026-09-04T11:56:16+00:00\",\"mainEntityOfPage\":{\"@id\":\"https:\\\/\\\/creativabarcelona.com\\\/ca\\\/entrevista-nati-caliri-ceramista\\\/\"},\"wordCount\":1613,\"publisher\":{\"@id\":\"https:\\\/\\\/creativabarcelona.com\\\/#organization\"},\"image\":{\"@id\":\"https:\\\/\\\/creativabarcelona.com\\\/ca\\\/entrevista-nati-caliri-ceramista\\\/#primaryimage\"},\"thumbnailUrl\":\"https:\\\/\\\/creativabarcelona.com\\\/wp-content\\\/uploads\\\/2026\\\/09\\\/news26_creativa_nati_caliri.jpg\",\"articleSection\":[\"Creativa 2026\",\"Entrevistes\"],\"inLanguage\":\"ca\"},{\"@type\":\"WebPage\",\"@id\":\"https:\\\/\\\/creativabarcelona.com\\\/ca\\\/entrevista-nati-caliri-ceramista\\\/\",\"url\":\"https:\\\/\\\/creativabarcelona.com\\\/ca\\\/entrevista-nati-caliri-ceramista\\\/\",\"name\":\"Nati Caliri. Ceramista - Creativa Barcelona\",\"isPartOf\":{\"@id\":\"https:\\\/\\\/creativabarcelona.com\\\/#website\"},\"primaryImageOfPage\":{\"@id\":\"https:\\\/\\\/creativabarcelona.com\\\/ca\\\/entrevista-nati-caliri-ceramista\\\/#primaryimage\"},\"image\":{\"@id\":\"https:\\\/\\\/creativabarcelona.com\\\/ca\\\/entrevista-nati-caliri-ceramista\\\/#primaryimage\"},\"thumbnailUrl\":\"https:\\\/\\\/creativabarcelona.com\\\/wp-content\\\/uploads\\\/2026\\\/09\\\/news26_creativa_nati_caliri.jpg\",\"datePublished\":\"2026-09-04T11:50:27+00:00\",\"dateModified\":\"2026-09-04T11:56:16+00:00\",\"breadcrumb\":{\"@id\":\"https:\\\/\\\/creativabarcelona.com\\\/ca\\\/entrevista-nati-caliri-ceramista\\\/#breadcrumb\"},\"inLanguage\":\"ca\",\"potentialAction\":[{\"@type\":\"ReadAction\",\"target\":[\"https:\\\/\\\/creativabarcelona.com\\\/ca\\\/entrevista-nati-caliri-ceramista\\\/\"]}]},{\"@type\":\"ImageObject\",\"inLanguage\":\"ca\",\"@id\":\"https:\\\/\\\/creativabarcelona.com\\\/ca\\\/entrevista-nati-caliri-ceramista\\\/#primaryimage\",\"url\":\"https:\\\/\\\/creativabarcelona.com\\\/wp-content\\\/uploads\\\/2026\\\/09\\\/news26_creativa_nati_caliri.jpg\",\"contentUrl\":\"https:\\\/\\\/creativabarcelona.com\\\/wp-content\\\/uploads\\\/2026\\\/09\\\/news26_creativa_nati_caliri.jpg\",\"width\":750,\"height\":550},{\"@type\":\"BreadcrumbList\",\"@id\":\"https:\\\/\\\/creativabarcelona.com\\\/ca\\\/entrevista-nati-caliri-ceramista\\\/#breadcrumb\",\"itemListElement\":[{\"@type\":\"ListItem\",\"position\":1,\"name\":\"Portada\",\"item\":\"https:\\\/\\\/creativabarcelona.com\\\/ca\\\/\"},{\"@type\":\"ListItem\",\"position\":2,\"name\":\"Nati Caliri. Ceramista\"}]},{\"@type\":\"WebSite\",\"@id\":\"https:\\\/\\\/creativabarcelona.com\\\/#website\",\"url\":\"https:\\\/\\\/creativabarcelona.com\\\/\",\"name\":\"Creativa Barcelona\",\"description\":\"Sal\u00f3 de les Manualitats i Artesanies\",\"publisher\":{\"@id\":\"https:\\\/\\\/creativabarcelona.com\\\/#organization\"},\"potentialAction\":[{\"@type\":\"SearchAction\",\"target\":{\"@type\":\"EntryPoint\",\"urlTemplate\":\"https:\\\/\\\/creativabarcelona.com\\\/?s={search_term_string}\"},\"query-input\":{\"@type\":\"PropertyValueSpecification\",\"valueRequired\":true,\"valueName\":\"search_term_string\"}}],\"inLanguage\":\"ca\"},{\"@type\":\"Organization\",\"@id\":\"https:\\\/\\\/creativabarcelona.com\\\/#organization\",\"name\":\"Creativa Barcelona\",\"url\":\"https:\\\/\\\/creativabarcelona.com\\\/\",\"logo\":{\"@type\":\"ImageObject\",\"inLanguage\":\"ca\",\"@id\":\"https:\\\/\\\/creativabarcelona.com\\\/#\\\/schema\\\/logo\\\/image\\\/\",\"url\":\"https:\\\/\\\/creativabarcelona.com\\\/wp-content\\\/uploads\\\/2022\\\/02\\\/logo_creativa_barcelona26_esp.png\",\"contentUrl\":\"https:\\\/\\\/creativabarcelona.com\\\/wp-content\\\/uploads\\\/2022\\\/02\\\/logo_creativa_barcelona26_esp.png\",\"width\":777,\"height\":417,\"caption\":\"Creativa Barcelona\"},\"image\":{\"@id\":\"https:\\\/\\\/creativabarcelona.com\\\/#\\\/schema\\\/logo\\\/image\\\/\"}},{\"@type\":\"Person\",\"@id\":\"https:\\\/\\\/creativabarcelona.com\\\/#\\\/schema\\\/person\\\/88136af06c702fba6a4a56fccac027e3\",\"name\":\"Creativa Barcelona\",\"image\":{\"@type\":\"ImageObject\",\"inLanguage\":\"ca\",\"@id\":\"https:\\\/\\\/secure.gravatar.com\\\/avatar\\\/9751d88ddbee61c132bde30a2ddd40a6948919cbc65d9dc0baed64e15bd22aca?s=96&d=mm&r=g\",\"url\":\"https:\\\/\\\/secure.gravatar.com\\\/avatar\\\/9751d88ddbee61c132bde30a2ddd40a6948919cbc65d9dc0baed64e15bd22aca?s=96&d=mm&r=g\",\"contentUrl\":\"https:\\\/\\\/secure.gravatar.com\\\/avatar\\\/9751d88ddbee61c132bde30a2ddd40a6948919cbc65d9dc0baed64e15bd22aca?s=96&d=mm&r=g\",\"caption\":\"Creativa Barcelona\"},\"sameAs\":[\"https:\\\/\\\/creativabarcelona.com\"],\"url\":\"https:\\\/\\\/creativabarcelona.com\\\/ca\\\/author\\\/crea20tiv22bcn\\\/\"}]}<\/script>\n<!-- \/ Yoast SEO plugin. -->","yoast_head_json":{"title":"Nati Caliri. Ceramista - Creativa Barcelona","robots":{"index":"index","follow":"follow","max-snippet":"max-snippet:-1","max-image-preview":"max-image-preview:large","max-video-preview":"max-video-preview:-1"},"canonical":"https:\/\/creativabarcelona.com\/ca\/entrevista-nati-caliri-ceramista\/","og_locale":"ca_ES","og_type":"article","og_title":"Nati Caliri. Ceramista - Creativa Barcelona","og_description":"\u201cEl fang \u00e9s un material tan vers\u00e0til que les seves possibilitats s\u00f3n tan infinites com la imaginaci\u00f3\u201d","og_url":"https:\/\/creativabarcelona.com\/ca\/entrevista-nati-caliri-ceramista\/","og_site_name":"Creativa Barcelona","article_published_time":"2026-09-04T11:50:27+00:00","article_modified_time":"2026-09-04T11:56:16+00:00","og_image":[{"width":750,"height":550,"url":"https:\/\/creativabarcelona.com\/wp-content\/uploads\/2026\/09\/news26_creativa_nati_caliri.jpg","type":"image\/jpeg"}],"author":"Creativa Barcelona","twitter_card":"summary_large_image","twitter_misc":{"Escrit per":"Creativa Barcelona","Temps estimat de lectura":"7 minuts"},"schema":{"@context":"https:\/\/schema.org","@graph":[{"@type":"Article","@id":"https:\/\/creativabarcelona.com\/ca\/entrevista-nati-caliri-ceramista\/#article","isPartOf":{"@id":"https:\/\/creativabarcelona.com\/ca\/entrevista-nati-caliri-ceramista\/"},"author":{"name":"Creativa Barcelona","@id":"https:\/\/creativabarcelona.com\/#\/schema\/person\/88136af06c702fba6a4a56fccac027e3"},"headline":"Nati Caliri. Ceramista","datePublished":"2026-09-04T11:50:27+00:00","dateModified":"2026-09-04T11:56:16+00:00","mainEntityOfPage":{"@id":"https:\/\/creativabarcelona.com\/ca\/entrevista-nati-caliri-ceramista\/"},"wordCount":1613,"publisher":{"@id":"https:\/\/creativabarcelona.com\/#organization"},"image":{"@id":"https:\/\/creativabarcelona.com\/ca\/entrevista-nati-caliri-ceramista\/#primaryimage"},"thumbnailUrl":"https:\/\/creativabarcelona.com\/wp-content\/uploads\/2026\/09\/news26_creativa_nati_caliri.jpg","articleSection":["Creativa 2026","Entrevistes"],"inLanguage":"ca"},{"@type":"WebPage","@id":"https:\/\/creativabarcelona.com\/ca\/entrevista-nati-caliri-ceramista\/","url":"https:\/\/creativabarcelona.com\/ca\/entrevista-nati-caliri-ceramista\/","name":"Nati Caliri. Ceramista - Creativa Barcelona","isPartOf":{"@id":"https:\/\/creativabarcelona.com\/#website"},"primaryImageOfPage":{"@id":"https:\/\/creativabarcelona.com\/ca\/entrevista-nati-caliri-ceramista\/#primaryimage"},"image":{"@id":"https:\/\/creativabarcelona.com\/ca\/entrevista-nati-caliri-ceramista\/#primaryimage"},"thumbnailUrl":"https:\/\/creativabarcelona.com\/wp-content\/uploads\/2026\/09\/news26_creativa_nati_caliri.jpg","datePublished":"2026-09-04T11:50:27+00:00","dateModified":"2026-09-04T11:56:16+00:00","breadcrumb":{"@id":"https:\/\/creativabarcelona.com\/ca\/entrevista-nati-caliri-ceramista\/#breadcrumb"},"inLanguage":"ca","potentialAction":[{"@type":"ReadAction","target":["https:\/\/creativabarcelona.com\/ca\/entrevista-nati-caliri-ceramista\/"]}]},{"@type":"ImageObject","inLanguage":"ca","@id":"https:\/\/creativabarcelona.com\/ca\/entrevista-nati-caliri-ceramista\/#primaryimage","url":"https:\/\/creativabarcelona.com\/wp-content\/uploads\/2026\/09\/news26_creativa_nati_caliri.jpg","contentUrl":"https:\/\/creativabarcelona.com\/wp-content\/uploads\/2026\/09\/news26_creativa_nati_caliri.jpg","width":750,"height":550},{"@type":"BreadcrumbList","@id":"https:\/\/creativabarcelona.com\/ca\/entrevista-nati-caliri-ceramista\/#breadcrumb","itemListElement":[{"@type":"ListItem","position":1,"name":"Portada","item":"https:\/\/creativabarcelona.com\/ca\/"},{"@type":"ListItem","position":2,"name":"Nati Caliri. Ceramista"}]},{"@type":"WebSite","@id":"https:\/\/creativabarcelona.com\/#website","url":"https:\/\/creativabarcelona.com\/","name":"Creativa Barcelona","description":"Sal\u00f3 de les Manualitats i Artesanies","publisher":{"@id":"https:\/\/creativabarcelona.com\/#organization"},"potentialAction":[{"@type":"SearchAction","target":{"@type":"EntryPoint","urlTemplate":"https:\/\/creativabarcelona.com\/?s={search_term_string}"},"query-input":{"@type":"PropertyValueSpecification","valueRequired":true,"valueName":"search_term_string"}}],"inLanguage":"ca"},{"@type":"Organization","@id":"https:\/\/creativabarcelona.com\/#organization","name":"Creativa Barcelona","url":"https:\/\/creativabarcelona.com\/","logo":{"@type":"ImageObject","inLanguage":"ca","@id":"https:\/\/creativabarcelona.com\/#\/schema\/logo\/image\/","url":"https:\/\/creativabarcelona.com\/wp-content\/uploads\/2022\/02\/logo_creativa_barcelona26_esp.png","contentUrl":"https:\/\/creativabarcelona.com\/wp-content\/uploads\/2022\/02\/logo_creativa_barcelona26_esp.png","width":777,"height":417,"caption":"Creativa Barcelona"},"image":{"@id":"https:\/\/creativabarcelona.com\/#\/schema\/logo\/image\/"}},{"@type":"Person","@id":"https:\/\/creativabarcelona.com\/#\/schema\/person\/88136af06c702fba6a4a56fccac027e3","name":"Creativa Barcelona","image":{"@type":"ImageObject","inLanguage":"ca","@id":"https:\/\/secure.gravatar.com\/avatar\/9751d88ddbee61c132bde30a2ddd40a6948919cbc65d9dc0baed64e15bd22aca?s=96&d=mm&r=g","url":"https:\/\/secure.gravatar.com\/avatar\/9751d88ddbee61c132bde30a2ddd40a6948919cbc65d9dc0baed64e15bd22aca?s=96&d=mm&r=g","contentUrl":"https:\/\/secure.gravatar.com\/avatar\/9751d88ddbee61c132bde30a2ddd40a6948919cbc65d9dc0baed64e15bd22aca?s=96&d=mm&r=g","caption":"Creativa Barcelona"},"sameAs":["https:\/\/creativabarcelona.com"],"url":"https:\/\/creativabarcelona.com\/ca\/author\/crea20tiv22bcn\/"}]}},"_links":{"self":[{"href":"https:\/\/creativabarcelona.com\/ca\/wp-json\/wp\/v2\/posts\/28579","targetHints":{"allow":["GET"]}}],"collection":[{"href":"https:\/\/creativabarcelona.com\/ca\/wp-json\/wp\/v2\/posts"}],"about":[{"href":"https:\/\/creativabarcelona.com\/ca\/wp-json\/wp\/v2\/types\/post"}],"author":[{"embeddable":true,"href":"https:\/\/creativabarcelona.com\/ca\/wp-json\/wp\/v2\/users\/1"}],"replies":[{"embeddable":true,"href":"https:\/\/creativabarcelona.com\/ca\/wp-json\/wp\/v2\/comments?post=28579"}],"version-history":[{"count":1,"href":"https:\/\/creativabarcelona.com\/ca\/wp-json\/wp\/v2\/posts\/28579\/revisions"}],"predecessor-version":[{"id":28581,"href":"https:\/\/creativabarcelona.com\/ca\/wp-json\/wp\/v2\/posts\/28579\/revisions\/28581"}],"wp:featuredmedia":[{"embeddable":true,"href":"https:\/\/creativabarcelona.com\/ca\/wp-json\/wp\/v2\/media\/28559"}],"wp:attachment":[{"href":"https:\/\/creativabarcelona.com\/ca\/wp-json\/wp\/v2\/media?parent=28579"}],"wp:term":[{"taxonomy":"category","embeddable":true,"href":"https:\/\/creativabarcelona.com\/ca\/wp-json\/wp\/v2\/categories?post=28579"},{"taxonomy":"post_tag","embeddable":true,"href":"https:\/\/creativabarcelona.com\/ca\/wp-json\/wp\/v2\/tags?post=28579"}],"curies":[{"name":"wp","href":"https:\/\/api.w.org\/{rel}","templated":true}]}}