{"id":28585,"date":"2026-09-04T14:00:27","date_gmt":"2026-09-04T12:00:27","guid":{"rendered":"https:\/\/creativabarcelona.com\/encuentro-de-bolillos-2026-en-creativa-barcelona\/"},"modified":"2026-09-04T14:01:36","modified_gmt":"2026-09-04T12:01:36","slug":"trobada-de-puntes-de-coixi-2026-a-creativa-barcelona","status":"publish","type":"post","link":"https:\/\/creativabarcelona.com\/ca\/trobada-de-puntes-de-coixi-2026-a-creativa-barcelona\/","title":{"rendered":"Trobada de Puntes de Coix\u00ed 2026 a Creativa Barcelona"},"content":{"rendered":"\n<p class=\"wp-block-paragraph\">El clic-clac dels boixets de fusta tornar\u00e0 a sonar a la Farga de l\u2019Hospitalet entre el 5 i el 8 de novembre. <strong>Creativa Barcelona<\/strong> acollir\u00e0, un any m\u00e9s, la <strong>Trobada de Puntes de Coix\u00ed<\/strong>, que reunir\u00e0 desenes d\u2019aficionades a una de les disciplines artesanes amb m\u00e9s tradici\u00f3 del nostre pa\u00eds: les puntes de coix\u00ed.<\/p>\n\n\n\n<p class=\"wp-block-paragraph\">La <strong>Trobada de Puntes de Coix\u00ed<\/strong>, organitzada per l\u2019<strong>Associaci\u00f3 Catalana de Puntaires (<\/strong><a href=\"http:\/\/puntaires.cat\" target=\"_blank\" rel=\"noreferrer noopener\"><strong>Puntaires.cat<\/strong><\/a><strong>),<\/strong> ser\u00e0 un punt de reuni\u00f3 per compartir coneixements, mostrar peces \u00faniques, intercanviar experi\u00e8ncies i gaudir d\u2019una afici\u00f3 que, m\u00e9s enll\u00e0 dels fils i els boixets, ha creat tota una comunitat.<\/p>\n\n\n\n<p class=\"wp-block-paragraph\">Aix\u00ed, dijous, els visitants de <strong>Creativa Barcelona<\/strong> podran descobrir com les mans de les alumnes de l\u2019<strong>Associaci\u00f3 Catalana de Puntaires<\/strong> elaboren a poc a poc les seves puntes sota les indicacions de <strong>Pilar Garc\u00e9s<\/strong>, que els ensenyar\u00e0 amb mestria els secrets d\u2019aquesta t\u00e8cnica.<\/p>\n\n\n\n<p class=\"wp-block-paragraph\">Divendres i dissabte seran els dies de les demostracions i els tallers oberts a tots els p\u00fablics, grans i petits. \u201cPortarem diversos coixins perqu\u00e8 qualsevol persona que passi per Creativa Barcelona pugui comprovar que no \u00e9s tan complicat\u201d, comenta Pilar. Aix\u00ed, a m\u00e9s de poder veure peces \u00faniques acabades i per acabar, de veure com les mans experimentades mouen els boixets amb mestria, tamb\u00e9 <strong>Creativa Barcelona<\/strong> oferir\u00e0 una oportunitat \u00fanica per apropar-se a una t\u00e8cnica ancestral, descobrir, en primera persona, com es treballa i, sobretot, apreciar el treball, la paci\u00e8ncia i la precisi\u00f3 que hi ha darrere de cada pe\u00e7a.<\/p>\n","protected":false},"excerpt":{"rendered":"<p>Creativa Barcelona acollir\u00e0, un any m\u00e9s, la Trobada de Puntes de Coix\u00ed, que reunir\u00e0 desenes d\u2019aficionades a una de les disciplines artesanes amb m\u00e9s tradici\u00f3 del nostre pa\u00eds: les puntes de coix\u00ed.<\/p>\n","protected":false},"author":1,"featured_media":28561,"comment_status":"closed","ping_status":"closed","sticky":false,"template":"","format":"standard","meta":{"footnotes":""},"categories":[749],"tags":[],"class_list":["post-28585","post","type-post","status-publish","format-standard","has-post-thumbnail","hentry","category-creativa-2026"],"yoast_head":"<!-- This site is optimized with the Yoast SEO plugin v28.4 - https:\/\/yoast.com\/product\/yoast-seo-wordpress\/ -->\n<title>Trobada de Puntes de Coix\u00ed 2026 a Creativa Barcelona - Creativa Barcelona<\/title>\n<meta name=\"robots\" content=\"index, follow, max-snippet:-1, max-image-preview:large, max-video-preview:-1\" \/>\n<link rel=\"canonical\" href=\"https:\/\/creativabarcelona.com\/ca\/trobada-de-puntes-de-coixi-2026-a-creativa-barcelona\/\" \/>\n<meta property=\"og:locale\" content=\"ca_ES\" \/>\n<meta property=\"og:type\" content=\"article\" \/>\n<meta property=\"og:title\" content=\"Trobada de Puntes de Coix\u00ed 2026 a Creativa Barcelona - Creativa Barcelona\" \/>\n<meta property=\"og:description\" content=\"Creativa Barcelona acollir\u00e0, un any m\u00e9s, la Trobada de Puntes de Coix\u00ed, que reunir\u00e0 desenes d\u2019aficionades a una de les disciplines artesanes amb m\u00e9s tradici\u00f3 del nostre pa\u00eds: les puntes de coix\u00ed.\" \/>\n<meta property=\"og:url\" content=\"https:\/\/creativabarcelona.com\/ca\/trobada-de-puntes-de-coixi-2026-a-creativa-barcelona\/\" \/>\n<meta property=\"og:site_name\" content=\"Creativa Barcelona\" \/>\n<meta property=\"article:published_time\" content=\"2026-09-04T12:00:27+00:00\" \/>\n<meta property=\"article:modified_time\" content=\"2026-09-04T12:01:36+00:00\" \/>\n<meta property=\"og:image\" content=\"https:\/\/creativabarcelona.com\/wp-content\/uploads\/2026\/09\/news26_encuentro_bolillos_2026.jpg\" \/>\n\t<meta property=\"og:image:width\" content=\"750\" \/>\n\t<meta property=\"og:image:height\" content=\"550\" \/>\n\t<meta property=\"og:image:type\" content=\"image\/jpeg\" \/>\n<meta name=\"author\" content=\"Creativa Barcelona\" \/>\n<meta name=\"twitter:card\" content=\"summary_large_image\" \/>\n<meta name=\"twitter:label1\" content=\"Escrit per\" \/>\n\t<meta name=\"twitter:data1\" content=\"Creativa Barcelona\" \/>\n\t<meta name=\"twitter:label2\" content=\"Temps estimat de lectura\" \/>\n\t<meta name=\"twitter:data2\" content=\"2 minuts\" \/>\n<script type=\"application\/ld+json\" class=\"yoast-schema-graph\">{\"@context\":\"https:\\\/\\\/schema.org\",\"@graph\":[{\"@type\":\"Article\",\"@id\":\"https:\\\/\\\/creativabarcelona.com\\\/ca\\\/trobada-de-puntes-de-coixi-2026-a-creativa-barcelona\\\/#article\",\"isPartOf\":{\"@id\":\"https:\\\/\\\/creativabarcelona.com\\\/ca\\\/trobada-de-puntes-de-coixi-2026-a-creativa-barcelona\\\/\"},\"author\":{\"name\":\"Creativa Barcelona\",\"@id\":\"https:\\\/\\\/creativabarcelona.com\\\/#\\\/schema\\\/person\\\/88136af06c702fba6a4a56fccac027e3\"},\"headline\":\"Trobada de Puntes de Coix\u00ed 2026 a Creativa Barcelona\",\"datePublished\":\"2026-09-04T12:00:27+00:00\",\"dateModified\":\"2026-09-04T12:01:36+00:00\",\"mainEntityOfPage\":{\"@id\":\"https:\\\/\\\/creativabarcelona.com\\\/ca\\\/trobada-de-puntes-de-coixi-2026-a-creativa-barcelona\\\/\"},\"wordCount\":265,\"publisher\":{\"@id\":\"https:\\\/\\\/creativabarcelona.com\\\/#organization\"},\"image\":{\"@id\":\"https:\\\/\\\/creativabarcelona.com\\\/ca\\\/trobada-de-puntes-de-coixi-2026-a-creativa-barcelona\\\/#primaryimage\"},\"thumbnailUrl\":\"https:\\\/\\\/creativabarcelona.com\\\/wp-content\\\/uploads\\\/2026\\\/09\\\/news26_encuentro_bolillos_2026.jpg\",\"articleSection\":[\"Creativa 2026\"],\"inLanguage\":\"ca\"},{\"@type\":\"WebPage\",\"@id\":\"https:\\\/\\\/creativabarcelona.com\\\/ca\\\/trobada-de-puntes-de-coixi-2026-a-creativa-barcelona\\\/\",\"url\":\"https:\\\/\\\/creativabarcelona.com\\\/ca\\\/trobada-de-puntes-de-coixi-2026-a-creativa-barcelona\\\/\",\"name\":\"Trobada de Puntes de Coix\u00ed 2026 a Creativa Barcelona - Creativa Barcelona\",\"isPartOf\":{\"@id\":\"https:\\\/\\\/creativabarcelona.com\\\/#website\"},\"primaryImageOfPage\":{\"@id\":\"https:\\\/\\\/creativabarcelona.com\\\/ca\\\/trobada-de-puntes-de-coixi-2026-a-creativa-barcelona\\\/#primaryimage\"},\"image\":{\"@id\":\"https:\\\/\\\/creativabarcelona.com\\\/ca\\\/trobada-de-puntes-de-coixi-2026-a-creativa-barcelona\\\/#primaryimage\"},\"thumbnailUrl\":\"https:\\\/\\\/creativabarcelona.com\\\/wp-content\\\/uploads\\\/2026\\\/09\\\/news26_encuentro_bolillos_2026.jpg\",\"datePublished\":\"2026-09-04T12:00:27+00:00\",\"dateModified\":\"2026-09-04T12:01:36+00:00\",\"breadcrumb\":{\"@id\":\"https:\\\/\\\/creativabarcelona.com\\\/ca\\\/trobada-de-puntes-de-coixi-2026-a-creativa-barcelona\\\/#breadcrumb\"},\"inLanguage\":\"ca\",\"potentialAction\":[{\"@type\":\"ReadAction\",\"target\":[\"https:\\\/\\\/creativabarcelona.com\\\/ca\\\/trobada-de-puntes-de-coixi-2026-a-creativa-barcelona\\\/\"]}]},{\"@type\":\"ImageObject\",\"inLanguage\":\"ca\",\"@id\":\"https:\\\/\\\/creativabarcelona.com\\\/ca\\\/trobada-de-puntes-de-coixi-2026-a-creativa-barcelona\\\/#primaryimage\",\"url\":\"https:\\\/\\\/creativabarcelona.com\\\/wp-content\\\/uploads\\\/2026\\\/09\\\/news26_encuentro_bolillos_2026.jpg\",\"contentUrl\":\"https:\\\/\\\/creativabarcelona.com\\\/wp-content\\\/uploads\\\/2026\\\/09\\\/news26_encuentro_bolillos_2026.jpg\",\"width\":750,\"height\":550},{\"@type\":\"BreadcrumbList\",\"@id\":\"https:\\\/\\\/creativabarcelona.com\\\/ca\\\/trobada-de-puntes-de-coixi-2026-a-creativa-barcelona\\\/#breadcrumb\",\"itemListElement\":[{\"@type\":\"ListItem\",\"position\":1,\"name\":\"Portada\",\"item\":\"https:\\\/\\\/creativabarcelona.com\\\/ca\\\/\"},{\"@type\":\"ListItem\",\"position\":2,\"name\":\"Trobada de Puntes de Coix\u00ed 2026 a Creativa Barcelona\"}]},{\"@type\":\"WebSite\",\"@id\":\"https:\\\/\\\/creativabarcelona.com\\\/#website\",\"url\":\"https:\\\/\\\/creativabarcelona.com\\\/\",\"name\":\"Creativa Barcelona\",\"description\":\"Sal\u00f3 de les Manualitats i Artesanies\",\"publisher\":{\"@id\":\"https:\\\/\\\/creativabarcelona.com\\\/#organization\"},\"potentialAction\":[{\"@type\":\"SearchAction\",\"target\":{\"@type\":\"EntryPoint\",\"urlTemplate\":\"https:\\\/\\\/creativabarcelona.com\\\/?s={search_term_string}\"},\"query-input\":{\"@type\":\"PropertyValueSpecification\",\"valueRequired\":true,\"valueName\":\"search_term_string\"}}],\"inLanguage\":\"ca\"},{\"@type\":\"Organization\",\"@id\":\"https:\\\/\\\/creativabarcelona.com\\\/#organization\",\"name\":\"Creativa Barcelona\",\"url\":\"https:\\\/\\\/creativabarcelona.com\\\/\",\"logo\":{\"@type\":\"ImageObject\",\"inLanguage\":\"ca\",\"@id\":\"https:\\\/\\\/creativabarcelona.com\\\/#\\\/schema\\\/logo\\\/image\\\/\",\"url\":\"https:\\\/\\\/creativabarcelona.com\\\/wp-content\\\/uploads\\\/2022\\\/02\\\/logo_creativa_barcelona26_esp.png\",\"contentUrl\":\"https:\\\/\\\/creativabarcelona.com\\\/wp-content\\\/uploads\\\/2022\\\/02\\\/logo_creativa_barcelona26_esp.png\",\"width\":777,\"height\":417,\"caption\":\"Creativa Barcelona\"},\"image\":{\"@id\":\"https:\\\/\\\/creativabarcelona.com\\\/#\\\/schema\\\/logo\\\/image\\\/\"}},{\"@type\":\"Person\",\"@id\":\"https:\\\/\\\/creativabarcelona.com\\\/#\\\/schema\\\/person\\\/88136af06c702fba6a4a56fccac027e3\",\"name\":\"Creativa Barcelona\",\"image\":{\"@type\":\"ImageObject\",\"inLanguage\":\"ca\",\"@id\":\"https:\\\/\\\/secure.gravatar.com\\\/avatar\\\/9751d88ddbee61c132bde30a2ddd40a6948919cbc65d9dc0baed64e15bd22aca?s=96&d=mm&r=g\",\"url\":\"https:\\\/\\\/secure.gravatar.com\\\/avatar\\\/9751d88ddbee61c132bde30a2ddd40a6948919cbc65d9dc0baed64e15bd22aca?s=96&d=mm&r=g\",\"contentUrl\":\"https:\\\/\\\/secure.gravatar.com\\\/avatar\\\/9751d88ddbee61c132bde30a2ddd40a6948919cbc65d9dc0baed64e15bd22aca?s=96&d=mm&r=g\",\"caption\":\"Creativa Barcelona\"},\"sameAs\":[\"https:\\\/\\\/creativabarcelona.com\"],\"url\":\"https:\\\/\\\/creativabarcelona.com\\\/ca\\\/author\\\/crea20tiv22bcn\\\/\"}]}<\/script>\n<!-- \/ Yoast SEO plugin. -->","yoast_head_json":{"title":"Trobada de Puntes de Coix\u00ed 2026 a Creativa Barcelona - Creativa Barcelona","robots":{"index":"index","follow":"follow","max-snippet":"max-snippet:-1","max-image-preview":"max-image-preview:large","max-video-preview":"max-video-preview:-1"},"canonical":"https:\/\/creativabarcelona.com\/ca\/trobada-de-puntes-de-coixi-2026-a-creativa-barcelona\/","og_locale":"ca_ES","og_type":"article","og_title":"Trobada de Puntes de Coix\u00ed 2026 a Creativa Barcelona - Creativa Barcelona","og_description":"Creativa Barcelona acollir\u00e0, un any m\u00e9s, la Trobada de Puntes de Coix\u00ed, que reunir\u00e0 desenes d\u2019aficionades a una de les disciplines artesanes amb m\u00e9s tradici\u00f3 del nostre pa\u00eds: les puntes de coix\u00ed.","og_url":"https:\/\/creativabarcelona.com\/ca\/trobada-de-puntes-de-coixi-2026-a-creativa-barcelona\/","og_site_name":"Creativa Barcelona","article_published_time":"2026-09-04T12:00:27+00:00","article_modified_time":"2026-09-04T12:01:36+00:00","og_image":[{"width":750,"height":550,"url":"https:\/\/creativabarcelona.com\/wp-content\/uploads\/2026\/09\/news26_encuentro_bolillos_2026.jpg","type":"image\/jpeg"}],"author":"Creativa Barcelona","twitter_card":"summary_large_image","twitter_misc":{"Escrit per":"Creativa Barcelona","Temps estimat de lectura":"2 minuts"},"schema":{"@context":"https:\/\/schema.org","@graph":[{"@type":"Article","@id":"https:\/\/creativabarcelona.com\/ca\/trobada-de-puntes-de-coixi-2026-a-creativa-barcelona\/#article","isPartOf":{"@id":"https:\/\/creativabarcelona.com\/ca\/trobada-de-puntes-de-coixi-2026-a-creativa-barcelona\/"},"author":{"name":"Creativa Barcelona","@id":"https:\/\/creativabarcelona.com\/#\/schema\/person\/88136af06c702fba6a4a56fccac027e3"},"headline":"Trobada de Puntes de Coix\u00ed 2026 a Creativa Barcelona","datePublished":"2026-09-04T12:00:27+00:00","dateModified":"2026-09-04T12:01:36+00:00","mainEntityOfPage":{"@id":"https:\/\/creativabarcelona.com\/ca\/trobada-de-puntes-de-coixi-2026-a-creativa-barcelona\/"},"wordCount":265,"publisher":{"@id":"https:\/\/creativabarcelona.com\/#organization"},"image":{"@id":"https:\/\/creativabarcelona.com\/ca\/trobada-de-puntes-de-coixi-2026-a-creativa-barcelona\/#primaryimage"},"thumbnailUrl":"https:\/\/creativabarcelona.com\/wp-content\/uploads\/2026\/09\/news26_encuentro_bolillos_2026.jpg","articleSection":["Creativa 2026"],"inLanguage":"ca"},{"@type":"WebPage","@id":"https:\/\/creativabarcelona.com\/ca\/trobada-de-puntes-de-coixi-2026-a-creativa-barcelona\/","url":"https:\/\/creativabarcelona.com\/ca\/trobada-de-puntes-de-coixi-2026-a-creativa-barcelona\/","name":"Trobada de Puntes de Coix\u00ed 2026 a Creativa Barcelona - Creativa Barcelona","isPartOf":{"@id":"https:\/\/creativabarcelona.com\/#website"},"primaryImageOfPage":{"@id":"https:\/\/creativabarcelona.com\/ca\/trobada-de-puntes-de-coixi-2026-a-creativa-barcelona\/#primaryimage"},"image":{"@id":"https:\/\/creativabarcelona.com\/ca\/trobada-de-puntes-de-coixi-2026-a-creativa-barcelona\/#primaryimage"},"thumbnailUrl":"https:\/\/creativabarcelona.com\/wp-content\/uploads\/2026\/09\/news26_encuentro_bolillos_2026.jpg","datePublished":"2026-09-04T12:00:27+00:00","dateModified":"2026-09-04T12:01:36+00:00","breadcrumb":{"@id":"https:\/\/creativabarcelona.com\/ca\/trobada-de-puntes-de-coixi-2026-a-creativa-barcelona\/#breadcrumb"},"inLanguage":"ca","potentialAction":[{"@type":"ReadAction","target":["https:\/\/creativabarcelona.com\/ca\/trobada-de-puntes-de-coixi-2026-a-creativa-barcelona\/"]}]},{"@type":"ImageObject","inLanguage":"ca","@id":"https:\/\/creativabarcelona.com\/ca\/trobada-de-puntes-de-coixi-2026-a-creativa-barcelona\/#primaryimage","url":"https:\/\/creativabarcelona.com\/wp-content\/uploads\/2026\/09\/news26_encuentro_bolillos_2026.jpg","contentUrl":"https:\/\/creativabarcelona.com\/wp-content\/uploads\/2026\/09\/news26_encuentro_bolillos_2026.jpg","width":750,"height":550},{"@type":"BreadcrumbList","@id":"https:\/\/creativabarcelona.com\/ca\/trobada-de-puntes-de-coixi-2026-a-creativa-barcelona\/#breadcrumb","itemListElement":[{"@type":"ListItem","position":1,"name":"Portada","item":"https:\/\/creativabarcelona.com\/ca\/"},{"@type":"ListItem","position":2,"name":"Trobada de Puntes de Coix\u00ed 2026 a Creativa Barcelona"}]},{"@type":"WebSite","@id":"https:\/\/creativabarcelona.com\/#website","url":"https:\/\/creativabarcelona.com\/","name":"Creativa Barcelona","description":"Sal\u00f3 de les Manualitats i Artesanies","publisher":{"@id":"https:\/\/creativabarcelona.com\/#organization"},"potentialAction":[{"@type":"SearchAction","target":{"@type":"EntryPoint","urlTemplate":"https:\/\/creativabarcelona.com\/?s={search_term_string}"},"query-input":{"@type":"PropertyValueSpecification","valueRequired":true,"valueName":"search_term_string"}}],"inLanguage":"ca"},{"@type":"Organization","@id":"https:\/\/creativabarcelona.com\/#organization","name":"Creativa Barcelona","url":"https:\/\/creativabarcelona.com\/","logo":{"@type":"ImageObject","inLanguage":"ca","@id":"https:\/\/creativabarcelona.com\/#\/schema\/logo\/image\/","url":"https:\/\/creativabarcelona.com\/wp-content\/uploads\/2022\/02\/logo_creativa_barcelona26_esp.png","contentUrl":"https:\/\/creativabarcelona.com\/wp-content\/uploads\/2022\/02\/logo_creativa_barcelona26_esp.png","width":777,"height":417,"caption":"Creativa Barcelona"},"image":{"@id":"https:\/\/creativabarcelona.com\/#\/schema\/logo\/image\/"}},{"@type":"Person","@id":"https:\/\/creativabarcelona.com\/#\/schema\/person\/88136af06c702fba6a4a56fccac027e3","name":"Creativa Barcelona","image":{"@type":"ImageObject","inLanguage":"ca","@id":"https:\/\/secure.gravatar.com\/avatar\/9751d88ddbee61c132bde30a2ddd40a6948919cbc65d9dc0baed64e15bd22aca?s=96&d=mm&r=g","url":"https:\/\/secure.gravatar.com\/avatar\/9751d88ddbee61c132bde30a2ddd40a6948919cbc65d9dc0baed64e15bd22aca?s=96&d=mm&r=g","contentUrl":"https:\/\/secure.gravatar.com\/avatar\/9751d88ddbee61c132bde30a2ddd40a6948919cbc65d9dc0baed64e15bd22aca?s=96&d=mm&r=g","caption":"Creativa Barcelona"},"sameAs":["https:\/\/creativabarcelona.com"],"url":"https:\/\/creativabarcelona.com\/ca\/author\/crea20tiv22bcn\/"}]}},"_links":{"self":[{"href":"https:\/\/creativabarcelona.com\/ca\/wp-json\/wp\/v2\/posts\/28585","targetHints":{"allow":["GET"]}}],"collection":[{"href":"https:\/\/creativabarcelona.com\/ca\/wp-json\/wp\/v2\/posts"}],"about":[{"href":"https:\/\/creativabarcelona.com\/ca\/wp-json\/wp\/v2\/types\/post"}],"author":[{"embeddable":true,"href":"https:\/\/creativabarcelona.com\/ca\/wp-json\/wp\/v2\/users\/1"}],"replies":[{"embeddable":true,"href":"https:\/\/creativabarcelona.com\/ca\/wp-json\/wp\/v2\/comments?post=28585"}],"version-history":[{"count":1,"href":"https:\/\/creativabarcelona.com\/ca\/wp-json\/wp\/v2\/posts\/28585\/revisions"}],"predecessor-version":[{"id":28586,"href":"https:\/\/creativabarcelona.com\/ca\/wp-json\/wp\/v2\/posts\/28585\/revisions\/28586"}],"wp:featuredmedia":[{"embeddable":true,"href":"https:\/\/creativabarcelona.com\/ca\/wp-json\/wp\/v2\/media\/28561"}],"wp:attachment":[{"href":"https:\/\/creativabarcelona.com\/ca\/wp-json\/wp\/v2\/media?parent=28585"}],"wp:term":[{"taxonomy":"category","embeddable":true,"href":"https:\/\/creativabarcelona.com\/ca\/wp-json\/wp\/v2\/categories?post=28585"},{"taxonomy":"post_tag","embeddable":true,"href":"https:\/\/creativabarcelona.com\/ca\/wp-json\/wp\/v2\/tags?post=28585"}],"curies":[{"name":"wp","href":"https:\/\/api.w.org\/{rel}","templated":true}]}}