{"id":28589,"date":"2026-09-04T14:02:53","date_gmt":"2026-09-04T12:02:53","guid":{"rendered":"https:\/\/creativabarcelona.com\/cuatro-motivos-por-los-que-no-debes-perderte-la-proxima-edicion-de-creativa-barcelona\/"},"modified":"2026-09-04T14:03:54","modified_gmt":"2026-09-04T12:03:54","slug":"cuatro-motivos-por-los-que-no-debes-perderte-la-proxima-edicion-de-creativa-barcelona","status":"publish","type":"post","link":"https:\/\/creativabarcelona.com\/ca\/cuatro-motivos-por-los-que-no-debes-perderte-la-proxima-edicion-de-creativa-barcelona\/","title":{"rendered":"Cuatro motivos por los que no debes perderte la pr\u00f3xima edici\u00f3n de Creativa Barcelona"},"content":{"rendered":"\n<p class=\"wp-block-paragraph\"><strong>Creativa Barcelona<\/strong> \u00e9s la cita anual imprescindible dels amants de les manualitats i les artesanies, per\u00f2 si encara dubtes si assistir-hi o no, aquest article t\u2019acabar\u00e0 de conv\u00e8ncer. Perqu\u00e8 aqu\u00ed tens quatre motius (encara que n\u2019hi ha molts m\u00e9s) pels quals no et pots perdre la propera edici\u00f3 de <strong>Creativa Barcelona<\/strong>.<\/p>\n\n\n\n<p class=\"wp-block-paragraph\">D\u2019una banda, un any m\u00e9s, el Sal\u00f3 se celebra al novembre \u2014del 5 al 8 de novembre\u2014. Aix\u00ed, tens temps de sobres per aprendre a crear les teves pr\u00f2pies manualitats i decorar amb elles el teu Nadal. Ser\u00e0 una gran oportunitat tamb\u00e9 per trobar regals o, fins i tot, per elaborar-los tu mateix\/a als nostres tallers <a href=\"https:\/\/creativabarcelona.com\/ca\/tallers-make-and-take-creativa-barcelona\/\"><\/a><a href=\"https:\/\/creativabarcelona.com\/ca\/tallers-make-and-take-creativa-barcelona\/\"><strong>Make &amp; Take by Servei Estaci\u00f3<\/strong><\/a>.<\/p>\n\n\n\n<p class=\"wp-block-paragraph\">D\u2019altra banda, <strong>Creativa Barcelona<\/strong> et permetr\u00e0 desconnectar de les pantalles i connectar amb la teva creativitat. Durant quatre dies podr\u00e0s veure, descobrir, comprar nous materials i impregnar-te d\u2019inspiraci\u00f3.<\/p>\n\n\n\n<p class=\"wp-block-paragraph\">El tercer motiu tamb\u00e9 t\u00e9 a veure amb l\u2019experi\u00e8ncia, la de con\u00e8ixer els teus influencers preferits, aprendre d\u2019ells en persona.<\/p>\n\n\n\n<p class=\"wp-block-paragraph\">I, finalment, en un mateix lloc, La Farga de l\u2019Hospitalet, tindr\u00e0s l\u2019oportunitat de triar quines noves t\u00e8cniques i disciplines vols aprendre o perfeccionar. L\u2019oferta de tallers \u00e9s m\u00e9s \u00e0mplia que mai, perqu\u00e8 el que volem \u00e9s que <strong>Creativa Barcelona<\/strong> no sigui nom\u00e9s una fira per veure i comprar. Volem, per damunt de tot, que sigui la millor experi\u00e8ncia creativa de l\u2019any.<\/p>\n\n\n\n<p class=\"wp-block-paragraph\"><\/p>\n","protected":false},"excerpt":{"rendered":"<p>Creativa Barcelona \u00e9s la cita anual imprescindible dels amants de les manualitats i les artesanies, per\u00f2 si encara dubtes si assistir-hi o no, aquest article t\u2019acabar\u00e0 de conv\u00e8ncer. <\/p>\n","protected":false},"author":1,"featured_media":28551,"comment_status":"closed","ping_status":"closed","sticky":false,"template":"","format":"standard","meta":{"footnotes":""},"categories":[749],"tags":[],"class_list":["post-28589","post","type-post","status-publish","format-standard","has-post-thumbnail","hentry","category-creativa-2026"],"yoast_head":"<!-- This site is optimized with the Yoast SEO plugin v28.4 - https:\/\/yoast.com\/product\/yoast-seo-wordpress\/ -->\n<title>Cuatro motivos por los que no debes perderte la pr\u00f3xima edici\u00f3n de Creativa Barcelona - Creativa Barcelona<\/title>\n<meta name=\"robots\" content=\"index, follow, max-snippet:-1, max-image-preview:large, max-video-preview:-1\" \/>\n<link rel=\"canonical\" href=\"https:\/\/creativabarcelona.com\/ca\/cuatro-motivos-por-los-que-no-debes-perderte-la-proxima-edicion-de-creativa-barcelona\/\" \/>\n<meta property=\"og:locale\" content=\"ca_ES\" \/>\n<meta property=\"og:type\" content=\"article\" \/>\n<meta property=\"og:title\" content=\"Cuatro motivos por los que no debes perderte la pr\u00f3xima edici\u00f3n de Creativa Barcelona - Creativa Barcelona\" \/>\n<meta property=\"og:description\" content=\"Creativa Barcelona \u00e9s la cita anual imprescindible dels amants de les manualitats i les artesanies, per\u00f2 si encara dubtes si assistir-hi o no, aquest article t\u2019acabar\u00e0 de conv\u00e8ncer.\" \/>\n<meta property=\"og:url\" content=\"https:\/\/creativabarcelona.com\/ca\/cuatro-motivos-por-los-que-no-debes-perderte-la-proxima-edicion-de-creativa-barcelona\/\" \/>\n<meta property=\"og:site_name\" content=\"Creativa Barcelona\" \/>\n<meta property=\"article:published_time\" content=\"2026-09-04T12:02:53+00:00\" \/>\n<meta property=\"article:modified_time\" content=\"2026-09-04T12:03:54+00:00\" \/>\n<meta property=\"og:image\" content=\"https:\/\/creativabarcelona.com\/wp-content\/uploads\/2026\/09\/news26_4motivis_visitar_creativa26.jpg\" \/>\n\t<meta property=\"og:image:width\" content=\"750\" \/>\n\t<meta property=\"og:image:height\" content=\"550\" \/>\n\t<meta property=\"og:image:type\" content=\"image\/jpeg\" \/>\n<meta name=\"author\" content=\"Creativa Barcelona\" \/>\n<meta name=\"twitter:card\" content=\"summary_large_image\" \/>\n<meta name=\"twitter:label1\" content=\"Escrit per\" \/>\n\t<meta name=\"twitter:data1\" content=\"Creativa Barcelona\" \/>\n\t<meta name=\"twitter:label2\" content=\"Temps estimat de lectura\" \/>\n\t<meta name=\"twitter:data2\" content=\"2 minuts\" \/>\n<script type=\"application\/ld+json\" class=\"yoast-schema-graph\">{\"@context\":\"https:\\\/\\\/schema.org\",\"@graph\":[{\"@type\":\"Article\",\"@id\":\"https:\\\/\\\/creativabarcelona.com\\\/ca\\\/cuatro-motivos-por-los-que-no-debes-perderte-la-proxima-edicion-de-creativa-barcelona\\\/#article\",\"isPartOf\":{\"@id\":\"https:\\\/\\\/creativabarcelona.com\\\/ca\\\/cuatro-motivos-por-los-que-no-debes-perderte-la-proxima-edicion-de-creativa-barcelona\\\/\"},\"author\":{\"name\":\"Creativa Barcelona\",\"@id\":\"https:\\\/\\\/creativabarcelona.com\\\/#\\\/schema\\\/person\\\/88136af06c702fba6a4a56fccac027e3\"},\"headline\":\"Cuatro motivos por los que no debes perderte la pr\u00f3xima edici\u00f3n de Creativa Barcelona\",\"datePublished\":\"2026-09-04T12:02:53+00:00\",\"dateModified\":\"2026-09-04T12:03:54+00:00\",\"mainEntityOfPage\":{\"@id\":\"https:\\\/\\\/creativabarcelona.com\\\/ca\\\/cuatro-motivos-por-los-que-no-debes-perderte-la-proxima-edicion-de-creativa-barcelona\\\/\"},\"wordCount\":260,\"publisher\":{\"@id\":\"https:\\\/\\\/creativabarcelona.com\\\/#organization\"},\"image\":{\"@id\":\"https:\\\/\\\/creativabarcelona.com\\\/ca\\\/cuatro-motivos-por-los-que-no-debes-perderte-la-proxima-edicion-de-creativa-barcelona\\\/#primaryimage\"},\"thumbnailUrl\":\"https:\\\/\\\/creativabarcelona.com\\\/wp-content\\\/uploads\\\/2026\\\/09\\\/news26_4motivis_visitar_creativa26.jpg\",\"articleSection\":[\"Creativa 2026\"],\"inLanguage\":\"ca\"},{\"@type\":\"WebPage\",\"@id\":\"https:\\\/\\\/creativabarcelona.com\\\/ca\\\/cuatro-motivos-por-los-que-no-debes-perderte-la-proxima-edicion-de-creativa-barcelona\\\/\",\"url\":\"https:\\\/\\\/creativabarcelona.com\\\/ca\\\/cuatro-motivos-por-los-que-no-debes-perderte-la-proxima-edicion-de-creativa-barcelona\\\/\",\"name\":\"Cuatro motivos por los que no debes perderte la pr\u00f3xima edici\u00f3n de Creativa Barcelona - Creativa Barcelona\",\"isPartOf\":{\"@id\":\"https:\\\/\\\/creativabarcelona.com\\\/#website\"},\"primaryImageOfPage\":{\"@id\":\"https:\\\/\\\/creativabarcelona.com\\\/ca\\\/cuatro-motivos-por-los-que-no-debes-perderte-la-proxima-edicion-de-creativa-barcelona\\\/#primaryimage\"},\"image\":{\"@id\":\"https:\\\/\\\/creativabarcelona.com\\\/ca\\\/cuatro-motivos-por-los-que-no-debes-perderte-la-proxima-edicion-de-creativa-barcelona\\\/#primaryimage\"},\"thumbnailUrl\":\"https:\\\/\\\/creativabarcelona.com\\\/wp-content\\\/uploads\\\/2026\\\/09\\\/news26_4motivis_visitar_creativa26.jpg\",\"datePublished\":\"2026-09-04T12:02:53+00:00\",\"dateModified\":\"2026-09-04T12:03:54+00:00\",\"breadcrumb\":{\"@id\":\"https:\\\/\\\/creativabarcelona.com\\\/ca\\\/cuatro-motivos-por-los-que-no-debes-perderte-la-proxima-edicion-de-creativa-barcelona\\\/#breadcrumb\"},\"inLanguage\":\"ca\",\"potentialAction\":[{\"@type\":\"ReadAction\",\"target\":[\"https:\\\/\\\/creativabarcelona.com\\\/ca\\\/cuatro-motivos-por-los-que-no-debes-perderte-la-proxima-edicion-de-creativa-barcelona\\\/\"]}]},{\"@type\":\"ImageObject\",\"inLanguage\":\"ca\",\"@id\":\"https:\\\/\\\/creativabarcelona.com\\\/ca\\\/cuatro-motivos-por-los-que-no-debes-perderte-la-proxima-edicion-de-creativa-barcelona\\\/#primaryimage\",\"url\":\"https:\\\/\\\/creativabarcelona.com\\\/wp-content\\\/uploads\\\/2026\\\/09\\\/news26_4motivis_visitar_creativa26.jpg\",\"contentUrl\":\"https:\\\/\\\/creativabarcelona.com\\\/wp-content\\\/uploads\\\/2026\\\/09\\\/news26_4motivis_visitar_creativa26.jpg\",\"width\":750,\"height\":550},{\"@type\":\"BreadcrumbList\",\"@id\":\"https:\\\/\\\/creativabarcelona.com\\\/ca\\\/cuatro-motivos-por-los-que-no-debes-perderte-la-proxima-edicion-de-creativa-barcelona\\\/#breadcrumb\",\"itemListElement\":[{\"@type\":\"ListItem\",\"position\":1,\"name\":\"Portada\",\"item\":\"https:\\\/\\\/creativabarcelona.com\\\/ca\\\/\"},{\"@type\":\"ListItem\",\"position\":2,\"name\":\"Cuatro motivos por los que no debes perderte la pr\u00f3xima edici\u00f3n de Creativa Barcelona\"}]},{\"@type\":\"WebSite\",\"@id\":\"https:\\\/\\\/creativabarcelona.com\\\/#website\",\"url\":\"https:\\\/\\\/creativabarcelona.com\\\/\",\"name\":\"Creativa Barcelona\",\"description\":\"Sal\u00f3 de les Manualitats i Artesanies\",\"publisher\":{\"@id\":\"https:\\\/\\\/creativabarcelona.com\\\/#organization\"},\"potentialAction\":[{\"@type\":\"SearchAction\",\"target\":{\"@type\":\"EntryPoint\",\"urlTemplate\":\"https:\\\/\\\/creativabarcelona.com\\\/?s={search_term_string}\"},\"query-input\":{\"@type\":\"PropertyValueSpecification\",\"valueRequired\":true,\"valueName\":\"search_term_string\"}}],\"inLanguage\":\"ca\"},{\"@type\":\"Organization\",\"@id\":\"https:\\\/\\\/creativabarcelona.com\\\/#organization\",\"name\":\"Creativa Barcelona\",\"url\":\"https:\\\/\\\/creativabarcelona.com\\\/\",\"logo\":{\"@type\":\"ImageObject\",\"inLanguage\":\"ca\",\"@id\":\"https:\\\/\\\/creativabarcelona.com\\\/#\\\/schema\\\/logo\\\/image\\\/\",\"url\":\"https:\\\/\\\/creativabarcelona.com\\\/wp-content\\\/uploads\\\/2022\\\/02\\\/logo_creativa_barcelona26_esp.png\",\"contentUrl\":\"https:\\\/\\\/creativabarcelona.com\\\/wp-content\\\/uploads\\\/2022\\\/02\\\/logo_creativa_barcelona26_esp.png\",\"width\":777,\"height\":417,\"caption\":\"Creativa Barcelona\"},\"image\":{\"@id\":\"https:\\\/\\\/creativabarcelona.com\\\/#\\\/schema\\\/logo\\\/image\\\/\"}},{\"@type\":\"Person\",\"@id\":\"https:\\\/\\\/creativabarcelona.com\\\/#\\\/schema\\\/person\\\/88136af06c702fba6a4a56fccac027e3\",\"name\":\"Creativa Barcelona\",\"image\":{\"@type\":\"ImageObject\",\"inLanguage\":\"ca\",\"@id\":\"https:\\\/\\\/secure.gravatar.com\\\/avatar\\\/9751d88ddbee61c132bde30a2ddd40a6948919cbc65d9dc0baed64e15bd22aca?s=96&d=mm&r=g\",\"url\":\"https:\\\/\\\/secure.gravatar.com\\\/avatar\\\/9751d88ddbee61c132bde30a2ddd40a6948919cbc65d9dc0baed64e15bd22aca?s=96&d=mm&r=g\",\"contentUrl\":\"https:\\\/\\\/secure.gravatar.com\\\/avatar\\\/9751d88ddbee61c132bde30a2ddd40a6948919cbc65d9dc0baed64e15bd22aca?s=96&d=mm&r=g\",\"caption\":\"Creativa Barcelona\"},\"sameAs\":[\"https:\\\/\\\/creativabarcelona.com\"],\"url\":\"https:\\\/\\\/creativabarcelona.com\\\/ca\\\/author\\\/crea20tiv22bcn\\\/\"}]}<\/script>\n<!-- \/ Yoast SEO plugin. -->","yoast_head_json":{"title":"Cuatro motivos por los que no debes perderte la pr\u00f3xima edici\u00f3n de Creativa Barcelona - Creativa Barcelona","robots":{"index":"index","follow":"follow","max-snippet":"max-snippet:-1","max-image-preview":"max-image-preview:large","max-video-preview":"max-video-preview:-1"},"canonical":"https:\/\/creativabarcelona.com\/ca\/cuatro-motivos-por-los-que-no-debes-perderte-la-proxima-edicion-de-creativa-barcelona\/","og_locale":"ca_ES","og_type":"article","og_title":"Cuatro motivos por los que no debes perderte la pr\u00f3xima edici\u00f3n de Creativa Barcelona - Creativa Barcelona","og_description":"Creativa Barcelona \u00e9s la cita anual imprescindible dels amants de les manualitats i les artesanies, per\u00f2 si encara dubtes si assistir-hi o no, aquest article t\u2019acabar\u00e0 de conv\u00e8ncer.","og_url":"https:\/\/creativabarcelona.com\/ca\/cuatro-motivos-por-los-que-no-debes-perderte-la-proxima-edicion-de-creativa-barcelona\/","og_site_name":"Creativa Barcelona","article_published_time":"2026-09-04T12:02:53+00:00","article_modified_time":"2026-09-04T12:03:54+00:00","og_image":[{"width":750,"height":550,"url":"https:\/\/creativabarcelona.com\/wp-content\/uploads\/2026\/09\/news26_4motivis_visitar_creativa26.jpg","type":"image\/jpeg"}],"author":"Creativa Barcelona","twitter_card":"summary_large_image","twitter_misc":{"Escrit per":"Creativa Barcelona","Temps estimat de lectura":"2 minuts"},"schema":{"@context":"https:\/\/schema.org","@graph":[{"@type":"Article","@id":"https:\/\/creativabarcelona.com\/ca\/cuatro-motivos-por-los-que-no-debes-perderte-la-proxima-edicion-de-creativa-barcelona\/#article","isPartOf":{"@id":"https:\/\/creativabarcelona.com\/ca\/cuatro-motivos-por-los-que-no-debes-perderte-la-proxima-edicion-de-creativa-barcelona\/"},"author":{"name":"Creativa Barcelona","@id":"https:\/\/creativabarcelona.com\/#\/schema\/person\/88136af06c702fba6a4a56fccac027e3"},"headline":"Cuatro motivos por los que no debes perderte la pr\u00f3xima edici\u00f3n de Creativa Barcelona","datePublished":"2026-09-04T12:02:53+00:00","dateModified":"2026-09-04T12:03:54+00:00","mainEntityOfPage":{"@id":"https:\/\/creativabarcelona.com\/ca\/cuatro-motivos-por-los-que-no-debes-perderte-la-proxima-edicion-de-creativa-barcelona\/"},"wordCount":260,"publisher":{"@id":"https:\/\/creativabarcelona.com\/#organization"},"image":{"@id":"https:\/\/creativabarcelona.com\/ca\/cuatro-motivos-por-los-que-no-debes-perderte-la-proxima-edicion-de-creativa-barcelona\/#primaryimage"},"thumbnailUrl":"https:\/\/creativabarcelona.com\/wp-content\/uploads\/2026\/09\/news26_4motivis_visitar_creativa26.jpg","articleSection":["Creativa 2026"],"inLanguage":"ca"},{"@type":"WebPage","@id":"https:\/\/creativabarcelona.com\/ca\/cuatro-motivos-por-los-que-no-debes-perderte-la-proxima-edicion-de-creativa-barcelona\/","url":"https:\/\/creativabarcelona.com\/ca\/cuatro-motivos-por-los-que-no-debes-perderte-la-proxima-edicion-de-creativa-barcelona\/","name":"Cuatro motivos por los que no debes perderte la pr\u00f3xima edici\u00f3n de Creativa Barcelona - Creativa Barcelona","isPartOf":{"@id":"https:\/\/creativabarcelona.com\/#website"},"primaryImageOfPage":{"@id":"https:\/\/creativabarcelona.com\/ca\/cuatro-motivos-por-los-que-no-debes-perderte-la-proxima-edicion-de-creativa-barcelona\/#primaryimage"},"image":{"@id":"https:\/\/creativabarcelona.com\/ca\/cuatro-motivos-por-los-que-no-debes-perderte-la-proxima-edicion-de-creativa-barcelona\/#primaryimage"},"thumbnailUrl":"https:\/\/creativabarcelona.com\/wp-content\/uploads\/2026\/09\/news26_4motivis_visitar_creativa26.jpg","datePublished":"2026-09-04T12:02:53+00:00","dateModified":"2026-09-04T12:03:54+00:00","breadcrumb":{"@id":"https:\/\/creativabarcelona.com\/ca\/cuatro-motivos-por-los-que-no-debes-perderte-la-proxima-edicion-de-creativa-barcelona\/#breadcrumb"},"inLanguage":"ca","potentialAction":[{"@type":"ReadAction","target":["https:\/\/creativabarcelona.com\/ca\/cuatro-motivos-por-los-que-no-debes-perderte-la-proxima-edicion-de-creativa-barcelona\/"]}]},{"@type":"ImageObject","inLanguage":"ca","@id":"https:\/\/creativabarcelona.com\/ca\/cuatro-motivos-por-los-que-no-debes-perderte-la-proxima-edicion-de-creativa-barcelona\/#primaryimage","url":"https:\/\/creativabarcelona.com\/wp-content\/uploads\/2026\/09\/news26_4motivis_visitar_creativa26.jpg","contentUrl":"https:\/\/creativabarcelona.com\/wp-content\/uploads\/2026\/09\/news26_4motivis_visitar_creativa26.jpg","width":750,"height":550},{"@type":"BreadcrumbList","@id":"https:\/\/creativabarcelona.com\/ca\/cuatro-motivos-por-los-que-no-debes-perderte-la-proxima-edicion-de-creativa-barcelona\/#breadcrumb","itemListElement":[{"@type":"ListItem","position":1,"name":"Portada","item":"https:\/\/creativabarcelona.com\/ca\/"},{"@type":"ListItem","position":2,"name":"Cuatro motivos por los que no debes perderte la pr\u00f3xima edici\u00f3n de Creativa Barcelona"}]},{"@type":"WebSite","@id":"https:\/\/creativabarcelona.com\/#website","url":"https:\/\/creativabarcelona.com\/","name":"Creativa Barcelona","description":"Sal\u00f3 de les Manualitats i Artesanies","publisher":{"@id":"https:\/\/creativabarcelona.com\/#organization"},"potentialAction":[{"@type":"SearchAction","target":{"@type":"EntryPoint","urlTemplate":"https:\/\/creativabarcelona.com\/?s={search_term_string}"},"query-input":{"@type":"PropertyValueSpecification","valueRequired":true,"valueName":"search_term_string"}}],"inLanguage":"ca"},{"@type":"Organization","@id":"https:\/\/creativabarcelona.com\/#organization","name":"Creativa Barcelona","url":"https:\/\/creativabarcelona.com\/","logo":{"@type":"ImageObject","inLanguage":"ca","@id":"https:\/\/creativabarcelona.com\/#\/schema\/logo\/image\/","url":"https:\/\/creativabarcelona.com\/wp-content\/uploads\/2022\/02\/logo_creativa_barcelona26_esp.png","contentUrl":"https:\/\/creativabarcelona.com\/wp-content\/uploads\/2022\/02\/logo_creativa_barcelona26_esp.png","width":777,"height":417,"caption":"Creativa Barcelona"},"image":{"@id":"https:\/\/creativabarcelona.com\/#\/schema\/logo\/image\/"}},{"@type":"Person","@id":"https:\/\/creativabarcelona.com\/#\/schema\/person\/88136af06c702fba6a4a56fccac027e3","name":"Creativa Barcelona","image":{"@type":"ImageObject","inLanguage":"ca","@id":"https:\/\/secure.gravatar.com\/avatar\/9751d88ddbee61c132bde30a2ddd40a6948919cbc65d9dc0baed64e15bd22aca?s=96&d=mm&r=g","url":"https:\/\/secure.gravatar.com\/avatar\/9751d88ddbee61c132bde30a2ddd40a6948919cbc65d9dc0baed64e15bd22aca?s=96&d=mm&r=g","contentUrl":"https:\/\/secure.gravatar.com\/avatar\/9751d88ddbee61c132bde30a2ddd40a6948919cbc65d9dc0baed64e15bd22aca?s=96&d=mm&r=g","caption":"Creativa Barcelona"},"sameAs":["https:\/\/creativabarcelona.com"],"url":"https:\/\/creativabarcelona.com\/ca\/author\/crea20tiv22bcn\/"}]}},"_links":{"self":[{"href":"https:\/\/creativabarcelona.com\/ca\/wp-json\/wp\/v2\/posts\/28589","targetHints":{"allow":["GET"]}}],"collection":[{"href":"https:\/\/creativabarcelona.com\/ca\/wp-json\/wp\/v2\/posts"}],"about":[{"href":"https:\/\/creativabarcelona.com\/ca\/wp-json\/wp\/v2\/types\/post"}],"author":[{"embeddable":true,"href":"https:\/\/creativabarcelona.com\/ca\/wp-json\/wp\/v2\/users\/1"}],"replies":[{"embeddable":true,"href":"https:\/\/creativabarcelona.com\/ca\/wp-json\/wp\/v2\/comments?post=28589"}],"version-history":[{"count":1,"href":"https:\/\/creativabarcelona.com\/ca\/wp-json\/wp\/v2\/posts\/28589\/revisions"}],"predecessor-version":[{"id":28590,"href":"https:\/\/creativabarcelona.com\/ca\/wp-json\/wp\/v2\/posts\/28589\/revisions\/28590"}],"wp:featuredmedia":[{"embeddable":true,"href":"https:\/\/creativabarcelona.com\/ca\/wp-json\/wp\/v2\/media\/28551"}],"wp:attachment":[{"href":"https:\/\/creativabarcelona.com\/ca\/wp-json\/wp\/v2\/media?parent=28589"}],"wp:term":[{"taxonomy":"category","embeddable":true,"href":"https:\/\/creativabarcelona.com\/ca\/wp-json\/wp\/v2\/categories?post=28589"},{"taxonomy":"post_tag","embeddable":true,"href":"https:\/\/creativabarcelona.com\/ca\/wp-json\/wp\/v2\/tags?post=28589"}],"curies":[{"name":"wp","href":"https:\/\/api.w.org\/{rel}","templated":true}]}}