{"id":3208,"date":"2022-06-23T10:45:31","date_gmt":"2022-06-23T08:45:31","guid":{"rendered":"https:\/\/creativabarcelona.com\/jordi-cruz-ya-es-un-creativer-mas-de-creativa-barcelona-2022\/"},"modified":"2024-09-04T12:32:35","modified_gmt":"2024-09-04T10:32:35","slug":"jordi-cruz-ja-es-un-creativer-mes-de-creativa-barcelona-2022","status":"publish","type":"post","link":"https:\/\/creativabarcelona.com\/ca\/jordi-cruz-ja-es-un-creativer-mes-de-creativa-barcelona-2022\/","title":{"rendered":"Jordi Cruz ja \u00e9s un #creativer m\u00e9s de CREATIVA BARCELONA 2022"},"content":{"rendered":"<h5><strong>EXCLUSIVA, ARTEMANIACS! Jordi Cruz ja \u00e9s un #creativer m\u00e9s de CREATIVA BARCELONA 2022 i podreu veure&#8217;l del 10 al 13 de novembre a La Farga de L\u2019Hospitalet.<\/strong><\/h5>\n<p>Aquell jove que va marxar a Madrid a la recerca de la seva passi\u00f3, la va aconseguir i gr\u00e0cies al Club Disney, i sobretot al ja m\u00edtic Art Attack, va robar tots els cors dels que encenien la televisi\u00f3 per aprendre manualitats i divertir-nos amb la seva simpatia al costat del manetes\u201d i el \u201ccapgr\u00f2s\u201d.<\/p>\n<p>Ara, despr\u00e9s d&#8217;uns quants anys d&#8217;experi\u00e8ncia a l&#8217;esquena tamb\u00e9 amb la seva participaci\u00f3 a Megatrix, el doblatge del personatge Flik de la pel\u00b7l\u00edcula Bestioles o Fred Wesley de la saga Harry Potter i el seu pas per la r\u00e0dio, podcasts com Segueixes aqu\u00ed? per a Netflix i presentador del programa de televisi\u00f3 Top Gamers Academy a Neox, actualment compta amb un canal de youtube anomenat BricoAttack, on torna als seus or\u00edgens amb un aire m\u00e9s adult i amb el seu toc personal d&#8217;entrevistes a convidats especials, per\u00f2 sense perdre l&#8217;ess\u00e8ncia del que va ser aquell xaval que ens va enamorar tant a nens com a adults.<\/p>\n<p><strong>Amb Jordi Cruz CREATIVA BARCELONA 2022 recupera la m\u00e0gia de la creativitat.<\/strong><\/p>\n<p><a href=\"https:\/\/creativabarcelona.credoffice.net\/CreativaBarcelonaTickets\/Index.aspx\" target=\"_blank\" rel=\"noopener\"><strong>Compra ja les entrades<\/strong><\/a> per no perdre&#8217;t ni un detall de tot el que estem preparant per a tu, #creativer.<\/p>\n","protected":false},"excerpt":{"rendered":"<p>\u00a1EXCLUSIVA, ARTEMAN\u00cdACOS! Jordi Cruz ya es un #creativer m\u00e1s de CREATIVA BARCELONA 2022 y podr\u00e9is verle del 10 al 13 de noviembre en La Farga de L\u2019Hospitalet.<\/p>\n","protected":false},"author":1,"featured_media":3204,"comment_status":"closed","ping_status":"closed","sticky":false,"template":"","format":"standard","meta":{"footnotes":""},"categories":[49,213],"tags":[],"class_list":["post-3208","post","type-post","status-publish","format-standard","has-post-thumbnail","hentry","category-actualitat","category-creativa-2022-ca"],"yoast_head":"<!-- This site is optimized with the Yoast SEO plugin v27.5 - https:\/\/yoast.com\/product\/yoast-seo-wordpress\/ -->\n<title>Jordi Cruz ja \u00e9s un #creativer m\u00e9s de CREATIVA BARCELONA 2022 - Creativa Barcelona<\/title>\n<meta name=\"robots\" content=\"index, follow, max-snippet:-1, max-image-preview:large, max-video-preview:-1\" \/>\n<link rel=\"canonical\" href=\"https:\/\/creativabarcelona.com\/ca\/jordi-cruz-ja-es-un-creativer-mes-de-creativa-barcelona-2022\/\" \/>\n<meta property=\"og:locale\" content=\"ca_ES\" \/>\n<meta property=\"og:type\" content=\"article\" \/>\n<meta property=\"og:title\" content=\"Jordi Cruz ja \u00e9s un #creativer m\u00e9s de CREATIVA BARCELONA 2022 - Creativa Barcelona\" \/>\n<meta property=\"og:description\" content=\"\u00a1EXCLUSIVA, ARTEMAN\u00cdACOS! Jordi Cruz ya es un #creativer m\u00e1s de CREATIVA BARCELONA 2022 y podr\u00e9is verle del 10 al 13 de noviembre en La Farga de L\u2019Hospitalet.\" \/>\n<meta property=\"og:url\" content=\"https:\/\/creativabarcelona.com\/ca\/jordi-cruz-ja-es-un-creativer-mes-de-creativa-barcelona-2022\/\" \/>\n<meta property=\"og:site_name\" content=\"Creativa Barcelona\" \/>\n<meta property=\"article:published_time\" content=\"2022-06-23T08:45:31+00:00\" \/>\n<meta property=\"article:modified_time\" content=\"2024-09-04T10:32:35+00:00\" \/>\n<meta property=\"og:image\" content=\"https:\/\/creativabarcelona.com\/wp-content\/uploads\/2022\/06\/news22_presencia_jordi_cruz.jpg\" \/>\n\t<meta property=\"og:image:width\" content=\"750\" \/>\n\t<meta property=\"og:image:height\" content=\"550\" \/>\n\t<meta property=\"og:image:type\" content=\"image\/jpeg\" \/>\n<meta name=\"author\" content=\"Creativa Barcelona\" \/>\n<meta name=\"twitter:card\" content=\"summary_large_image\" \/>\n<meta name=\"twitter:label1\" content=\"Escrit per\" \/>\n\t<meta name=\"twitter:data1\" content=\"Creativa Barcelona\" \/>\n\t<meta name=\"twitter:label2\" content=\"Temps estimat de lectura\" \/>\n\t<meta name=\"twitter:data2\" content=\"1 minut\" \/>\n<script type=\"application\/ld+json\" class=\"yoast-schema-graph\">{\"@context\":\"https:\\\/\\\/schema.org\",\"@graph\":[{\"@type\":\"Article\",\"@id\":\"https:\\\/\\\/creativabarcelona.com\\\/ca\\\/jordi-cruz-ja-es-un-creativer-mes-de-creativa-barcelona-2022\\\/#article\",\"isPartOf\":{\"@id\":\"https:\\\/\\\/creativabarcelona.com\\\/ca\\\/jordi-cruz-ja-es-un-creativer-mes-de-creativa-barcelona-2022\\\/\"},\"author\":{\"name\":\"Creativa Barcelona\",\"@id\":\"https:\\\/\\\/creativabarcelona.com\\\/#\\\/schema\\\/person\\\/88136af06c702fba6a4a56fccac027e3\"},\"headline\":\"Jordi Cruz ja \u00e9s un #creativer m\u00e9s de CREATIVA BARCELONA 2022\",\"datePublished\":\"2022-06-23T08:45:31+00:00\",\"dateModified\":\"2024-09-04T10:32:35+00:00\",\"mainEntityOfPage\":{\"@id\":\"https:\\\/\\\/creativabarcelona.com\\\/ca\\\/jordi-cruz-ja-es-un-creativer-mes-de-creativa-barcelona-2022\\\/\"},\"wordCount\":248,\"publisher\":{\"@id\":\"https:\\\/\\\/creativabarcelona.com\\\/#organization\"},\"image\":{\"@id\":\"https:\\\/\\\/creativabarcelona.com\\\/ca\\\/jordi-cruz-ja-es-un-creativer-mes-de-creativa-barcelona-2022\\\/#primaryimage\"},\"thumbnailUrl\":\"https:\\\/\\\/creativabarcelona.com\\\/wp-content\\\/uploads\\\/2022\\\/06\\\/news22_presencia_jordi_cruz.jpg\",\"articleSection\":[\"Actualitat\",\"Creativa 2022\"],\"inLanguage\":\"ca\"},{\"@type\":\"WebPage\",\"@id\":\"https:\\\/\\\/creativabarcelona.com\\\/ca\\\/jordi-cruz-ja-es-un-creativer-mes-de-creativa-barcelona-2022\\\/\",\"url\":\"https:\\\/\\\/creativabarcelona.com\\\/ca\\\/jordi-cruz-ja-es-un-creativer-mes-de-creativa-barcelona-2022\\\/\",\"name\":\"Jordi Cruz ja \u00e9s un #creativer m\u00e9s de CREATIVA BARCELONA 2022 - Creativa Barcelona\",\"isPartOf\":{\"@id\":\"https:\\\/\\\/creativabarcelona.com\\\/#website\"},\"primaryImageOfPage\":{\"@id\":\"https:\\\/\\\/creativabarcelona.com\\\/ca\\\/jordi-cruz-ja-es-un-creativer-mes-de-creativa-barcelona-2022\\\/#primaryimage\"},\"image\":{\"@id\":\"https:\\\/\\\/creativabarcelona.com\\\/ca\\\/jordi-cruz-ja-es-un-creativer-mes-de-creativa-barcelona-2022\\\/#primaryimage\"},\"thumbnailUrl\":\"https:\\\/\\\/creativabarcelona.com\\\/wp-content\\\/uploads\\\/2022\\\/06\\\/news22_presencia_jordi_cruz.jpg\",\"datePublished\":\"2022-06-23T08:45:31+00:00\",\"dateModified\":\"2024-09-04T10:32:35+00:00\",\"breadcrumb\":{\"@id\":\"https:\\\/\\\/creativabarcelona.com\\\/ca\\\/jordi-cruz-ja-es-un-creativer-mes-de-creativa-barcelona-2022\\\/#breadcrumb\"},\"inLanguage\":\"ca\",\"potentialAction\":[{\"@type\":\"ReadAction\",\"target\":[\"https:\\\/\\\/creativabarcelona.com\\\/ca\\\/jordi-cruz-ja-es-un-creativer-mes-de-creativa-barcelona-2022\\\/\"]}]},{\"@type\":\"ImageObject\",\"inLanguage\":\"ca\",\"@id\":\"https:\\\/\\\/creativabarcelona.com\\\/ca\\\/jordi-cruz-ja-es-un-creativer-mes-de-creativa-barcelona-2022\\\/#primaryimage\",\"url\":\"https:\\\/\\\/creativabarcelona.com\\\/wp-content\\\/uploads\\\/2022\\\/06\\\/news22_presencia_jordi_cruz.jpg\",\"contentUrl\":\"https:\\\/\\\/creativabarcelona.com\\\/wp-content\\\/uploads\\\/2022\\\/06\\\/news22_presencia_jordi_cruz.jpg\",\"width\":750,\"height\":550},{\"@type\":\"BreadcrumbList\",\"@id\":\"https:\\\/\\\/creativabarcelona.com\\\/ca\\\/jordi-cruz-ja-es-un-creativer-mes-de-creativa-barcelona-2022\\\/#breadcrumb\",\"itemListElement\":[{\"@type\":\"ListItem\",\"position\":1,\"name\":\"Portada\",\"item\":\"https:\\\/\\\/creativabarcelona.com\\\/ca\\\/\"},{\"@type\":\"ListItem\",\"position\":2,\"name\":\"Jordi Cruz ja \u00e9s un #creativer m\u00e9s de CREATIVA BARCELONA 2022\"}]},{\"@type\":\"WebSite\",\"@id\":\"https:\\\/\\\/creativabarcelona.com\\\/#website\",\"url\":\"https:\\\/\\\/creativabarcelona.com\\\/\",\"name\":\"Creativa Barcelona\",\"description\":\"Sal\u00f3 de les Manualitats i Artesanies\",\"publisher\":{\"@id\":\"https:\\\/\\\/creativabarcelona.com\\\/#organization\"},\"potentialAction\":[{\"@type\":\"SearchAction\",\"target\":{\"@type\":\"EntryPoint\",\"urlTemplate\":\"https:\\\/\\\/creativabarcelona.com\\\/?s={search_term_string}\"},\"query-input\":{\"@type\":\"PropertyValueSpecification\",\"valueRequired\":true,\"valueName\":\"search_term_string\"}}],\"inLanguage\":\"ca\"},{\"@type\":\"Organization\",\"@id\":\"https:\\\/\\\/creativabarcelona.com\\\/#organization\",\"name\":\"Creativa Barcelona\",\"url\":\"https:\\\/\\\/creativabarcelona.com\\\/\",\"logo\":{\"@type\":\"ImageObject\",\"inLanguage\":\"ca\",\"@id\":\"https:\\\/\\\/creativabarcelona.com\\\/#\\\/schema\\\/logo\\\/image\\\/\",\"url\":\"https:\\\/\\\/creativabarcelona.com\\\/wp-content\\\/uploads\\\/2025\\\/03\\\/logo_creativa_barcelona_Cast-1.png\",\"contentUrl\":\"https:\\\/\\\/creativabarcelona.com\\\/wp-content\\\/uploads\\\/2025\\\/03\\\/logo_creativa_barcelona_Cast-1.png\",\"width\":777,\"height\":417,\"caption\":\"Creativa Barcelona\"},\"image\":{\"@id\":\"https:\\\/\\\/creativabarcelona.com\\\/#\\\/schema\\\/logo\\\/image\\\/\"}},{\"@type\":\"Person\",\"@id\":\"https:\\\/\\\/creativabarcelona.com\\\/#\\\/schema\\\/person\\\/88136af06c702fba6a4a56fccac027e3\",\"name\":\"Creativa Barcelona\",\"image\":{\"@type\":\"ImageObject\",\"inLanguage\":\"ca\",\"@id\":\"https:\\\/\\\/secure.gravatar.com\\\/avatar\\\/9751d88ddbee61c132bde30a2ddd40a6948919cbc65d9dc0baed64e15bd22aca?s=96&d=mm&r=g\",\"url\":\"https:\\\/\\\/secure.gravatar.com\\\/avatar\\\/9751d88ddbee61c132bde30a2ddd40a6948919cbc65d9dc0baed64e15bd22aca?s=96&d=mm&r=g\",\"contentUrl\":\"https:\\\/\\\/secure.gravatar.com\\\/avatar\\\/9751d88ddbee61c132bde30a2ddd40a6948919cbc65d9dc0baed64e15bd22aca?s=96&d=mm&r=g\",\"caption\":\"Creativa Barcelona\"},\"sameAs\":[\"https:\\\/\\\/creativabarcelona.com\"],\"url\":\"https:\\\/\\\/creativabarcelona.com\\\/ca\\\/author\\\/crea20tiv22bcn\\\/\"}]}<\/script>\n<!-- \/ Yoast SEO plugin. -->","yoast_head_json":{"title":"Jordi Cruz ja \u00e9s un #creativer m\u00e9s de CREATIVA BARCELONA 2022 - Creativa Barcelona","robots":{"index":"index","follow":"follow","max-snippet":"max-snippet:-1","max-image-preview":"max-image-preview:large","max-video-preview":"max-video-preview:-1"},"canonical":"https:\/\/creativabarcelona.com\/ca\/jordi-cruz-ja-es-un-creativer-mes-de-creativa-barcelona-2022\/","og_locale":"ca_ES","og_type":"article","og_title":"Jordi Cruz ja \u00e9s un #creativer m\u00e9s de CREATIVA BARCELONA 2022 - Creativa Barcelona","og_description":"\u00a1EXCLUSIVA, ARTEMAN\u00cdACOS! Jordi Cruz ya es un #creativer m\u00e1s de CREATIVA BARCELONA 2022 y podr\u00e9is verle del 10 al 13 de noviembre en La Farga de L\u2019Hospitalet.","og_url":"https:\/\/creativabarcelona.com\/ca\/jordi-cruz-ja-es-un-creativer-mes-de-creativa-barcelona-2022\/","og_site_name":"Creativa Barcelona","article_published_time":"2022-06-23T08:45:31+00:00","article_modified_time":"2024-09-04T10:32:35+00:00","og_image":[{"width":750,"height":550,"url":"https:\/\/creativabarcelona.com\/wp-content\/uploads\/2022\/06\/news22_presencia_jordi_cruz.jpg","type":"image\/jpeg"}],"author":"Creativa Barcelona","twitter_card":"summary_large_image","twitter_misc":{"Escrit per":"Creativa Barcelona","Temps estimat de lectura":"1 minut"},"schema":{"@context":"https:\/\/schema.org","@graph":[{"@type":"Article","@id":"https:\/\/creativabarcelona.com\/ca\/jordi-cruz-ja-es-un-creativer-mes-de-creativa-barcelona-2022\/#article","isPartOf":{"@id":"https:\/\/creativabarcelona.com\/ca\/jordi-cruz-ja-es-un-creativer-mes-de-creativa-barcelona-2022\/"},"author":{"name":"Creativa Barcelona","@id":"https:\/\/creativabarcelona.com\/#\/schema\/person\/88136af06c702fba6a4a56fccac027e3"},"headline":"Jordi Cruz ja \u00e9s un #creativer m\u00e9s de CREATIVA BARCELONA 2022","datePublished":"2022-06-23T08:45:31+00:00","dateModified":"2024-09-04T10:32:35+00:00","mainEntityOfPage":{"@id":"https:\/\/creativabarcelona.com\/ca\/jordi-cruz-ja-es-un-creativer-mes-de-creativa-barcelona-2022\/"},"wordCount":248,"publisher":{"@id":"https:\/\/creativabarcelona.com\/#organization"},"image":{"@id":"https:\/\/creativabarcelona.com\/ca\/jordi-cruz-ja-es-un-creativer-mes-de-creativa-barcelona-2022\/#primaryimage"},"thumbnailUrl":"https:\/\/creativabarcelona.com\/wp-content\/uploads\/2022\/06\/news22_presencia_jordi_cruz.jpg","articleSection":["Actualitat","Creativa 2022"],"inLanguage":"ca"},{"@type":"WebPage","@id":"https:\/\/creativabarcelona.com\/ca\/jordi-cruz-ja-es-un-creativer-mes-de-creativa-barcelona-2022\/","url":"https:\/\/creativabarcelona.com\/ca\/jordi-cruz-ja-es-un-creativer-mes-de-creativa-barcelona-2022\/","name":"Jordi Cruz ja \u00e9s un #creativer m\u00e9s de CREATIVA BARCELONA 2022 - Creativa Barcelona","isPartOf":{"@id":"https:\/\/creativabarcelona.com\/#website"},"primaryImageOfPage":{"@id":"https:\/\/creativabarcelona.com\/ca\/jordi-cruz-ja-es-un-creativer-mes-de-creativa-barcelona-2022\/#primaryimage"},"image":{"@id":"https:\/\/creativabarcelona.com\/ca\/jordi-cruz-ja-es-un-creativer-mes-de-creativa-barcelona-2022\/#primaryimage"},"thumbnailUrl":"https:\/\/creativabarcelona.com\/wp-content\/uploads\/2022\/06\/news22_presencia_jordi_cruz.jpg","datePublished":"2022-06-23T08:45:31+00:00","dateModified":"2024-09-04T10:32:35+00:00","breadcrumb":{"@id":"https:\/\/creativabarcelona.com\/ca\/jordi-cruz-ja-es-un-creativer-mes-de-creativa-barcelona-2022\/#breadcrumb"},"inLanguage":"ca","potentialAction":[{"@type":"ReadAction","target":["https:\/\/creativabarcelona.com\/ca\/jordi-cruz-ja-es-un-creativer-mes-de-creativa-barcelona-2022\/"]}]},{"@type":"ImageObject","inLanguage":"ca","@id":"https:\/\/creativabarcelona.com\/ca\/jordi-cruz-ja-es-un-creativer-mes-de-creativa-barcelona-2022\/#primaryimage","url":"https:\/\/creativabarcelona.com\/wp-content\/uploads\/2022\/06\/news22_presencia_jordi_cruz.jpg","contentUrl":"https:\/\/creativabarcelona.com\/wp-content\/uploads\/2022\/06\/news22_presencia_jordi_cruz.jpg","width":750,"height":550},{"@type":"BreadcrumbList","@id":"https:\/\/creativabarcelona.com\/ca\/jordi-cruz-ja-es-un-creativer-mes-de-creativa-barcelona-2022\/#breadcrumb","itemListElement":[{"@type":"ListItem","position":1,"name":"Portada","item":"https:\/\/creativabarcelona.com\/ca\/"},{"@type":"ListItem","position":2,"name":"Jordi Cruz ja \u00e9s un #creativer m\u00e9s de CREATIVA BARCELONA 2022"}]},{"@type":"WebSite","@id":"https:\/\/creativabarcelona.com\/#website","url":"https:\/\/creativabarcelona.com\/","name":"Creativa Barcelona","description":"Sal\u00f3 de les Manualitats i Artesanies","publisher":{"@id":"https:\/\/creativabarcelona.com\/#organization"},"potentialAction":[{"@type":"SearchAction","target":{"@type":"EntryPoint","urlTemplate":"https:\/\/creativabarcelona.com\/?s={search_term_string}"},"query-input":{"@type":"PropertyValueSpecification","valueRequired":true,"valueName":"search_term_string"}}],"inLanguage":"ca"},{"@type":"Organization","@id":"https:\/\/creativabarcelona.com\/#organization","name":"Creativa Barcelona","url":"https:\/\/creativabarcelona.com\/","logo":{"@type":"ImageObject","inLanguage":"ca","@id":"https:\/\/creativabarcelona.com\/#\/schema\/logo\/image\/","url":"https:\/\/creativabarcelona.com\/wp-content\/uploads\/2025\/03\/logo_creativa_barcelona_Cast-1.png","contentUrl":"https:\/\/creativabarcelona.com\/wp-content\/uploads\/2025\/03\/logo_creativa_barcelona_Cast-1.png","width":777,"height":417,"caption":"Creativa Barcelona"},"image":{"@id":"https:\/\/creativabarcelona.com\/#\/schema\/logo\/image\/"}},{"@type":"Person","@id":"https:\/\/creativabarcelona.com\/#\/schema\/person\/88136af06c702fba6a4a56fccac027e3","name":"Creativa Barcelona","image":{"@type":"ImageObject","inLanguage":"ca","@id":"https:\/\/secure.gravatar.com\/avatar\/9751d88ddbee61c132bde30a2ddd40a6948919cbc65d9dc0baed64e15bd22aca?s=96&d=mm&r=g","url":"https:\/\/secure.gravatar.com\/avatar\/9751d88ddbee61c132bde30a2ddd40a6948919cbc65d9dc0baed64e15bd22aca?s=96&d=mm&r=g","contentUrl":"https:\/\/secure.gravatar.com\/avatar\/9751d88ddbee61c132bde30a2ddd40a6948919cbc65d9dc0baed64e15bd22aca?s=96&d=mm&r=g","caption":"Creativa Barcelona"},"sameAs":["https:\/\/creativabarcelona.com"],"url":"https:\/\/creativabarcelona.com\/ca\/author\/crea20tiv22bcn\/"}]}},"_links":{"self":[{"href":"https:\/\/creativabarcelona.com\/ca\/wp-json\/wp\/v2\/posts\/3208","targetHints":{"allow":["GET"]}}],"collection":[{"href":"https:\/\/creativabarcelona.com\/ca\/wp-json\/wp\/v2\/posts"}],"about":[{"href":"https:\/\/creativabarcelona.com\/ca\/wp-json\/wp\/v2\/types\/post"}],"author":[{"embeddable":true,"href":"https:\/\/creativabarcelona.com\/ca\/wp-json\/wp\/v2\/users\/1"}],"replies":[{"embeddable":true,"href":"https:\/\/creativabarcelona.com\/ca\/wp-json\/wp\/v2\/comments?post=3208"}],"version-history":[{"count":2,"href":"https:\/\/creativabarcelona.com\/ca\/wp-json\/wp\/v2\/posts\/3208\/revisions"}],"predecessor-version":[{"id":3210,"href":"https:\/\/creativabarcelona.com\/ca\/wp-json\/wp\/v2\/posts\/3208\/revisions\/3210"}],"wp:featuredmedia":[{"embeddable":true,"href":"https:\/\/creativabarcelona.com\/ca\/wp-json\/wp\/v2\/media\/3204"}],"wp:attachment":[{"href":"https:\/\/creativabarcelona.com\/ca\/wp-json\/wp\/v2\/media?parent=3208"}],"wp:term":[{"taxonomy":"category","embeddable":true,"href":"https:\/\/creativabarcelona.com\/ca\/wp-json\/wp\/v2\/categories?post=3208"},{"taxonomy":"post_tag","embeddable":true,"href":"https:\/\/creativabarcelona.com\/ca\/wp-json\/wp\/v2\/tags?post=3208"}],"curies":[{"name":"wp","href":"https:\/\/api.w.org\/{rel}","templated":true}]}}