{"id":8787,"date":"2023-05-02T10:39:26","date_gmt":"2023-05-02T08:39:26","guid":{"rendered":"https:\/\/creativabarcelona.com\/?p=8787"},"modified":"2024-09-04T12:31:11","modified_gmt":"2024-09-04T10:31:11","slug":"el-art-y-les-seves-emocions","status":"publish","type":"post","link":"https:\/\/creativabarcelona.com\/ca\/el-art-y-les-seves-emocions\/","title":{"rendered":"El art y les seves emocions"},"content":{"rendered":"<h2 style=\"text-align: center;\">L&#8217;art \u00e9s una eina per a poder expressar de manera lliure i creativa les nostres emocions<\/h2>\n<p><img fetchpriority=\"high\" decoding=\"async\" class=\"alignnone size-medium wp-image-8431\" src=\"https:\/\/creativabarcelona.com\/wp-content\/uploads\/2023\/05\/pintar-cara-300x200.jpg\" alt=\"\" width=\"300\" height=\"200\" srcset=\"https:\/\/creativabarcelona.com\/wp-content\/uploads\/2023\/05\/pintar-cara-300x200.jpg 300w, https:\/\/creativabarcelona.com\/wp-content\/uploads\/2023\/05\/pintar-cara-768x512.jpg 768w, https:\/\/creativabarcelona.com\/wp-content\/uploads\/2023\/05\/pintar-cara.jpg 800w\" sizes=\"(max-width: 300px) 100vw, 300px\" \/><\/p>\n<p>&nbsp;<\/p>\n<p><strong>L&#8217;art fomenta les reaccions emocionals\u00a0en les persones que gaudeixen d&#8217;ell.<\/strong> De la mateixa manera tamb\u00e9\u00a0<strong>afavoreix el desenvolupament de la imaginaci\u00f3\u00a0<\/strong>i en relaci\u00f3 a aix\u00f2,<strong> la\u00a0capacitat de reflexi\u00f3 i de comunicaci\u00f3,\u00a0aix\u00ed com\u00a0la creativitat.<\/strong><\/p>\n<p>En l&#8217;actualitat, la\u00a0uni\u00f3 de l&#8217;art i emoci\u00f3 ha aconseguit una gran rellev\u00e0ncia\u00a0en l&#8217;educaci\u00f3 infantil. Els col\u00b7legis han incorporat als seus temaris, programes relacionats amb l&#8217;art. Activitats com la identificaci\u00f3 de sentiments aliens a trav\u00e9s de la visualitzaci\u00f3 de reconegudes obres d&#8217;art o la creaci\u00f3 de representacions art\u00edstiques que els permetin\u00a0expressar els seus sentiments\u00a0s\u00f3n alguns exemples dels m\u00e8todes m\u00e9s utilitzats. Dins dels beneficis destaquen una major capacitat per a\u00a0identificar i comunicar les seves emocions\u00a0i una millora, per tant, de les\u00a0habilitats socials.<\/p>\n<p>A m\u00e9s de les emocions que genera l&#8217;art de manera natural, tamb\u00e9 s&#8217;han utilitzat els seus beneficis en l&#8217;\u00e0mbit terap\u00e8utic. L&#8217;artter\u00e0pia\u00a0 (l&#8217;artter\u00e0pia, sol anar associada a les arts pl\u00e0stiques i\/o manualitats v\u00e0ries) \u00e9s una especialitat utilitzada en psicologia\u00a0 que\u00a0empra l&#8217;art com a mitj\u00e0 d&#8217;expressi\u00f3\u00a0per a mostrar sentiments\u00a0mitjan\u00e7ant la comunicaci\u00f3 no verbal, ja que algunes persones poden presentar dificultats per a accedir a les paraules o per a aconseguir que aquestes expressin all\u00f2 que senten.<\/p>\n<p><strong>Utilitza l&#8217;art per a expressar els teus sentiments, t&#8217;ajudar\u00e0 a sentir-te millor, a con\u00e8ixer-te a tu mateix i a ser m\u00e9s feli\u00e7, perqu\u00e8 produeix un augment de l&#8217;autoestima i la resilencia.<\/strong><\/p>\n<p>&nbsp;<\/p>\n","protected":false},"excerpt":{"rendered":"<p>L&#8217;art \u00e9s una eina per a poder expressar de manera lliure i creativa les nostres emocions &nbsp; L&#8217;art fomenta les reaccions emocionals\u00a0en les persones que gaudeixen d&#8217;ell. De la mateixa manera tamb\u00e9\u00a0afavoreix el desenvolupament de la imaginaci\u00f3\u00a0i en relaci\u00f3 a aix\u00f2, la\u00a0capacitat de reflexi\u00f3 i de comunicaci\u00f3,\u00a0aix\u00ed com\u00a0la creativitat. En l&#8217;actualitat, la\u00a0uni\u00f3 de l&#8217;art i [&hellip;]<\/p>\n","protected":false},"author":27,"featured_media":8785,"comment_status":"closed","ping_status":"closed","sticky":false,"template":"","format":"standard","meta":{"footnotes":""},"categories":[210,70],"tags":[],"class_list":["post-8787","post","type-post","status-publish","format-standard","has-post-thumbnail","hentry","category-creativa-2023-ca","category-tips-ca"],"yoast_head":"<!-- This site is optimized with the Yoast SEO plugin v27.5 - https:\/\/yoast.com\/product\/yoast-seo-wordpress\/ -->\n<title>El art y les seves emocions - Creativa Barcelona<\/title>\n<meta name=\"robots\" content=\"index, follow, max-snippet:-1, max-image-preview:large, max-video-preview:-1\" \/>\n<link rel=\"canonical\" href=\"https:\/\/creativabarcelona.com\/ca\/el-art-y-les-seves-emocions\/\" \/>\n<meta property=\"og:locale\" content=\"ca_ES\" \/>\n<meta property=\"og:type\" content=\"article\" \/>\n<meta property=\"og:title\" content=\"El art y les seves emocions - Creativa Barcelona\" \/>\n<meta property=\"og:description\" content=\"L&#8217;art \u00e9s una eina per a poder expressar de manera lliure i creativa les nostres emocions &nbsp; L&#8217;art fomenta les reaccions emocionals\u00a0en les persones que gaudeixen d&#8217;ell. De la mateixa manera tamb\u00e9\u00a0afavoreix el desenvolupament de la imaginaci\u00f3\u00a0i en relaci\u00f3 a aix\u00f2, la\u00a0capacitat de reflexi\u00f3 i de comunicaci\u00f3,\u00a0aix\u00ed com\u00a0la creativitat. En l&#8217;actualitat, la\u00a0uni\u00f3 de l&#8217;art i [&hellip;]\" \/>\n<meta property=\"og:url\" content=\"https:\/\/creativabarcelona.com\/ca\/el-art-y-les-seves-emocions\/\" \/>\n<meta property=\"og:site_name\" content=\"Creativa Barcelona\" \/>\n<meta property=\"article:published_time\" content=\"2023-05-02T08:39:26+00:00\" \/>\n<meta property=\"article:modified_time\" content=\"2024-09-04T10:31:11+00:00\" \/>\n<meta property=\"og:image\" content=\"https:\/\/creativabarcelona.com\/wp-content\/uploads\/2023\/05\/noia_sola.png\" \/>\n\t<meta property=\"og:image:width\" content=\"1080\" \/>\n\t<meta property=\"og:image:height\" content=\"1080\" \/>\n\t<meta property=\"og:image:type\" content=\"image\/png\" \/>\n<meta name=\"author\" content=\"Creativa Barcelona\" \/>\n<meta name=\"twitter:card\" content=\"summary_large_image\" \/>\n<meta name=\"twitter:label1\" content=\"Escrit per\" \/>\n\t<meta name=\"twitter:data1\" content=\"Creativa Barcelona\" \/>\n\t<meta name=\"twitter:label2\" content=\"Temps estimat de lectura\" \/>\n\t<meta name=\"twitter:data2\" content=\"2 minuts\" \/>\n<script type=\"application\/ld+json\" class=\"yoast-schema-graph\">{\"@context\":\"https:\\\/\\\/schema.org\",\"@graph\":[{\"@type\":\"Article\",\"@id\":\"https:\\\/\\\/creativabarcelona.com\\\/ca\\\/el-art-y-les-seves-emocions\\\/#article\",\"isPartOf\":{\"@id\":\"https:\\\/\\\/creativabarcelona.com\\\/ca\\\/el-art-y-les-seves-emocions\\\/\"},\"author\":{\"name\":\"Creativa Barcelona\",\"@id\":\"https:\\\/\\\/creativabarcelona.com\\\/#\\\/schema\\\/person\\\/8e8b8970f744ca25f2f5851fc3885a7c\"},\"headline\":\"El art y les seves emocions\",\"datePublished\":\"2023-05-02T08:39:26+00:00\",\"dateModified\":\"2024-09-04T10:31:11+00:00\",\"mainEntityOfPage\":{\"@id\":\"https:\\\/\\\/creativabarcelona.com\\\/ca\\\/el-art-y-les-seves-emocions\\\/\"},\"wordCount\":292,\"publisher\":{\"@id\":\"https:\\\/\\\/creativabarcelona.com\\\/#organization\"},\"image\":{\"@id\":\"https:\\\/\\\/creativabarcelona.com\\\/ca\\\/el-art-y-les-seves-emocions\\\/#primaryimage\"},\"thumbnailUrl\":\"https:\\\/\\\/creativabarcelona.com\\\/wp-content\\\/uploads\\\/2023\\\/05\\\/noia_sola.png\",\"articleSection\":[\"Creativa 2023\",\"Tips\"],\"inLanguage\":\"ca\"},{\"@type\":\"WebPage\",\"@id\":\"https:\\\/\\\/creativabarcelona.com\\\/ca\\\/el-art-y-les-seves-emocions\\\/\",\"url\":\"https:\\\/\\\/creativabarcelona.com\\\/ca\\\/el-art-y-les-seves-emocions\\\/\",\"name\":\"El art y les seves emocions - Creativa Barcelona\",\"isPartOf\":{\"@id\":\"https:\\\/\\\/creativabarcelona.com\\\/#website\"},\"primaryImageOfPage\":{\"@id\":\"https:\\\/\\\/creativabarcelona.com\\\/ca\\\/el-art-y-les-seves-emocions\\\/#primaryimage\"},\"image\":{\"@id\":\"https:\\\/\\\/creativabarcelona.com\\\/ca\\\/el-art-y-les-seves-emocions\\\/#primaryimage\"},\"thumbnailUrl\":\"https:\\\/\\\/creativabarcelona.com\\\/wp-content\\\/uploads\\\/2023\\\/05\\\/noia_sola.png\",\"datePublished\":\"2023-05-02T08:39:26+00:00\",\"dateModified\":\"2024-09-04T10:31:11+00:00\",\"breadcrumb\":{\"@id\":\"https:\\\/\\\/creativabarcelona.com\\\/ca\\\/el-art-y-les-seves-emocions\\\/#breadcrumb\"},\"inLanguage\":\"ca\",\"potentialAction\":[{\"@type\":\"ReadAction\",\"target\":[\"https:\\\/\\\/creativabarcelona.com\\\/ca\\\/el-art-y-les-seves-emocions\\\/\"]}]},{\"@type\":\"ImageObject\",\"inLanguage\":\"ca\",\"@id\":\"https:\\\/\\\/creativabarcelona.com\\\/ca\\\/el-art-y-les-seves-emocions\\\/#primaryimage\",\"url\":\"https:\\\/\\\/creativabarcelona.com\\\/wp-content\\\/uploads\\\/2023\\\/05\\\/noia_sola.png\",\"contentUrl\":\"https:\\\/\\\/creativabarcelona.com\\\/wp-content\\\/uploads\\\/2023\\\/05\\\/noia_sola.png\",\"width\":1080,\"height\":1080},{\"@type\":\"BreadcrumbList\",\"@id\":\"https:\\\/\\\/creativabarcelona.com\\\/ca\\\/el-art-y-les-seves-emocions\\\/#breadcrumb\",\"itemListElement\":[{\"@type\":\"ListItem\",\"position\":1,\"name\":\"Portada\",\"item\":\"https:\\\/\\\/creativabarcelona.com\\\/ca\\\/\"},{\"@type\":\"ListItem\",\"position\":2,\"name\":\"El art y les seves emocions\"}]},{\"@type\":\"WebSite\",\"@id\":\"https:\\\/\\\/creativabarcelona.com\\\/#website\",\"url\":\"https:\\\/\\\/creativabarcelona.com\\\/\",\"name\":\"Creativa Barcelona\",\"description\":\"Sal\u00f3 de les Manualitats i Artesanies\",\"publisher\":{\"@id\":\"https:\\\/\\\/creativabarcelona.com\\\/#organization\"},\"potentialAction\":[{\"@type\":\"SearchAction\",\"target\":{\"@type\":\"EntryPoint\",\"urlTemplate\":\"https:\\\/\\\/creativabarcelona.com\\\/?s={search_term_string}\"},\"query-input\":{\"@type\":\"PropertyValueSpecification\",\"valueRequired\":true,\"valueName\":\"search_term_string\"}}],\"inLanguage\":\"ca\"},{\"@type\":\"Organization\",\"@id\":\"https:\\\/\\\/creativabarcelona.com\\\/#organization\",\"name\":\"Creativa Barcelona\",\"url\":\"https:\\\/\\\/creativabarcelona.com\\\/\",\"logo\":{\"@type\":\"ImageObject\",\"inLanguage\":\"ca\",\"@id\":\"https:\\\/\\\/creativabarcelona.com\\\/#\\\/schema\\\/logo\\\/image\\\/\",\"url\":\"https:\\\/\\\/creativabarcelona.com\\\/wp-content\\\/uploads\\\/2025\\\/03\\\/logo_creativa_barcelona_Cast-1.png\",\"contentUrl\":\"https:\\\/\\\/creativabarcelona.com\\\/wp-content\\\/uploads\\\/2025\\\/03\\\/logo_creativa_barcelona_Cast-1.png\",\"width\":777,\"height\":417,\"caption\":\"Creativa Barcelona\"},\"image\":{\"@id\":\"https:\\\/\\\/creativabarcelona.com\\\/#\\\/schema\\\/logo\\\/image\\\/\"}},{\"@type\":\"Person\",\"@id\":\"https:\\\/\\\/creativabarcelona.com\\\/#\\\/schema\\\/person\\\/8e8b8970f744ca25f2f5851fc3885a7c\",\"name\":\"Creativa Barcelona\",\"image\":{\"@type\":\"ImageObject\",\"inLanguage\":\"ca\",\"@id\":\"https:\\\/\\\/secure.gravatar.com\\\/avatar\\\/406e5757f4d56639af47e6fd7556eae103ce6d31d5443b6885274eef11b0e577?s=96&d=mm&r=g\",\"url\":\"https:\\\/\\\/secure.gravatar.com\\\/avatar\\\/406e5757f4d56639af47e6fd7556eae103ce6d31d5443b6885274eef11b0e577?s=96&d=mm&r=g\",\"contentUrl\":\"https:\\\/\\\/secure.gravatar.com\\\/avatar\\\/406e5757f4d56639af47e6fd7556eae103ce6d31d5443b6885274eef11b0e577?s=96&d=mm&r=g\",\"caption\":\"Creativa Barcelona\"},\"url\":\"https:\\\/\\\/creativabarcelona.com\\\/ca\\\/author\\\/creditor20bcn22\\\/\"}]}<\/script>\n<!-- \/ Yoast SEO plugin. -->","yoast_head_json":{"title":"El art y les seves emocions - Creativa Barcelona","robots":{"index":"index","follow":"follow","max-snippet":"max-snippet:-1","max-image-preview":"max-image-preview:large","max-video-preview":"max-video-preview:-1"},"canonical":"https:\/\/creativabarcelona.com\/ca\/el-art-y-les-seves-emocions\/","og_locale":"ca_ES","og_type":"article","og_title":"El art y les seves emocions - Creativa Barcelona","og_description":"L&#8217;art \u00e9s una eina per a poder expressar de manera lliure i creativa les nostres emocions &nbsp; L&#8217;art fomenta les reaccions emocionals\u00a0en les persones que gaudeixen d&#8217;ell. De la mateixa manera tamb\u00e9\u00a0afavoreix el desenvolupament de la imaginaci\u00f3\u00a0i en relaci\u00f3 a aix\u00f2, la\u00a0capacitat de reflexi\u00f3 i de comunicaci\u00f3,\u00a0aix\u00ed com\u00a0la creativitat. En l&#8217;actualitat, la\u00a0uni\u00f3 de l&#8217;art i [&hellip;]","og_url":"https:\/\/creativabarcelona.com\/ca\/el-art-y-les-seves-emocions\/","og_site_name":"Creativa Barcelona","article_published_time":"2023-05-02T08:39:26+00:00","article_modified_time":"2024-09-04T10:31:11+00:00","og_image":[{"width":1080,"height":1080,"url":"https:\/\/creativabarcelona.com\/wp-content\/uploads\/2023\/05\/noia_sola.png","type":"image\/png"}],"author":"Creativa Barcelona","twitter_card":"summary_large_image","twitter_misc":{"Escrit per":"Creativa Barcelona","Temps estimat de lectura":"2 minuts"},"schema":{"@context":"https:\/\/schema.org","@graph":[{"@type":"Article","@id":"https:\/\/creativabarcelona.com\/ca\/el-art-y-les-seves-emocions\/#article","isPartOf":{"@id":"https:\/\/creativabarcelona.com\/ca\/el-art-y-les-seves-emocions\/"},"author":{"name":"Creativa Barcelona","@id":"https:\/\/creativabarcelona.com\/#\/schema\/person\/8e8b8970f744ca25f2f5851fc3885a7c"},"headline":"El art y les seves emocions","datePublished":"2023-05-02T08:39:26+00:00","dateModified":"2024-09-04T10:31:11+00:00","mainEntityOfPage":{"@id":"https:\/\/creativabarcelona.com\/ca\/el-art-y-les-seves-emocions\/"},"wordCount":292,"publisher":{"@id":"https:\/\/creativabarcelona.com\/#organization"},"image":{"@id":"https:\/\/creativabarcelona.com\/ca\/el-art-y-les-seves-emocions\/#primaryimage"},"thumbnailUrl":"https:\/\/creativabarcelona.com\/wp-content\/uploads\/2023\/05\/noia_sola.png","articleSection":["Creativa 2023","Tips"],"inLanguage":"ca"},{"@type":"WebPage","@id":"https:\/\/creativabarcelona.com\/ca\/el-art-y-les-seves-emocions\/","url":"https:\/\/creativabarcelona.com\/ca\/el-art-y-les-seves-emocions\/","name":"El art y les seves emocions - Creativa Barcelona","isPartOf":{"@id":"https:\/\/creativabarcelona.com\/#website"},"primaryImageOfPage":{"@id":"https:\/\/creativabarcelona.com\/ca\/el-art-y-les-seves-emocions\/#primaryimage"},"image":{"@id":"https:\/\/creativabarcelona.com\/ca\/el-art-y-les-seves-emocions\/#primaryimage"},"thumbnailUrl":"https:\/\/creativabarcelona.com\/wp-content\/uploads\/2023\/05\/noia_sola.png","datePublished":"2023-05-02T08:39:26+00:00","dateModified":"2024-09-04T10:31:11+00:00","breadcrumb":{"@id":"https:\/\/creativabarcelona.com\/ca\/el-art-y-les-seves-emocions\/#breadcrumb"},"inLanguage":"ca","potentialAction":[{"@type":"ReadAction","target":["https:\/\/creativabarcelona.com\/ca\/el-art-y-les-seves-emocions\/"]}]},{"@type":"ImageObject","inLanguage":"ca","@id":"https:\/\/creativabarcelona.com\/ca\/el-art-y-les-seves-emocions\/#primaryimage","url":"https:\/\/creativabarcelona.com\/wp-content\/uploads\/2023\/05\/noia_sola.png","contentUrl":"https:\/\/creativabarcelona.com\/wp-content\/uploads\/2023\/05\/noia_sola.png","width":1080,"height":1080},{"@type":"BreadcrumbList","@id":"https:\/\/creativabarcelona.com\/ca\/el-art-y-les-seves-emocions\/#breadcrumb","itemListElement":[{"@type":"ListItem","position":1,"name":"Portada","item":"https:\/\/creativabarcelona.com\/ca\/"},{"@type":"ListItem","position":2,"name":"El art y les seves emocions"}]},{"@type":"WebSite","@id":"https:\/\/creativabarcelona.com\/#website","url":"https:\/\/creativabarcelona.com\/","name":"Creativa Barcelona","description":"Sal\u00f3 de les Manualitats i Artesanies","publisher":{"@id":"https:\/\/creativabarcelona.com\/#organization"},"potentialAction":[{"@type":"SearchAction","target":{"@type":"EntryPoint","urlTemplate":"https:\/\/creativabarcelona.com\/?s={search_term_string}"},"query-input":{"@type":"PropertyValueSpecification","valueRequired":true,"valueName":"search_term_string"}}],"inLanguage":"ca"},{"@type":"Organization","@id":"https:\/\/creativabarcelona.com\/#organization","name":"Creativa Barcelona","url":"https:\/\/creativabarcelona.com\/","logo":{"@type":"ImageObject","inLanguage":"ca","@id":"https:\/\/creativabarcelona.com\/#\/schema\/logo\/image\/","url":"https:\/\/creativabarcelona.com\/wp-content\/uploads\/2025\/03\/logo_creativa_barcelona_Cast-1.png","contentUrl":"https:\/\/creativabarcelona.com\/wp-content\/uploads\/2025\/03\/logo_creativa_barcelona_Cast-1.png","width":777,"height":417,"caption":"Creativa Barcelona"},"image":{"@id":"https:\/\/creativabarcelona.com\/#\/schema\/logo\/image\/"}},{"@type":"Person","@id":"https:\/\/creativabarcelona.com\/#\/schema\/person\/8e8b8970f744ca25f2f5851fc3885a7c","name":"Creativa Barcelona","image":{"@type":"ImageObject","inLanguage":"ca","@id":"https:\/\/secure.gravatar.com\/avatar\/406e5757f4d56639af47e6fd7556eae103ce6d31d5443b6885274eef11b0e577?s=96&d=mm&r=g","url":"https:\/\/secure.gravatar.com\/avatar\/406e5757f4d56639af47e6fd7556eae103ce6d31d5443b6885274eef11b0e577?s=96&d=mm&r=g","contentUrl":"https:\/\/secure.gravatar.com\/avatar\/406e5757f4d56639af47e6fd7556eae103ce6d31d5443b6885274eef11b0e577?s=96&d=mm&r=g","caption":"Creativa Barcelona"},"url":"https:\/\/creativabarcelona.com\/ca\/author\/creditor20bcn22\/"}]}},"_links":{"self":[{"href":"https:\/\/creativabarcelona.com\/ca\/wp-json\/wp\/v2\/posts\/8787","targetHints":{"allow":["GET"]}}],"collection":[{"href":"https:\/\/creativabarcelona.com\/ca\/wp-json\/wp\/v2\/posts"}],"about":[{"href":"https:\/\/creativabarcelona.com\/ca\/wp-json\/wp\/v2\/types\/post"}],"author":[{"embeddable":true,"href":"https:\/\/creativabarcelona.com\/ca\/wp-json\/wp\/v2\/users\/27"}],"replies":[{"embeddable":true,"href":"https:\/\/creativabarcelona.com\/ca\/wp-json\/wp\/v2\/comments?post=8787"}],"version-history":[{"count":1,"href":"https:\/\/creativabarcelona.com\/ca\/wp-json\/wp\/v2\/posts\/8787\/revisions"}],"predecessor-version":[{"id":8788,"href":"https:\/\/creativabarcelona.com\/ca\/wp-json\/wp\/v2\/posts\/8787\/revisions\/8788"}],"wp:featuredmedia":[{"embeddable":true,"href":"https:\/\/creativabarcelona.com\/ca\/wp-json\/wp\/v2\/media\/8785"}],"wp:attachment":[{"href":"https:\/\/creativabarcelona.com\/ca\/wp-json\/wp\/v2\/media?parent=8787"}],"wp:term":[{"taxonomy":"category","embeddable":true,"href":"https:\/\/creativabarcelona.com\/ca\/wp-json\/wp\/v2\/categories?post=8787"},{"taxonomy":"post_tag","embeddable":true,"href":"https:\/\/creativabarcelona.com\/ca\/wp-json\/wp\/v2\/tags?post=8787"}],"curies":[{"name":"wp","href":"https:\/\/api.w.org\/{rel}","templated":true}]}}