{"id":8790,"date":"2023-04-25T10:02:58","date_gmt":"2023-04-25T08:02:58","guid":{"rendered":"https:\/\/creativabarcelona.com\/?p=8790"},"modified":"2024-09-04T12:31:12","modified_gmt":"2024-09-04T10:31:12","slug":"manualitats-per-a-fer-i-regalar-en-el-dia-de-la-mare","status":"publish","type":"post","link":"https:\/\/creativabarcelona.com\/ca\/manualitats-per-a-fer-i-regalar-en-el-dia-de-la-mare\/","title":{"rendered":"Manualitats per a fer i regalar en el Dia de la Mare"},"content":{"rendered":"<p>Creativers com a celebraci\u00f3 del dia de la mare us proposem 4 manualitats per als m\u00e9s petits i no tan petits de la casa per a regalar.<\/p>\n<h2 id=\"header0\">1. Ram de flors con llacets de pasta<\/h2>\n<p><strong>Materials:<\/strong><\/p>\n<ul>\n<li>Lacitos de pasta.<\/li>\n<li>Pinturas acr\u00edlicas de colores.<\/li>\n<li>1\u00a0<a title=\"Manualidades con cartulina para ni\u00f1os\" href=\"https:\/\/www.guiainfantil.com\/articulos\/ocio\/manualidades\/manualidades-con-cartulina-para-ninos\/\">cartulina blanca<\/a>.<\/li>\n<li>1 retal de tela.<\/li>\n<li>1 trozo de cuerda o lazo.<\/li>\n<li>Cola o pegamento blanco.<\/li>\n<li>Tijeras.<\/li>\n<li>Pinceles.<\/li>\n<\/ul>\n<p><strong>Pas a pas:<\/strong><\/p>\n<p>1. Lo primero que vamos a hacer ser\u00e1 pintar los lacitos de pasta de los colores que los peque\u00f1os elijan (o los que tengan en casa). Elige tres o cuatro colores y\u00a0<strong>pinta varios lacitos de cada color<\/strong>. As\u00ed la composici\u00f3n quedar\u00e1 m\u00e1s bonita. Deja secar.<\/p>\n<p>2. Mientras seca, podemos\u00a0<strong>ir creando la base del ramo<\/strong>. Esta la haremos con un retal de tela, puede ser tipo yute o lona, o cualquier otro retal que haya en casa o que les guste a los peque\u00f1os cuando vayan a comprar. Incluso puede ser un trozo de tela de un jean roto o una prenda inservible\u00a0<a title=\"Manualidades de reciclaje para el D\u00eda de la Madre\" href=\"https:\/\/www.guiainfantil.com\/articulos\/ocio\/manualidades\/manualidades-de-reciclaje-para-el-dia-de-la-madre\/\">que podamos reciclar<\/a>.<\/p>\n<p>3. Corta la tela formando un cuadrado. Despu\u00e9s, dejando una de las puntas hacia arriba, dobla los extremos laterales para\u00a0<strong>hacer la forma de un cucurucho<\/strong>. Ay\u00fadate de pegamento para fijar la forma.<\/p>\n<p>4. Ahora le pondremos\u00a0<strong>un lacito alrededor<\/strong>, ya sea de una fibra natural o de raso.<\/p>\n<p>5. Cuando tengas la base del ramo bien formada, p\u00e9gala en la cartulina blanca.<\/p>\n<p>6. Tus lacitos ya est\u00e1n secos, as\u00ed que es el momento de\u00a0<a title=\"Ramo de flores con globos\" href=\"https:\/\/www.guiainfantil.com\/articulos\/ocio\/manualidades\/ramo-de-flores-con-globos-manualidad-de-globoflexia-para-ninos\/\">crear un hermoso ramo<\/a>\u00a0de colores sobre la base del ramo. Los peque\u00f1os ser\u00e1n los protagonistas de este paso mientras los mayores les ayudan con el pegamento.\u00a0<strong>Antes de pegar los lacitos es aconsejable hacer la composici\u00f3n<\/strong>\u00a0y despu\u00e9s ir pegando uno a uno cada lacito.<\/p>\n<p><img fetchpriority=\"high\" decoding=\"async\" class=\"alignnone size-medium wp-image-8408\" src=\"https:\/\/creativabarcelona.com\/wp-content\/uploads\/2023\/05\/IMG_20230507_084844_173-300x300.webp\" alt=\"\" width=\"300\" height=\"300\" srcset=\"https:\/\/creativabarcelona.com\/wp-content\/uploads\/2023\/05\/IMG_20230507_084844_173-300x300.webp 300w, https:\/\/creativabarcelona.com\/wp-content\/uploads\/2023\/05\/IMG_20230507_084844_173-1024x1024.webp 1024w, https:\/\/creativabarcelona.com\/wp-content\/uploads\/2023\/05\/IMG_20230507_084844_173-150x150.webp 150w, https:\/\/creativabarcelona.com\/wp-content\/uploads\/2023\/05\/IMG_20230507_084844_173-768x768.webp 768w, https:\/\/creativabarcelona.com\/wp-content\/uploads\/2023\/05\/IMG_20230507_084844_173.webp 1080w\" sizes=\"(max-width: 300px) 100vw, 300px\" \/><\/p>\n<h2 id=\"header1\">2. Margarita de cartolina<\/h2>\n<p><strong>Materials:<\/strong><\/p>\n<ul>\n<li>Cartulinas de colores (los que m\u00e1s le gusten a los peque\u00f1os de la casa).<\/li>\n<li>Pegamento de barra y cola o pegamento blanco.<\/li>\n<li>Palito largo de madera (puedes encontrarlo en tiendas de manualidades).<\/li>\n<li>Un poco de papel pinocho o papel de china para forrar el palito (del color que se desee).<\/li>\n<li><a title=\"Beneficios de que los ni\u00f1os aprendan a recortar\" href=\"https:\/\/www.guiainfantil.com\/articulos\/educacion\/aprendizaje\/los-excelentes-beneficios-de-aprender-a-recortar-para-los-ninos\/\">Tijeras<\/a>.<\/li>\n<li>L\u00e1piz y papel.<\/li>\n<li>Pincel.<\/li>\n<\/ul>\n<p><strong>Pas a pas:<\/strong><\/p>\n<p>1. La creatividad ser\u00e1 la parte fundamental de esta margarita. El primer paso ser\u00e1\u00a0<a title=\"C\u00f3mo dibujar una margarita\" href=\"https:\/\/www.guiainfantil.com\/videos\/ocio\/manualidades-infantiles\/como-dibujar-una-margarita-dibujos-de-flores-para-ninos\/\">dibujarla en un papel<\/a>. A partir de un c\u00edrculo se dibujar\u00e1n diferentes p\u00e9talos alrededor. Se puede jugar con las formas tanto como se desee.\u00a0<strong>Este dibujo servir\u00e1 de gu\u00eda para la creaci\u00f3n de la margarita<\/strong>. Se puede incluso decidir el color de cada p\u00e9talo, c\u00edrculo o forma que se haya dibujado, para as\u00ed recrear la margarita con las cartulinas de manera m\u00e1s sencilla.<\/p>\n<p>2. Comienza a dibujar la margarita en las cartulinas de colores. Por ejemplo, un c\u00edrculo amarillo, un p\u00e9talo naranja, otro c\u00edrculo m\u00e1s peque\u00f1o azul\u2026.\u00a0<strong>Cuando tengas el dibujo rec\u00f3rtalo<\/strong>\u00a0y si necesitas m\u00e1s p\u00e9talos o formas iguales usa este primer recorte como plantilla.<\/p>\n<p>3. Construye la flor de la margarita\u00a0<strong>pegando cada una de las piezas<\/strong>\u00a0con pegamento de barra.<\/p>\n<p>4. Vamos a hacer\u00a0<strong>el tallo de la flor<\/strong>. Forra el palito de la flor con el papel pinocho. Para ello, recorta una tira larga de 5 a 10 cm de ancho. Unta con el pincel el palito con cola blanca y comienza a deslizar la tira desde un extremo rodeando el palito.<\/p>\n<p>5.\u00a0<strong>Pega la parte de atr\u00e1s de la flor al palito<\/strong>\u00a0con cola blanca. Puedes reforzarla con un poco de cinta adhesiva.<\/p>\n<p>6. En una cartulina verde (o del color que se prefiera) dibuja una hoja. P\u00e9gala al palito y \u00a1ya est\u00e1!<\/p>\n<p><img decoding=\"async\" class=\"alignnone size-medium wp-image-8410\" src=\"https:\/\/creativabarcelona.com\/wp-content\/uploads\/2023\/05\/IMG_20230507_084844_293-300x300.webp\" alt=\"\" width=\"300\" height=\"300\" srcset=\"https:\/\/creativabarcelona.com\/wp-content\/uploads\/2023\/05\/IMG_20230507_084844_293-300x300.webp 300w, https:\/\/creativabarcelona.com\/wp-content\/uploads\/2023\/05\/IMG_20230507_084844_293-1024x1024.webp 1024w, https:\/\/creativabarcelona.com\/wp-content\/uploads\/2023\/05\/IMG_20230507_084844_293-150x150.webp 150w, https:\/\/creativabarcelona.com\/wp-content\/uploads\/2023\/05\/IMG_20230507_084844_293-768x768.webp 768w, https:\/\/creativabarcelona.com\/wp-content\/uploads\/2023\/05\/IMG_20230507_084844_293.webp 1080w\" sizes=\"(max-width: 300px) 100vw, 300px\" \/><\/p>\n<h2 id=\"header3\">3. Gerro de flors reciclat<\/h2>\n<p><strong>Materials:<\/strong><\/p>\n<ul>\n<li>Un tarro de cristal que se pueda reciclar (tambi\u00e9n puedes usar una botella de vidrio).<\/li>\n<li>Pintura acr\u00edlica.<\/li>\n<li>Cinta de color (puede ser metalizada).<\/li>\n<li>Pegatinas de colores.<\/li>\n<li>Pincel.<\/li>\n<li>Tijeras.<\/li>\n<\/ul>\n<p><strong>Pas a pas:<\/strong><\/p>\n<p>1. Pinta la superficie exterior del tarro del color que m\u00e1s te guste. Deja secar.<\/p>\n<p>2. Una vez seco, es el momento de utilizar la cinta de colores de papel. Puedes usarla para <strong>crear la palabra MAM\u00c1<\/strong>, solo tienes que crear las letras cortando trozos de cinta y peg\u00e1ndolas en el tarro.<\/p>\n<p>3. Decora con estrellitas, corazones o las pegatinas que m\u00e1s te gusten. \u00a1Ya est\u00e1! Un jarr\u00f3n precioso, creativo y sencill\u00edsimo de hacer.<\/p>\n<p><img decoding=\"async\" class=\"alignnone size-medium wp-image-8412\" src=\"https:\/\/creativabarcelona.com\/wp-content\/uploads\/2023\/05\/IMG_20230507_084844_360-300x300.webp\" alt=\"\" width=\"300\" height=\"300\" srcset=\"https:\/\/creativabarcelona.com\/wp-content\/uploads\/2023\/05\/IMG_20230507_084844_360-300x300.webp 300w, https:\/\/creativabarcelona.com\/wp-content\/uploads\/2023\/05\/IMG_20230507_084844_360-1024x1024.webp 1024w, https:\/\/creativabarcelona.com\/wp-content\/uploads\/2023\/05\/IMG_20230507_084844_360-150x150.webp 150w, https:\/\/creativabarcelona.com\/wp-content\/uploads\/2023\/05\/IMG_20230507_084844_360-768x768.webp 768w, https:\/\/creativabarcelona.com\/wp-content\/uploads\/2023\/05\/IMG_20230507_084844_360.webp 1080w\" sizes=\"(max-width: 300px) 100vw, 300px\" \/><\/p>\n<h2 id=\"header4\">4. Ventall de flors<\/h2>\n<p><strong>Materials:<\/strong><\/p>\n<ul>\n<li>Cartulinas de colores (una para el abanico y el resto para las flores).<\/li>\n<li>L\u00e1piz, tijeras y pegamento.<\/li>\n<li>Un lazo de raso para adornar.<\/li>\n<\/ul>\n<p><strong>Pas a pas:<\/strong><\/p>\n<p>1. Empezaremos haciendo el abanico. Solo necesitas una cartulina tama\u00f1o A4 o Carta y\u00a0<strong>doblarla en forma de acorde\u00f3n<\/strong>. Para ello, col\u00f3cala frente a ti en forma horizontal. Dobla las dos esquinas hacia arriba, creando el primer pliegue. Dale la vuelta y dobla de nuevo hacia arriba sobre el pliegue. Repite este paso, poco a poco ir\u00e1s creando un acorde\u00f3n hasta que termines de doblar la hoja por completo.<\/p>\n<p>2. Sujeta uno de los extremos abriendo el acorde\u00f3n. \u00a1Ya tienes un precioso abanico! Si lo deseas, puedes pegar los pliegues del extremo inferior del abanico, para que no se abran.<\/p>\n<p>3. Ahora\u00a0<strong>toca adornarlo<\/strong>. Para ello, dibuja flores en las cartulinas de los otros colores. Rec\u00f3rtalas.<\/p>\n<p>4. Dibuja peque\u00f1os c\u00edrculos de otro color y p\u00e9galos en el centro de cada flor.<\/p>\n<p>5.\u00a0<strong>Pega las flores en la superficie del abanico<\/strong>, de manera que queden repartidas para que se vea vistoso.<\/p>\n<p>6.\u00a0<strong>Ata un lazo en el extremo<\/strong> del abanico para decorarlo.<\/p>\n<p><img loading=\"lazy\" decoding=\"async\" class=\"alignnone size-medium wp-image-8414\" src=\"https:\/\/creativabarcelona.com\/wp-content\/uploads\/2023\/05\/IMG_20230507_084844_453-300x300.webp\" alt=\"\" width=\"300\" height=\"300\" srcset=\"https:\/\/creativabarcelona.com\/wp-content\/uploads\/2023\/05\/IMG_20230507_084844_453-300x300.webp 300w, https:\/\/creativabarcelona.com\/wp-content\/uploads\/2023\/05\/IMG_20230507_084844_453-1024x1024.webp 1024w, https:\/\/creativabarcelona.com\/wp-content\/uploads\/2023\/05\/IMG_20230507_084844_453-150x150.webp 150w, https:\/\/creativabarcelona.com\/wp-content\/uploads\/2023\/05\/IMG_20230507_084844_453-768x768.webp 768w, https:\/\/creativabarcelona.com\/wp-content\/uploads\/2023\/05\/IMG_20230507_084844_453.webp 1080w\" sizes=\"(max-width: 300px) 100vw, 300px\" \/><\/p>\n","protected":false},"excerpt":{"rendered":"<p>Creativers com a celebraci\u00f3 del dia de la mare us proposem 4 manualitats per als m\u00e9s petits i no tan petits de la casa per a regalar. 1. Ram de flors con llacets de pasta Materials: Lacitos de pasta. Pinturas acr\u00edlicas de colores. 1\u00a0cartulina blanca. 1 retal de tela. 1 trozo de cuerda o lazo. [&hellip;]<\/p>\n","protected":false},"author":27,"featured_media":8437,"comment_status":"closed","ping_status":"closed","sticky":false,"template":"","format":"standard","meta":{"footnotes":""},"categories":[49,210,40],"tags":[],"class_list":["post-8790","post","type-post","status-publish","format-standard","has-post-thumbnail","hentry","category-actualitat","category-creativa-2023-ca","category-general-ca"],"yoast_head":"<!-- This site is optimized with the Yoast SEO plugin v27.5 - https:\/\/yoast.com\/product\/yoast-seo-wordpress\/ -->\n<title>Manualitats per a fer i regalar en el Dia de la Mare - Creativa Barcelona<\/title>\n<meta name=\"robots\" content=\"index, follow, max-snippet:-1, max-image-preview:large, max-video-preview:-1\" \/>\n<link rel=\"canonical\" href=\"https:\/\/creativabarcelona.com\/ca\/manualitats-per-a-fer-i-regalar-en-el-dia-de-la-mare\/\" \/>\n<meta property=\"og:locale\" content=\"ca_ES\" \/>\n<meta property=\"og:type\" content=\"article\" \/>\n<meta property=\"og:title\" content=\"Manualitats per a fer i regalar en el Dia de la Mare - Creativa Barcelona\" \/>\n<meta property=\"og:description\" content=\"Creativers com a celebraci\u00f3 del dia de la mare us proposem 4 manualitats per als m\u00e9s petits i no tan petits de la casa per a regalar. 1. Ram de flors con llacets de pasta Materials: Lacitos de pasta. Pinturas acr\u00edlicas de colores. 1\u00a0cartulina blanca. 1 retal de tela. 1 trozo de cuerda o lazo. [&hellip;]\" \/>\n<meta property=\"og:url\" content=\"https:\/\/creativabarcelona.com\/ca\/manualitats-per-a-fer-i-regalar-en-el-dia-de-la-mare\/\" \/>\n<meta property=\"og:site_name\" content=\"Creativa Barcelona\" \/>\n<meta property=\"article:published_time\" content=\"2023-04-25T08:02:58+00:00\" \/>\n<meta property=\"article:modified_time\" content=\"2024-09-04T10:31:12+00:00\" \/>\n<meta property=\"og:image\" content=\"https:\/\/creativabarcelona.com\/wp-content\/uploads\/2023\/05\/1_20230508_104415_0000.png\" \/>\n\t<meta property=\"og:image:width\" content=\"1080\" \/>\n\t<meta property=\"og:image:height\" content=\"1080\" \/>\n\t<meta property=\"og:image:type\" content=\"image\/png\" \/>\n<meta name=\"author\" content=\"Creativa Barcelona\" \/>\n<meta name=\"twitter:card\" content=\"summary_large_image\" \/>\n<meta name=\"twitter:label1\" content=\"Escrit per\" \/>\n\t<meta name=\"twitter:data1\" content=\"Creativa Barcelona\" \/>\n\t<meta name=\"twitter:label2\" content=\"Temps estimat de lectura\" \/>\n\t<meta name=\"twitter:data2\" content=\"5 minuts\" \/>\n<script type=\"application\/ld+json\" class=\"yoast-schema-graph\">{\"@context\":\"https:\\\/\\\/schema.org\",\"@graph\":[{\"@type\":\"Article\",\"@id\":\"https:\\\/\\\/creativabarcelona.com\\\/ca\\\/manualitats-per-a-fer-i-regalar-en-el-dia-de-la-mare\\\/#article\",\"isPartOf\":{\"@id\":\"https:\\\/\\\/creativabarcelona.com\\\/ca\\\/manualitats-per-a-fer-i-regalar-en-el-dia-de-la-mare\\\/\"},\"author\":{\"name\":\"Creativa Barcelona\",\"@id\":\"https:\\\/\\\/creativabarcelona.com\\\/#\\\/schema\\\/person\\\/8e8b8970f744ca25f2f5851fc3885a7c\"},\"headline\":\"Manualitats per a fer i regalar en el Dia de la Mare\",\"datePublished\":\"2023-04-25T08:02:58+00:00\",\"dateModified\":\"2024-09-04T10:31:12+00:00\",\"mainEntityOfPage\":{\"@id\":\"https:\\\/\\\/creativabarcelona.com\\\/ca\\\/manualitats-per-a-fer-i-regalar-en-el-dia-de-la-mare\\\/\"},\"wordCount\":925,\"publisher\":{\"@id\":\"https:\\\/\\\/creativabarcelona.com\\\/#organization\"},\"image\":{\"@id\":\"https:\\\/\\\/creativabarcelona.com\\\/ca\\\/manualitats-per-a-fer-i-regalar-en-el-dia-de-la-mare\\\/#primaryimage\"},\"thumbnailUrl\":\"https:\\\/\\\/creativabarcelona.com\\\/wp-content\\\/uploads\\\/2023\\\/05\\\/1_20230508_104415_0000.png\",\"articleSection\":[\"Actualitat\",\"Creativa 2023\",\"General\"],\"inLanguage\":\"ca\"},{\"@type\":\"WebPage\",\"@id\":\"https:\\\/\\\/creativabarcelona.com\\\/ca\\\/manualitats-per-a-fer-i-regalar-en-el-dia-de-la-mare\\\/\",\"url\":\"https:\\\/\\\/creativabarcelona.com\\\/ca\\\/manualitats-per-a-fer-i-regalar-en-el-dia-de-la-mare\\\/\",\"name\":\"Manualitats per a fer i regalar en el Dia de la Mare - Creativa Barcelona\",\"isPartOf\":{\"@id\":\"https:\\\/\\\/creativabarcelona.com\\\/#website\"},\"primaryImageOfPage\":{\"@id\":\"https:\\\/\\\/creativabarcelona.com\\\/ca\\\/manualitats-per-a-fer-i-regalar-en-el-dia-de-la-mare\\\/#primaryimage\"},\"image\":{\"@id\":\"https:\\\/\\\/creativabarcelona.com\\\/ca\\\/manualitats-per-a-fer-i-regalar-en-el-dia-de-la-mare\\\/#primaryimage\"},\"thumbnailUrl\":\"https:\\\/\\\/creativabarcelona.com\\\/wp-content\\\/uploads\\\/2023\\\/05\\\/1_20230508_104415_0000.png\",\"datePublished\":\"2023-04-25T08:02:58+00:00\",\"dateModified\":\"2024-09-04T10:31:12+00:00\",\"breadcrumb\":{\"@id\":\"https:\\\/\\\/creativabarcelona.com\\\/ca\\\/manualitats-per-a-fer-i-regalar-en-el-dia-de-la-mare\\\/#breadcrumb\"},\"inLanguage\":\"ca\",\"potentialAction\":[{\"@type\":\"ReadAction\",\"target\":[\"https:\\\/\\\/creativabarcelona.com\\\/ca\\\/manualitats-per-a-fer-i-regalar-en-el-dia-de-la-mare\\\/\"]}]},{\"@type\":\"ImageObject\",\"inLanguage\":\"ca\",\"@id\":\"https:\\\/\\\/creativabarcelona.com\\\/ca\\\/manualitats-per-a-fer-i-regalar-en-el-dia-de-la-mare\\\/#primaryimage\",\"url\":\"https:\\\/\\\/creativabarcelona.com\\\/wp-content\\\/uploads\\\/2023\\\/05\\\/1_20230508_104415_0000.png\",\"contentUrl\":\"https:\\\/\\\/creativabarcelona.com\\\/wp-content\\\/uploads\\\/2023\\\/05\\\/1_20230508_104415_0000.png\",\"width\":1080,\"height\":1080},{\"@type\":\"BreadcrumbList\",\"@id\":\"https:\\\/\\\/creativabarcelona.com\\\/ca\\\/manualitats-per-a-fer-i-regalar-en-el-dia-de-la-mare\\\/#breadcrumb\",\"itemListElement\":[{\"@type\":\"ListItem\",\"position\":1,\"name\":\"Portada\",\"item\":\"https:\\\/\\\/creativabarcelona.com\\\/ca\\\/\"},{\"@type\":\"ListItem\",\"position\":2,\"name\":\"Manualitats per a fer i regalar en el Dia de la Mare\"}]},{\"@type\":\"WebSite\",\"@id\":\"https:\\\/\\\/creativabarcelona.com\\\/#website\",\"url\":\"https:\\\/\\\/creativabarcelona.com\\\/\",\"name\":\"Creativa Barcelona\",\"description\":\"Sal\u00f3 de les Manualitats i Artesanies\",\"publisher\":{\"@id\":\"https:\\\/\\\/creativabarcelona.com\\\/#organization\"},\"potentialAction\":[{\"@type\":\"SearchAction\",\"target\":{\"@type\":\"EntryPoint\",\"urlTemplate\":\"https:\\\/\\\/creativabarcelona.com\\\/?s={search_term_string}\"},\"query-input\":{\"@type\":\"PropertyValueSpecification\",\"valueRequired\":true,\"valueName\":\"search_term_string\"}}],\"inLanguage\":\"ca\"},{\"@type\":\"Organization\",\"@id\":\"https:\\\/\\\/creativabarcelona.com\\\/#organization\",\"name\":\"Creativa Barcelona\",\"url\":\"https:\\\/\\\/creativabarcelona.com\\\/\",\"logo\":{\"@type\":\"ImageObject\",\"inLanguage\":\"ca\",\"@id\":\"https:\\\/\\\/creativabarcelona.com\\\/#\\\/schema\\\/logo\\\/image\\\/\",\"url\":\"https:\\\/\\\/creativabarcelona.com\\\/wp-content\\\/uploads\\\/2025\\\/03\\\/logo_creativa_barcelona_Cast-1.png\",\"contentUrl\":\"https:\\\/\\\/creativabarcelona.com\\\/wp-content\\\/uploads\\\/2025\\\/03\\\/logo_creativa_barcelona_Cast-1.png\",\"width\":777,\"height\":417,\"caption\":\"Creativa Barcelona\"},\"image\":{\"@id\":\"https:\\\/\\\/creativabarcelona.com\\\/#\\\/schema\\\/logo\\\/image\\\/\"}},{\"@type\":\"Person\",\"@id\":\"https:\\\/\\\/creativabarcelona.com\\\/#\\\/schema\\\/person\\\/8e8b8970f744ca25f2f5851fc3885a7c\",\"name\":\"Creativa Barcelona\",\"image\":{\"@type\":\"ImageObject\",\"inLanguage\":\"ca\",\"@id\":\"https:\\\/\\\/secure.gravatar.com\\\/avatar\\\/406e5757f4d56639af47e6fd7556eae103ce6d31d5443b6885274eef11b0e577?s=96&d=mm&r=g\",\"url\":\"https:\\\/\\\/secure.gravatar.com\\\/avatar\\\/406e5757f4d56639af47e6fd7556eae103ce6d31d5443b6885274eef11b0e577?s=96&d=mm&r=g\",\"contentUrl\":\"https:\\\/\\\/secure.gravatar.com\\\/avatar\\\/406e5757f4d56639af47e6fd7556eae103ce6d31d5443b6885274eef11b0e577?s=96&d=mm&r=g\",\"caption\":\"Creativa Barcelona\"},\"url\":\"https:\\\/\\\/creativabarcelona.com\\\/ca\\\/author\\\/creditor20bcn22\\\/\"}]}<\/script>\n<!-- \/ Yoast SEO plugin. -->","yoast_head_json":{"title":"Manualitats per a fer i regalar en el Dia de la Mare - Creativa Barcelona","robots":{"index":"index","follow":"follow","max-snippet":"max-snippet:-1","max-image-preview":"max-image-preview:large","max-video-preview":"max-video-preview:-1"},"canonical":"https:\/\/creativabarcelona.com\/ca\/manualitats-per-a-fer-i-regalar-en-el-dia-de-la-mare\/","og_locale":"ca_ES","og_type":"article","og_title":"Manualitats per a fer i regalar en el Dia de la Mare - Creativa Barcelona","og_description":"Creativers com a celebraci\u00f3 del dia de la mare us proposem 4 manualitats per als m\u00e9s petits i no tan petits de la casa per a regalar. 1. Ram de flors con llacets de pasta Materials: Lacitos de pasta. Pinturas acr\u00edlicas de colores. 1\u00a0cartulina blanca. 1 retal de tela. 1 trozo de cuerda o lazo. [&hellip;]","og_url":"https:\/\/creativabarcelona.com\/ca\/manualitats-per-a-fer-i-regalar-en-el-dia-de-la-mare\/","og_site_name":"Creativa Barcelona","article_published_time":"2023-04-25T08:02:58+00:00","article_modified_time":"2024-09-04T10:31:12+00:00","og_image":[{"width":1080,"height":1080,"url":"https:\/\/creativabarcelona.com\/wp-content\/uploads\/2023\/05\/1_20230508_104415_0000.png","type":"image\/png"}],"author":"Creativa Barcelona","twitter_card":"summary_large_image","twitter_misc":{"Escrit per":"Creativa Barcelona","Temps estimat de lectura":"5 minuts"},"schema":{"@context":"https:\/\/schema.org","@graph":[{"@type":"Article","@id":"https:\/\/creativabarcelona.com\/ca\/manualitats-per-a-fer-i-regalar-en-el-dia-de-la-mare\/#article","isPartOf":{"@id":"https:\/\/creativabarcelona.com\/ca\/manualitats-per-a-fer-i-regalar-en-el-dia-de-la-mare\/"},"author":{"name":"Creativa Barcelona","@id":"https:\/\/creativabarcelona.com\/#\/schema\/person\/8e8b8970f744ca25f2f5851fc3885a7c"},"headline":"Manualitats per a fer i regalar en el Dia de la Mare","datePublished":"2023-04-25T08:02:58+00:00","dateModified":"2024-09-04T10:31:12+00:00","mainEntityOfPage":{"@id":"https:\/\/creativabarcelona.com\/ca\/manualitats-per-a-fer-i-regalar-en-el-dia-de-la-mare\/"},"wordCount":925,"publisher":{"@id":"https:\/\/creativabarcelona.com\/#organization"},"image":{"@id":"https:\/\/creativabarcelona.com\/ca\/manualitats-per-a-fer-i-regalar-en-el-dia-de-la-mare\/#primaryimage"},"thumbnailUrl":"https:\/\/creativabarcelona.com\/wp-content\/uploads\/2023\/05\/1_20230508_104415_0000.png","articleSection":["Actualitat","Creativa 2023","General"],"inLanguage":"ca"},{"@type":"WebPage","@id":"https:\/\/creativabarcelona.com\/ca\/manualitats-per-a-fer-i-regalar-en-el-dia-de-la-mare\/","url":"https:\/\/creativabarcelona.com\/ca\/manualitats-per-a-fer-i-regalar-en-el-dia-de-la-mare\/","name":"Manualitats per a fer i regalar en el Dia de la Mare - Creativa Barcelona","isPartOf":{"@id":"https:\/\/creativabarcelona.com\/#website"},"primaryImageOfPage":{"@id":"https:\/\/creativabarcelona.com\/ca\/manualitats-per-a-fer-i-regalar-en-el-dia-de-la-mare\/#primaryimage"},"image":{"@id":"https:\/\/creativabarcelona.com\/ca\/manualitats-per-a-fer-i-regalar-en-el-dia-de-la-mare\/#primaryimage"},"thumbnailUrl":"https:\/\/creativabarcelona.com\/wp-content\/uploads\/2023\/05\/1_20230508_104415_0000.png","datePublished":"2023-04-25T08:02:58+00:00","dateModified":"2024-09-04T10:31:12+00:00","breadcrumb":{"@id":"https:\/\/creativabarcelona.com\/ca\/manualitats-per-a-fer-i-regalar-en-el-dia-de-la-mare\/#breadcrumb"},"inLanguage":"ca","potentialAction":[{"@type":"ReadAction","target":["https:\/\/creativabarcelona.com\/ca\/manualitats-per-a-fer-i-regalar-en-el-dia-de-la-mare\/"]}]},{"@type":"ImageObject","inLanguage":"ca","@id":"https:\/\/creativabarcelona.com\/ca\/manualitats-per-a-fer-i-regalar-en-el-dia-de-la-mare\/#primaryimage","url":"https:\/\/creativabarcelona.com\/wp-content\/uploads\/2023\/05\/1_20230508_104415_0000.png","contentUrl":"https:\/\/creativabarcelona.com\/wp-content\/uploads\/2023\/05\/1_20230508_104415_0000.png","width":1080,"height":1080},{"@type":"BreadcrumbList","@id":"https:\/\/creativabarcelona.com\/ca\/manualitats-per-a-fer-i-regalar-en-el-dia-de-la-mare\/#breadcrumb","itemListElement":[{"@type":"ListItem","position":1,"name":"Portada","item":"https:\/\/creativabarcelona.com\/ca\/"},{"@type":"ListItem","position":2,"name":"Manualitats per a fer i regalar en el Dia de la Mare"}]},{"@type":"WebSite","@id":"https:\/\/creativabarcelona.com\/#website","url":"https:\/\/creativabarcelona.com\/","name":"Creativa Barcelona","description":"Sal\u00f3 de les Manualitats i Artesanies","publisher":{"@id":"https:\/\/creativabarcelona.com\/#organization"},"potentialAction":[{"@type":"SearchAction","target":{"@type":"EntryPoint","urlTemplate":"https:\/\/creativabarcelona.com\/?s={search_term_string}"},"query-input":{"@type":"PropertyValueSpecification","valueRequired":true,"valueName":"search_term_string"}}],"inLanguage":"ca"},{"@type":"Organization","@id":"https:\/\/creativabarcelona.com\/#organization","name":"Creativa Barcelona","url":"https:\/\/creativabarcelona.com\/","logo":{"@type":"ImageObject","inLanguage":"ca","@id":"https:\/\/creativabarcelona.com\/#\/schema\/logo\/image\/","url":"https:\/\/creativabarcelona.com\/wp-content\/uploads\/2025\/03\/logo_creativa_barcelona_Cast-1.png","contentUrl":"https:\/\/creativabarcelona.com\/wp-content\/uploads\/2025\/03\/logo_creativa_barcelona_Cast-1.png","width":777,"height":417,"caption":"Creativa Barcelona"},"image":{"@id":"https:\/\/creativabarcelona.com\/#\/schema\/logo\/image\/"}},{"@type":"Person","@id":"https:\/\/creativabarcelona.com\/#\/schema\/person\/8e8b8970f744ca25f2f5851fc3885a7c","name":"Creativa Barcelona","image":{"@type":"ImageObject","inLanguage":"ca","@id":"https:\/\/secure.gravatar.com\/avatar\/406e5757f4d56639af47e6fd7556eae103ce6d31d5443b6885274eef11b0e577?s=96&d=mm&r=g","url":"https:\/\/secure.gravatar.com\/avatar\/406e5757f4d56639af47e6fd7556eae103ce6d31d5443b6885274eef11b0e577?s=96&d=mm&r=g","contentUrl":"https:\/\/secure.gravatar.com\/avatar\/406e5757f4d56639af47e6fd7556eae103ce6d31d5443b6885274eef11b0e577?s=96&d=mm&r=g","caption":"Creativa Barcelona"},"url":"https:\/\/creativabarcelona.com\/ca\/author\/creditor20bcn22\/"}]}},"_links":{"self":[{"href":"https:\/\/creativabarcelona.com\/ca\/wp-json\/wp\/v2\/posts\/8790","targetHints":{"allow":["GET"]}}],"collection":[{"href":"https:\/\/creativabarcelona.com\/ca\/wp-json\/wp\/v2\/posts"}],"about":[{"href":"https:\/\/creativabarcelona.com\/ca\/wp-json\/wp\/v2\/types\/post"}],"author":[{"embeddable":true,"href":"https:\/\/creativabarcelona.com\/ca\/wp-json\/wp\/v2\/users\/27"}],"replies":[{"embeddable":true,"href":"https:\/\/creativabarcelona.com\/ca\/wp-json\/wp\/v2\/comments?post=8790"}],"version-history":[{"count":1,"href":"https:\/\/creativabarcelona.com\/ca\/wp-json\/wp\/v2\/posts\/8790\/revisions"}],"predecessor-version":[{"id":8791,"href":"https:\/\/creativabarcelona.com\/ca\/wp-json\/wp\/v2\/posts\/8790\/revisions\/8791"}],"wp:featuredmedia":[{"embeddable":true,"href":"https:\/\/creativabarcelona.com\/ca\/wp-json\/wp\/v2\/media\/8437"}],"wp:attachment":[{"href":"https:\/\/creativabarcelona.com\/ca\/wp-json\/wp\/v2\/media?parent=8790"}],"wp:term":[{"taxonomy":"category","embeddable":true,"href":"https:\/\/creativabarcelona.com\/ca\/wp-json\/wp\/v2\/categories?post=8790"},{"taxonomy":"post_tag","embeddable":true,"href":"https:\/\/creativabarcelona.com\/ca\/wp-json\/wp\/v2\/tags?post=8790"}],"curies":[{"name":"wp","href":"https:\/\/api.w.org\/{rel}","templated":true}]}}