{"id":8800,"date":"2023-05-09T17:15:17","date_gmt":"2023-05-09T15:15:17","guid":{"rendered":"https:\/\/creativabarcelona.com\/?p=8800"},"modified":"2024-09-04T12:31:11","modified_gmt":"2024-09-04T10:31:11","slug":"8800","status":"publish","type":"post","link":"https:\/\/creativabarcelona.com\/ca\/8800\/","title":{"rendered":"EL PODER DE LES MANS PER A CREAR"},"content":{"rendered":"<p>Poques vegades ens detenim a pensar sobre el poder creador de les nostres mans. Estem tan acostumats al seu \u00fas i \u00e9s tan quotidiana la forma en qu\u00e8 ens permeten realitzar les nostres activitats, que l&#8217;oblidem. Les mans, s\u00f3n, sens dubte, eines de creaci\u00f3.<\/p>\n<p><strong>L&#8217;\u00fas de les nostres mans ens ajudar\u00e0 a ser m\u00e9s conscients de les seves sorprenents capacitats.<\/strong><\/p>\n<p><strong>Decideix-te i gaudeix del plaer de crear amb les teves mans.<\/strong><\/p>\n<p>Els beneficis de crear amb les teves mans, desperten el nostre costat m\u00e9s creatiu, ens mant\u00e9 connectats amb el m\u00f3n, ens permet deixar fluir i exterioritzar els nostres sentiments m\u00e9s profunds, contribuint a l&#8217;autoconeixement, ens permet ser m\u00e9s desinhibits i m\u00e9s comunicatius amb els altres, ens fa tenir un estat d&#8217;harmonia total, ens torna persones m\u00e9s perceptives i aguditza els nostres sentits, augmenta l&#8217;autoestima i ens brinda satisfacci\u00f3, aporta beneficis a nivell motriu i contribueix a la soluci\u00f3 de problemes d&#8217;aquest tipus i tamb\u00e9 exclou bloquejos emocionals i prejudicis.<\/p>\n<p><strong>En definitiva el que aconsegueix \u00e9s desenvolupar la creativitat i dona benestar.<\/strong><\/p>\n<p>\u00c9s especial el sentiment que es genera quan treballem amb les nostres mans, l&#8217;acte de transformar la mat\u00e8ria en el que despr\u00e9s ser\u00e0 la nostra obra d&#8217;art, \u00e9s una experi\u00e8ncia meravellosa que ens omple de satisfacci\u00f3.<\/p>\n","protected":false},"excerpt":{"rendered":"<p>Poques vegades ens detenim a pensar sobre el poder creador de les nostres mans. Estem tan acostumats al seu \u00fas i \u00e9s tan quotidiana la forma en qu\u00e8 ens permeten realitzar les nostres activitats, que l&#8217;oblidem. Les mans, s\u00f3n, sens dubte, eines de creaci\u00f3. L&#8217;\u00fas de les nostres mans ens ajudar\u00e0 a ser m\u00e9s conscients [&hellip;]<\/p>\n","protected":false},"author":27,"featured_media":8797,"comment_status":"closed","ping_status":"closed","sticky":false,"template":"","format":"standard","meta":{"footnotes":""},"categories":[210,40],"tags":[],"class_list":["post-8800","post","type-post","status-publish","format-standard","has-post-thumbnail","hentry","category-creativa-2023-ca","category-general-ca"],"yoast_head":"<!-- This site is optimized with the Yoast SEO plugin v27.5 - https:\/\/yoast.com\/product\/yoast-seo-wordpress\/ -->\n<title>EL PODER DE LES MANS PER A CREAR - Creativa Barcelona<\/title>\n<meta name=\"robots\" content=\"index, follow, max-snippet:-1, max-image-preview:large, max-video-preview:-1\" \/>\n<link rel=\"canonical\" href=\"https:\/\/creativabarcelona.com\/ca\/8800\/\" \/>\n<meta property=\"og:locale\" content=\"ca_ES\" \/>\n<meta property=\"og:type\" content=\"article\" \/>\n<meta property=\"og:title\" content=\"EL PODER DE LES MANS PER A CREAR - Creativa Barcelona\" \/>\n<meta property=\"og:description\" content=\"Poques vegades ens detenim a pensar sobre el poder creador de les nostres mans. Estem tan acostumats al seu \u00fas i \u00e9s tan quotidiana la forma en qu\u00e8 ens permeten realitzar les nostres activitats, que l&#8217;oblidem. Les mans, s\u00f3n, sens dubte, eines de creaci\u00f3. L&#8217;\u00fas de les nostres mans ens ajudar\u00e0 a ser m\u00e9s conscients [&hellip;]\" \/>\n<meta property=\"og:url\" content=\"https:\/\/creativabarcelona.com\/ca\/8800\/\" \/>\n<meta property=\"og:site_name\" content=\"Creativa Barcelona\" \/>\n<meta property=\"article:published_time\" content=\"2023-05-09T15:15:17+00:00\" \/>\n<meta property=\"article:modified_time\" content=\"2024-09-04T10:31:11+00:00\" \/>\n<meta property=\"og:image\" content=\"https:\/\/creativabarcelona.com\/wp-content\/uploads\/2023\/05\/png_20230509_165535_0000.png\" \/>\n\t<meta property=\"og:image:width\" content=\"1080\" \/>\n\t<meta property=\"og:image:height\" content=\"1080\" \/>\n\t<meta property=\"og:image:type\" content=\"image\/png\" \/>\n<meta name=\"author\" content=\"Creativa Barcelona\" \/>\n<meta name=\"twitter:card\" content=\"summary_large_image\" \/>\n<meta name=\"twitter:label1\" content=\"Escrit per\" \/>\n\t<meta name=\"twitter:data1\" content=\"Creativa Barcelona\" \/>\n\t<meta name=\"twitter:label2\" content=\"Temps estimat de lectura\" \/>\n\t<meta name=\"twitter:data2\" content=\"1 minut\" \/>\n<script type=\"application\/ld+json\" class=\"yoast-schema-graph\">{\"@context\":\"https:\\\/\\\/schema.org\",\"@graph\":[{\"@type\":\"Article\",\"@id\":\"https:\\\/\\\/creativabarcelona.com\\\/ca\\\/8800\\\/#article\",\"isPartOf\":{\"@id\":\"https:\\\/\\\/creativabarcelona.com\\\/ca\\\/8800\\\/\"},\"author\":{\"name\":\"Creativa Barcelona\",\"@id\":\"https:\\\/\\\/creativabarcelona.com\\\/#\\\/schema\\\/person\\\/8e8b8970f744ca25f2f5851fc3885a7c\"},\"headline\":\"EL PODER DE LES MANS PER A CREAR\",\"datePublished\":\"2023-05-09T15:15:17+00:00\",\"dateModified\":\"2024-09-04T10:31:11+00:00\",\"mainEntityOfPage\":{\"@id\":\"https:\\\/\\\/creativabarcelona.com\\\/ca\\\/8800\\\/\"},\"wordCount\":235,\"publisher\":{\"@id\":\"https:\\\/\\\/creativabarcelona.com\\\/#organization\"},\"image\":{\"@id\":\"https:\\\/\\\/creativabarcelona.com\\\/ca\\\/8800\\\/#primaryimage\"},\"thumbnailUrl\":\"https:\\\/\\\/creativabarcelona.com\\\/wp-content\\\/uploads\\\/2023\\\/05\\\/png_20230509_165535_0000.png\",\"articleSection\":[\"Creativa 2023\",\"General\"],\"inLanguage\":\"ca\"},{\"@type\":\"WebPage\",\"@id\":\"https:\\\/\\\/creativabarcelona.com\\\/ca\\\/8800\\\/\",\"url\":\"https:\\\/\\\/creativabarcelona.com\\\/ca\\\/8800\\\/\",\"name\":\"EL PODER DE LES MANS PER A CREAR - Creativa Barcelona\",\"isPartOf\":{\"@id\":\"https:\\\/\\\/creativabarcelona.com\\\/#website\"},\"primaryImageOfPage\":{\"@id\":\"https:\\\/\\\/creativabarcelona.com\\\/ca\\\/8800\\\/#primaryimage\"},\"image\":{\"@id\":\"https:\\\/\\\/creativabarcelona.com\\\/ca\\\/8800\\\/#primaryimage\"},\"thumbnailUrl\":\"https:\\\/\\\/creativabarcelona.com\\\/wp-content\\\/uploads\\\/2023\\\/05\\\/png_20230509_165535_0000.png\",\"datePublished\":\"2023-05-09T15:15:17+00:00\",\"dateModified\":\"2024-09-04T10:31:11+00:00\",\"breadcrumb\":{\"@id\":\"https:\\\/\\\/creativabarcelona.com\\\/ca\\\/8800\\\/#breadcrumb\"},\"inLanguage\":\"ca\",\"potentialAction\":[{\"@type\":\"ReadAction\",\"target\":[\"https:\\\/\\\/creativabarcelona.com\\\/ca\\\/8800\\\/\"]}]},{\"@type\":\"ImageObject\",\"inLanguage\":\"ca\",\"@id\":\"https:\\\/\\\/creativabarcelona.com\\\/ca\\\/8800\\\/#primaryimage\",\"url\":\"https:\\\/\\\/creativabarcelona.com\\\/wp-content\\\/uploads\\\/2023\\\/05\\\/png_20230509_165535_0000.png\",\"contentUrl\":\"https:\\\/\\\/creativabarcelona.com\\\/wp-content\\\/uploads\\\/2023\\\/05\\\/png_20230509_165535_0000.png\",\"width\":1080,\"height\":1080},{\"@type\":\"BreadcrumbList\",\"@id\":\"https:\\\/\\\/creativabarcelona.com\\\/ca\\\/8800\\\/#breadcrumb\",\"itemListElement\":[{\"@type\":\"ListItem\",\"position\":1,\"name\":\"Portada\",\"item\":\"https:\\\/\\\/creativabarcelona.com\\\/ca\\\/\"},{\"@type\":\"ListItem\",\"position\":2,\"name\":\"EL PODER DE LES MANS PER A CREAR\"}]},{\"@type\":\"WebSite\",\"@id\":\"https:\\\/\\\/creativabarcelona.com\\\/#website\",\"url\":\"https:\\\/\\\/creativabarcelona.com\\\/\",\"name\":\"Creativa Barcelona\",\"description\":\"Sal\u00f3 de les Manualitats i Artesanies\",\"publisher\":{\"@id\":\"https:\\\/\\\/creativabarcelona.com\\\/#organization\"},\"potentialAction\":[{\"@type\":\"SearchAction\",\"target\":{\"@type\":\"EntryPoint\",\"urlTemplate\":\"https:\\\/\\\/creativabarcelona.com\\\/?s={search_term_string}\"},\"query-input\":{\"@type\":\"PropertyValueSpecification\",\"valueRequired\":true,\"valueName\":\"search_term_string\"}}],\"inLanguage\":\"ca\"},{\"@type\":\"Organization\",\"@id\":\"https:\\\/\\\/creativabarcelona.com\\\/#organization\",\"name\":\"Creativa Barcelona\",\"url\":\"https:\\\/\\\/creativabarcelona.com\\\/\",\"logo\":{\"@type\":\"ImageObject\",\"inLanguage\":\"ca\",\"@id\":\"https:\\\/\\\/creativabarcelona.com\\\/#\\\/schema\\\/logo\\\/image\\\/\",\"url\":\"https:\\\/\\\/creativabarcelona.com\\\/wp-content\\\/uploads\\\/2025\\\/03\\\/logo_creativa_barcelona_Cast-1.png\",\"contentUrl\":\"https:\\\/\\\/creativabarcelona.com\\\/wp-content\\\/uploads\\\/2025\\\/03\\\/logo_creativa_barcelona_Cast-1.png\",\"width\":777,\"height\":417,\"caption\":\"Creativa Barcelona\"},\"image\":{\"@id\":\"https:\\\/\\\/creativabarcelona.com\\\/#\\\/schema\\\/logo\\\/image\\\/\"}},{\"@type\":\"Person\",\"@id\":\"https:\\\/\\\/creativabarcelona.com\\\/#\\\/schema\\\/person\\\/8e8b8970f744ca25f2f5851fc3885a7c\",\"name\":\"Creativa Barcelona\",\"image\":{\"@type\":\"ImageObject\",\"inLanguage\":\"ca\",\"@id\":\"https:\\\/\\\/secure.gravatar.com\\\/avatar\\\/406e5757f4d56639af47e6fd7556eae103ce6d31d5443b6885274eef11b0e577?s=96&d=mm&r=g\",\"url\":\"https:\\\/\\\/secure.gravatar.com\\\/avatar\\\/406e5757f4d56639af47e6fd7556eae103ce6d31d5443b6885274eef11b0e577?s=96&d=mm&r=g\",\"contentUrl\":\"https:\\\/\\\/secure.gravatar.com\\\/avatar\\\/406e5757f4d56639af47e6fd7556eae103ce6d31d5443b6885274eef11b0e577?s=96&d=mm&r=g\",\"caption\":\"Creativa Barcelona\"},\"url\":\"https:\\\/\\\/creativabarcelona.com\\\/ca\\\/author\\\/creditor20bcn22\\\/\"}]}<\/script>\n<!-- \/ Yoast SEO plugin. -->","yoast_head_json":{"title":"EL PODER DE LES MANS PER A CREAR - Creativa Barcelona","robots":{"index":"index","follow":"follow","max-snippet":"max-snippet:-1","max-image-preview":"max-image-preview:large","max-video-preview":"max-video-preview:-1"},"canonical":"https:\/\/creativabarcelona.com\/ca\/8800\/","og_locale":"ca_ES","og_type":"article","og_title":"EL PODER DE LES MANS PER A CREAR - Creativa Barcelona","og_description":"Poques vegades ens detenim a pensar sobre el poder creador de les nostres mans. Estem tan acostumats al seu \u00fas i \u00e9s tan quotidiana la forma en qu\u00e8 ens permeten realitzar les nostres activitats, que l&#8217;oblidem. Les mans, s\u00f3n, sens dubte, eines de creaci\u00f3. L&#8217;\u00fas de les nostres mans ens ajudar\u00e0 a ser m\u00e9s conscients [&hellip;]","og_url":"https:\/\/creativabarcelona.com\/ca\/8800\/","og_site_name":"Creativa Barcelona","article_published_time":"2023-05-09T15:15:17+00:00","article_modified_time":"2024-09-04T10:31:11+00:00","og_image":[{"width":1080,"height":1080,"url":"https:\/\/creativabarcelona.com\/wp-content\/uploads\/2023\/05\/png_20230509_165535_0000.png","type":"image\/png"}],"author":"Creativa Barcelona","twitter_card":"summary_large_image","twitter_misc":{"Escrit per":"Creativa Barcelona","Temps estimat de lectura":"1 minut"},"schema":{"@context":"https:\/\/schema.org","@graph":[{"@type":"Article","@id":"https:\/\/creativabarcelona.com\/ca\/8800\/#article","isPartOf":{"@id":"https:\/\/creativabarcelona.com\/ca\/8800\/"},"author":{"name":"Creativa Barcelona","@id":"https:\/\/creativabarcelona.com\/#\/schema\/person\/8e8b8970f744ca25f2f5851fc3885a7c"},"headline":"EL PODER DE LES MANS PER A CREAR","datePublished":"2023-05-09T15:15:17+00:00","dateModified":"2024-09-04T10:31:11+00:00","mainEntityOfPage":{"@id":"https:\/\/creativabarcelona.com\/ca\/8800\/"},"wordCount":235,"publisher":{"@id":"https:\/\/creativabarcelona.com\/#organization"},"image":{"@id":"https:\/\/creativabarcelona.com\/ca\/8800\/#primaryimage"},"thumbnailUrl":"https:\/\/creativabarcelona.com\/wp-content\/uploads\/2023\/05\/png_20230509_165535_0000.png","articleSection":["Creativa 2023","General"],"inLanguage":"ca"},{"@type":"WebPage","@id":"https:\/\/creativabarcelona.com\/ca\/8800\/","url":"https:\/\/creativabarcelona.com\/ca\/8800\/","name":"EL PODER DE LES MANS PER A CREAR - Creativa Barcelona","isPartOf":{"@id":"https:\/\/creativabarcelona.com\/#website"},"primaryImageOfPage":{"@id":"https:\/\/creativabarcelona.com\/ca\/8800\/#primaryimage"},"image":{"@id":"https:\/\/creativabarcelona.com\/ca\/8800\/#primaryimage"},"thumbnailUrl":"https:\/\/creativabarcelona.com\/wp-content\/uploads\/2023\/05\/png_20230509_165535_0000.png","datePublished":"2023-05-09T15:15:17+00:00","dateModified":"2024-09-04T10:31:11+00:00","breadcrumb":{"@id":"https:\/\/creativabarcelona.com\/ca\/8800\/#breadcrumb"},"inLanguage":"ca","potentialAction":[{"@type":"ReadAction","target":["https:\/\/creativabarcelona.com\/ca\/8800\/"]}]},{"@type":"ImageObject","inLanguage":"ca","@id":"https:\/\/creativabarcelona.com\/ca\/8800\/#primaryimage","url":"https:\/\/creativabarcelona.com\/wp-content\/uploads\/2023\/05\/png_20230509_165535_0000.png","contentUrl":"https:\/\/creativabarcelona.com\/wp-content\/uploads\/2023\/05\/png_20230509_165535_0000.png","width":1080,"height":1080},{"@type":"BreadcrumbList","@id":"https:\/\/creativabarcelona.com\/ca\/8800\/#breadcrumb","itemListElement":[{"@type":"ListItem","position":1,"name":"Portada","item":"https:\/\/creativabarcelona.com\/ca\/"},{"@type":"ListItem","position":2,"name":"EL PODER DE LES MANS PER A CREAR"}]},{"@type":"WebSite","@id":"https:\/\/creativabarcelona.com\/#website","url":"https:\/\/creativabarcelona.com\/","name":"Creativa Barcelona","description":"Sal\u00f3 de les Manualitats i Artesanies","publisher":{"@id":"https:\/\/creativabarcelona.com\/#organization"},"potentialAction":[{"@type":"SearchAction","target":{"@type":"EntryPoint","urlTemplate":"https:\/\/creativabarcelona.com\/?s={search_term_string}"},"query-input":{"@type":"PropertyValueSpecification","valueRequired":true,"valueName":"search_term_string"}}],"inLanguage":"ca"},{"@type":"Organization","@id":"https:\/\/creativabarcelona.com\/#organization","name":"Creativa Barcelona","url":"https:\/\/creativabarcelona.com\/","logo":{"@type":"ImageObject","inLanguage":"ca","@id":"https:\/\/creativabarcelona.com\/#\/schema\/logo\/image\/","url":"https:\/\/creativabarcelona.com\/wp-content\/uploads\/2025\/03\/logo_creativa_barcelona_Cast-1.png","contentUrl":"https:\/\/creativabarcelona.com\/wp-content\/uploads\/2025\/03\/logo_creativa_barcelona_Cast-1.png","width":777,"height":417,"caption":"Creativa Barcelona"},"image":{"@id":"https:\/\/creativabarcelona.com\/#\/schema\/logo\/image\/"}},{"@type":"Person","@id":"https:\/\/creativabarcelona.com\/#\/schema\/person\/8e8b8970f744ca25f2f5851fc3885a7c","name":"Creativa Barcelona","image":{"@type":"ImageObject","inLanguage":"ca","@id":"https:\/\/secure.gravatar.com\/avatar\/406e5757f4d56639af47e6fd7556eae103ce6d31d5443b6885274eef11b0e577?s=96&d=mm&r=g","url":"https:\/\/secure.gravatar.com\/avatar\/406e5757f4d56639af47e6fd7556eae103ce6d31d5443b6885274eef11b0e577?s=96&d=mm&r=g","contentUrl":"https:\/\/secure.gravatar.com\/avatar\/406e5757f4d56639af47e6fd7556eae103ce6d31d5443b6885274eef11b0e577?s=96&d=mm&r=g","caption":"Creativa Barcelona"},"url":"https:\/\/creativabarcelona.com\/ca\/author\/creditor20bcn22\/"}]}},"_links":{"self":[{"href":"https:\/\/creativabarcelona.com\/ca\/wp-json\/wp\/v2\/posts\/8800","targetHints":{"allow":["GET"]}}],"collection":[{"href":"https:\/\/creativabarcelona.com\/ca\/wp-json\/wp\/v2\/posts"}],"about":[{"href":"https:\/\/creativabarcelona.com\/ca\/wp-json\/wp\/v2\/types\/post"}],"author":[{"embeddable":true,"href":"https:\/\/creativabarcelona.com\/ca\/wp-json\/wp\/v2\/users\/27"}],"replies":[{"embeddable":true,"href":"https:\/\/creativabarcelona.com\/ca\/wp-json\/wp\/v2\/comments?post=8800"}],"version-history":[{"count":2,"href":"https:\/\/creativabarcelona.com\/ca\/wp-json\/wp\/v2\/posts\/8800\/revisions"}],"predecessor-version":[{"id":8802,"href":"https:\/\/creativabarcelona.com\/ca\/wp-json\/wp\/v2\/posts\/8800\/revisions\/8802"}],"wp:featuredmedia":[{"embeddable":true,"href":"https:\/\/creativabarcelona.com\/ca\/wp-json\/wp\/v2\/media\/8797"}],"wp:attachment":[{"href":"https:\/\/creativabarcelona.com\/ca\/wp-json\/wp\/v2\/media?parent=8800"}],"wp:term":[{"taxonomy":"category","embeddable":true,"href":"https:\/\/creativabarcelona.com\/ca\/wp-json\/wp\/v2\/categories?post=8800"},{"taxonomy":"post_tag","embeddable":true,"href":"https:\/\/creativabarcelona.com\/ca\/wp-json\/wp\/v2\/tags?post=8800"}],"curies":[{"name":"wp","href":"https:\/\/api.w.org\/{rel}","templated":true}]}}