{"id":8906,"date":"2023-05-24T17:11:07","date_gmt":"2023-05-24T15:11:07","guid":{"rendered":"https:\/\/creativabarcelona.com\/?p=8906"},"modified":"2024-09-04T12:31:10","modified_gmt":"2024-09-04T10:31:10","slug":"sofia-i-alba-unides-per-les-manualitats","status":"publish","type":"post","link":"https:\/\/creativabarcelona.com\/ca\/sofia-i-alba-unides-per-les-manualitats\/","title":{"rendered":"Sofia i Alba unides per les Manualitats"},"content":{"rendered":"<p><strong>Imaginativa i creativa<\/strong> com \u00e9s, a <strong>Sofia<\/strong> sempre li han agradat les manualitats. Penedida per la seva decisi\u00f3 d&#8217;estudiar qu\u00edmica, va recuperar la il\u00b7lusi\u00f3 quan va descobrir el m\u00f3n de <strong>LES MANUALITATS DE LA RESINA EPOXI<\/strong>. Amb l&#8217;ajuda de cursos, va anar aprenent fins a saber crear tot tipus d&#8217;aplicacions amb la Resina Epoxi i crear grans obres d&#8217;art, alegres i divertides per a la seva filla. Aquest aprenentatge li va obrir moltes portes i no va trigar a iniciar el seu propi taller de <strong>JOIERIA I BIJUTERIA AMB RESINA\u00a0EP\u00d3XICA.<\/strong><\/p>\n<p>Al llarg d&#8217;aquest proc\u00e9s, va comen\u00e7ar a fer les manualitats amb, <strong>Alba<\/strong>, la seva filla, qui al principi nom\u00e9s s&#8217;entenia amb el seu pare. Despr\u00e9s d&#8217;haver recuperat la relaci\u00f3, comparteix la il\u00b7lusi\u00f3 amb ella i ambdues inventen creacions m\u00e9s enll\u00e0 del que podrien haver imaginat. <strong>S\u00f3n dues generacions de la mateixa fam\u00edlia unides per l&#8217;artesania<\/strong>. Sofia \u00e9s feli\u00e7 d&#8217;haver reconnectat amb la seva filla i Alba ha passat de no entendre&#8217;s amb la seva mare a no poder separar-se d&#8217;ella.<\/p>\n","protected":false},"excerpt":{"rendered":"<p>Imaginativa i creativa com \u00e9s, a Sofia sempre li han agradat les manualitats. Penedida per la seva decisi\u00f3 d&#8217;estudiar qu\u00edmica, va recuperar la il\u00b7lusi\u00f3 quan va descobrir el m\u00f3n de LES MANUALITATS DE LA RESINA EPOXI. Amb l&#8217;ajuda de cursos, va anar aprenent fins a saber crear tot tipus d&#8217;aplicacions amb la Resina Epoxi i [&hellip;]<\/p>\n","protected":false},"author":27,"featured_media":8904,"comment_status":"closed","ping_status":"closed","sticky":false,"template":"","format":"standard","meta":{"footnotes":""},"categories":[210,161],"tags":[],"class_list":["post-8906","post","type-post","status-publish","format-standard","has-post-thumbnail","hentry","category-creativa-2023-ca","category-storytelling-2"],"yoast_head":"<!-- This site is optimized with the Yoast SEO plugin v27.5 - https:\/\/yoast.com\/product\/yoast-seo-wordpress\/ -->\n<title>Sofia i Alba unides per les Manualitats - Creativa Barcelona<\/title>\n<meta name=\"robots\" content=\"index, follow, max-snippet:-1, max-image-preview:large, max-video-preview:-1\" \/>\n<link rel=\"canonical\" href=\"https:\/\/creativabarcelona.com\/ca\/sofia-i-alba-unides-per-les-manualitats\/\" \/>\n<meta property=\"og:locale\" content=\"ca_ES\" \/>\n<meta property=\"og:type\" content=\"article\" \/>\n<meta property=\"og:title\" content=\"Sofia i Alba unides per les Manualitats - Creativa Barcelona\" \/>\n<meta property=\"og:description\" content=\"Imaginativa i creativa com \u00e9s, a Sofia sempre li han agradat les manualitats. Penedida per la seva decisi\u00f3 d&#8217;estudiar qu\u00edmica, va recuperar la il\u00b7lusi\u00f3 quan va descobrir el m\u00f3n de LES MANUALITATS DE LA RESINA EPOXI. Amb l&#8217;ajuda de cursos, va anar aprenent fins a saber crear tot tipus d&#8217;aplicacions amb la Resina Epoxi i [&hellip;]\" \/>\n<meta property=\"og:url\" content=\"https:\/\/creativabarcelona.com\/ca\/sofia-i-alba-unides-per-les-manualitats\/\" \/>\n<meta property=\"og:site_name\" content=\"Creativa Barcelona\" \/>\n<meta property=\"article:published_time\" content=\"2023-05-24T15:11:07+00:00\" \/>\n<meta property=\"article:modified_time\" content=\"2024-09-04T10:31:10+00:00\" \/>\n<meta property=\"og:image\" content=\"https:\/\/creativabarcelona.com\/wp-content\/uploads\/2023\/05\/ALBA-Y-SOFIA.png\" \/>\n\t<meta property=\"og:image:width\" content=\"490\" \/>\n\t<meta property=\"og:image:height\" content=\"528\" \/>\n\t<meta property=\"og:image:type\" content=\"image\/png\" \/>\n<meta name=\"author\" content=\"Creativa Barcelona\" \/>\n<meta name=\"twitter:card\" content=\"summary_large_image\" \/>\n<meta name=\"twitter:label1\" content=\"Escrit per\" \/>\n\t<meta name=\"twitter:data1\" content=\"Creativa Barcelona\" \/>\n\t<meta name=\"twitter:label2\" content=\"Temps estimat de lectura\" \/>\n\t<meta name=\"twitter:data2\" content=\"1 minut\" \/>\n<script type=\"application\/ld+json\" class=\"yoast-schema-graph\">{\"@context\":\"https:\\\/\\\/schema.org\",\"@graph\":[{\"@type\":\"Article\",\"@id\":\"https:\\\/\\\/creativabarcelona.com\\\/ca\\\/sofia-i-alba-unides-per-les-manualitats\\\/#article\",\"isPartOf\":{\"@id\":\"https:\\\/\\\/creativabarcelona.com\\\/ca\\\/sofia-i-alba-unides-per-les-manualitats\\\/\"},\"author\":{\"name\":\"Creativa Barcelona\",\"@id\":\"https:\\\/\\\/creativabarcelona.com\\\/#\\\/schema\\\/person\\\/8e8b8970f744ca25f2f5851fc3885a7c\"},\"headline\":\"Sofia i Alba unides per les Manualitats\",\"datePublished\":\"2023-05-24T15:11:07+00:00\",\"dateModified\":\"2024-09-04T10:31:10+00:00\",\"mainEntityOfPage\":{\"@id\":\"https:\\\/\\\/creativabarcelona.com\\\/ca\\\/sofia-i-alba-unides-per-les-manualitats\\\/\"},\"wordCount\":201,\"publisher\":{\"@id\":\"https:\\\/\\\/creativabarcelona.com\\\/#organization\"},\"image\":{\"@id\":\"https:\\\/\\\/creativabarcelona.com\\\/ca\\\/sofia-i-alba-unides-per-les-manualitats\\\/#primaryimage\"},\"thumbnailUrl\":\"https:\\\/\\\/creativabarcelona.com\\\/wp-content\\\/uploads\\\/2023\\\/05\\\/ALBA-Y-SOFIA.png\",\"articleSection\":[\"Creativa 2023\",\"Storytelling\"],\"inLanguage\":\"ca\"},{\"@type\":\"WebPage\",\"@id\":\"https:\\\/\\\/creativabarcelona.com\\\/ca\\\/sofia-i-alba-unides-per-les-manualitats\\\/\",\"url\":\"https:\\\/\\\/creativabarcelona.com\\\/ca\\\/sofia-i-alba-unides-per-les-manualitats\\\/\",\"name\":\"Sofia i Alba unides per les Manualitats - Creativa Barcelona\",\"isPartOf\":{\"@id\":\"https:\\\/\\\/creativabarcelona.com\\\/#website\"},\"primaryImageOfPage\":{\"@id\":\"https:\\\/\\\/creativabarcelona.com\\\/ca\\\/sofia-i-alba-unides-per-les-manualitats\\\/#primaryimage\"},\"image\":{\"@id\":\"https:\\\/\\\/creativabarcelona.com\\\/ca\\\/sofia-i-alba-unides-per-les-manualitats\\\/#primaryimage\"},\"thumbnailUrl\":\"https:\\\/\\\/creativabarcelona.com\\\/wp-content\\\/uploads\\\/2023\\\/05\\\/ALBA-Y-SOFIA.png\",\"datePublished\":\"2023-05-24T15:11:07+00:00\",\"dateModified\":\"2024-09-04T10:31:10+00:00\",\"breadcrumb\":{\"@id\":\"https:\\\/\\\/creativabarcelona.com\\\/ca\\\/sofia-i-alba-unides-per-les-manualitats\\\/#breadcrumb\"},\"inLanguage\":\"ca\",\"potentialAction\":[{\"@type\":\"ReadAction\",\"target\":[\"https:\\\/\\\/creativabarcelona.com\\\/ca\\\/sofia-i-alba-unides-per-les-manualitats\\\/\"]}]},{\"@type\":\"ImageObject\",\"inLanguage\":\"ca\",\"@id\":\"https:\\\/\\\/creativabarcelona.com\\\/ca\\\/sofia-i-alba-unides-per-les-manualitats\\\/#primaryimage\",\"url\":\"https:\\\/\\\/creativabarcelona.com\\\/wp-content\\\/uploads\\\/2023\\\/05\\\/ALBA-Y-SOFIA.png\",\"contentUrl\":\"https:\\\/\\\/creativabarcelona.com\\\/wp-content\\\/uploads\\\/2023\\\/05\\\/ALBA-Y-SOFIA.png\",\"width\":490,\"height\":528},{\"@type\":\"BreadcrumbList\",\"@id\":\"https:\\\/\\\/creativabarcelona.com\\\/ca\\\/sofia-i-alba-unides-per-les-manualitats\\\/#breadcrumb\",\"itemListElement\":[{\"@type\":\"ListItem\",\"position\":1,\"name\":\"Portada\",\"item\":\"https:\\\/\\\/creativabarcelona.com\\\/ca\\\/\"},{\"@type\":\"ListItem\",\"position\":2,\"name\":\"Sofia i Alba unides per les Manualitats\"}]},{\"@type\":\"WebSite\",\"@id\":\"https:\\\/\\\/creativabarcelona.com\\\/#website\",\"url\":\"https:\\\/\\\/creativabarcelona.com\\\/\",\"name\":\"Creativa Barcelona\",\"description\":\"Sal\u00f3 de les Manualitats i Artesanies\",\"publisher\":{\"@id\":\"https:\\\/\\\/creativabarcelona.com\\\/#organization\"},\"potentialAction\":[{\"@type\":\"SearchAction\",\"target\":{\"@type\":\"EntryPoint\",\"urlTemplate\":\"https:\\\/\\\/creativabarcelona.com\\\/?s={search_term_string}\"},\"query-input\":{\"@type\":\"PropertyValueSpecification\",\"valueRequired\":true,\"valueName\":\"search_term_string\"}}],\"inLanguage\":\"ca\"},{\"@type\":\"Organization\",\"@id\":\"https:\\\/\\\/creativabarcelona.com\\\/#organization\",\"name\":\"Creativa Barcelona\",\"url\":\"https:\\\/\\\/creativabarcelona.com\\\/\",\"logo\":{\"@type\":\"ImageObject\",\"inLanguage\":\"ca\",\"@id\":\"https:\\\/\\\/creativabarcelona.com\\\/#\\\/schema\\\/logo\\\/image\\\/\",\"url\":\"https:\\\/\\\/creativabarcelona.com\\\/wp-content\\\/uploads\\\/2025\\\/03\\\/logo_creativa_barcelona_Cast-1.png\",\"contentUrl\":\"https:\\\/\\\/creativabarcelona.com\\\/wp-content\\\/uploads\\\/2025\\\/03\\\/logo_creativa_barcelona_Cast-1.png\",\"width\":777,\"height\":417,\"caption\":\"Creativa Barcelona\"},\"image\":{\"@id\":\"https:\\\/\\\/creativabarcelona.com\\\/#\\\/schema\\\/logo\\\/image\\\/\"}},{\"@type\":\"Person\",\"@id\":\"https:\\\/\\\/creativabarcelona.com\\\/#\\\/schema\\\/person\\\/8e8b8970f744ca25f2f5851fc3885a7c\",\"name\":\"Creativa Barcelona\",\"image\":{\"@type\":\"ImageObject\",\"inLanguage\":\"ca\",\"@id\":\"https:\\\/\\\/secure.gravatar.com\\\/avatar\\\/406e5757f4d56639af47e6fd7556eae103ce6d31d5443b6885274eef11b0e577?s=96&d=mm&r=g\",\"url\":\"https:\\\/\\\/secure.gravatar.com\\\/avatar\\\/406e5757f4d56639af47e6fd7556eae103ce6d31d5443b6885274eef11b0e577?s=96&d=mm&r=g\",\"contentUrl\":\"https:\\\/\\\/secure.gravatar.com\\\/avatar\\\/406e5757f4d56639af47e6fd7556eae103ce6d31d5443b6885274eef11b0e577?s=96&d=mm&r=g\",\"caption\":\"Creativa Barcelona\"},\"url\":\"https:\\\/\\\/creativabarcelona.com\\\/ca\\\/author\\\/creditor20bcn22\\\/\"}]}<\/script>\n<!-- \/ Yoast SEO plugin. -->","yoast_head_json":{"title":"Sofia i Alba unides per les Manualitats - Creativa Barcelona","robots":{"index":"index","follow":"follow","max-snippet":"max-snippet:-1","max-image-preview":"max-image-preview:large","max-video-preview":"max-video-preview:-1"},"canonical":"https:\/\/creativabarcelona.com\/ca\/sofia-i-alba-unides-per-les-manualitats\/","og_locale":"ca_ES","og_type":"article","og_title":"Sofia i Alba unides per les Manualitats - Creativa Barcelona","og_description":"Imaginativa i creativa com \u00e9s, a Sofia sempre li han agradat les manualitats. Penedida per la seva decisi\u00f3 d&#8217;estudiar qu\u00edmica, va recuperar la il\u00b7lusi\u00f3 quan va descobrir el m\u00f3n de LES MANUALITATS DE LA RESINA EPOXI. Amb l&#8217;ajuda de cursos, va anar aprenent fins a saber crear tot tipus d&#8217;aplicacions amb la Resina Epoxi i [&hellip;]","og_url":"https:\/\/creativabarcelona.com\/ca\/sofia-i-alba-unides-per-les-manualitats\/","og_site_name":"Creativa Barcelona","article_published_time":"2023-05-24T15:11:07+00:00","article_modified_time":"2024-09-04T10:31:10+00:00","og_image":[{"width":490,"height":528,"url":"https:\/\/creativabarcelona.com\/wp-content\/uploads\/2023\/05\/ALBA-Y-SOFIA.png","type":"image\/png"}],"author":"Creativa Barcelona","twitter_card":"summary_large_image","twitter_misc":{"Escrit per":"Creativa Barcelona","Temps estimat de lectura":"1 minut"},"schema":{"@context":"https:\/\/schema.org","@graph":[{"@type":"Article","@id":"https:\/\/creativabarcelona.com\/ca\/sofia-i-alba-unides-per-les-manualitats\/#article","isPartOf":{"@id":"https:\/\/creativabarcelona.com\/ca\/sofia-i-alba-unides-per-les-manualitats\/"},"author":{"name":"Creativa Barcelona","@id":"https:\/\/creativabarcelona.com\/#\/schema\/person\/8e8b8970f744ca25f2f5851fc3885a7c"},"headline":"Sofia i Alba unides per les Manualitats","datePublished":"2023-05-24T15:11:07+00:00","dateModified":"2024-09-04T10:31:10+00:00","mainEntityOfPage":{"@id":"https:\/\/creativabarcelona.com\/ca\/sofia-i-alba-unides-per-les-manualitats\/"},"wordCount":201,"publisher":{"@id":"https:\/\/creativabarcelona.com\/#organization"},"image":{"@id":"https:\/\/creativabarcelona.com\/ca\/sofia-i-alba-unides-per-les-manualitats\/#primaryimage"},"thumbnailUrl":"https:\/\/creativabarcelona.com\/wp-content\/uploads\/2023\/05\/ALBA-Y-SOFIA.png","articleSection":["Creativa 2023","Storytelling"],"inLanguage":"ca"},{"@type":"WebPage","@id":"https:\/\/creativabarcelona.com\/ca\/sofia-i-alba-unides-per-les-manualitats\/","url":"https:\/\/creativabarcelona.com\/ca\/sofia-i-alba-unides-per-les-manualitats\/","name":"Sofia i Alba unides per les Manualitats - Creativa Barcelona","isPartOf":{"@id":"https:\/\/creativabarcelona.com\/#website"},"primaryImageOfPage":{"@id":"https:\/\/creativabarcelona.com\/ca\/sofia-i-alba-unides-per-les-manualitats\/#primaryimage"},"image":{"@id":"https:\/\/creativabarcelona.com\/ca\/sofia-i-alba-unides-per-les-manualitats\/#primaryimage"},"thumbnailUrl":"https:\/\/creativabarcelona.com\/wp-content\/uploads\/2023\/05\/ALBA-Y-SOFIA.png","datePublished":"2023-05-24T15:11:07+00:00","dateModified":"2024-09-04T10:31:10+00:00","breadcrumb":{"@id":"https:\/\/creativabarcelona.com\/ca\/sofia-i-alba-unides-per-les-manualitats\/#breadcrumb"},"inLanguage":"ca","potentialAction":[{"@type":"ReadAction","target":["https:\/\/creativabarcelona.com\/ca\/sofia-i-alba-unides-per-les-manualitats\/"]}]},{"@type":"ImageObject","inLanguage":"ca","@id":"https:\/\/creativabarcelona.com\/ca\/sofia-i-alba-unides-per-les-manualitats\/#primaryimage","url":"https:\/\/creativabarcelona.com\/wp-content\/uploads\/2023\/05\/ALBA-Y-SOFIA.png","contentUrl":"https:\/\/creativabarcelona.com\/wp-content\/uploads\/2023\/05\/ALBA-Y-SOFIA.png","width":490,"height":528},{"@type":"BreadcrumbList","@id":"https:\/\/creativabarcelona.com\/ca\/sofia-i-alba-unides-per-les-manualitats\/#breadcrumb","itemListElement":[{"@type":"ListItem","position":1,"name":"Portada","item":"https:\/\/creativabarcelona.com\/ca\/"},{"@type":"ListItem","position":2,"name":"Sofia i Alba unides per les Manualitats"}]},{"@type":"WebSite","@id":"https:\/\/creativabarcelona.com\/#website","url":"https:\/\/creativabarcelona.com\/","name":"Creativa Barcelona","description":"Sal\u00f3 de les Manualitats i Artesanies","publisher":{"@id":"https:\/\/creativabarcelona.com\/#organization"},"potentialAction":[{"@type":"SearchAction","target":{"@type":"EntryPoint","urlTemplate":"https:\/\/creativabarcelona.com\/?s={search_term_string}"},"query-input":{"@type":"PropertyValueSpecification","valueRequired":true,"valueName":"search_term_string"}}],"inLanguage":"ca"},{"@type":"Organization","@id":"https:\/\/creativabarcelona.com\/#organization","name":"Creativa Barcelona","url":"https:\/\/creativabarcelona.com\/","logo":{"@type":"ImageObject","inLanguage":"ca","@id":"https:\/\/creativabarcelona.com\/#\/schema\/logo\/image\/","url":"https:\/\/creativabarcelona.com\/wp-content\/uploads\/2025\/03\/logo_creativa_barcelona_Cast-1.png","contentUrl":"https:\/\/creativabarcelona.com\/wp-content\/uploads\/2025\/03\/logo_creativa_barcelona_Cast-1.png","width":777,"height":417,"caption":"Creativa Barcelona"},"image":{"@id":"https:\/\/creativabarcelona.com\/#\/schema\/logo\/image\/"}},{"@type":"Person","@id":"https:\/\/creativabarcelona.com\/#\/schema\/person\/8e8b8970f744ca25f2f5851fc3885a7c","name":"Creativa Barcelona","image":{"@type":"ImageObject","inLanguage":"ca","@id":"https:\/\/secure.gravatar.com\/avatar\/406e5757f4d56639af47e6fd7556eae103ce6d31d5443b6885274eef11b0e577?s=96&d=mm&r=g","url":"https:\/\/secure.gravatar.com\/avatar\/406e5757f4d56639af47e6fd7556eae103ce6d31d5443b6885274eef11b0e577?s=96&d=mm&r=g","contentUrl":"https:\/\/secure.gravatar.com\/avatar\/406e5757f4d56639af47e6fd7556eae103ce6d31d5443b6885274eef11b0e577?s=96&d=mm&r=g","caption":"Creativa Barcelona"},"url":"https:\/\/creativabarcelona.com\/ca\/author\/creditor20bcn22\/"}]}},"_links":{"self":[{"href":"https:\/\/creativabarcelona.com\/ca\/wp-json\/wp\/v2\/posts\/8906","targetHints":{"allow":["GET"]}}],"collection":[{"href":"https:\/\/creativabarcelona.com\/ca\/wp-json\/wp\/v2\/posts"}],"about":[{"href":"https:\/\/creativabarcelona.com\/ca\/wp-json\/wp\/v2\/types\/post"}],"author":[{"embeddable":true,"href":"https:\/\/creativabarcelona.com\/ca\/wp-json\/wp\/v2\/users\/27"}],"replies":[{"embeddable":true,"href":"https:\/\/creativabarcelona.com\/ca\/wp-json\/wp\/v2\/comments?post=8906"}],"version-history":[{"count":2,"href":"https:\/\/creativabarcelona.com\/ca\/wp-json\/wp\/v2\/posts\/8906\/revisions"}],"predecessor-version":[{"id":8908,"href":"https:\/\/creativabarcelona.com\/ca\/wp-json\/wp\/v2\/posts\/8906\/revisions\/8908"}],"wp:featuredmedia":[{"embeddable":true,"href":"https:\/\/creativabarcelona.com\/ca\/wp-json\/wp\/v2\/media\/8904"}],"wp:attachment":[{"href":"https:\/\/creativabarcelona.com\/ca\/wp-json\/wp\/v2\/media?parent=8906"}],"wp:term":[{"taxonomy":"category","embeddable":true,"href":"https:\/\/creativabarcelona.com\/ca\/wp-json\/wp\/v2\/categories?post=8906"},{"taxonomy":"post_tag","embeddable":true,"href":"https:\/\/creativabarcelona.com\/ca\/wp-json\/wp\/v2\/tags?post=8906"}],"curies":[{"name":"wp","href":"https:\/\/api.w.org\/{rel}","templated":true}]}}