{"id":9235,"date":"2023-06-06T18:51:24","date_gmt":"2023-06-06T16:51:24","guid":{"rendered":"https:\/\/creativabarcelona.com\/?p=9235"},"modified":"2024-09-04T12:31:10","modified_gmt":"2024-09-04T10:31:10","slug":"diego-del-disseny-grafic-digital-al-disseny-de-productes-de-scrapbooking","status":"publish","type":"post","link":"https:\/\/creativabarcelona.com\/ca\/diego-del-disseny-grafic-digital-al-disseny-de-productes-de-scrapbooking\/","title":{"rendered":"Diego, del disseny gr\u00e0fic digital al disseny de productes de\u00a0Scrapbooking"},"content":{"rendered":"<p>Diego t\u00e9 39 anys, \u00e9s de Barcelona i va estudiar disseny gr\u00e0fic per a dedicar-se al disseny de logotips i p\u00e0gines web, activitats que ha posat en pr\u00e0ctica des que es va llicenciar.<\/p>\n<p>Passava les seves estones lliures amb una de les seves passions relacionada amb els seus estudis: el desenvolupament de videojocs, fins que durant la pand\u00e8mia va descobrir el\u00a0SCRAPBOOKING\u00a0i molt r\u00e0pidament es va convertir en un entusiasta. Sense perdre ni un segon, va decidir apuntar-se a tallers de\u00a0SCRAPBOOKING\u00a0per a desenvolupar els seus coneixements i treure a potenciar <strong>la seva creativitat.<\/strong><\/p>\n<p>Des de llavors Diego ha creat incomptables projectes i, de fet, ha deixat el desenvolupament de videojocs a un costat per a dedicar-se al\u00a0SCRAPBOOKING\u00a0de forma semiprofessional (creant patrons, col\u00b7leccions, productes, il\u00b7lustracions i espectaculars dissenys de\u00a0scrapbooking).<strong> Podent aix\u00ed potenciar la seva creativitat al m\u00e0xim, ja que ha descobert que aquest \u00e9s l&#8217;estil amb el qual realment saca a relluir tota la seva creativitat i imaginaci\u00f3.<\/strong><\/p>\n<p><img fetchpriority=\"high\" decoding=\"async\" class=\"alignnone size-medium wp-image-9223\" src=\"https:\/\/creativabarcelona.com\/wp-content\/uploads\/2023\/06\/noi_sol-300x300.png\" alt=\"\" width=\"300\" height=\"300\" srcset=\"https:\/\/creativabarcelona.com\/wp-content\/uploads\/2023\/06\/noi_sol-300x300.png 300w, https:\/\/creativabarcelona.com\/wp-content\/uploads\/2023\/06\/noi_sol-1024x1024.png 1024w, https:\/\/creativabarcelona.com\/wp-content\/uploads\/2023\/06\/noi_sol-150x150.png 150w, https:\/\/creativabarcelona.com\/wp-content\/uploads\/2023\/06\/noi_sol-768x768.png 768w, https:\/\/creativabarcelona.com\/wp-content\/uploads\/2023\/06\/noi_sol.png 1080w\" sizes=\"(max-width: 300px) 100vw, 300px\" \/><\/p>\n","protected":false},"excerpt":{"rendered":"<p>Diego t\u00e9 39 anys, \u00e9s de Barcelona i va estudiar disseny gr\u00e0fic per a dedicar-se al disseny de logotips i p\u00e0gines web, activitats que ha posat en pr\u00e0ctica des que es va llicenciar. Passava les seves estones lliures amb una de les seves passions relacionada amb els seus estudis: el desenvolupament de videojocs, fins que [&hellip;]<\/p>\n","protected":false},"author":27,"featured_media":9233,"comment_status":"closed","ping_status":"closed","sticky":false,"template":"","format":"standard","meta":{"footnotes":""},"categories":[210,161],"tags":[],"class_list":["post-9235","post","type-post","status-publish","format-standard","has-post-thumbnail","hentry","category-creativa-2023-ca","category-storytelling-2"],"yoast_head":"<!-- This site is optimized with the Yoast SEO plugin v27.5 - https:\/\/yoast.com\/product\/yoast-seo-wordpress\/ -->\n<title>Diego, del disseny gr\u00e0fic digital al disseny de productes de\u00a0Scrapbooking - Creativa Barcelona<\/title>\n<meta name=\"robots\" content=\"index, follow, max-snippet:-1, max-image-preview:large, max-video-preview:-1\" \/>\n<link rel=\"canonical\" href=\"https:\/\/creativabarcelona.com\/ca\/diego-del-disseny-grafic-digital-al-disseny-de-productes-de-scrapbooking\/\" \/>\n<meta property=\"og:locale\" content=\"ca_ES\" \/>\n<meta property=\"og:type\" content=\"article\" \/>\n<meta property=\"og:title\" content=\"Diego, del disseny gr\u00e0fic digital al disseny de productes de\u00a0Scrapbooking - Creativa Barcelona\" \/>\n<meta property=\"og:description\" content=\"Diego t\u00e9 39 anys, \u00e9s de Barcelona i va estudiar disseny gr\u00e0fic per a dedicar-se al disseny de logotips i p\u00e0gines web, activitats que ha posat en pr\u00e0ctica des que es va llicenciar. Passava les seves estones lliures amb una de les seves passions relacionada amb els seus estudis: el desenvolupament de videojocs, fins que [&hellip;]\" \/>\n<meta property=\"og:url\" content=\"https:\/\/creativabarcelona.com\/ca\/diego-del-disseny-grafic-digital-al-disseny-de-productes-de-scrapbooking\/\" \/>\n<meta property=\"og:site_name\" content=\"Creativa Barcelona\" \/>\n<meta property=\"article:published_time\" content=\"2023-06-06T16:51:24+00:00\" \/>\n<meta property=\"article:modified_time\" content=\"2024-09-04T10:31:10+00:00\" \/>\n<meta property=\"og:image\" content=\"https:\/\/creativabarcelona.com\/wp-content\/uploads\/2023\/06\/png_20230606_183821_0000-diego.png\" \/>\n\t<meta property=\"og:image:width\" content=\"961\" \/>\n\t<meta property=\"og:image:height\" content=\"819\" \/>\n\t<meta property=\"og:image:type\" content=\"image\/png\" \/>\n<meta name=\"author\" content=\"Creativa Barcelona\" \/>\n<meta name=\"twitter:card\" content=\"summary_large_image\" \/>\n<meta name=\"twitter:label1\" content=\"Escrit per\" \/>\n\t<meta name=\"twitter:data1\" content=\"Creativa Barcelona\" \/>\n\t<meta name=\"twitter:label2\" content=\"Temps estimat de lectura\" \/>\n\t<meta name=\"twitter:data2\" content=\"1 minut\" \/>\n<script type=\"application\/ld+json\" class=\"yoast-schema-graph\">{\"@context\":\"https:\\\/\\\/schema.org\",\"@graph\":[{\"@type\":\"Article\",\"@id\":\"https:\\\/\\\/creativabarcelona.com\\\/ca\\\/diego-del-disseny-grafic-digital-al-disseny-de-productes-de-scrapbooking\\\/#article\",\"isPartOf\":{\"@id\":\"https:\\\/\\\/creativabarcelona.com\\\/ca\\\/diego-del-disseny-grafic-digital-al-disseny-de-productes-de-scrapbooking\\\/\"},\"author\":{\"name\":\"Creativa Barcelona\",\"@id\":\"https:\\\/\\\/creativabarcelona.com\\\/#\\\/schema\\\/person\\\/8e8b8970f744ca25f2f5851fc3885a7c\"},\"headline\":\"Diego, del disseny gr\u00e0fic digital al disseny de productes de\u00a0Scrapbooking\",\"datePublished\":\"2023-06-06T16:51:24+00:00\",\"dateModified\":\"2024-09-04T10:31:10+00:00\",\"mainEntityOfPage\":{\"@id\":\"https:\\\/\\\/creativabarcelona.com\\\/ca\\\/diego-del-disseny-grafic-digital-al-disseny-de-productes-de-scrapbooking\\\/\"},\"wordCount\":183,\"publisher\":{\"@id\":\"https:\\\/\\\/creativabarcelona.com\\\/#organization\"},\"image\":{\"@id\":\"https:\\\/\\\/creativabarcelona.com\\\/ca\\\/diego-del-disseny-grafic-digital-al-disseny-de-productes-de-scrapbooking\\\/#primaryimage\"},\"thumbnailUrl\":\"https:\\\/\\\/creativabarcelona.com\\\/wp-content\\\/uploads\\\/2023\\\/06\\\/png_20230606_183821_0000-diego.png\",\"articleSection\":[\"Creativa 2023\",\"Storytelling\"],\"inLanguage\":\"ca\"},{\"@type\":\"WebPage\",\"@id\":\"https:\\\/\\\/creativabarcelona.com\\\/ca\\\/diego-del-disseny-grafic-digital-al-disseny-de-productes-de-scrapbooking\\\/\",\"url\":\"https:\\\/\\\/creativabarcelona.com\\\/ca\\\/diego-del-disseny-grafic-digital-al-disseny-de-productes-de-scrapbooking\\\/\",\"name\":\"Diego, del disseny gr\u00e0fic digital al disseny de productes de\u00a0Scrapbooking - Creativa Barcelona\",\"isPartOf\":{\"@id\":\"https:\\\/\\\/creativabarcelona.com\\\/#website\"},\"primaryImageOfPage\":{\"@id\":\"https:\\\/\\\/creativabarcelona.com\\\/ca\\\/diego-del-disseny-grafic-digital-al-disseny-de-productes-de-scrapbooking\\\/#primaryimage\"},\"image\":{\"@id\":\"https:\\\/\\\/creativabarcelona.com\\\/ca\\\/diego-del-disseny-grafic-digital-al-disseny-de-productes-de-scrapbooking\\\/#primaryimage\"},\"thumbnailUrl\":\"https:\\\/\\\/creativabarcelona.com\\\/wp-content\\\/uploads\\\/2023\\\/06\\\/png_20230606_183821_0000-diego.png\",\"datePublished\":\"2023-06-06T16:51:24+00:00\",\"dateModified\":\"2024-09-04T10:31:10+00:00\",\"breadcrumb\":{\"@id\":\"https:\\\/\\\/creativabarcelona.com\\\/ca\\\/diego-del-disseny-grafic-digital-al-disseny-de-productes-de-scrapbooking\\\/#breadcrumb\"},\"inLanguage\":\"ca\",\"potentialAction\":[{\"@type\":\"ReadAction\",\"target\":[\"https:\\\/\\\/creativabarcelona.com\\\/ca\\\/diego-del-disseny-grafic-digital-al-disseny-de-productes-de-scrapbooking\\\/\"]}]},{\"@type\":\"ImageObject\",\"inLanguage\":\"ca\",\"@id\":\"https:\\\/\\\/creativabarcelona.com\\\/ca\\\/diego-del-disseny-grafic-digital-al-disseny-de-productes-de-scrapbooking\\\/#primaryimage\",\"url\":\"https:\\\/\\\/creativabarcelona.com\\\/wp-content\\\/uploads\\\/2023\\\/06\\\/png_20230606_183821_0000-diego.png\",\"contentUrl\":\"https:\\\/\\\/creativabarcelona.com\\\/wp-content\\\/uploads\\\/2023\\\/06\\\/png_20230606_183821_0000-diego.png\",\"width\":961,\"height\":819},{\"@type\":\"BreadcrumbList\",\"@id\":\"https:\\\/\\\/creativabarcelona.com\\\/ca\\\/diego-del-disseny-grafic-digital-al-disseny-de-productes-de-scrapbooking\\\/#breadcrumb\",\"itemListElement\":[{\"@type\":\"ListItem\",\"position\":1,\"name\":\"Portada\",\"item\":\"https:\\\/\\\/creativabarcelona.com\\\/ca\\\/\"},{\"@type\":\"ListItem\",\"position\":2,\"name\":\"Diego, del disseny gr\u00e0fic digital al disseny de productes de\u00a0Scrapbooking\"}]},{\"@type\":\"WebSite\",\"@id\":\"https:\\\/\\\/creativabarcelona.com\\\/#website\",\"url\":\"https:\\\/\\\/creativabarcelona.com\\\/\",\"name\":\"Creativa Barcelona\",\"description\":\"Sal\u00f3 de les Manualitats i Artesanies\",\"publisher\":{\"@id\":\"https:\\\/\\\/creativabarcelona.com\\\/#organization\"},\"potentialAction\":[{\"@type\":\"SearchAction\",\"target\":{\"@type\":\"EntryPoint\",\"urlTemplate\":\"https:\\\/\\\/creativabarcelona.com\\\/?s={search_term_string}\"},\"query-input\":{\"@type\":\"PropertyValueSpecification\",\"valueRequired\":true,\"valueName\":\"search_term_string\"}}],\"inLanguage\":\"ca\"},{\"@type\":\"Organization\",\"@id\":\"https:\\\/\\\/creativabarcelona.com\\\/#organization\",\"name\":\"Creativa Barcelona\",\"url\":\"https:\\\/\\\/creativabarcelona.com\\\/\",\"logo\":{\"@type\":\"ImageObject\",\"inLanguage\":\"ca\",\"@id\":\"https:\\\/\\\/creativabarcelona.com\\\/#\\\/schema\\\/logo\\\/image\\\/\",\"url\":\"https:\\\/\\\/creativabarcelona.com\\\/wp-content\\\/uploads\\\/2025\\\/03\\\/logo_creativa_barcelona_Cast-1.png\",\"contentUrl\":\"https:\\\/\\\/creativabarcelona.com\\\/wp-content\\\/uploads\\\/2025\\\/03\\\/logo_creativa_barcelona_Cast-1.png\",\"width\":777,\"height\":417,\"caption\":\"Creativa Barcelona\"},\"image\":{\"@id\":\"https:\\\/\\\/creativabarcelona.com\\\/#\\\/schema\\\/logo\\\/image\\\/\"}},{\"@type\":\"Person\",\"@id\":\"https:\\\/\\\/creativabarcelona.com\\\/#\\\/schema\\\/person\\\/8e8b8970f744ca25f2f5851fc3885a7c\",\"name\":\"Creativa Barcelona\",\"image\":{\"@type\":\"ImageObject\",\"inLanguage\":\"ca\",\"@id\":\"https:\\\/\\\/secure.gravatar.com\\\/avatar\\\/406e5757f4d56639af47e6fd7556eae103ce6d31d5443b6885274eef11b0e577?s=96&d=mm&r=g\",\"url\":\"https:\\\/\\\/secure.gravatar.com\\\/avatar\\\/406e5757f4d56639af47e6fd7556eae103ce6d31d5443b6885274eef11b0e577?s=96&d=mm&r=g\",\"contentUrl\":\"https:\\\/\\\/secure.gravatar.com\\\/avatar\\\/406e5757f4d56639af47e6fd7556eae103ce6d31d5443b6885274eef11b0e577?s=96&d=mm&r=g\",\"caption\":\"Creativa Barcelona\"},\"url\":\"https:\\\/\\\/creativabarcelona.com\\\/ca\\\/author\\\/creditor20bcn22\\\/\"}]}<\/script>\n<!-- \/ Yoast SEO plugin. -->","yoast_head_json":{"title":"Diego, del disseny gr\u00e0fic digital al disseny de productes de\u00a0Scrapbooking - Creativa Barcelona","robots":{"index":"index","follow":"follow","max-snippet":"max-snippet:-1","max-image-preview":"max-image-preview:large","max-video-preview":"max-video-preview:-1"},"canonical":"https:\/\/creativabarcelona.com\/ca\/diego-del-disseny-grafic-digital-al-disseny-de-productes-de-scrapbooking\/","og_locale":"ca_ES","og_type":"article","og_title":"Diego, del disseny gr\u00e0fic digital al disseny de productes de\u00a0Scrapbooking - Creativa Barcelona","og_description":"Diego t\u00e9 39 anys, \u00e9s de Barcelona i va estudiar disseny gr\u00e0fic per a dedicar-se al disseny de logotips i p\u00e0gines web, activitats que ha posat en pr\u00e0ctica des que es va llicenciar. Passava les seves estones lliures amb una de les seves passions relacionada amb els seus estudis: el desenvolupament de videojocs, fins que [&hellip;]","og_url":"https:\/\/creativabarcelona.com\/ca\/diego-del-disseny-grafic-digital-al-disseny-de-productes-de-scrapbooking\/","og_site_name":"Creativa Barcelona","article_published_time":"2023-06-06T16:51:24+00:00","article_modified_time":"2024-09-04T10:31:10+00:00","og_image":[{"width":961,"height":819,"url":"https:\/\/creativabarcelona.com\/wp-content\/uploads\/2023\/06\/png_20230606_183821_0000-diego.png","type":"image\/png"}],"author":"Creativa Barcelona","twitter_card":"summary_large_image","twitter_misc":{"Escrit per":"Creativa Barcelona","Temps estimat de lectura":"1 minut"},"schema":{"@context":"https:\/\/schema.org","@graph":[{"@type":"Article","@id":"https:\/\/creativabarcelona.com\/ca\/diego-del-disseny-grafic-digital-al-disseny-de-productes-de-scrapbooking\/#article","isPartOf":{"@id":"https:\/\/creativabarcelona.com\/ca\/diego-del-disseny-grafic-digital-al-disseny-de-productes-de-scrapbooking\/"},"author":{"name":"Creativa Barcelona","@id":"https:\/\/creativabarcelona.com\/#\/schema\/person\/8e8b8970f744ca25f2f5851fc3885a7c"},"headline":"Diego, del disseny gr\u00e0fic digital al disseny de productes de\u00a0Scrapbooking","datePublished":"2023-06-06T16:51:24+00:00","dateModified":"2024-09-04T10:31:10+00:00","mainEntityOfPage":{"@id":"https:\/\/creativabarcelona.com\/ca\/diego-del-disseny-grafic-digital-al-disseny-de-productes-de-scrapbooking\/"},"wordCount":183,"publisher":{"@id":"https:\/\/creativabarcelona.com\/#organization"},"image":{"@id":"https:\/\/creativabarcelona.com\/ca\/diego-del-disseny-grafic-digital-al-disseny-de-productes-de-scrapbooking\/#primaryimage"},"thumbnailUrl":"https:\/\/creativabarcelona.com\/wp-content\/uploads\/2023\/06\/png_20230606_183821_0000-diego.png","articleSection":["Creativa 2023","Storytelling"],"inLanguage":"ca"},{"@type":"WebPage","@id":"https:\/\/creativabarcelona.com\/ca\/diego-del-disseny-grafic-digital-al-disseny-de-productes-de-scrapbooking\/","url":"https:\/\/creativabarcelona.com\/ca\/diego-del-disseny-grafic-digital-al-disseny-de-productes-de-scrapbooking\/","name":"Diego, del disseny gr\u00e0fic digital al disseny de productes de\u00a0Scrapbooking - Creativa Barcelona","isPartOf":{"@id":"https:\/\/creativabarcelona.com\/#website"},"primaryImageOfPage":{"@id":"https:\/\/creativabarcelona.com\/ca\/diego-del-disseny-grafic-digital-al-disseny-de-productes-de-scrapbooking\/#primaryimage"},"image":{"@id":"https:\/\/creativabarcelona.com\/ca\/diego-del-disseny-grafic-digital-al-disseny-de-productes-de-scrapbooking\/#primaryimage"},"thumbnailUrl":"https:\/\/creativabarcelona.com\/wp-content\/uploads\/2023\/06\/png_20230606_183821_0000-diego.png","datePublished":"2023-06-06T16:51:24+00:00","dateModified":"2024-09-04T10:31:10+00:00","breadcrumb":{"@id":"https:\/\/creativabarcelona.com\/ca\/diego-del-disseny-grafic-digital-al-disseny-de-productes-de-scrapbooking\/#breadcrumb"},"inLanguage":"ca","potentialAction":[{"@type":"ReadAction","target":["https:\/\/creativabarcelona.com\/ca\/diego-del-disseny-grafic-digital-al-disseny-de-productes-de-scrapbooking\/"]}]},{"@type":"ImageObject","inLanguage":"ca","@id":"https:\/\/creativabarcelona.com\/ca\/diego-del-disseny-grafic-digital-al-disseny-de-productes-de-scrapbooking\/#primaryimage","url":"https:\/\/creativabarcelona.com\/wp-content\/uploads\/2023\/06\/png_20230606_183821_0000-diego.png","contentUrl":"https:\/\/creativabarcelona.com\/wp-content\/uploads\/2023\/06\/png_20230606_183821_0000-diego.png","width":961,"height":819},{"@type":"BreadcrumbList","@id":"https:\/\/creativabarcelona.com\/ca\/diego-del-disseny-grafic-digital-al-disseny-de-productes-de-scrapbooking\/#breadcrumb","itemListElement":[{"@type":"ListItem","position":1,"name":"Portada","item":"https:\/\/creativabarcelona.com\/ca\/"},{"@type":"ListItem","position":2,"name":"Diego, del disseny gr\u00e0fic digital al disseny de productes de\u00a0Scrapbooking"}]},{"@type":"WebSite","@id":"https:\/\/creativabarcelona.com\/#website","url":"https:\/\/creativabarcelona.com\/","name":"Creativa Barcelona","description":"Sal\u00f3 de les Manualitats i Artesanies","publisher":{"@id":"https:\/\/creativabarcelona.com\/#organization"},"potentialAction":[{"@type":"SearchAction","target":{"@type":"EntryPoint","urlTemplate":"https:\/\/creativabarcelona.com\/?s={search_term_string}"},"query-input":{"@type":"PropertyValueSpecification","valueRequired":true,"valueName":"search_term_string"}}],"inLanguage":"ca"},{"@type":"Organization","@id":"https:\/\/creativabarcelona.com\/#organization","name":"Creativa Barcelona","url":"https:\/\/creativabarcelona.com\/","logo":{"@type":"ImageObject","inLanguage":"ca","@id":"https:\/\/creativabarcelona.com\/#\/schema\/logo\/image\/","url":"https:\/\/creativabarcelona.com\/wp-content\/uploads\/2025\/03\/logo_creativa_barcelona_Cast-1.png","contentUrl":"https:\/\/creativabarcelona.com\/wp-content\/uploads\/2025\/03\/logo_creativa_barcelona_Cast-1.png","width":777,"height":417,"caption":"Creativa Barcelona"},"image":{"@id":"https:\/\/creativabarcelona.com\/#\/schema\/logo\/image\/"}},{"@type":"Person","@id":"https:\/\/creativabarcelona.com\/#\/schema\/person\/8e8b8970f744ca25f2f5851fc3885a7c","name":"Creativa Barcelona","image":{"@type":"ImageObject","inLanguage":"ca","@id":"https:\/\/secure.gravatar.com\/avatar\/406e5757f4d56639af47e6fd7556eae103ce6d31d5443b6885274eef11b0e577?s=96&d=mm&r=g","url":"https:\/\/secure.gravatar.com\/avatar\/406e5757f4d56639af47e6fd7556eae103ce6d31d5443b6885274eef11b0e577?s=96&d=mm&r=g","contentUrl":"https:\/\/secure.gravatar.com\/avatar\/406e5757f4d56639af47e6fd7556eae103ce6d31d5443b6885274eef11b0e577?s=96&d=mm&r=g","caption":"Creativa Barcelona"},"url":"https:\/\/creativabarcelona.com\/ca\/author\/creditor20bcn22\/"}]}},"_links":{"self":[{"href":"https:\/\/creativabarcelona.com\/ca\/wp-json\/wp\/v2\/posts\/9235","targetHints":{"allow":["GET"]}}],"collection":[{"href":"https:\/\/creativabarcelona.com\/ca\/wp-json\/wp\/v2\/posts"}],"about":[{"href":"https:\/\/creativabarcelona.com\/ca\/wp-json\/wp\/v2\/types\/post"}],"author":[{"embeddable":true,"href":"https:\/\/creativabarcelona.com\/ca\/wp-json\/wp\/v2\/users\/27"}],"replies":[{"embeddable":true,"href":"https:\/\/creativabarcelona.com\/ca\/wp-json\/wp\/v2\/comments?post=9235"}],"version-history":[{"count":1,"href":"https:\/\/creativabarcelona.com\/ca\/wp-json\/wp\/v2\/posts\/9235\/revisions"}],"predecessor-version":[{"id":9236,"href":"https:\/\/creativabarcelona.com\/ca\/wp-json\/wp\/v2\/posts\/9235\/revisions\/9236"}],"wp:featuredmedia":[{"embeddable":true,"href":"https:\/\/creativabarcelona.com\/ca\/wp-json\/wp\/v2\/media\/9233"}],"wp:attachment":[{"href":"https:\/\/creativabarcelona.com\/ca\/wp-json\/wp\/v2\/media?parent=9235"}],"wp:term":[{"taxonomy":"category","embeddable":true,"href":"https:\/\/creativabarcelona.com\/ca\/wp-json\/wp\/v2\/categories?post=9235"},{"taxonomy":"post_tag","embeddable":true,"href":"https:\/\/creativabarcelona.com\/ca\/wp-json\/wp\/v2\/tags?post=9235"}],"curies":[{"name":"wp","href":"https:\/\/api.w.org\/{rel}","templated":true}]}}