{"id":9964,"date":"2023-07-24T10:17:21","date_gmt":"2023-07-24T08:17:21","guid":{"rendered":"https:\/\/creativabarcelona.com\/que-viva-mexico-la-revuelta-revolucionara-creativa-barcelona\/"},"modified":"2024-09-04T12:31:08","modified_gmt":"2024-09-04T10:31:08","slug":"que-viva-mexico-la-revolta-revolucionara-creativa-barcelona","status":"publish","type":"post","link":"https:\/\/creativabarcelona.com\/ca\/que-viva-mexico-la-revolta-revolucionara-creativa-barcelona\/","title":{"rendered":"&#8216;\u00a1Que viva M\u00e9xico!&#8217; La Revolta \u2018revolucionar\u00e0\u2019 Creativa Barcelona"},"content":{"rendered":"<p><strong>A qu\u00e8 sap M\u00e8xic? Quins colors ens evoca? En la pr\u00f2xima edici\u00f3 de Creativa Barcelona revelarem aquestes i moltes altres preguntes relacionades amb el pa\u00eds centreameric\u00e0, perqu\u00e8 en aquesta pr\u00f2xima edici\u00f3 de la fira nacional de refer\u00e8ncia del sector de les artesanies i manualitats M\u00e8xic ser\u00e0 el nostre pa\u00eds convidat.<\/strong><\/p>\n<p>I com a bons amfitrions, oferirem un ampli espai perqu\u00e8 pugueu descobrir l&#8217;artesania mexicana i perqu\u00e8 pugueu catar el sabor m\u00e9s aut\u00e8ntic de M\u00e8xic.<\/p>\n<p>Els nois i noi@s de <a href=\"https:\/\/www.instagram.com\/larevuelta.bcn\/\" target=\"_blank\" rel=\"noopener\"><strong>La Revuelta<\/strong><\/a>, establiment barcelon\u00ed especialitzat en cultura i art mexicanes, seran els i l@s encarregats i encarregad@s de portar fins a Creativa Barcelona 2023 un bocinet del pa\u00eds on les artesanies representen la identitat comunit\u00e0ria que passa de pares a fills.<\/p>\n<p>I l&#8217;eix principal de la pres\u00e8ncia de M\u00e8xic en Creativa Barcelona 2023 ser\u00e0 una acolorida mostra d&#8217;hamaques artesanals, teixides per mares solteres mexicanes. Imprescindible! Per\u00f2 tamb\u00e9 hi haur\u00e0 oportunitat d&#8217;aprendre a fer pinyates (tant en tallers infantils com per a adults).<\/p>\n<p>I com M\u00e8xic \u00e9s sabor, aromes i textures, tamb\u00e9 seran imprescindibles els tallers gastron\u00f2mics Viatge Gastron\u00f2mic MX i Viatge L\u00edquid. En el primer (que se celebrar\u00e0 els quatre dies de fira en diferents horaris), ens ensenyaran a cuinar una exquisida truita mexicana, una salsa com a base, un entrant i un plat fort (i qui sap, si tamb\u00e9 unes postres sorpresa!). I, en el taller Viatge L\u00edquid (dijous, divendres i dissabte a la tarda), ens acompanyaran a fer una passejada per la hist\u00f2rica i exquisida cocteleria mexicana i ens ensenyaran a fer combinats tan aut\u00e8ntics com la michelada.<\/p>\n<p>Un recorregut pel color, els teixits, les textures, els sabors i les aromes mexicanes que ens faran al\u00e7ar la veu i acabar amb un \u201c\u00a1Que viva M\u00e9xico!!<\/p>\n","protected":false},"excerpt":{"rendered":"<p>Los chic@s de La Revuelta, establecimiento barcelon\u00e9s especializado en cultura y arte mexicanas, ser\u00e1n l@s encargad@s de traer hasta Creativa Barcelona 2023 un pedacito del pa\u00eds en donde las artesan\u00edas representan la identidad comunitaria que pasa de padres a hijos.<\/p>\n","protected":false},"author":1,"featured_media":9962,"comment_status":"closed","ping_status":"closed","sticky":false,"template":"","format":"standard","meta":{"footnotes":""},"categories":[49,210],"tags":[],"class_list":["post-9964","post","type-post","status-publish","format-standard","has-post-thumbnail","hentry","category-actualitat","category-creativa-2023-ca"],"yoast_head":"<!-- This site is optimized with the Yoast SEO plugin v27.5 - https:\/\/yoast.com\/product\/yoast-seo-wordpress\/ -->\n<title>&#039;\u00a1Que viva M\u00e9xico!&#039; La Revolta \u2018revolucionar\u00e0\u2019 Creativa Barcelona - Creativa Barcelona<\/title>\n<meta name=\"robots\" content=\"index, follow, max-snippet:-1, max-image-preview:large, max-video-preview:-1\" \/>\n<link rel=\"canonical\" href=\"https:\/\/creativabarcelona.com\/ca\/que-viva-mexico-la-revolta-revolucionara-creativa-barcelona\/\" \/>\n<meta property=\"og:locale\" content=\"ca_ES\" \/>\n<meta property=\"og:type\" content=\"article\" \/>\n<meta property=\"og:title\" content=\"&#039;\u00a1Que viva M\u00e9xico!&#039; La Revolta \u2018revolucionar\u00e0\u2019 Creativa Barcelona - Creativa Barcelona\" \/>\n<meta property=\"og:description\" content=\"Los chic@s de La Revuelta, establecimiento barcelon\u00e9s especializado en cultura y arte mexicanas, ser\u00e1n l@s encargad@s de traer hasta Creativa Barcelona 2023 un pedacito del pa\u00eds en donde las artesan\u00edas representan la identidad comunitaria que pasa de padres a hijos.\" \/>\n<meta property=\"og:url\" content=\"https:\/\/creativabarcelona.com\/ca\/que-viva-mexico-la-revolta-revolucionara-creativa-barcelona\/\" \/>\n<meta property=\"og:site_name\" content=\"Creativa Barcelona\" \/>\n<meta property=\"article:published_time\" content=\"2023-07-24T08:17:21+00:00\" \/>\n<meta property=\"article:modified_time\" content=\"2024-09-04T10:31:08+00:00\" \/>\n<meta property=\"og:image\" content=\"https:\/\/creativabarcelona.com\/wp-content\/uploads\/2023\/07\/noticia_la_revuelta_en_creativa_2023.jpg\" \/>\n\t<meta property=\"og:image:width\" content=\"750\" \/>\n\t<meta property=\"og:image:height\" content=\"550\" \/>\n\t<meta property=\"og:image:type\" content=\"image\/jpeg\" \/>\n<meta name=\"author\" content=\"Creativa Barcelona\" \/>\n<meta name=\"twitter:card\" content=\"summary_large_image\" \/>\n<meta name=\"twitter:label1\" content=\"Escrit per\" \/>\n\t<meta name=\"twitter:data1\" content=\"Creativa Barcelona\" \/>\n\t<meta name=\"twitter:label2\" content=\"Temps estimat de lectura\" \/>\n\t<meta name=\"twitter:data2\" content=\"2 minuts\" \/>\n<script type=\"application\/ld+json\" class=\"yoast-schema-graph\">{\"@context\":\"https:\\\/\\\/schema.org\",\"@graph\":[{\"@type\":\"Article\",\"@id\":\"https:\\\/\\\/creativabarcelona.com\\\/ca\\\/que-viva-mexico-la-revolta-revolucionara-creativa-barcelona\\\/#article\",\"isPartOf\":{\"@id\":\"https:\\\/\\\/creativabarcelona.com\\\/ca\\\/que-viva-mexico-la-revolta-revolucionara-creativa-barcelona\\\/\"},\"author\":{\"name\":\"Creativa Barcelona\",\"@id\":\"https:\\\/\\\/creativabarcelona.com\\\/#\\\/schema\\\/person\\\/88136af06c702fba6a4a56fccac027e3\"},\"headline\":\"&#8216;\u00a1Que viva M\u00e9xico!&#8217; La Revolta \u2018revolucionar\u00e0\u2019 Creativa Barcelona\",\"datePublished\":\"2023-07-24T08:17:21+00:00\",\"dateModified\":\"2024-09-04T10:31:08+00:00\",\"mainEntityOfPage\":{\"@id\":\"https:\\\/\\\/creativabarcelona.com\\\/ca\\\/que-viva-mexico-la-revolta-revolucionara-creativa-barcelona\\\/\"},\"wordCount\":323,\"publisher\":{\"@id\":\"https:\\\/\\\/creativabarcelona.com\\\/#organization\"},\"image\":{\"@id\":\"https:\\\/\\\/creativabarcelona.com\\\/ca\\\/que-viva-mexico-la-revolta-revolucionara-creativa-barcelona\\\/#primaryimage\"},\"thumbnailUrl\":\"https:\\\/\\\/creativabarcelona.com\\\/wp-content\\\/uploads\\\/2023\\\/07\\\/noticia_la_revuelta_en_creativa_2023.jpg\",\"articleSection\":[\"Actualitat\",\"Creativa 2023\"],\"inLanguage\":\"ca\"},{\"@type\":\"WebPage\",\"@id\":\"https:\\\/\\\/creativabarcelona.com\\\/ca\\\/que-viva-mexico-la-revolta-revolucionara-creativa-barcelona\\\/\",\"url\":\"https:\\\/\\\/creativabarcelona.com\\\/ca\\\/que-viva-mexico-la-revolta-revolucionara-creativa-barcelona\\\/\",\"name\":\"'\u00a1Que viva M\u00e9xico!' La Revolta \u2018revolucionar\u00e0\u2019 Creativa Barcelona - Creativa Barcelona\",\"isPartOf\":{\"@id\":\"https:\\\/\\\/creativabarcelona.com\\\/#website\"},\"primaryImageOfPage\":{\"@id\":\"https:\\\/\\\/creativabarcelona.com\\\/ca\\\/que-viva-mexico-la-revolta-revolucionara-creativa-barcelona\\\/#primaryimage\"},\"image\":{\"@id\":\"https:\\\/\\\/creativabarcelona.com\\\/ca\\\/que-viva-mexico-la-revolta-revolucionara-creativa-barcelona\\\/#primaryimage\"},\"thumbnailUrl\":\"https:\\\/\\\/creativabarcelona.com\\\/wp-content\\\/uploads\\\/2023\\\/07\\\/noticia_la_revuelta_en_creativa_2023.jpg\",\"datePublished\":\"2023-07-24T08:17:21+00:00\",\"dateModified\":\"2024-09-04T10:31:08+00:00\",\"breadcrumb\":{\"@id\":\"https:\\\/\\\/creativabarcelona.com\\\/ca\\\/que-viva-mexico-la-revolta-revolucionara-creativa-barcelona\\\/#breadcrumb\"},\"inLanguage\":\"ca\",\"potentialAction\":[{\"@type\":\"ReadAction\",\"target\":[\"https:\\\/\\\/creativabarcelona.com\\\/ca\\\/que-viva-mexico-la-revolta-revolucionara-creativa-barcelona\\\/\"]}]},{\"@type\":\"ImageObject\",\"inLanguage\":\"ca\",\"@id\":\"https:\\\/\\\/creativabarcelona.com\\\/ca\\\/que-viva-mexico-la-revolta-revolucionara-creativa-barcelona\\\/#primaryimage\",\"url\":\"https:\\\/\\\/creativabarcelona.com\\\/wp-content\\\/uploads\\\/2023\\\/07\\\/noticia_la_revuelta_en_creativa_2023.jpg\",\"contentUrl\":\"https:\\\/\\\/creativabarcelona.com\\\/wp-content\\\/uploads\\\/2023\\\/07\\\/noticia_la_revuelta_en_creativa_2023.jpg\",\"width\":750,\"height\":550,\"caption\":\"La Revuelta estar\u00e1 presente en Creativa Barcelona 2023\"},{\"@type\":\"BreadcrumbList\",\"@id\":\"https:\\\/\\\/creativabarcelona.com\\\/ca\\\/que-viva-mexico-la-revolta-revolucionara-creativa-barcelona\\\/#breadcrumb\",\"itemListElement\":[{\"@type\":\"ListItem\",\"position\":1,\"name\":\"Portada\",\"item\":\"https:\\\/\\\/creativabarcelona.com\\\/ca\\\/\"},{\"@type\":\"ListItem\",\"position\":2,\"name\":\"&#8216;\u00a1Que viva M\u00e9xico!&#8217; La Revolta \u2018revolucionar\u00e0\u2019 Creativa Barcelona\"}]},{\"@type\":\"WebSite\",\"@id\":\"https:\\\/\\\/creativabarcelona.com\\\/#website\",\"url\":\"https:\\\/\\\/creativabarcelona.com\\\/\",\"name\":\"Creativa Barcelona\",\"description\":\"Sal\u00f3 de les Manualitats i Artesanies\",\"publisher\":{\"@id\":\"https:\\\/\\\/creativabarcelona.com\\\/#organization\"},\"potentialAction\":[{\"@type\":\"SearchAction\",\"target\":{\"@type\":\"EntryPoint\",\"urlTemplate\":\"https:\\\/\\\/creativabarcelona.com\\\/?s={search_term_string}\"},\"query-input\":{\"@type\":\"PropertyValueSpecification\",\"valueRequired\":true,\"valueName\":\"search_term_string\"}}],\"inLanguage\":\"ca\"},{\"@type\":\"Organization\",\"@id\":\"https:\\\/\\\/creativabarcelona.com\\\/#organization\",\"name\":\"Creativa Barcelona\",\"url\":\"https:\\\/\\\/creativabarcelona.com\\\/\",\"logo\":{\"@type\":\"ImageObject\",\"inLanguage\":\"ca\",\"@id\":\"https:\\\/\\\/creativabarcelona.com\\\/#\\\/schema\\\/logo\\\/image\\\/\",\"url\":\"https:\\\/\\\/creativabarcelona.com\\\/wp-content\\\/uploads\\\/2025\\\/03\\\/logo_creativa_barcelona_Cast-1.png\",\"contentUrl\":\"https:\\\/\\\/creativabarcelona.com\\\/wp-content\\\/uploads\\\/2025\\\/03\\\/logo_creativa_barcelona_Cast-1.png\",\"width\":777,\"height\":417,\"caption\":\"Creativa Barcelona\"},\"image\":{\"@id\":\"https:\\\/\\\/creativabarcelona.com\\\/#\\\/schema\\\/logo\\\/image\\\/\"}},{\"@type\":\"Person\",\"@id\":\"https:\\\/\\\/creativabarcelona.com\\\/#\\\/schema\\\/person\\\/88136af06c702fba6a4a56fccac027e3\",\"name\":\"Creativa Barcelona\",\"image\":{\"@type\":\"ImageObject\",\"inLanguage\":\"ca\",\"@id\":\"https:\\\/\\\/secure.gravatar.com\\\/avatar\\\/9751d88ddbee61c132bde30a2ddd40a6948919cbc65d9dc0baed64e15bd22aca?s=96&d=mm&r=g\",\"url\":\"https:\\\/\\\/secure.gravatar.com\\\/avatar\\\/9751d88ddbee61c132bde30a2ddd40a6948919cbc65d9dc0baed64e15bd22aca?s=96&d=mm&r=g\",\"contentUrl\":\"https:\\\/\\\/secure.gravatar.com\\\/avatar\\\/9751d88ddbee61c132bde30a2ddd40a6948919cbc65d9dc0baed64e15bd22aca?s=96&d=mm&r=g\",\"caption\":\"Creativa Barcelona\"},\"sameAs\":[\"https:\\\/\\\/creativabarcelona.com\"],\"url\":\"https:\\\/\\\/creativabarcelona.com\\\/ca\\\/author\\\/crea20tiv22bcn\\\/\"}]}<\/script>\n<!-- \/ Yoast SEO plugin. -->","yoast_head_json":{"title":"'\u00a1Que viva M\u00e9xico!' La Revolta \u2018revolucionar\u00e0\u2019 Creativa Barcelona - Creativa Barcelona","robots":{"index":"index","follow":"follow","max-snippet":"max-snippet:-1","max-image-preview":"max-image-preview:large","max-video-preview":"max-video-preview:-1"},"canonical":"https:\/\/creativabarcelona.com\/ca\/que-viva-mexico-la-revolta-revolucionara-creativa-barcelona\/","og_locale":"ca_ES","og_type":"article","og_title":"'\u00a1Que viva M\u00e9xico!' La Revolta \u2018revolucionar\u00e0\u2019 Creativa Barcelona - Creativa Barcelona","og_description":"Los chic@s de La Revuelta, establecimiento barcelon\u00e9s especializado en cultura y arte mexicanas, ser\u00e1n l@s encargad@s de traer hasta Creativa Barcelona 2023 un pedacito del pa\u00eds en donde las artesan\u00edas representan la identidad comunitaria que pasa de padres a hijos.","og_url":"https:\/\/creativabarcelona.com\/ca\/que-viva-mexico-la-revolta-revolucionara-creativa-barcelona\/","og_site_name":"Creativa Barcelona","article_published_time":"2023-07-24T08:17:21+00:00","article_modified_time":"2024-09-04T10:31:08+00:00","og_image":[{"width":750,"height":550,"url":"https:\/\/creativabarcelona.com\/wp-content\/uploads\/2023\/07\/noticia_la_revuelta_en_creativa_2023.jpg","type":"image\/jpeg"}],"author":"Creativa Barcelona","twitter_card":"summary_large_image","twitter_misc":{"Escrit per":"Creativa Barcelona","Temps estimat de lectura":"2 minuts"},"schema":{"@context":"https:\/\/schema.org","@graph":[{"@type":"Article","@id":"https:\/\/creativabarcelona.com\/ca\/que-viva-mexico-la-revolta-revolucionara-creativa-barcelona\/#article","isPartOf":{"@id":"https:\/\/creativabarcelona.com\/ca\/que-viva-mexico-la-revolta-revolucionara-creativa-barcelona\/"},"author":{"name":"Creativa Barcelona","@id":"https:\/\/creativabarcelona.com\/#\/schema\/person\/88136af06c702fba6a4a56fccac027e3"},"headline":"&#8216;\u00a1Que viva M\u00e9xico!&#8217; La Revolta \u2018revolucionar\u00e0\u2019 Creativa Barcelona","datePublished":"2023-07-24T08:17:21+00:00","dateModified":"2024-09-04T10:31:08+00:00","mainEntityOfPage":{"@id":"https:\/\/creativabarcelona.com\/ca\/que-viva-mexico-la-revolta-revolucionara-creativa-barcelona\/"},"wordCount":323,"publisher":{"@id":"https:\/\/creativabarcelona.com\/#organization"},"image":{"@id":"https:\/\/creativabarcelona.com\/ca\/que-viva-mexico-la-revolta-revolucionara-creativa-barcelona\/#primaryimage"},"thumbnailUrl":"https:\/\/creativabarcelona.com\/wp-content\/uploads\/2023\/07\/noticia_la_revuelta_en_creativa_2023.jpg","articleSection":["Actualitat","Creativa 2023"],"inLanguage":"ca"},{"@type":"WebPage","@id":"https:\/\/creativabarcelona.com\/ca\/que-viva-mexico-la-revolta-revolucionara-creativa-barcelona\/","url":"https:\/\/creativabarcelona.com\/ca\/que-viva-mexico-la-revolta-revolucionara-creativa-barcelona\/","name":"'\u00a1Que viva M\u00e9xico!' La Revolta \u2018revolucionar\u00e0\u2019 Creativa Barcelona - Creativa Barcelona","isPartOf":{"@id":"https:\/\/creativabarcelona.com\/#website"},"primaryImageOfPage":{"@id":"https:\/\/creativabarcelona.com\/ca\/que-viva-mexico-la-revolta-revolucionara-creativa-barcelona\/#primaryimage"},"image":{"@id":"https:\/\/creativabarcelona.com\/ca\/que-viva-mexico-la-revolta-revolucionara-creativa-barcelona\/#primaryimage"},"thumbnailUrl":"https:\/\/creativabarcelona.com\/wp-content\/uploads\/2023\/07\/noticia_la_revuelta_en_creativa_2023.jpg","datePublished":"2023-07-24T08:17:21+00:00","dateModified":"2024-09-04T10:31:08+00:00","breadcrumb":{"@id":"https:\/\/creativabarcelona.com\/ca\/que-viva-mexico-la-revolta-revolucionara-creativa-barcelona\/#breadcrumb"},"inLanguage":"ca","potentialAction":[{"@type":"ReadAction","target":["https:\/\/creativabarcelona.com\/ca\/que-viva-mexico-la-revolta-revolucionara-creativa-barcelona\/"]}]},{"@type":"ImageObject","inLanguage":"ca","@id":"https:\/\/creativabarcelona.com\/ca\/que-viva-mexico-la-revolta-revolucionara-creativa-barcelona\/#primaryimage","url":"https:\/\/creativabarcelona.com\/wp-content\/uploads\/2023\/07\/noticia_la_revuelta_en_creativa_2023.jpg","contentUrl":"https:\/\/creativabarcelona.com\/wp-content\/uploads\/2023\/07\/noticia_la_revuelta_en_creativa_2023.jpg","width":750,"height":550,"caption":"La Revuelta estar\u00e1 presente en Creativa Barcelona 2023"},{"@type":"BreadcrumbList","@id":"https:\/\/creativabarcelona.com\/ca\/que-viva-mexico-la-revolta-revolucionara-creativa-barcelona\/#breadcrumb","itemListElement":[{"@type":"ListItem","position":1,"name":"Portada","item":"https:\/\/creativabarcelona.com\/ca\/"},{"@type":"ListItem","position":2,"name":"&#8216;\u00a1Que viva M\u00e9xico!&#8217; La Revolta \u2018revolucionar\u00e0\u2019 Creativa Barcelona"}]},{"@type":"WebSite","@id":"https:\/\/creativabarcelona.com\/#website","url":"https:\/\/creativabarcelona.com\/","name":"Creativa Barcelona","description":"Sal\u00f3 de les Manualitats i Artesanies","publisher":{"@id":"https:\/\/creativabarcelona.com\/#organization"},"potentialAction":[{"@type":"SearchAction","target":{"@type":"EntryPoint","urlTemplate":"https:\/\/creativabarcelona.com\/?s={search_term_string}"},"query-input":{"@type":"PropertyValueSpecification","valueRequired":true,"valueName":"search_term_string"}}],"inLanguage":"ca"},{"@type":"Organization","@id":"https:\/\/creativabarcelona.com\/#organization","name":"Creativa Barcelona","url":"https:\/\/creativabarcelona.com\/","logo":{"@type":"ImageObject","inLanguage":"ca","@id":"https:\/\/creativabarcelona.com\/#\/schema\/logo\/image\/","url":"https:\/\/creativabarcelona.com\/wp-content\/uploads\/2025\/03\/logo_creativa_barcelona_Cast-1.png","contentUrl":"https:\/\/creativabarcelona.com\/wp-content\/uploads\/2025\/03\/logo_creativa_barcelona_Cast-1.png","width":777,"height":417,"caption":"Creativa Barcelona"},"image":{"@id":"https:\/\/creativabarcelona.com\/#\/schema\/logo\/image\/"}},{"@type":"Person","@id":"https:\/\/creativabarcelona.com\/#\/schema\/person\/88136af06c702fba6a4a56fccac027e3","name":"Creativa Barcelona","image":{"@type":"ImageObject","inLanguage":"ca","@id":"https:\/\/secure.gravatar.com\/avatar\/9751d88ddbee61c132bde30a2ddd40a6948919cbc65d9dc0baed64e15bd22aca?s=96&d=mm&r=g","url":"https:\/\/secure.gravatar.com\/avatar\/9751d88ddbee61c132bde30a2ddd40a6948919cbc65d9dc0baed64e15bd22aca?s=96&d=mm&r=g","contentUrl":"https:\/\/secure.gravatar.com\/avatar\/9751d88ddbee61c132bde30a2ddd40a6948919cbc65d9dc0baed64e15bd22aca?s=96&d=mm&r=g","caption":"Creativa Barcelona"},"sameAs":["https:\/\/creativabarcelona.com"],"url":"https:\/\/creativabarcelona.com\/ca\/author\/crea20tiv22bcn\/"}]}},"_links":{"self":[{"href":"https:\/\/creativabarcelona.com\/ca\/wp-json\/wp\/v2\/posts\/9964","targetHints":{"allow":["GET"]}}],"collection":[{"href":"https:\/\/creativabarcelona.com\/ca\/wp-json\/wp\/v2\/posts"}],"about":[{"href":"https:\/\/creativabarcelona.com\/ca\/wp-json\/wp\/v2\/types\/post"}],"author":[{"embeddable":true,"href":"https:\/\/creativabarcelona.com\/ca\/wp-json\/wp\/v2\/users\/1"}],"replies":[{"embeddable":true,"href":"https:\/\/creativabarcelona.com\/ca\/wp-json\/wp\/v2\/comments?post=9964"}],"version-history":[{"count":1,"href":"https:\/\/creativabarcelona.com\/ca\/wp-json\/wp\/v2\/posts\/9964\/revisions"}],"predecessor-version":[{"id":9965,"href":"https:\/\/creativabarcelona.com\/ca\/wp-json\/wp\/v2\/posts\/9964\/revisions\/9965"}],"wp:featuredmedia":[{"embeddable":true,"href":"https:\/\/creativabarcelona.com\/ca\/wp-json\/wp\/v2\/media\/9962"}],"wp:attachment":[{"href":"https:\/\/creativabarcelona.com\/ca\/wp-json\/wp\/v2\/media?parent=9964"}],"wp:term":[{"taxonomy":"category","embeddable":true,"href":"https:\/\/creativabarcelona.com\/ca\/wp-json\/wp\/v2\/categories?post=9964"},{"taxonomy":"post_tag","embeddable":true,"href":"https:\/\/creativabarcelona.com\/ca\/wp-json\/wp\/v2\/tags?post=9964"}],"curies":[{"name":"wp","href":"https:\/\/api.w.org\/{rel}","templated":true}]}}